{"id":1109,"date":"2016-08-15T10:00:50","date_gmt":"2016-08-15T12:00:50","guid":{"rendered":"http:\/\/www.rotaseguros.com.br\/planosdesaude\/?p=1109"},"modified":"2016-08-17T16:11:49","modified_gmt":"2016-08-17T18:11:49","slug":"reajuste-dos-planos-individuais-20162017","status":"publish","type":"post","link":"https:\/\/www.rotaseguros.com.br\/planosdesaude\/reajuste-dos-planos-individuais-20162017\/","title":{"rendered":"ANS | Reajuste dos Planos Individuais 2016\/2017"},"content":{"rendered":"<span class=\"span-reading-time rt-reading-time\" style=\"display: block;\"><span class=\"rt-label rt-prefix\">Reading Time: <\/span> <span class=\"rt-time\"> &lt; 1<\/span> <span class=\"rt-label rt-postfix\">minute<\/span><\/span><div id=\"stcpDiv\">A ANS (Ag\u00eancia Nacional de Sa\u00fade Suplementar) fixou em at\u00e9 <strong>13,57%<\/strong> o \u00edndice de reajuste a ser aplicado aos planos de sa\u00fade individuais\/familiares no per\u00edodo entre maio de 2016 e abril de 2017.<\/div>\n<div><\/div>\n<div>\n<div id=\"stcpDiv\">O percentual \u00e9 valido para os planos de sa\u00fade contratados a partir de janeiro de 1999 ou adaptados \u00e0 Lei n\u00ba 9.656\/98 e atinge cerca de 8,3 milh\u00f5es de benefici\u00e1rios. A metodologia utilizada para calcular o \u00edndice m\u00e1ximo de reajuste anual dos planos individuais \u00e9 a mesma desde 2001 e leva em considera\u00e7\u00e3o a m\u00e9dia dos percentuais de reajuste aplicados pelas operadoras aos contratos de planos coletivos com mais de 30 benefici\u00e1rios.<\/div>\n<\/div>\n<div>\n<div id=\"stcpDiv\">\n<p>Fiquem atentos aos seus boletos de pagamento e observem:<\/p>\n<ul>\n<li>O percentual de reajuste aplicado deve ser igual ou inferior ao definido pela ANS;<\/li>\n<li>A cobran\u00e7a com o \u00edndice de reajuste deve ser feita a partir do m\u00eas de anivers\u00e1rio do contrato, que \u00e9 o m\u00eas em que o contrato foi firmado.<\/li>\n<\/ul>\n<div id=\"stcpDiv\">\n<p>Em caso de d\u00favidas, os consumidores podem entrar em contato com a ANS por meio de seus canais de atendimento:<\/p>\n<ul>\n<li>Disque ANS 0800 701 9656<\/li>\n<li>www.ans.gov.br<\/li>\n<li>\n<div id=\"stcpDiv\">Pessoalmente, em um dos 12 N\u00facleos de Atendimento existentes nas cinco Regi\u00f5es do pa\u00eds.<\/div>\n<\/li>\n<\/ul>\n<div><\/div>\n<div id=\"stcpDiv\"><strong>Se coincidirem a mudan\u00e7a de faixa et\u00e1ria e o anivers\u00e1rio do plano, o benefici\u00e1rio ter\u00e1 dois reajustes?<\/strong><\/div>\n<div>\n<div><\/div>\n<div id=\"stcpDiv\">Sim. O reajuste anual do plano ocorre ap\u00f3s 12 meses do contrato e o reajuste por mudan\u00e7a de faixa et\u00e1ria ocorre cada vez que o benefici\u00e1rio muda de idade e se enquadra em uma nova faixa et\u00e1ria predefinida em contrato. Ambos podem incidir coincidentemente no mesmo m\u00eas.<\/div>\n<\/div>\n<\/div>\n<\/div>\n<\/div>\n<div><\/div>\n<div><\/div>\n<h5>Fonte: http:\/\/www.ans.gov.br<\/h5>\n<div><\/div>\n","protected":false},"excerpt":{"rendered":"<p><span class=\"span-reading-time rt-reading-time\" style=\"display: block;\"><span class=\"rt-label rt-prefix\">Reading Time: <\/span> <span class=\"rt-time\"> &lt; 1<\/span> <span class=\"rt-label rt-postfix\">minute<\/span><\/span>A ANS (Ag\u00eancia Nacional de Sa\u00fade Suplementar) fixou em at\u00e9 13,57% o \u00edndice de reajuste a ser aplicado aos planos de sa\u00fade individuais\/familiares no per\u00edodo entre maio de 2016 e &#8230;<\/p>\n","protected":false},"author":2,"featured_media":0,"comment_status":"open","ping_status":"open","sticky":false,"template":"","format":"standard","meta":{"_monsterinsights_skip_tracking":false,"_monsterinsights_sitenote_active":false,"_monsterinsights_sitenote_note":"","_monsterinsights_sitenote_category":0,"footnotes":"","_links_to":"","_links_to_target":""},"categories":[13],"tags":[193,192,191],"class_list":["post-1109","post","type-post","status-publish","format-standard","hentry","category-noticias-ans","tag-planos-individuais","tag-reajuste-planos-2016","tag-reajuste-planos-individuais"],"_links":{"self":[{"href":"https:\/\/www.rotaseguros.com.br\/planosdesaude\/wp-json\/wp\/v2\/posts\/1109","targetHints":{"allow":["GET"]}}],"collection":[{"href":"https:\/\/www.rotaseguros.com.br\/planosdesaude\/wp-json\/wp\/v2\/posts"}],"about":[{"href":"https:\/\/www.rotaseguros.com.br\/planosdesaude\/wp-json\/wp\/v2\/types\/post"}],"author":[{"embeddable":true,"href":"https:\/\/www.rotaseguros.com.br\/planosdesaude\/wp-json\/wp\/v2\/users\/2"}],"replies":[{"embeddable":true,"href":"https:\/\/www.rotaseguros.com.br\/planosdesaude\/wp-json\/wp\/v2\/comments?post=1109"}],"version-history":[{"count":0,"href":"https:\/\/www.rotaseguros.com.br\/planosdesaude\/wp-json\/wp\/v2\/posts\/1109\/revisions"}],"wp:attachment":[{"href":"https:\/\/www.rotaseguros.com.br\/planosdesaude\/wp-json\/wp\/v2\/media?parent=1109"}],"wp:term":[{"taxonomy":"category","embeddable":true,"href":"https:\/\/www.rotaseguros.com.br\/planosdesaude\/wp-json\/wp\/v2\/categories?post=1109"},{"taxonomy":"post_tag","embeddable":true,"href":"https:\/\/www.rotaseguros.com.br\/planosdesaude\/wp-json\/wp\/v2\/tags?post=1109"}],"curies":[{"name":"wp","href":"https:\/\/api.w.org\/{rel}","templated":true}]}}