{"id":1134,"date":"2021-09-16T18:00:54","date_gmt":"2021-09-16T20:00:54","guid":{"rendered":"http:\/\/www.rotaseguros.com.br\/planosdesaude\/?p=1134"},"modified":"2021-09-17T12:15:31","modified_gmt":"2021-09-17T14:15:31","slug":"quais-direitos-das-gestantes-e-dos-recem-nascidos-em-um-plano-de-saude","status":"publish","type":"post","link":"https:\/\/www.rotaseguros.com.br\/planosdesaude\/quais-direitos-das-gestantes-e-dos-recem-nascidos-em-um-plano-de-saude\/","title":{"rendered":"Quais direitos das gestantes e dos rec\u00e9m-nascidos em um plano de sa\u00fade?"},"content":{"rendered":"<span class=\"span-reading-time rt-reading-time\" style=\"display: block;\"><span class=\"rt-label rt-prefix\">Reading Time: <\/span> <span class=\"rt-time\"> 4<\/span> <span class=\"rt-label rt-postfix\">minutes<\/span><\/span><p><span style=\"font-weight: 400;\">Quando o assunto s\u00e3o <\/span><b>os direitos das gestantes e dos rec\u00e9m-nascidos em um plano de sa\u00fade<\/b><span style=\"font-weight: 400;\">, muitas d\u00favidas surgem. Antes de come\u00e7armos, precisamos esclarecer que todos os planos de sa\u00fade comercializados hoje no Brasil, precisam ser regulamentados pela Ag\u00eancia Nacional de Sa\u00fade (ANS). <\/span><\/p><div id=\"ez-toc-container\" class=\"ez-toc-v2_0_82_2 counter-flat ez-toc-counter ez-toc-grey ez-toc-container-direction\">\n<div class=\"ez-toc-title-container\">\n<p class=\"ez-toc-title\" style=\"cursor:inherit\">Aqui voc\u00ea encontra:<\/p>\n<span class=\"ez-toc-title-toggle\"><a href=\"#\" class=\"ez-toc-pull-right ez-toc-btn ez-toc-btn-xs ez-toc-btn-default ez-toc-toggle\" aria-label=\"Alternar tabela de conte\u00fado\"><span class=\"ez-toc-js-icon-con\"><span class=\"\"><span class=\"eztoc-hide\" style=\"display:none;\">Toggle<\/span><span class=\"ez-toc-icon-toggle-span\"><svg style=\"fill: #999;color:#999\" xmlns=\"http:\/\/www.w3.org\/2000\/svg\" class=\"list-377408\" width=\"20px\" height=\"20px\" viewBox=\"0 0 24 24\" fill=\"none\"><path d=\"M6 6H4v2h2V6zm14 0H8v2h12V6zM4 11h2v2H4v-2zm16 0H8v2h12v-2zM4 16h2v2H4v-2zm16 0H8v2h12v-2z\" fill=\"currentColor\"><\/path><\/svg><svg style=\"fill: #999;color:#999\" class=\"arrow-unsorted-368013\" xmlns=\"http:\/\/www.w3.org\/2000\/svg\" width=\"10px\" height=\"10px\" viewBox=\"0 0 24 24\" version=\"1.2\" baseProfile=\"tiny\"><path d=\"M18.2 9.3l-6.2-6.3-6.2 6.3c-.2.2-.3.4-.3.7s.1.5.3.7c.2.2.4.3.7.3h11c.3 0 .5-.1.7-.3.2-.2.3-.5.3-.7s-.1-.5-.3-.7zM5.8 14.7l6.2 6.3 6.2-6.3c.2-.2.3-.5.3-.7s-.1-.5-.3-.7c-.2-.2-.4-.3-.7-.3h-11c-.3 0-.5.1-.7.3-.2.2-.3.5-.3.7s.1.5.3.7z\"\/><\/svg><\/span><\/span><\/span><\/a><\/span><\/div>\n<nav><ul class='ez-toc-list ez-toc-list-level-1 ' ><li class='ez-toc-page-1'><a class=\"ez-toc-link ez-toc-heading-1\" href=\"https:\/\/www.rotaseguros.com.br\/planosdesaude\/quais-direitos-das-gestantes-e-dos-recem-nascidos-em-um-plano-de-saude\/#Como_funciona_a_cobertura_do_parto_nos_planos_de_saude\" >Como funciona a cobertura do parto nos planos de sa\u00fade?<\/a><\/li><li class='ez-toc-page-1'><a class=\"ez-toc-link ez-toc-heading-2\" href=\"https:\/\/www.rotaseguros.com.br\/planosdesaude\/quais-direitos-das-gestantes-e-dos-recem-nascidos-em-um-plano-de-saude\/#Durante_o_parto_a_gestante_tem_direito_a_acompanhante\" >Durante o parto, a gestante tem direito a acompanhante?\u00a0<\/a><\/li><li class='ez-toc-page-1'><a class=\"ez-toc-link ez-toc-heading-3\" href=\"https:\/\/www.rotaseguros.com.br\/planosdesaude\/quais-direitos-das-gestantes-e-dos-recem-nascidos-em-um-plano-de-saude\/#E_as_consultas_e_exames_de_pre-natal_quais_sao_os_direitos_da_gestante\" >E as consultas e exames de pr\u00e9-natal, quais s\u00e3o os direitos da gestante?<\/a><\/li><li class='ez-toc-page-1'><a class=\"ez-toc-link ez-toc-heading-4\" href=\"https:\/\/www.rotaseguros.com.br\/planosdesaude\/quais-direitos-das-gestantes-e-dos-recem-nascidos-em-um-plano-de-saude\/#Quais_sao_os_prazos_maximos_para_atendimentos_e_respostas\" >Quais s\u00e3o os prazos m\u00e1ximos para atendimentos e respostas?<\/a><\/li><li class='ez-toc-page-1'><a class=\"ez-toc-link ez-toc-heading-5\" href=\"https:\/\/www.rotaseguros.com.br\/planosdesaude\/quais-direitos-das-gestantes-e-dos-recem-nascidos-em-um-plano-de-saude\/#Quais_sao_os_direitos_dos_recem-nascidos_nos_planos_de_saude\" >Quais s\u00e3o os direitos dos rec\u00e9m-nascidos nos planos de sa\u00fade?<\/a><\/li><li class='ez-toc-page-1'><a class=\"ez-toc-link ez-toc-heading-6\" href=\"https:\/\/www.rotaseguros.com.br\/planosdesaude\/quais-direitos-das-gestantes-e-dos-recem-nascidos-em-um-plano-de-saude\/#Duvidas\" >D\u00favidas?\u00a0<\/a><\/li><\/ul><\/nav><\/div>\n\n<p><span style=\"font-weight: 400;\">A ANS \u00e9 respons\u00e1vel por criar e fiscalizar os deveres das operadoras, bem como garantir os direitos dos benefici\u00e1rios. Em 1999, a\u00a0 Ag\u00eancia Nacional de Sa\u00fade aprovou a Lei N\u00ba 9.656, que prev\u00ea novas regras de regulamenta\u00e7\u00e3o para os planos de sa\u00fade comercializados a partir daquele ano. Dito isso, vamos ao que interessa.\u00a0<\/span><\/p>\n<p><span style=\"font-weight: 400;\">Mas afinal, quais s\u00e3o <\/span><b>os direitos das gestantes e dos rec\u00e9m-nascidos em um plano de sa\u00fade?<\/b><span style=\"font-weight: 400;\"> Antes de mais nada, se voc\u00ea decide engravidar, deve verificar seu contrato e certificar-se das condi\u00e7\u00f5es contratuais que ele apresenta, certo? Ent\u00e3o vamos l\u00e1!<\/span><\/p>\n<p>&nbsp;<\/p>\n<h4><span class=\"ez-toc-section\" id=\"Como_funciona_a_cobertura_do_parto_nos_planos_de_saude\"><\/span><b>Como funciona a cobertura do parto nos planos de sa\u00fade?<\/b><span class=\"ez-toc-section-end\"><\/span><\/h4>\n<p>&nbsp;<\/p>\n<p><span style=\"font-weight: 400;\">Primeiramente, <\/span><b>para ter direito \u00e0 cobertura do parto, a gestante precisa ter contratado um plano de sa\u00fade individual ou empresarial que ofere\u00e7a cobertura hospitalar com obstetr\u00edcia<\/b><span style=\"font-weight: 400;\">. Em segundo lugar, ela precisa <\/span><b>ter cumprindo o per\u00edodo de car\u00eancia de 300 dias para parto<\/b><span style=\"font-weight: 400;\">, previsto na Lei N\u00ba 9.656 da ANS. Contudo, existem algumas exce\u00e7\u00f5es para a regra de 300 dias de car\u00eancia para parto e, com isso, a gestante possui direito ao procedimento. S\u00e3o elas:<\/span><\/p>\n<p>&nbsp;<\/p>\n<ul>\n<li style=\"font-weight: 400;\" aria-level=\"1\"><span style=\"font-weight: 400;\">Nos planos empresariais acima de 30 benefici\u00e1rios ativos e que possuam cobertura hospitalar com obstetr\u00edcia, h\u00e1 isen\u00e7\u00e3o de todas as car\u00eancias, incluindo a de 300 dias para parto. Entretanto, a gestante ou futura gestante deve ter sido inclu\u00edda durante os 30 primeiros dias de admiss\u00e3o. Para casos de dependentes, a inclus\u00e3o precisa ser realizada junto com o titular, ou seja, no ato da assinatura do contrato. No caso de rec\u00e9m-casados, a inclus\u00e3o como dependente deve ocorrer nos 30 primeiros dias da uni\u00e3o.<\/span><\/li>\n<li style=\"font-weight: 400;\" aria-level=\"1\"><span style=\"font-weight: 400;\">Nos planos individuais, a redu\u00e7\u00e3o ou isen\u00e7\u00e3o de car\u00eancias para parto de benefici\u00e1rios advindos de outros planos (aproveitamento de car\u00eancia) fica a car\u00e1ter de an\u00e1lise da operadora.\u00a0<\/span><\/li>\n<li style=\"font-weight: 400;\" aria-level=\"1\"><span style=\"font-weight: 400;\">Em casos de complica\u00e7\u00f5es no processo gestacional que impliquem em risco imediato \u00e0 vida ou les\u00f5es irrepar\u00e1veis, a operadora \u00e9 obrigada a prestar cobertura de atendimento de urg\u00eancia e emerg\u00eancia. Incluindo parto prematuro, se for necess\u00e1rio.<\/span><\/li>\n<li style=\"font-weight: 400;\" aria-level=\"1\"><span style=\"font-weight: 400;\">Em caso de portabilidade entre planos de sa\u00fade compat\u00edveis, a benefici\u00e1ria continua com as mesmas car\u00eancias j\u00e1 cumpridas no plano anterior. Ou seja, se ela j\u00e1 havia cumprido a car\u00eancia para parto em seu plano antigo, o novo plano dever\u00e1 manter a mesma condi\u00e7\u00e3o contratual.\u00a0<\/span><\/li>\n<\/ul>\n<p>&nbsp;<\/p>\n<h4><span class=\"ez-toc-section\" id=\"Durante_o_parto_a_gestante_tem_direito_a_acompanhante\"><\/span><b>Durante o parto, a gestante tem direito a acompanhante?\u00a0<\/b><span class=\"ez-toc-section-end\"><\/span><\/h4>\n<p>&nbsp;<\/p>\n<p><span style=\"font-weight: 400;\">Sim. Ap\u00f3s a publica\u00e7\u00e3o da Lei N. 11.108\/2005, <\/span><b>os servi\u00e7os de sa\u00fade s\u00e3o obrigados a permitir a presen\u00e7a\u00a0 de um acompanhante junto \u00e0 gestante<\/b><span style=\"font-weight: 400;\">. O acompanhante deve ser escolhido pela pr\u00f3pria gestante, durante o trabalho de parto, o parto e p\u00f3s-parto imediato.\u00a0<\/span><\/p>\n<p><span style=\"font-weight: 400;\">No entanto, nos casos em que as condi\u00e7\u00f5es cl\u00ednicas da paciente n\u00e3o sejam adequadas, o local pode\u00a0 vetar a presen\u00e7a do acompanhante.\u00a0<\/span><\/p>\n<p>&nbsp;<\/p>\n<h4><span class=\"ez-toc-section\" id=\"E_as_consultas_e_exames_de_pre-natal_quais_sao_os_direitos_da_gestante\"><\/span><b>E as consultas e exames de pr\u00e9-natal, quais s\u00e3o os direitos da gestante?<\/b><span class=\"ez-toc-section-end\"><\/span><\/h4>\n<p>&nbsp;<\/p>\n<p><span style=\"font-weight: 400;\">Contudo, <\/span><b>antes do parto, v\u00eam as consultas e os exames de pr\u00e9-natal<\/b><span style=\"font-weight: 400;\">. De modo geral, salvo em casos de isen\u00e7\u00e3o de car\u00eancia, o prazo para se consultas \u00e9 de 30 dias. Em rela\u00e7\u00e3o aos exames, temos uma observa\u00e7\u00e3o importante: Para cada tipo de exame, existe um n\u00edvel de classifica\u00e7\u00e3o, que pode ser simples, especial e complexo. No caso dos exames simples, o per\u00edodo de car\u00eancia \u00e9 de 30 dias. J\u00e1 os especiais e complexos, a car\u00eancia \u00e9 de at\u00e9 180 dias.\u00a0<\/span><\/p>\n<p><span style=\"font-weight: 400;\">Conforme dito anteriormente, para as algumas regras e prazos de car\u00eancia, existem algumas exce\u00e7\u00f5es. Em rela\u00e7\u00e3o aos exames e consultas necess\u00e1rias durante o per\u00edodo de pr\u00e9-natal, a Lei N\u00ba 9.656 da ANS estabelece os mesmos direitos que s\u00e3o assegurados na cobertura do parto. Portanto, tudo ir\u00e1 depender da condi\u00e7\u00e3o contratual do seu plano de sa\u00fade.\u00a0<\/span><\/p>\n<p>&nbsp;<\/p>\n<h4><span class=\"ez-toc-section\" id=\"Quais_sao_os_prazos_maximos_para_atendimentos_e_respostas\"><\/span><b>Quais s\u00e3o os prazos m\u00e1ximos para atendimentos e respostas?<\/b><span class=\"ez-toc-section-end\"><\/span><\/h4>\n<p>&nbsp;<\/p>\n<p><span style=\"font-weight: 400;\">Para ter acesso a consultas, exames e demais procedimentos, as operadoras de sa\u00fade possuem um prazo m\u00e1ximo para atender a necessidade do benefici\u00e1rio. Caso voc\u00ea esteja com as suas car\u00eancias em dia e deseje agendar consultas, exames e outros procedimentos, mas o plano de sa\u00fade n\u00e3o possui vaga dispon\u00edvel no momento, \u00e9 dever da operadora garantir seu atendimento nos seguintes prazos:<\/span><\/p>\n<p>&nbsp;<\/p>\n<ul>\n<li style=\"font-weight: 400;\" aria-level=\"1\"><span style=\"font-weight: 400;\">O prazo para consultas nas especialidades de ginecologia e obstetr\u00edcia \u00e9 de 7 dias \u00fateis;<\/span><\/li>\n<li style=\"font-weight: 400;\" aria-level=\"1\"><span style=\"font-weight: 400;\">Para exames de an\u00e1lises cl\u00ednicas, o prazo \u00e9 de 3 dias \u00fateis. Demais exames, a operadora tem at\u00e9 10 dias \u00fateis para fornecer o atendimento;<\/span><\/li>\n<li style=\"font-weight: 400;\" aria-level=\"1\"><span style=\"font-weight: 400;\">Atendimentos em regime de urg\u00eancia ou emerg\u00eancia devem ser garantidos imediatamente e casos de interna\u00e7\u00e3o eletiva devem ser liberados em, no m\u00e1ximo, 21 dias \u00fateis.<\/span><\/li>\n<\/ul>\n<p>&nbsp;<\/p>\n<p><span style=\"font-weight: 400;\">Para os casos de negativa de atendimento, a operadora de sa\u00fade dever\u00e1 informar ao cliente o motivo da recusa imediatamente para casos de urg\u00eancia ou emerg\u00eancia; em 10 dias \u00fateis em casos de procedimentos de alta complexidade e interna\u00e7\u00f5es eletivas; e 05 dias \u00fateis para os demais casos.<\/span><\/p>\n<p>&nbsp;<\/p>\n<h4><span class=\"ez-toc-section\" id=\"Quais_sao_os_direitos_dos_recem-nascidos_nos_planos_de_saude\"><\/span><b>Quais s\u00e3o os direitos dos rec\u00e9m-nascidos nos planos de sa\u00fade?<\/b><span class=\"ez-toc-section-end\"><\/span><\/h4>\n<p>&nbsp;<\/p>\n<p><span style=\"font-weight: 400;\">Agora, em rela\u00e7\u00e3o aos rec\u00e9m-nascidos, <\/span><b>a Lei N\u00ba 9.656 da ANS tamb\u00e9m assegura alguns direitos muito importantes para os novos beb\u00eas<\/b><span style=\"font-weight: 400;\">. Primeiramente, rec\u00e9m-nascidos podem ser inclu\u00eddos como dependentes da m\u00e3e sem o cumprimento de car\u00eancias, desde que sua inscri\u00e7\u00e3o seja feita nos primeiros 30 dias de seu nascimento. Entretanto, para isso, o plano da titular precisa oferecer cobertura para obstetr\u00edcia. Vale ressaltar que a inclus\u00e3o sem car\u00eancia nos primeiros 30 dias de vida do beb\u00ea \u00e9 v\u00e1lida mesmo que ele n\u00e3o tenha nascido pelo plano.<\/span><\/p>\n<p>&nbsp;<\/p>\n<p><b>No caso de filho adotivo rec\u00e9m-nascido, vale a mesma regra para filhos biol\u00f3gicos.<\/b><span style=\"font-weight: 400;\"> \u00c9 permitida a inclus\u00e3o como dependente, isento de car\u00eancias, desde que a inclus\u00e3o seja feita em at\u00e9 30 dias do nascimento.\u00a0<\/span><\/p>\n<p>&nbsp;<\/p>\n<p><span style=\"font-weight: 400;\">Ainda, independentemente da inclus\u00e3o do filho rec\u00e9m-nascido biol\u00f3gico ou adotivo como dependente, a lei garante a cobertura despesas m\u00e9dicas e hospitalares da crian\u00e7a pelo plano de sa\u00fade dos pais durante os primeiros 30 dias dias de vida. Essa regra tamb\u00e9m \u00e9 v\u00e1lida mesmo que o parto n\u00e3o tenha sido coberto pela operadora.\u00a0<\/span><\/p>\n<p>&nbsp;<\/p>\n<p><span style=\"font-weight: 400;\">Por \u00faltimo, mesmo que a crian\u00e7a nas\u00e7a com uma doen\u00e7a preexistente, a operadora de sa\u00fade n\u00e3o pode negar sua inclus\u00e3o e t\u00e3o pouco o seu direito \u00e0 isen\u00e7\u00e3o das car\u00eancias. Logo, ela tamb\u00e9m n\u00e3o pode impor a car\u00eancia para doen\u00e7as preexistentes previstas na Lei N\u00ba 9.656 da ANS, que visa o per\u00edodo de 24 meses para tratamentos relacionados \u00e0 patologia em quest\u00e3o.<\/span><\/p>\n<p>&nbsp;<\/p>\n<h4><span class=\"ez-toc-section\" id=\"Duvidas\"><\/span><b>D\u00favidas?\u00a0<\/b><span class=\"ez-toc-section-end\"><\/span><\/h4>\n<p>&nbsp;<\/p>\n<p><span style=\"font-weight: 400;\">Deixe uma pergunta nos coment\u00e1rios que iremos responder. Caso deseje contratar um plano de sa\u00fade com obstetr\u00edcia, fale com um dos nossos consultores. A Rota Seguros tem as melhores solu\u00e7\u00f5es em sa\u00fade para voc\u00ea que deseja e pretende ser m\u00e3e em breve.<\/span><\/p>\n<p>&nbsp;<\/p>\n<hr \/>\n<p class=\"western\" align=\"justify\"><em><i><b><br \/>\nPrecisando contratar um plano de sa\u00fade? Na Rota Seguros, voc\u00ea encontra profissionais preparados e comprometidos com a excel\u00eancia no atendimento. Entre em contato conosco e pe\u00e7a uma cota\u00e7\u00e3o personalizada!<\/b><\/i><\/em><\/p>\n<ul>\n<li class=\"western\"><b>Grande BH \u2013\u00a0<\/b><strong><a href=\"tel:3132798000\"><b>(31) 3279-8000<\/b><\/a><\/strong><\/li>\n<li class=\"western\"><strong>Divin\u00f3polis<\/strong>\u00a0\u2013\u00a0<a href=\"tel:3735113030\"><strong>(37) 3511-3030<\/strong><\/a><b><\/b><\/li>\n<li class=\"western\"><b>Montes Claros \u2013\u00a0<\/b><strong><a href=\"tel:3832168249\"><b>(38) 3216-8249<\/b><\/a><\/strong><b><\/b><\/li>\n<li><strong>Nova Serrana &#8211; <a href=\"tel:3732283131\">(37) 3228-3131<\/a><\/strong><\/li>\n<li class=\"western\"><b>Patos de Minas, Uberaba e Uberl\u00e2ndia \u2013\u00a0<\/b><strong><a href=\"tel:08009400809\"><b>0800 940 0809<\/b><\/a><\/strong><\/li>\n<li class=\"western\"><strong>Po\u00e7os de Caldas<\/strong>\u00a0\u2013\u00a0<strong><a href=\"tel:3537132531\" target=\"_blank\" rel=\"noopener\">(35) 3713-2531<\/a><\/strong><b><\/b><\/li>\n<li class=\"western\"><b>Pouso Alegre \u2013<a href=\"tel:353646-3334\">\u00a0(35) 3646-3334<\/a><\/b><b><\/b><\/li>\n<li class=\"western\"><b>Vit\u00f3ria\/ES \u2013\u00a0<\/b><strong><a href=\"tel:2722333020\"><b>(27) 2233-302<\/b><\/a><\/strong><b><\/b><\/li>\n<li class=\"western\"><b>Demais Regi\u00f5es \u2013\u00a0<\/b><strong><a href=\"tel:08000242424\"><b>0800 024 2424<\/b><\/a><\/strong><\/li>\n<\/ul>\n","protected":false},"excerpt":{"rendered":"<p><span class=\"span-reading-time rt-reading-time\" style=\"display: block;\"><span class=\"rt-label rt-prefix\">Reading Time: <\/span> <span class=\"rt-time\"> 4<\/span> <span class=\"rt-label rt-postfix\">minutes<\/span><\/span>Quando o assunto s\u00e3o os direitos das gestantes e dos rec\u00e9m-nascidos em um plano de sa\u00fade, muitas d\u00favidas surgem. Antes de come\u00e7armos, precisamos esclarecer que todos os planos de sa\u00fade &#8230;<\/p>\n","protected":false},"author":2,"featured_media":8604,"comment_status":"open","ping_status":"open","sticky":false,"template":"","format":"standard","meta":{"_monsterinsights_skip_tracking":false,"_monsterinsights_sitenote_active":false,"_monsterinsights_sitenote_note":"","_monsterinsights_sitenote_category":0,"footnotes":"","_links_to":"","_links_to_target":""},"categories":[12,27],"tags":[926,928,925,927,533],"class_list":["post-1134","post","type-post","status-publish","format-standard","has-post-thumbnail","hentry","category-noticias","category-plano-de-saude","tag-cobertura-de-parto","tag-plano-de-saude-e-direito-da-gestante","tag-plano-de-saude-para-gestante","tag-plano-de-saude-para-gravida","tag-plano-de-saude-para-recem-nascido"],"_links":{"self":[{"href":"https:\/\/www.rotaseguros.com.br\/planosdesaude\/wp-json\/wp\/v2\/posts\/1134","targetHints":{"allow":["GET"]}}],"collection":[{"href":"https:\/\/www.rotaseguros.com.br\/planosdesaude\/wp-json\/wp\/v2\/posts"}],"about":[{"href":"https:\/\/www.rotaseguros.com.br\/planosdesaude\/wp-json\/wp\/v2\/types\/post"}],"author":[{"embeddable":true,"href":"https:\/\/www.rotaseguros.com.br\/planosdesaude\/wp-json\/wp\/v2\/users\/2"}],"replies":[{"embeddable":true,"href":"https:\/\/www.rotaseguros.com.br\/planosdesaude\/wp-json\/wp\/v2\/comments?post=1134"}],"version-history":[{"count":0,"href":"https:\/\/www.rotaseguros.com.br\/planosdesaude\/wp-json\/wp\/v2\/posts\/1134\/revisions"}],"wp:featuredmedia":[{"embeddable":true,"href":"https:\/\/www.rotaseguros.com.br\/planosdesaude\/wp-json\/wp\/v2\/media\/8604"}],"wp:attachment":[{"href":"https:\/\/www.rotaseguros.com.br\/planosdesaude\/wp-json\/wp\/v2\/media?parent=1134"}],"wp:term":[{"taxonomy":"category","embeddable":true,"href":"https:\/\/www.rotaseguros.com.br\/planosdesaude\/wp-json\/wp\/v2\/categories?post=1134"},{"taxonomy":"post_tag","embeddable":true,"href":"https:\/\/www.rotaseguros.com.br\/planosdesaude\/wp-json\/wp\/v2\/tags?post=1134"}],"curies":[{"name":"wp","href":"https:\/\/api.w.org\/{rel}","templated":true}]}}