{"id":1145,"date":"2016-08-22T14:50:46","date_gmt":"2016-08-22T16:50:46","guid":{"rendered":"http:\/\/www.rotaseguros.com.br\/planosdesaude\/?p=1145"},"modified":"2016-08-22T14:53:05","modified_gmt":"2016-08-22T16:53:05","slug":"saiba-tudo-sobre-o-sulamerica-auto-compacto","status":"publish","type":"post","link":"https:\/\/www.rotaseguros.com.br\/planosdesaude\/saiba-tudo-sobre-o-sulamerica-auto-compacto\/","title":{"rendered":"Saiba tudo sobre o SulAm\u00e9rica Auto Compacto"},"content":{"rendered":"<span class=\"span-reading-time rt-reading-time\" style=\"display: block;\"><span class=\"rt-label rt-prefix\">Reading Time: <\/span> <span class=\"rt-time\"> &lt; 1<\/span> <span class=\"rt-label rt-postfix\">minute<\/span><\/span><h3><span class=\"ez-toc-section\" id=\"Voce_ja_conhece_o_SulAmerica_Auto_Compacto\"><\/span><strong>Voc\u00ea j\u00e1 conhece o SulAm\u00e9rica Auto Compacto?<\/strong><span class=\"ez-toc-section-end\"><\/span><\/h3>\n<p style=\"text-align: justify;\">Um seguro completo, que oferece prote\u00e7\u00e3o contra colis\u00e3o, roubo, inc\u00eandio, cobertura para terceiros e coberturas adicionais. \u00c9 uma \u00f3tima op\u00e7\u00e3o para voc\u00ea que busca um seguro acess\u00edvel.<br \/>\nLembre-se, que o Auto Compacto conta com a mesma estrutura operacional de autom\u00f3vel da SulAm\u00e9rica que voc\u00ea j\u00e1 conhece, e utiliza apenas pe\u00e7as originais no sinistro. Ele n\u00e3o \u00e9 um seguro popular\u00b9.<\/p><div id=\"ez-toc-container\" class=\"ez-toc-v2_0_82_2 counter-flat ez-toc-counter ez-toc-grey ez-toc-container-direction\">\n<div class=\"ez-toc-title-container\">\n<p class=\"ez-toc-title\" style=\"cursor:inherit\">Aqui voc\u00ea encontra:<\/p>\n<span class=\"ez-toc-title-toggle\"><a href=\"#\" class=\"ez-toc-pull-right ez-toc-btn ez-toc-btn-xs ez-toc-btn-default ez-toc-toggle\" aria-label=\"Alternar tabela de conte\u00fado\"><span class=\"ez-toc-js-icon-con\"><span class=\"\"><span class=\"eztoc-hide\" style=\"display:none;\">Toggle<\/span><span class=\"ez-toc-icon-toggle-span\"><svg style=\"fill: #999;color:#999\" xmlns=\"http:\/\/www.w3.org\/2000\/svg\" class=\"list-377408\" width=\"20px\" height=\"20px\" viewBox=\"0 0 24 24\" fill=\"none\"><path d=\"M6 6H4v2h2V6zm14 0H8v2h12V6zM4 11h2v2H4v-2zm16 0H8v2h12v-2zM4 16h2v2H4v-2zm16 0H8v2h12v-2z\" fill=\"currentColor\"><\/path><\/svg><svg style=\"fill: #999;color:#999\" class=\"arrow-unsorted-368013\" xmlns=\"http:\/\/www.w3.org\/2000\/svg\" width=\"10px\" height=\"10px\" viewBox=\"0 0 24 24\" version=\"1.2\" baseProfile=\"tiny\"><path d=\"M18.2 9.3l-6.2-6.3-6.2 6.3c-.2.2-.3.4-.3.7s.1.5.3.7c.2.2.4.3.7.3h11c.3 0 .5-.1.7-.3.2-.2.3-.5.3-.7s-.1-.5-.3-.7zM5.8 14.7l6.2 6.3 6.2-6.3c.2-.2.3-.5.3-.7s-.1-.5-.3-.7c-.2-.2-.4-.3-.7-.3h-11c-.3 0-.5.1-.7.3-.2.2-.3.5-.3.7s.1.5.3.7z\"\/><\/svg><\/span><\/span><\/span><\/a><\/span><\/div>\n<nav><ul class='ez-toc-list ez-toc-list-level-1 ' ><li class='ez-toc-page-1'><a class=\"ez-toc-link ez-toc-heading-1\" href=\"https:\/\/www.rotaseguros.com.br\/planosdesaude\/saiba-tudo-sobre-o-sulamerica-auto-compacto\/#Voce_ja_conhece_o_SulAmerica_Auto_Compacto\" >Voc\u00ea j\u00e1 conhece o SulAm\u00e9rica Auto Compacto?<\/a><\/li><li class='ez-toc-page-1'><a class=\"ez-toc-link ez-toc-heading-2\" href=\"https:\/\/www.rotaseguros.com.br\/planosdesaude\/saiba-tudo-sobre-o-sulamerica-auto-compacto\/#1_O_produto_SulAmerica_Auto_Compacto_nao_se_enquadra_nos_criterios_do_Seguro_Auto_Popular_tratado_na_resolucao_no_336_de_31_de_marco_20162_As_coberturas_listadas_sao_opcionais_O_uso_destas_esta_condicionado_a_contratacao_no_momento_de_aquisicao_do_produto_3_O_produto_Auto_Compacto_oferece_2_opcoes_de_franquia_no_momento_do_sinistro_Se_optar_por_uma_oficina_do_produto_Compacto_o_segurado_participara_com_o_menor_valor_de_franquia_Se_optar_por_uma_oficina_de_sua_escolha_fora_do_produto_Compacto_participara_com_o_maior_valor_de_franquia\" >(1) O produto SulAm\u00e9rica Auto Compacto n\u00e3o se enquadra nos crit\u00e9rios do Seguro Auto Popular tratado na resolu\u00e7\u00e3o n\u00ba 336, de 31 de mar\u00e7o 2016.(2) As coberturas listadas s\u00e3o opcionais. O uso destas est\u00e1 condicionado \u00e0 contrata\u00e7\u00e3o no momento de aquisi\u00e7\u00e3o do produto. (3) O produto Auto Compacto oferece 2 op\u00e7\u00f5es de franquia no momento do sinistro. Se optar por uma oficina do produto Compacto, o segurado participar\u00e1 com o menor valor de franquia. Se optar por uma oficina de sua escolha, fora do produto Compacto, participar\u00e1 com o maior valor de franquia.<\/a><\/li><\/ul><\/nav><\/div>\n\n<p>Aproveite este produto inovador que n\u00e3o pesa no seu bolso!<\/p>\n<p>Confira tudo que o SulAm\u00e9rica Auto Compacto oferece\u00b2:<\/p>\n<ul>\n<li>Assist\u00eancia 24h &#8211; Reboque 400 km e Socorro Mec\u00e2nico.<\/li>\n<li>Vidros Compacto &#8211; Cobertura de 1 pe\u00e7a (para-brisa, lateral ou traseiro) na vig\u00eancia, com 1 acionamento.<\/li>\n<li>Lanternas, far\u00f3is e retrovisores.<\/li>\n<li>Carro Reserva &#8211; B\u00e1sico, 7 dias.<\/li>\n<li>Coberturas de Danos Morais a terceiros de R$ 10.000,00.<\/li>\n<li>Duas op\u00e7\u00f5es de Franquia\u00b3 &#8211; a de oficinas produto Compacto em que o cliente paga o menor valor, e a de oficinas Livre Escolha, em que ele participa com a maior franquia. A escolha \u00e9 feita somente quando acontece o sinistro, ou seja, ele pode analisar a melhor op\u00e7\u00e3o no momento certo.<\/li>\n<\/ul>\n<p>Para mais informa\u00e7\u00f5es, consulte a Rota Seguros. (31) 3279-8013<\/p>\n<h6><span class=\"ez-toc-section\" id=\"1_O_produto_SulAmerica_Auto_Compacto_nao_se_enquadra_nos_criterios_do_Seguro_Auto_Popular_tratado_na_resolucao_no_336_de_31_de_marco_20162_As_coberturas_listadas_sao_opcionais_O_uso_destas_esta_condicionado_a_contratacao_no_momento_de_aquisicao_do_produto_3_O_produto_Auto_Compacto_oferece_2_opcoes_de_franquia_no_momento_do_sinistro_Se_optar_por_uma_oficina_do_produto_Compacto_o_segurado_participara_com_o_menor_valor_de_franquia_Se_optar_por_uma_oficina_de_sua_escolha_fora_do_produto_Compacto_participara_com_o_maior_valor_de_franquia\"><\/span>(1) O produto SulAm\u00e9rica Auto Compacto n\u00e3o se enquadra nos crit\u00e9rios do Seguro Auto Popular tratado na resolu\u00e7\u00e3o n\u00ba 336, de 31 de mar\u00e7o 2016.(2) As coberturas listadas s\u00e3o opcionais. O uso destas est\u00e1 condicionado \u00e0 contrata\u00e7\u00e3o no momento de aquisi\u00e7\u00e3o do produto. (3) O produto Auto Compacto oferece 2 op\u00e7\u00f5es de franquia no momento do sinistro. Se optar por uma oficina do produto Compacto, o segurado participar\u00e1 com o menor valor de franquia. Se optar por uma oficina de sua escolha, fora do produto Compacto, participar\u00e1 com o maior valor de franquia.<span class=\"ez-toc-section-end\"><\/span><\/h6>\n","protected":false},"excerpt":{"rendered":"<p><span class=\"span-reading-time rt-reading-time\" style=\"display: block;\"><span class=\"rt-label rt-prefix\">Reading Time: <\/span> <span class=\"rt-time\"> &lt; 1<\/span> <span class=\"rt-label rt-postfix\">minute<\/span><\/span>Voc\u00ea j\u00e1 conhece o SulAm\u00e9rica Auto Compacto? Um seguro completo, que oferece prote\u00e7\u00e3o contra colis\u00e3o, roubo, inc\u00eandio, cobertura para terceiros e coberturas adicionais. \u00c9 uma \u00f3tima op\u00e7\u00e3o para voc\u00ea que &#8230;<\/p>\n","protected":false},"author":2,"featured_media":0,"comment_status":"open","ping_status":"open","sticky":false,"template":"","format":"standard","meta":{"_monsterinsights_skip_tracking":false,"_monsterinsights_sitenote_active":false,"_monsterinsights_sitenote_note":"","_monsterinsights_sitenote_category":0,"footnotes":"","_links_to":"","_links_to_target":""},"categories":[12,185,28],"tags":[201,200,198,197,199],"class_list":["post-1145","post","type-post","status-publish","format-standard","hentry","category-noticias","category-seguro-auto","category-sul-america","tag-auto-compacto","tag-auto-compacto-sulamerica","tag-seguro-de-carro-sulamerica","tag-sulamerica-auto","tag-sulamerica-auto-compacto"],"_links":{"self":[{"href":"https:\/\/www.rotaseguros.com.br\/planosdesaude\/wp-json\/wp\/v2\/posts\/1145","targetHints":{"allow":["GET"]}}],"collection":[{"href":"https:\/\/www.rotaseguros.com.br\/planosdesaude\/wp-json\/wp\/v2\/posts"}],"about":[{"href":"https:\/\/www.rotaseguros.com.br\/planosdesaude\/wp-json\/wp\/v2\/types\/post"}],"author":[{"embeddable":true,"href":"https:\/\/www.rotaseguros.com.br\/planosdesaude\/wp-json\/wp\/v2\/users\/2"}],"replies":[{"embeddable":true,"href":"https:\/\/www.rotaseguros.com.br\/planosdesaude\/wp-json\/wp\/v2\/comments?post=1145"}],"version-history":[{"count":0,"href":"https:\/\/www.rotaseguros.com.br\/planosdesaude\/wp-json\/wp\/v2\/posts\/1145\/revisions"}],"wp:attachment":[{"href":"https:\/\/www.rotaseguros.com.br\/planosdesaude\/wp-json\/wp\/v2\/media?parent=1145"}],"wp:term":[{"taxonomy":"category","embeddable":true,"href":"https:\/\/www.rotaseguros.com.br\/planosdesaude\/wp-json\/wp\/v2\/categories?post=1145"},{"taxonomy":"post_tag","embeddable":true,"href":"https:\/\/www.rotaseguros.com.br\/planosdesaude\/wp-json\/wp\/v2\/tags?post=1145"}],"curies":[{"name":"wp","href":"https:\/\/api.w.org\/{rel}","templated":true}]}}