{"id":11660,"date":"2020-09-21T15:09:22","date_gmt":"2020-09-21T17:09:22","guid":{"rendered":"https:\/\/www.rotaseguros.com.br\/planosdesaude\/?p=11660"},"modified":"2020-09-21T15:17:53","modified_gmt":"2020-09-21T17:17:53","slug":"suspensao-de-reajuste-2020-bradesco-saude","status":"publish","type":"post","link":"https:\/\/www.rotaseguros.com.br\/planosdesaude\/suspensao-de-reajuste-2020-bradesco-saude\/","title":{"rendered":"Suspens\u00e3o de Reajuste 2020 | Bradesco Sa\u00fade"},"content":{"rendered":"<span class=\"span-reading-time rt-reading-time\" style=\"display: block;\"><span class=\"rt-label rt-prefix\">Reading Time: <\/span> <span class=\"rt-time\"> 2<\/span> <span class=\"rt-label rt-postfix\">minutes<\/span><\/span><h3><span class=\"ez-toc-section\" id=\"Comunicado_do_Bradesco_Saude_referente_a_suspensao_do_reajuste_de_setembro_a_dezembro_conforme_determinacao_da_ANS\"><\/span>Comunicado do Bradesco Sa\u00fade referente a suspens\u00e3o do reajuste de setembro a dezembro, conforme determina\u00e7\u00e3o da ANS.<span class=\"ez-toc-section-end\"><\/span><\/h3>\n<p>Confira as regras de suspens\u00e3o de reajuste anual e por mudan\u00e7a de faixa et\u00e1ria aplicados pela Bradesco Sa\u00fade aos planos SPG at\u00e9 29 pessoas, em cumprimento \u00e0 decis\u00e3o da Ag\u00eancia Nacional de Sa\u00fade Suplementar (ANS) constante do Comunicado n\u00ba 85, de 31 de agosto de 2020. A medida n\u00e3o se aplica aos planos odontol\u00f3gicos.<\/p><div id=\"ez-toc-container\" class=\"ez-toc-v2_0_82_2 counter-flat ez-toc-counter ez-toc-grey ez-toc-container-direction\">\n<div class=\"ez-toc-title-container\">\n<p class=\"ez-toc-title\" style=\"cursor:inherit\">Aqui voc\u00ea encontra:<\/p>\n<span class=\"ez-toc-title-toggle\"><a href=\"#\" class=\"ez-toc-pull-right ez-toc-btn ez-toc-btn-xs ez-toc-btn-default ez-toc-toggle\" aria-label=\"Alternar tabela de conte\u00fado\"><span class=\"ez-toc-js-icon-con\"><span class=\"\"><span class=\"eztoc-hide\" style=\"display:none;\">Toggle<\/span><span class=\"ez-toc-icon-toggle-span\"><svg style=\"fill: #999;color:#999\" xmlns=\"http:\/\/www.w3.org\/2000\/svg\" class=\"list-377408\" width=\"20px\" height=\"20px\" viewBox=\"0 0 24 24\" fill=\"none\"><path d=\"M6 6H4v2h2V6zm14 0H8v2h12V6zM4 11h2v2H4v-2zm16 0H8v2h12v-2zM4 16h2v2H4v-2zm16 0H8v2h12v-2z\" fill=\"currentColor\"><\/path><\/svg><svg style=\"fill: #999;color:#999\" class=\"arrow-unsorted-368013\" xmlns=\"http:\/\/www.w3.org\/2000\/svg\" width=\"10px\" height=\"10px\" viewBox=\"0 0 24 24\" version=\"1.2\" baseProfile=\"tiny\"><path d=\"M18.2 9.3l-6.2-6.3-6.2 6.3c-.2.2-.3.4-.3.7s.1.5.3.7c.2.2.4.3.7.3h11c.3 0 .5-.1.7-.3.2-.2.3-.5.3-.7s-.1-.5-.3-.7zM5.8 14.7l6.2 6.3 6.2-6.3c.2-.2.3-.5.3-.7s-.1-.5-.3-.7c-.2-.2-.4-.3-.7-.3h-11c-.3 0-.5.1-.7.3-.2.2-.3.5-.3.7s.1.5.3.7z\"\/><\/svg><\/span><\/span><\/span><\/a><\/span><\/div>\n<nav><ul class='ez-toc-list ez-toc-list-level-1 ' ><li class='ez-toc-page-1'><a class=\"ez-toc-link ez-toc-heading-1\" href=\"https:\/\/www.rotaseguros.com.br\/planosdesaude\/suspensao-de-reajuste-2020-bradesco-saude\/#Comunicado_do_Bradesco_Saude_referente_a_suspensao_do_reajuste_de_setembro_a_dezembro_conforme_determinacao_da_ANS\" >Comunicado do Bradesco Sa\u00fade referente a suspens\u00e3o do reajuste de setembro a dezembro, conforme determina\u00e7\u00e3o da ANS.<\/a><\/li><li class='ez-toc-page-1'><a class=\"ez-toc-link ez-toc-heading-2\" href=\"https:\/\/www.rotaseguros.com.br\/planosdesaude\/suspensao-de-reajuste-2020-bradesco-saude\/#i\" >\u00a0<\/a><\/li><li class='ez-toc-page-1'><a class=\"ez-toc-link ez-toc-heading-3\" href=\"https:\/\/www.rotaseguros.com.br\/planosdesaude\/suspensao-de-reajuste-2020-bradesco-saude\/#Veja_abaixo_a_condicao_dos_planos_SPG_com_ate_29_pessoas\" >Veja abaixo a condi\u00e7\u00e3o dos planos SPG com at\u00e9 29 pessoas:<\/a><\/li><\/ul><\/nav><\/div>\n\n<h3><span class=\"ez-toc-section\" id=\"i\"><\/span>\u00a0<span class=\"ez-toc-section-end\"><\/span><\/h3>\n<h3><span class=\"ez-toc-section\" id=\"Veja_abaixo_a_condicao_dos_planos_SPG_com_ate_29_pessoas\"><\/span>Veja abaixo a condi\u00e7\u00e3o dos planos SPG com at\u00e9 29 pessoas:<span class=\"ez-toc-section-end\"><\/span><\/h3>\n<p>&nbsp;<\/p>\n<p><strong>Reajuste por mudan\u00e7a de faixa et\u00e1ria: <\/strong>n\u00e3o haver\u00e1 cobran\u00e7a de reajuste no per\u00edodo de setembro a dezembro de 2020. Para os contratos que j\u00e1 foram reajustados entre janeiro a agosto deste ano, a parcela referente ao percentual de reajuste n\u00e3o ser\u00e1 cobrada no meses de setembro a dezembro, per\u00edodo que a mensalidade voltar\u00e1 a ter o valor vigente antes do reajuste por mudan\u00e7a de faixa et\u00e1ria ocorrido em 2020.<\/p>\n<p><strong>Reajuste anual: <\/strong>para os contratos com anivers\u00e1rio entre maio e agosto de 2020, a parcela referente ao percentual de reajuste n\u00e3o ser\u00e1 cobrada nos meses de setembro a dezembro deste ano, per\u00edodo no qual a mensalidade voltar\u00e1 a ter o valor vigente antes do reajuste. Os contratos com anivers\u00e1rio entre setembro e dezembro n\u00e3o ter\u00e3o o percentual de reajuste aplicado em 2020.<\/p>\n<hr \/>\n<p><em>Os contratos reajustados entre janeiro e abril de 2020 s\u00e3o do ciclo de reajustes de 2019, n\u00e3o sendo alcan\u00e7ados por essa medida.<\/em><\/p>\n<hr \/>\n<p>&nbsp;<\/p>\n<p><strong>Sobre os boletos de 2020: <\/strong>o boleto de setembro j\u00e1 havia sido processado quando da decis\u00e3o da ANS, assim, seguindo a orienta\u00e7\u00e3o da ANS, os valores de reajuste que deveriam ser descontados nesse m\u00eas ser\u00e3o compensados (devolvidos) no boleto de outubro.<\/p>\n<p>&nbsp;<\/p>\n<p><strong>Sobre os boletos de 2021: <\/strong>a partr de jan\/21, os boletos voltar\u00e3o aos valores atualizados com os reajustes por mudan\u00e7a de faixa et\u00e1ria e reajuste anual, e a recomposi\u00e7\u00e3o dos valores n\u00e3o cobrados em 2020 ser\u00e1 realizada ao longo de 2021, respeitando-se o contrato e a retroatividade permitida pela ANS.<\/p>\n<p>&nbsp;<\/p>\n<p><strong>Suspens\u00e3o tempor\u00e1ria realizada pela Bradesco Sa\u00fade por liberalidade face a pandemia da Covid-19 &#8211; Reajustes anual e por faixa et\u00e1ria ocorridos de maio a julho de 2020: <\/strong>aproveitamos para lembrar que, conforme comunicado anteriormente, a Bradesco Sa\u00fade voluntariamente suspendeu no per\u00edodo de maio a julho de 2020 a cobran\u00e7a das parcelas do reajuste por mudan\u00e7a de faixa et\u00e1ria incidentes para este per\u00edodo, sendo que a recomposi\u00e7\u00e3o dos valores que deixaram de ser cobrados durante a suspens\u00e3o volunt\u00e1ria ocorreria entre outubro a dezembro de 2020. Ocorre que com a decis\u00e3o da ANS, a recomposi\u00e7\u00e3o dessas parcelas n\u00e3o poder\u00e1 ser feita em 2020, sendo realizada em 2021.<\/p>\n<p>&nbsp;<\/p>\n<hr \/>\n<p><em><strong>Voc\u00ea \u00e9 Cliente Rota Seguros e precisa de ajuda? Nosso p\u00f3s-vendas est\u00e1 \u00e0 disposi\u00e7\u00e3o para auxili\u00e1-lo: (31) 3207-1665 ou WhatsApp (31) 98315-8056.<\/strong><\/em><\/p>\n<hr \/>\n<p>&nbsp;<\/p>\n<p><em>Na Rota Seguros, voc\u00ea encontra profissionais preparados e comprometidos com a excel\u00eancia no atendimento. Entre em contato conosco e pe\u00e7a uma cota\u00e7\u00e3o do plano de sa\u00fade Bradesco!<\/em><\/p>\n<ul>\n<li>Grande BH \u2013\u00a0<a href=\"tel:3132798000\"><strong>(31) 3279-8000<\/strong><\/a><\/li>\n<li>Montes Claros \u2013\u00a0<strong><a href=\"tel:3832168249\" target=\"_blank\" rel=\"noopener noreferrer\">(38) 3216-8249<\/a><\/strong><\/li>\n<li>Patos de Minas, Uberaba e Uberl\u00e2ndia \u2013\u00a0<a href=\"tel:08009400809\"><strong>0800 940 0809<\/strong><\/a><\/li>\n<li>Pouso Alegre, Itajub\u00e1 (Sul de Minas) \u2013\u00a0<b>\u00a0<a href=\"tel:3530128201\">(35) 3012-8201<\/a><\/b><\/li>\n<li>Vit\u00f3ria\/ES \u2013\u00a0<strong><span class=\"telefone\"><a href=\"tel:2722333020\">(27) 2233-302<\/a><\/span><\/strong><\/li>\n<li>Demais Regi\u00f5es \u2013<a href=\"tel:08000242424\"><strong>\u00a00800 024 2424<\/strong><\/a><\/li>\n<\/ul>\n","protected":false},"excerpt":{"rendered":"<p><span class=\"span-reading-time rt-reading-time\" style=\"display: block;\"><span class=\"rt-label rt-prefix\">Reading Time: <\/span> <span class=\"rt-time\"> 2<\/span> <span class=\"rt-label rt-postfix\">minutes<\/span><\/span>Comunicado do Bradesco Sa\u00fade referente a suspens\u00e3o do reajuste de setembro a dezembro, conforme determina\u00e7\u00e3o da ANS. Confira as regras de suspens\u00e3o de reajuste anual e por mudan\u00e7a de faixa &#8230;<\/p>\n","protected":false},"author":2,"featured_media":8395,"comment_status":"open","ping_status":"open","sticky":false,"template":"","format":"standard","meta":{"_monsterinsights_skip_tracking":false,"_monsterinsights_sitenote_active":false,"_monsterinsights_sitenote_note":"","_monsterinsights_sitenote_category":0,"footnotes":"","_links_to":"","_links_to_target":""},"categories":[5,12],"tags":[137,847,846],"class_list":["post-11660","post","type-post","status-publish","format-standard","has-post-thumbnail","hentry","category-bradesco-saude","category-noticias","tag-bradesco-saude","tag-reajuste-plano-de-saude-pandemia","tag-suspensao-do-reajuste-plano-de-saude"],"_links":{"self":[{"href":"https:\/\/www.rotaseguros.com.br\/planosdesaude\/wp-json\/wp\/v2\/posts\/11660","targetHints":{"allow":["GET"]}}],"collection":[{"href":"https:\/\/www.rotaseguros.com.br\/planosdesaude\/wp-json\/wp\/v2\/posts"}],"about":[{"href":"https:\/\/www.rotaseguros.com.br\/planosdesaude\/wp-json\/wp\/v2\/types\/post"}],"author":[{"embeddable":true,"href":"https:\/\/www.rotaseguros.com.br\/planosdesaude\/wp-json\/wp\/v2\/users\/2"}],"replies":[{"embeddable":true,"href":"https:\/\/www.rotaseguros.com.br\/planosdesaude\/wp-json\/wp\/v2\/comments?post=11660"}],"version-history":[{"count":0,"href":"https:\/\/www.rotaseguros.com.br\/planosdesaude\/wp-json\/wp\/v2\/posts\/11660\/revisions"}],"wp:featuredmedia":[{"embeddable":true,"href":"https:\/\/www.rotaseguros.com.br\/planosdesaude\/wp-json\/wp\/v2\/media\/8395"}],"wp:attachment":[{"href":"https:\/\/www.rotaseguros.com.br\/planosdesaude\/wp-json\/wp\/v2\/media?parent=11660"}],"wp:term":[{"taxonomy":"category","embeddable":true,"href":"https:\/\/www.rotaseguros.com.br\/planosdesaude\/wp-json\/wp\/v2\/categories?post=11660"},{"taxonomy":"post_tag","embeddable":true,"href":"https:\/\/www.rotaseguros.com.br\/planosdesaude\/wp-json\/wp\/v2\/tags?post=11660"}],"curies":[{"name":"wp","href":"https:\/\/api.w.org\/{rel}","templated":true}]}}