{"id":11715,"date":"2020-10-02T15:57:09","date_gmt":"2020-10-02T17:57:09","guid":{"rendered":"https:\/\/www.rotaseguros.com.br\/planosdesaude\/?p=11715"},"modified":"2020-10-30T17:59:57","modified_gmt":"2020-10-30T19:59:57","slug":"meu-samp","status":"publish","type":"post","link":"https:\/\/www.rotaseguros.com.br\/planosdesaude\/meu-samp\/","title":{"rendered":"Conhe\u00e7a o Meu Samp \u2013 O Plano de Sa\u00fade para pessoa f\u00edsica da Samp"},"content":{"rendered":"<span class=\"span-reading-time rt-reading-time\" style=\"display: block;\"><span class=\"rt-label rt-prefix\">Reading Time: <\/span> <span class=\"rt-time\"> 2<\/span> <span class=\"rt-label rt-postfix\">minutes<\/span><\/span><p style=\"text-align: left;\">O Meu Samp \u00e9 um plano de sa\u00fade da Samp voltado para pessoa f\u00edsica, que n\u00e3o precisar\u00e1 manter um v\u00ednculo com entidades de classes para adquirir o produto. \u00c9 um plano de qualidade que pode ser contrato sem burocracias e com um \u00f3timo custo-benef\u00edcio. O Meu Samp tem atendimento exclusivo na rede pr\u00f3pria da Samp, localizada na regi\u00e3o da Grande Vit\u00f3ria.<\/p><div id=\"ez-toc-container\" class=\"ez-toc-v2_0_82_2 counter-flat ez-toc-counter ez-toc-grey ez-toc-container-direction\">\n<div class=\"ez-toc-title-container\">\n<p class=\"ez-toc-title\" style=\"cursor:inherit\">Aqui voc\u00ea encontra:<\/p>\n<span class=\"ez-toc-title-toggle\"><a href=\"#\" class=\"ez-toc-pull-right ez-toc-btn ez-toc-btn-xs ez-toc-btn-default ez-toc-toggle\" aria-label=\"Alternar tabela de conte\u00fado\"><span class=\"ez-toc-js-icon-con\"><span class=\"\"><span class=\"eztoc-hide\" style=\"display:none;\">Toggle<\/span><span class=\"ez-toc-icon-toggle-span\"><svg style=\"fill: #999;color:#999\" xmlns=\"http:\/\/www.w3.org\/2000\/svg\" class=\"list-377408\" width=\"20px\" height=\"20px\" viewBox=\"0 0 24 24\" fill=\"none\"><path d=\"M6 6H4v2h2V6zm14 0H8v2h12V6zM4 11h2v2H4v-2zm16 0H8v2h12v-2zM4 16h2v2H4v-2zm16 0H8v2h12v-2z\" fill=\"currentColor\"><\/path><\/svg><svg style=\"fill: #999;color:#999\" class=\"arrow-unsorted-368013\" xmlns=\"http:\/\/www.w3.org\/2000\/svg\" width=\"10px\" height=\"10px\" viewBox=\"0 0 24 24\" version=\"1.2\" baseProfile=\"tiny\"><path d=\"M18.2 9.3l-6.2-6.3-6.2 6.3c-.2.2-.3.4-.3.7s.1.5.3.7c.2.2.4.3.7.3h11c.3 0 .5-.1.7-.3.2-.2.3-.5.3-.7s-.1-.5-.3-.7zM5.8 14.7l6.2 6.3 6.2-6.3c.2-.2.3-.5.3-.7s-.1-.5-.3-.7c-.2-.2-.4-.3-.7-.3h-11c-.3 0-.5.1-.7.3-.2.2-.3.5-.3.7s.1.5.3.7z\"\/><\/svg><\/span><\/span><\/span><\/a><\/span><\/div>\n<nav><ul class='ez-toc-list ez-toc-list-level-1 ' ><li class='ez-toc-page-1'><a class=\"ez-toc-link ez-toc-heading-1\" href=\"https:\/\/www.rotaseguros.com.br\/planosdesaude\/meu-samp\/#Quem_pode_contratar\" >Quem pode contratar<\/a><\/li><li class='ez-toc-page-1'><a class=\"ez-toc-link ez-toc-heading-2\" href=\"https:\/\/www.rotaseguros.com.br\/planosdesaude\/meu-samp\/#Produtos_Disponiveis\" >Produtos Dispon\u00edveis<\/a><\/li><li class='ez-toc-page-1'><a class=\"ez-toc-link ez-toc-heading-3\" href=\"https:\/\/www.rotaseguros.com.br\/planosdesaude\/meu-samp\/#Documentacao_Necessaria_Para_Contratacao\" >Documenta\u00e7\u00e3o Necess\u00e1ria Para Contrata\u00e7\u00e3o<\/a><\/li><li class='ez-toc-page-1'><a class=\"ez-toc-link ez-toc-heading-4\" href=\"https:\/\/www.rotaseguros.com.br\/planosdesaude\/meu-samp\/#Valor_das_Coparticipacoes\" >Valor das Coparticipa\u00e7\u00f5es<\/a><\/li><li class='ez-toc-page-1'><a class=\"ez-toc-link ez-toc-heading-5\" href=\"https:\/\/www.rotaseguros.com.br\/planosdesaude\/meu-samp\/#Carencias_do_Meu_Samp\" >Car\u00eancias do Meu Samp<\/a><\/li><li class='ez-toc-page-1'><a class=\"ez-toc-link ez-toc-heading-6\" href=\"https:\/\/www.rotaseguros.com.br\/planosdesaude\/meu-samp\/#Black_Friday_Meu_Samp\" >Black Friday Meu Samp!<\/a><\/li><li class='ez-toc-page-1'><a class=\"ez-toc-link ez-toc-heading-7\" href=\"https:\/\/www.rotaseguros.com.br\/planosdesaude\/meu-samp\/#Para_as_contratacoes_no_mes_de_novembro_6_meses_de_desconto_na_mensalidade_do_plano_plano_odontologico_e_Carencia_Zero_para_consultas_exames_simples_Entre_em_contato\" >Para as contrata\u00e7\u00f5es no m\u00eas de novembro: 6 meses de desconto na mensalidade do plano + plano odontol\u00f3gico e Car\u00eancia Zero para consultas\/ exames simples. Entre em contato!<\/a><\/li><li class='ez-toc-page-1'><a class=\"ez-toc-link ez-toc-heading-8\" href=\"https:\/\/www.rotaseguros.com.br\/planosdesaude\/meu-samp\/#i\" >\u00a0<\/a><\/li><li class='ez-toc-page-1'><a class=\"ez-toc-link ez-toc-heading-9\" href=\"https:\/\/www.rotaseguros.com.br\/planosdesaude\/meu-samp\/#O_Meu_Samp_aproveita_carencia_de_outros_planos_de_saude\" >O Meu Samp aproveita car\u00eancia de outros planos de sa\u00fade?<\/a><\/li><\/ul><\/nav><\/div>\n\n<hr \/>\n<p><em>Fa\u00e7a seu coment\u00e1rio no final da p\u00e1gina com suas perguntas, sugest\u00f5es, elogios ou feedback para melhorar o nosso conte\u00fado. Assim voc\u00ea colabora com outras pessoas que acessarem nosso blog.<\/em><\/p>\n<ol>\n<li style=\"list-style-type: none;\">\n<ol>\n<li><a href=\"#quem-pode-contratar\"><em><strong>Quem pode contratar<\/strong><\/em><\/a><\/li>\n<li><a href=\"#produtos-disponiveis\"><em><strong>Produtos dispon\u00edveis<\/strong><\/em><\/a><\/li>\n<li><a href=\"#documentacao-necessaria\"><em><strong>Documenta\u00e7\u00e3o necess\u00e1ria para contrata\u00e7\u00e3o<\/strong><\/em><\/a><\/li>\n<li><a href=\"#valor-copart\"><em><strong>Valor das coparticipa\u00e7\u00f5es<\/strong><\/em><\/a><\/li>\n<li><a href=\"#carencias-meusamp\"><strong>Car\u00eancias do Meu Samp<\/strong><\/a><\/li>\n<li><a href=\"#promocao\"><strong>Isen\u00e7\u00e3o de Car\u00eancias<\/strong><\/a><\/li>\n<li><a href=\"#reaproveitamento\"><strong>Aproveitamento de Car\u00eancias<\/strong><\/a><\/li>\n<\/ol>\n<\/li>\n<\/ol>\n<section style=\"width: 100%; position: relative; float: left;\">\n<div style=\"width: 100%; max-width: 1366px; margin: 0 auto; position: relative; margin-bottom: 30px;\">\n<h3 style=\"margin-left: 5%; margin-right: 5%; font-weight: 400; text-align: center;\"><span class=\"ez-toc-section\" id=\"Quem_pode_contratar\"><\/span><a id=\"quem-pode-contratar\"><\/a><strong>Quem pode contratar<\/strong><span class=\"ez-toc-section-end\"><\/span><\/h3>\n<p style=\"margin-left: 5%; margin-right: 5%; text-align: justify;\">Toda pessoa f\u00edsica, ou seja, que possua um CPF ativo, poder\u00e1 ser tornar um benefici\u00e1rio do plano de sa\u00fade Meu Samp. Al\u00e9m do CPF \u00e9 necess\u00e1rio que o cliente possua um e-mail e n\u00famero de celular v\u00e1lido.<\/p>\n<h3 style=\"margin-left: 5%; margin-right: 5%; font-weight: 400; text-align: center;\"><span class=\"ez-toc-section\" id=\"Produtos_Disponiveis\"><\/span><a id=\"produtos-disponiveis\"><\/a><strong>Produtos Dispon\u00edveis<\/strong><span class=\"ez-toc-section-end\"><\/span><\/h3>\n<p style=\"margin-left: 5%; margin-right: 5%; text-align: justify;\">O Meu Samp possuiu dois produtos dispon\u00edveis no mercado, o ambulatorial e o hospitalar com obstetr\u00edcia. Conhe\u00e7a as diferen\u00e7as entre os dois planos Meu Samp:<br \/>\n<b>\u2022 Produto Ambulatorial:<\/b> Produto coparticipativo com cobertura para consultas, exames e atendimento de urg\u00eancia e emerg\u00eancia no Vitoria Apart Hospital e no Hospital Santa M\u00f4nica. Os atendimentos s\u00e3o realizados nas clinicas da Samp nas cidades de Vitoria, Vila Velha, Cariacica e Serra.<br \/>\n<b>\u2022 Produto Ambulatorial e Hospitalar com obstetr\u00edcia:<\/b> Produto coparticipativo com atendimento nas clinicas Samp da grande Vitoria e atendimento no Vitoria Apart Hospital e no Hospital Santa M\u00f4nica. Possui cobertura para parto (obstetr\u00edcia) e oferece interna\u00e7\u00e3o em enfermaria.<\/p>\n<p>&nbsp;<\/p>\n<h3 style=\"margin-left: 5%; margin-right: 5%; font-weight: 400; text-align: center;\"><span class=\"ez-toc-section\" id=\"Documentacao_Necessaria_Para_Contratacao\"><\/span><a id=\"documentacao-necessaria\"><\/a><strong>Documenta\u00e7\u00e3o Necess\u00e1ria Para Contrata\u00e7\u00e3o<\/strong><span class=\"ez-toc-section-end\"><\/span><\/h3>\n<p style=\"margin-left: 5%; margin-right: 5%; text-align: justify;\">Por se tratar de um plano de sa\u00fade sem burocracia, para contratar o Meu Samp voc\u00ea precisar\u00e1 das seguintes documenta\u00e7\u00f5es:<br \/>\n&#8211; Identidade<br \/>\n&#8211; CPF <br \/>\n&#8211; Comprovante de Endere\u00e7o <br \/>\n&#8211; Declara\u00e7\u00e3o de Sa\u00fade<\/p>\n<p>&nbsp;<\/p>\n<\/div>\n<\/section>\n<section style=\"width: 100%; position: relative; float: left;\">\n<div style=\"width: 100%; max-width: 1366px; margin: 0 auto; position: relative; margin-bottom: 30px;\">\n<h3 style=\"margin-left: 5%; margin-right: 5%; text-align: center; font-weight: 400;\"><span class=\"ez-toc-section\" id=\"Valor_das_Coparticipacoes\"><\/span><a id=\"valor-copart\"><\/a><strong>Valor das Coparticipa\u00e7\u00f5es<\/strong><span class=\"ez-toc-section-end\"><\/span><\/h3>\n<p style=\"margin-left: 5%; margin-right: 5%; text-align: center;\">Confira abaixo a tabela de coparticipa\u00e7\u00f5es do plano de sa\u00fade Meu Samp:<\/p>\n<table class=\"tb-plan\" style=\"width: 70%; margin: 0 auto;\">\n<tbody>\n<tr style=\"color: white; background-color: #1a4385; font-weight: bolder; text-transform: uppercase;\">\n<th style=\"border: 1px solid #777; text-align: center; padding: 10px;\">Procedimento<\/th>\n<th style=\"border: 1px solid #777; text-align: center; padding: 10px;\">Meu Samp Ambulatorial com Coparticipa\u00e7\u00e3o<\/th>\n<th style=\"border: 1px solid #777; text-align: center; padding: 10px;\">Meu Samp Completo com Coparticipa\u00e7\u00e3o<\/th>\n<\/tr>\n<tr style=\"color: #555; text-align: center;\">\n<td style=\"border: 1px solid #777; text-align: center; padding: 10px;\">Consulta Eletiva<\/td>\n<td style=\"border: 1px solid #777; text-align: center; padding: 10px;\">R$ 27,50<\/td>\n<td style=\"border: 1px solid #777; text-align: center; padding: 10px;\">R$ 15,00<\/td>\n<\/tr>\n<tr style=\"color: #555; text-align: center;\">\n<td style=\"border: 1px solid #777; text-align: center; padding: 10px;\">Consulta em Pronto Atendimento<\/td>\n<td style=\"border: 1px solid #777; text-align: center; padding: 10px;\">R$ 48,50<\/td>\n<td style=\"border: 1px solid #777; text-align: center; padding: 10px;\">R$ 30,00<\/td>\n<\/tr>\n<tr style=\"color: #555; text-align: center;\">\n<td style=\"border: 1px solid #777; text-align: center; padding: 10px;\">Sess\u00f5es de Fisioterapia<\/td>\n<td style=\"border: 1px solid #777; text-align: center; padding: 10px;\">R$ 10,00<\/td>\n<td style=\"border: 1px solid #777; text-align: center; padding: 10px;\">R$ 5,00<\/td>\n<\/tr>\n<tr style=\"color: #555; text-align: center;\">\n<td style=\"border: 1px solid #777; text-align: center; padding: 10px;\">Outras Terapias Simples<\/td>\n<td style=\"border: 1px solid #777; text-align: center; padding: 10px;\">R$ 10,00<\/td>\n<td style=\"border: 1px solid #777; text-align: center; padding: 10px;\">R$ 10,00<\/td>\n<\/tr>\n<tr style=\"color: #555; text-align: center;\">\n<td style=\"border: 1px solid #777; text-align: center; padding: 10px;\">Procedimentos Ambulatoriais<\/td>\n<td style=\"border: 1px solid #777; text-align: center; padding: 10px;\">R$ 0,50<\/td>\n<td style=\"border: 1px solid #777; text-align: center; padding: 10px;\">R$ 0,50<\/td>\n<\/tr>\n<\/tbody>\n<\/table>\n<p>&nbsp;<\/p>\n<\/div>\n<\/section>\n<section style=\"width: 100%; position: relative; float: left;\">\n<div style=\"width: 100%; max-width: 1366px; margin: 0 auto; position: relative; margin-bottom: 30px;\">\n<h3 style=\"margin-left: 5%; margin-right: 5%; text-align: center; font-weight: 400;\"><span class=\"ez-toc-section\" id=\"Carencias_do_Meu_Samp\"><\/span><a id=\"carencias-meusamp\"><\/a><strong>Car\u00eancias do Meu Samp<\/strong><span class=\"ez-toc-section-end\"><\/span><\/h3>\n<p style=\"margin-left: 5%; margin-right: 5%; text-align: center;\">Abaixo, relacionamento as car\u00eancias do Meu Samp, que dever\u00e1 ser cumprida a partir do momento da contrata\u00e7\u00e3o.<br \/>\nConfira a tabela de car\u00eancia do Meu Samp<\/p>\n<table class=\"tb-plan2\" style=\"width: 70%; margin: 0 auto;\">\n<tbody>\n<tr style=\"color: white; background-color: #1a4385; font-weight: bolder; text-transform: uppercase;\">\n<th style=\"border: 1px solid #777; text-align: center; padding: 10px;\">Procedimento<\/th>\n<th style=\"border: 1px solid #777; text-align: center; padding: 10px;\">Tempo de Car\u00eancia<\/th>\n<\/tr>\n<tr style=\"color: #555; text-align: center;\">\n<td style=\"border: 1px solid #777; text-align: center; padding: 10px;\">Acidentes pessoais<\/td>\n<td style=\"border: 1px solid #777; text-align: center; padding: 10px;\">24h<\/td>\n<\/tr>\n<tr style=\"color: #555; text-align: center;\">\n<td style=\"border: 1px solid #777; text-align: center; padding: 10px;\">Consultas e exames simples<\/td>\n<td style=\"border: 1px solid #777; text-align: center; padding: 10px;\">30 dias<\/td>\n<\/tr>\n<tr style=\"color: #555; text-align: center;\">\n<td style=\"border: 1px solid #777; text-align: center; padding: 10px;\">Exames Intermedi\u00e1rios<\/td>\n<td style=\"border: 1px solid #777; text-align: center; padding: 10px;\">90 dias<\/td>\n<\/tr>\n<tr style=\"color: #555; text-align: center;\">\n<td style=\"border: 1px solid #777; text-align: center; padding: 10px;\">Exames especializados<\/td>\n<td style=\"border: 1px solid #777; text-align: center; padding: 10px;\">180 dias<\/td>\n<\/tr>\n<tr style=\"color: #555; text-align: center;\">\n<td style=\"border: 1px solid #777; text-align: center; padding: 10px;\">Interna\u00e7\u00e3o e cirurgias (exceto em casos de acidentes pessoais)<\/td>\n<td style=\"border: 1px solid #777; text-align: center; padding: 10px;\">180 dias<\/td>\n<\/tr>\n<tr style=\"color: #555; text-align: center;\">\n<td style=\"border: 1px solid #777; text-align: center; padding: 10px;\">Parto<\/td>\n<td style=\"border: 1px solid #777; text-align: center; padding: 10px;\">300 dias<\/td>\n<\/tr>\n<tr style=\"color: #555; text-align: center;\">\n<td style=\"border: 1px solid #777; text-align: center; padding: 10px;\">Doen\u00e7as pr\u00e9-existentes<\/td>\n<td style=\"border: 1px solid #777; text-align: center; padding: 10px;\">24 meses<\/td>\n<\/tr>\n<\/tbody>\n<\/table>\n<\/div>\n<\/section>\n<section style=\"width: 100%; position: relative; float: left; margin-top: 30px; background-color: black; padding-top: 30px; padding-bottom: 30px;\">\n<div style=\"width: 100%; max-width: 1366px; margin: 0 auto; position: relative;\">\n<h2 style=\"text-align: center; color: white;\"><span class=\"ez-toc-section\" id=\"Black_Friday_Meu_Samp\"><\/span><a id=\"promocao\"><\/a>Black Friday Meu Samp!<span class=\"ez-toc-section-end\"><\/span><\/h2>\n<h4 style=\"text-align: center; color: white;\"><span class=\"ez-toc-section\" id=\"Para_as_contratacoes_no_mes_de_novembro_6_meses_de_desconto_na_mensalidade_do_plano_plano_odontologico_e_Carencia_Zero_para_consultas_exames_simples_Entre_em_contato\"><\/span>Para as contrata\u00e7\u00f5es no m\u00eas de novembro: 6 meses de desconto na mensalidade do plano + plano odontol\u00f3gico e Car\u00eancia Zero para consultas\/ exames simples. Entre em contato!<span class=\"ez-toc-section-end\"><\/span><\/h4>\n<\/div>\n<\/section>\n<section style=\"width: 100%; position: relative; float: left;\">\n<div style=\"width: 100%; max-width: 1366px; margin: 0 auto; position: relative; margin-top: 30px; margin-bottom: 30px;\">\n<h3><span class=\"ez-toc-section\" id=\"i\"><\/span>\u00a0<span class=\"ez-toc-section-end\"><\/span><\/h3>\n<h3 style=\"margin-left: 5%; margin-right: 5%; font-weight: 400;\"><span class=\"ez-toc-section\" id=\"O_Meu_Samp_aproveita_carencia_de_outros_planos_de_saude\"><\/span><a id=\"reaproveitamento\"><\/a><strong>O Meu Samp aproveita car\u00eancia de outros planos de sa\u00fade?<\/strong><span class=\"ez-toc-section-end\"><\/span><\/h3>\n<p style=\"margin-left: 5%; margin-right: 5%; text-align: left;\">Sim, \u00e9 poss\u00edvel aproveitar a car\u00eancia de benefici\u00e1rios que vierem de outras operadoras, desde que possuem planos regulamentados.<\/p>\n<p style=\"margin-left: 5%; margin-right: 5%; text-align: left;\">Para isso \u00e9 necess\u00e1rio apresentar os seguintes documentos:<\/p>\n<p>&#8211; Carta da operadora anterior<br \/>\n&#8211; C\u00f3pia da carteirinha<\/p>\n<p>&nbsp;<\/p>\n<hr \/>\n<p><strong><em>Precisando contratar um plano de sa\u00fade individual, familiar ou empresarial? Na Rota Seguros, voc\u00ea encontra profissionais preparados e comprometidos com a excel\u00eancia no atendimento. Entre em contato conosco e pe\u00e7a uma cota\u00e7\u00e3o de plano de sa\u00fade individual!<\/em><\/strong><\/p>\n<ul>\n<li>Grande BH \u2013\u00a0<strong><u><a href=\"tel:3132798000\">(31) 3279-8000<\/a><\/u><\/strong><\/li>\n<li>Montes Claros \u2013\u00a0<strong><u><a href=\"tel:3832168249\">(38) 3216-8249<\/a><\/u><\/strong><\/li>\n<li>Patos de Minas, Uberaba e Uberl\u00e2ndia \u2013\u00a0<strong><u><a href=\"tel:08009400809\">0800 940 0809<\/a><\/u><\/strong><\/li>\n<li>Pouso Alegre, Itajub\u00e1 (Sul de Minas) \u2013\u00a0<strong><u><a href=\"tel:3530128201\">(35) 3012-8201<\/a><\/u><\/strong><\/li>\n<li>Vit\u00f3ria\/ES \u2013\u00a0<strong><u><a href=\"tel:2722333020\">(27) 2233-302<\/a><\/u><\/strong><\/li>\n<li>Demais Regi\u00f5es \u2013<strong><u><a href=\"tel:08000242424\">0800 024 2424<\/a><\/u><\/strong><\/li>\n<\/ul>\n<\/div>\n<\/section>\n","protected":false},"excerpt":{"rendered":"<p><span class=\"span-reading-time rt-reading-time\" style=\"display: block;\"><span class=\"rt-label rt-prefix\">Reading Time: <\/span> <span class=\"rt-time\"> 2<\/span> <span class=\"rt-label rt-postfix\">minutes<\/span><\/span>O Meu Samp \u00e9 um plano de sa\u00fade da Samp voltado para pessoa f\u00edsica, que n\u00e3o precisar\u00e1 manter um v\u00ednculo com entidades de classes para adquirir o produto. \u00c9 um &#8230;<\/p>\n","protected":false},"author":2,"featured_media":11723,"comment_status":"open","ping_status":"open","sticky":false,"template":"","format":"standard","meta":{"_monsterinsights_skip_tracking":false,"_monsterinsights_sitenote_active":false,"_monsterinsights_sitenote_note":"","_monsterinsights_sitenote_category":0,"footnotes":"","_links_to":"","_links_to_target":""},"categories":[570,27],"tags":[860,304,394,859,574,861,30],"class_list":["post-11715","post","type-post","status-publish","format-standard","has-post-thumbnail","hentry","category-samp-saude","category-plano-de-saude","tag-meu-samp","tag-plano-ambulatorial","tag-plano-de-saude-individual","tag-plano-de-saude-pf","tag-plano-de-saude-samp","tag-plano-hospitalar","tag-samp"],"_links":{"self":[{"href":"https:\/\/www.rotaseguros.com.br\/planosdesaude\/wp-json\/wp\/v2\/posts\/11715","targetHints":{"allow":["GET"]}}],"collection":[{"href":"https:\/\/www.rotaseguros.com.br\/planosdesaude\/wp-json\/wp\/v2\/posts"}],"about":[{"href":"https:\/\/www.rotaseguros.com.br\/planosdesaude\/wp-json\/wp\/v2\/types\/post"}],"author":[{"embeddable":true,"href":"https:\/\/www.rotaseguros.com.br\/planosdesaude\/wp-json\/wp\/v2\/users\/2"}],"replies":[{"embeddable":true,"href":"https:\/\/www.rotaseguros.com.br\/planosdesaude\/wp-json\/wp\/v2\/comments?post=11715"}],"version-history":[{"count":0,"href":"https:\/\/www.rotaseguros.com.br\/planosdesaude\/wp-json\/wp\/v2\/posts\/11715\/revisions"}],"wp:featuredmedia":[{"embeddable":true,"href":"https:\/\/www.rotaseguros.com.br\/planosdesaude\/wp-json\/wp\/v2\/media\/11723"}],"wp:attachment":[{"href":"https:\/\/www.rotaseguros.com.br\/planosdesaude\/wp-json\/wp\/v2\/media?parent=11715"}],"wp:term":[{"taxonomy":"category","embeddable":true,"href":"https:\/\/www.rotaseguros.com.br\/planosdesaude\/wp-json\/wp\/v2\/categories?post=11715"},{"taxonomy":"post_tag","embeddable":true,"href":"https:\/\/www.rotaseguros.com.br\/planosdesaude\/wp-json\/wp\/v2\/tags?post=11715"}],"curies":[{"name":"wp","href":"https:\/\/api.w.org\/{rel}","templated":true}]}}