{"id":1189,"date":"2016-09-16T10:00:55","date_gmt":"2016-09-16T12:00:55","guid":{"rendered":"http:\/\/www.rotaseguros.com.br\/planosdesaude\/?p=1189"},"modified":"2016-09-15T10:10:22","modified_gmt":"2016-09-15T12:10:22","slug":"campanha-nacional-de-multivacinacao-ministerio-da-saude","status":"publish","type":"post","link":"https:\/\/www.rotaseguros.com.br\/planosdesaude\/campanha-nacional-de-multivacinacao-ministerio-da-saude\/","title":{"rendered":"Campanha Nacional de Multivacina\u00e7\u00e3o | Minist\u00e9rio da Sa\u00fade"},"content":{"rendered":"<span class=\"span-reading-time rt-reading-time\" style=\"display: block;\"><span class=\"rt-label rt-prefix\">Reading Time: <\/span> <span class=\"rt-time\"> &lt; 1<\/span> <span class=\"rt-label rt-postfix\">minute<\/span><\/span><p>O Minist\u00e9rio da Sa\u00fade lan\u00e7ou na \u00faltima ter\u00e7a-feira (13) a Campanha Nacional de Multivacina\u00e7\u00e3o.<\/p>\n<p>A campanha contar\u00e1 com todas as vacinas dispon\u00edveis pelo SUS para crian\u00e7as de at\u00e9 5 anos, al\u00e9m de crian\u00e7as e adolescentes entre 9 e 15 anos incompletos, incluindo a imuniza\u00e7\u00e3o contra HPV para meninas.<\/p>\n<div class=\"glb-bloco\">\n<div class=\"glb-grid-8\">\n<div id=\"glb-materia\" class=\"hfeed hentry\">\n<div id=\"materia-letra\" class=\"materia-conteudo entry-content clearfix\">\n<div>\n<p>Estar\u00e3o dispon\u00edveis 14 vacinas: Hepatite A, VIP, Meningoc\u00f3cica C, rotav\u00edrus, HPV, Pneumo 10, febre amarela, varicela, pentavalente, tetraviral, dupla adulto, DTP, tr\u00edplice viral, VOP (poliomielite). Essas doses j\u00e1 est\u00e3o dispon\u00edveis no Sistema \u00danico de Sa\u00fade (SUS), em qualquer posto. O objetivo da campanha \u00e9 estimular que os pais levem os filhos para por em dia a carteira de vacina\u00e7\u00e3o.<\/p>\n<p>A campanha come\u00e7ar\u00e1 na pr\u00f3xima segunda-feira, 19, e vai at\u00e9 o dia 30 de setembro. O dia de mobiliza\u00e7\u00e3o nacional ser\u00e1 no s\u00e1bado, 24 de setembro.<\/p>\n<\/div>\n<\/div>\n<\/div>\n<\/div>\n<\/div>\n","protected":false},"excerpt":{"rendered":"<p><span class=\"span-reading-time rt-reading-time\" style=\"display: block;\"><span class=\"rt-label rt-prefix\">Reading Time: <\/span> <span class=\"rt-time\"> &lt; 1<\/span> <span class=\"rt-label rt-postfix\">minute<\/span><\/span>O Minist\u00e9rio da Sa\u00fade lan\u00e7ou na \u00faltima ter\u00e7a-feira (13) a Campanha Nacional de Multivacina\u00e7\u00e3o. A campanha contar\u00e1 com todas as vacinas dispon\u00edveis pelo SUS para crian\u00e7as de at\u00e9 5 anos, &#8230;<\/p>\n","protected":false},"author":2,"featured_media":0,"comment_status":"open","ping_status":"open","sticky":false,"template":"","format":"standard","meta":{"_monsterinsights_skip_tracking":false,"_monsterinsights_sitenote_active":false,"_monsterinsights_sitenote_note":"","_monsterinsights_sitenote_category":0,"footnotes":"","_links_to":"","_links_to_target":""},"categories":[12,217],"tags":[219,218,77,99],"class_list":["post-1189","post","type-post","status-publish","format-standard","hentry","category-noticias","category-sus","tag-campanha-de-multivacinacao","tag-campanha-nacional-de-vacinacao","tag-ministerio-da-saude","tag-sus"],"_links":{"self":[{"href":"https:\/\/www.rotaseguros.com.br\/planosdesaude\/wp-json\/wp\/v2\/posts\/1189","targetHints":{"allow":["GET"]}}],"collection":[{"href":"https:\/\/www.rotaseguros.com.br\/planosdesaude\/wp-json\/wp\/v2\/posts"}],"about":[{"href":"https:\/\/www.rotaseguros.com.br\/planosdesaude\/wp-json\/wp\/v2\/types\/post"}],"author":[{"embeddable":true,"href":"https:\/\/www.rotaseguros.com.br\/planosdesaude\/wp-json\/wp\/v2\/users\/2"}],"replies":[{"embeddable":true,"href":"https:\/\/www.rotaseguros.com.br\/planosdesaude\/wp-json\/wp\/v2\/comments?post=1189"}],"version-history":[{"count":0,"href":"https:\/\/www.rotaseguros.com.br\/planosdesaude\/wp-json\/wp\/v2\/posts\/1189\/revisions"}],"wp:attachment":[{"href":"https:\/\/www.rotaseguros.com.br\/planosdesaude\/wp-json\/wp\/v2\/media?parent=1189"}],"wp:term":[{"taxonomy":"category","embeddable":true,"href":"https:\/\/www.rotaseguros.com.br\/planosdesaude\/wp-json\/wp\/v2\/categories?post=1189"},{"taxonomy":"post_tag","embeddable":true,"href":"https:\/\/www.rotaseguros.com.br\/planosdesaude\/wp-json\/wp\/v2\/tags?post=1189"}],"curies":[{"name":"wp","href":"https:\/\/api.w.org\/{rel}","templated":true}]}}