{"id":1192,"date":"2022-05-16T12:00:42","date_gmt":"2022-05-16T14:00:42","guid":{"rendered":"http:\/\/www.rotaseguros.com.br\/planosdesaude\/?p=1192"},"modified":"2022-10-17T09:52:35","modified_gmt":"2022-10-17T11:52:35","slug":"deseja-contratar-um-plano-de-saude-que-possui-atendimento-no-mater-dei","status":"publish","type":"post","link":"https:\/\/www.rotaseguros.com.br\/planosdesaude\/deseja-contratar-um-plano-de-saude-que-possui-atendimento-no-mater-dei\/","title":{"rendered":"Deseja contratar um plano de sa\u00fade que possui atendimento no Mater Dei?"},"content":{"rendered":"<span class=\"span-reading-time rt-reading-time\" style=\"display: block;\"><span class=\"rt-label rt-prefix\">Reading Time: <\/span> <span class=\"rt-time\"> 5<\/span> <span class=\"rt-label rt-postfix\">minutes<\/span><\/span><p>Deseja contratar um plano de sa\u00fade que tenha credenciamento no Hospital Mater Dei? Ou tem um Plano de Sa\u00fade e gostaria de saber se pode ser atendido no Mater Dei? Este artigo foi feito para voc\u00ea, visando esclarecer suas d\u00favidas quanto aos credenciamentos e atendimentos da Rede de Sa\u00fade Mater Dei.<\/p><div id=\"ez-toc-container\" class=\"ez-toc-v2_0_82_2 counter-flat ez-toc-counter ez-toc-grey ez-toc-container-direction\">\n<div class=\"ez-toc-title-container\">\n<p class=\"ez-toc-title\" style=\"cursor:inherit\">Aqui voc\u00ea encontra:<\/p>\n<span class=\"ez-toc-title-toggle\"><a href=\"#\" class=\"ez-toc-pull-right ez-toc-btn ez-toc-btn-xs ez-toc-btn-default ez-toc-toggle\" aria-label=\"Alternar tabela de conte\u00fado\"><span class=\"ez-toc-js-icon-con\"><span class=\"\"><span class=\"eztoc-hide\" style=\"display:none;\">Toggle<\/span><span class=\"ez-toc-icon-toggle-span\"><svg style=\"fill: #999;color:#999\" xmlns=\"http:\/\/www.w3.org\/2000\/svg\" class=\"list-377408\" width=\"20px\" height=\"20px\" viewBox=\"0 0 24 24\" fill=\"none\"><path d=\"M6 6H4v2h2V6zm14 0H8v2h12V6zM4 11h2v2H4v-2zm16 0H8v2h12v-2zM4 16h2v2H4v-2zm16 0H8v2h12v-2z\" fill=\"currentColor\"><\/path><\/svg><svg style=\"fill: #999;color:#999\" class=\"arrow-unsorted-368013\" xmlns=\"http:\/\/www.w3.org\/2000\/svg\" width=\"10px\" height=\"10px\" viewBox=\"0 0 24 24\" version=\"1.2\" baseProfile=\"tiny\"><path d=\"M18.2 9.3l-6.2-6.3-6.2 6.3c-.2.2-.3.4-.3.7s.1.5.3.7c.2.2.4.3.7.3h11c.3 0 .5-.1.7-.3.2-.2.3-.5.3-.7s-.1-.5-.3-.7zM5.8 14.7l6.2 6.3 6.2-6.3c.2-.2.3-.5.3-.7s-.1-.5-.3-.7c-.2-.2-.4-.3-.7-.3h-11c-.3 0-.5.1-.7.3-.2.2-.3.5-.3.7s.1.5.3.7z\"\/><\/svg><\/span><\/span><\/span><\/a><\/span><\/div>\n<nav><ul class='ez-toc-list ez-toc-list-level-1 ' ><li class='ez-toc-page-1'><a class=\"ez-toc-link ez-toc-heading-1\" href=\"https:\/\/www.rotaseguros.com.br\/planosdesaude\/deseja-contratar-um-plano-de-saude-que-possui-atendimento-no-mater-dei\/#Comparativo_dos_Planos_de_Saude_que_possuem_credenciamentos_no_Mater_Dei_BetimContagem_Contorno_e_Santo_Agostinho\" >Comparativo dos Planos de Sa\u00fade que possuem credenciamentos no Mater Dei Betim\/Contagem, Contorno e Santo Agostinho.<\/a><\/li><li class='ez-toc-page-1'><a class=\"ez-toc-link ez-toc-heading-2\" href=\"https:\/\/www.rotaseguros.com.br\/planosdesaude\/deseja-contratar-um-plano-de-saude-que-possui-atendimento-no-mater-dei\/#i\" >\u00a0<\/a><\/li><li class='ez-toc-page-1'><a class=\"ez-toc-link ez-toc-heading-3\" href=\"https:\/\/www.rotaseguros.com.br\/planosdesaude\/deseja-contratar-um-plano-de-saude-que-possui-atendimento-no-mater-dei\/#Modalidades_de_contratacao_dos_planos_de_saude_credenciados_no_MaterDei\" >Modalidades de contrata\u00e7\u00e3o dos planos de sa\u00fade credenciados no MaterDei:<\/a><\/li><li class='ez-toc-page-1'><a class=\"ez-toc-link ez-toc-heading-4\" href=\"https:\/\/www.rotaseguros.com.br\/planosdesaude\/deseja-contratar-um-plano-de-saude-que-possui-atendimento-no-mater-dei\/#Tabelas_de_Precos_dos_Planos_de_Saude_que_possuem_credenciamentos_no_Mater_Dei\" >Tabelas de Pre\u00e7os dos Planos de Sa\u00fade que possuem credenciamentos no Mater Dei<\/a><\/li><li class='ez-toc-page-1'><a class=\"ez-toc-link ez-toc-heading-5\" href=\"https:\/\/www.rotaseguros.com.br\/planosdesaude\/deseja-contratar-um-plano-de-saude-que-possui-atendimento-no-mater-dei\/#i-2\" >\u00a0<\/a><\/li><li class='ez-toc-page-1'><a class=\"ez-toc-link ez-toc-heading-6\" href=\"https:\/\/www.rotaseguros.com.br\/planosdesaude\/deseja-contratar-um-plano-de-saude-que-possui-atendimento-no-mater-dei\/#Veja_as_principais_especialidades_do_Mater_Dei_BetimContagem_Mater_Dei_Contorno_e_Mater_Dei_Santo_Agostinho\" >Veja as principais especialidades do Mater Dei Betim\/Contagem, Mater Dei Contorno e Mater Dei Santo Agostinho:<\/a><\/li><\/ul><\/nav><\/div>\n\n<hr \/>\n<p><em>Fa\u00e7a seu coment\u00e1rio no final da p\u00e1gina com suas perguntas, sugest\u00f5es, elogios ou feedback para melhorar o nosso conte\u00fado. Assim voc\u00ea colabora com outras pessoas que acessarem nosso blog.<\/em><\/p>\n<hr \/>\n<p>Neste primeiro momento, vamos relacionar os planos de sa\u00fade que podem ser contratados para crian\u00e7as, diferenciando os produtos individuais e os coletivos por ades\u00e3o que s\u00e3o direcionados para estudantes.<\/p>\n<p>1 &#8211; <a href=\"#comparativo\">Comparativo dos Planos de Sa\u00fade que possuem credenciamento no Mater Dei;<\/a><br \/>\n2 &#8211; <a href=\"#modalidades-contratacao\">Modalidades dos produtos que s\u00e3o credenciados no Mater Dei;<\/a><br \/>\n3 &#8211; <a href=\"#tabelas\">Tabelas de pre\u00e7os dos produtos que possuem credenciamentos no Mater Dei;<\/a><br \/>\n4 &#8211; <a href=\"#principais-especialidades\">Especialidades atendidas nas unidades do Mater Dei Betim-Contagem, Contorno e Santo Agostinho.<\/a><br \/>\n<a name=\"comparativo\"><\/a><\/p>\n<h4><span class=\"ez-toc-section\" id=\"Comparativo_dos_Planos_de_Saude_que_possuem_credenciamentos_no_Mater_Dei_BetimContagem_Contorno_e_Santo_Agostinho\"><\/span><strong>Comparativo dos Planos de Sa\u00fade que possuem credenciamentos no Mater Dei Betim\/Contagem, Contorno e Santo Agostinho.<\/strong><span class=\"ez-toc-section-end\"><\/span><\/h4>\n<p>Essa rela\u00e7\u00e3o contempla somente os produtos que est\u00e3o em comercializa\u00e7\u00e3o.<\/p>\n<table class=\"aligncenter\" style=\"width: 602px;\" border=\"1\" width=\"602\">\n<tbody>\n<tr>\n<td style=\"text-align: center;\" width=\"192\">\n<p><strong>Operadoras\/Seguradoras<\/strong><\/p>\n<\/td>\n<td style=\"text-align: center;\" width=\"107\">\n<p><a href=\"https:\/\/www.rotaseguros.com.br\/plano_de_saude_empresarial.html\"><strong>Plano de Sa\u00fade Empresarial<\/strong><\/a><\/p>\n<\/td>\n<td style=\"text-align: center;\" width=\"130\">\n<p><a href=\"https:\/\/www.rotaseguros.com.br\/plano_de_saude_profissao.html\"><strong>Plano de Sa\u00fade por Ades\u00e3o<\/strong><\/a><strong><u>**<\/u><\/strong><\/p>\n<\/td>\n<td style=\"text-align: center;\" width=\"172\">\n<p><a href=\"https:\/\/www.rotaseguros.com.br\/plano_de_saude_individual.html\"><strong>Plano de Sa\u00fade Individual<\/strong><\/a><\/p>\n<\/td>\n<\/tr>\n<tr>\n<td style=\"text-align: center;\" width=\"192\">\n<p><strong>Allianz Sa\u00fade<\/strong><\/p>\n<\/td>\n<td style=\"text-align: center;\" width=\"107\">\n<p><strong>V<\/strong><\/p>\n<\/td>\n<td style=\"text-align: center;\" width=\"130\">\n<p><strong>V<\/strong><\/p>\n<\/td>\n<td style=\"text-align: center;\" width=\"172\">\n<p><strong>V<\/strong><\/p>\n<\/td>\n<\/tr>\n<tr>\n<td style=\"text-align: center;\" width=\"192\">\n<p><strong>Amil Sa\u00fade<\/strong><\/p>\n<\/td>\n<td style=\"text-align: center;\" width=\"107\">\n<p><strong>X<\/strong><\/p>\n<\/td>\n<td style=\"text-align: center;\" width=\"130\">\n<p><strong>V<\/strong><\/p>\n<\/td>\n<td style=\"text-align: center;\" width=\"172\">\n<p><strong>V<\/strong><\/p>\n<\/td>\n<\/tr>\n<tr>\n<td style=\"text-align: center;\" width=\"192\">\n<p><strong>Bradesco Sa\u00fade<\/strong><\/p>\n<\/td>\n<td style=\"text-align: center;\" width=\"107\">\n<p><strong>V<\/strong><\/p>\n<\/td>\n<td style=\"text-align: center;\" width=\"130\">\n<p><strong>V<\/strong><\/p>\n<\/td>\n<td style=\"text-align: center;\" width=\"172\">\n<p><strong>V<\/strong><\/p>\n<\/td>\n<\/tr>\n<tr>\n<td style=\"text-align: center;\" width=\"192\">\n<p><strong>Golden Cross<\/strong><\/p>\n<\/td>\n<td style=\"text-align: center;\" width=\"107\">\n<p><strong>V<\/strong><\/p>\n<\/td>\n<td style=\"text-align: center;\" width=\"130\">\n<p><strong>V<\/strong><\/p>\n<\/td>\n<td style=\"text-align: center;\" width=\"172\">\n<p><strong>V<\/strong><\/p>\n<\/td>\n<\/tr>\n<tr>\n<td style=\"text-align: center;\" width=\"192\">\n<p><strong>You Sa\u00fade Apartamento Empresarial<\/strong><\/p>\n<\/td>\n<td style=\"text-align: center;\" width=\"107\">\n<p><strong>V<\/strong><\/p>\n<\/td>\n<td style=\"text-align: center;\" width=\"130\">\n<p><strong>V<\/strong><\/p>\n<\/td>\n<td style=\"text-align: center;\" width=\"172\">\n<p><strong>X<\/strong><\/p>\n<\/td>\n<\/tr>\n<tr>\n<td style=\"text-align: center;\" width=\"192\">\n<p><strong>Seguros Unimed<\/strong><\/p>\n<\/td>\n<td style=\"text-align: center;\" width=\"107\">\n<p><strong>X<\/strong><\/p>\n<\/td>\n<td style=\"text-align: center;\" width=\"130\">\n<p><strong>V<\/strong><\/p>\n<\/td>\n<td style=\"text-align: center;\" width=\"172\">\n<p><strong>V<\/strong><\/p>\n<\/td>\n<\/tr>\n<tr>\n<td style=\"text-align: center;\" width=\"192\">\n<p><strong>SulAm\u00e9rica Sa\u00fade<\/strong><\/p>\n<\/td>\n<td style=\"text-align: center;\" width=\"107\">\n<p><strong>X<\/strong><\/p>\n<\/td>\n<td style=\"text-align: center;\" width=\"130\">\n<p><strong>V<\/strong><\/p>\n<\/td>\n<td style=\"text-align: center;\" width=\"172\">\n<p><strong>V<\/strong><\/p>\n<\/td>\n<\/tr>\n<tr>\n<td style=\"text-align: center;\" width=\"192\">\n<p><strong>GNDI Minas (Vitallis) <\/strong><\/p>\n<\/td>\n<td style=\"text-align: center;\" width=\"107\">\n<p><strong>V<\/strong><\/p>\n<\/td>\n<td style=\"text-align: center;\" width=\"130\">\n<p><strong>X<\/strong><\/p>\n<\/td>\n<td style=\"text-align: center;\" width=\"172\">\n<p><strong>X<\/strong><\/p>\n<\/td>\n<\/tr>\n<\/tbody>\n<\/table>\n<p style=\"text-align: left;\"><strong>\u00a0<\/strong><\/p>\n<p><strong>Consulte os resumos das redes credenciadas dos planos que est\u00e3o em comercializa\u00e7\u00e3o, identificando as linhas de produtos que possuem credenciamentos nas unidades do Hospital Mater Dei:<\/strong><\/p>\n<ul>\n<li><strong><a href=\"https:\/\/www.rotaseguros.com.br\/allianz\/rede.html\" target=\"_blank\" rel=\"noopener noreferrer\">Rede credenciada Allianz Sa\u00fade<\/a>;<\/strong><\/li>\n<li><strong><a href=\"https:\/\/www.rotaseguros.com.br\/amil\/rede-credenciada.html\" target=\"_blank\" rel=\"noopener noreferrer\">Rede credenciada Amil Sa\u00fade<\/a>;<\/strong><\/li>\n<li><strong><a href=\"https:\/\/www.rotaseguros.com.br\/bradesco\/rede.html\" target=\"_blank\" rel=\"noopener noreferrer\">Rede credenciada Bradesco Sa\u00fade<\/a>;<\/strong><\/li>\n<li><strong><a href=\"https:\/\/www.rotaseguros.com.br\/goldencross\/rede-credenciada.html\" target=\"_blank\" rel=\"noopener noreferrer\">Rede credenciada Golden Cross<\/a>;<\/strong><\/li>\n<li><strong><a href=\"https:\/\/www.rotaseguros.com.br\/seguros-unimed\/rede-credenciada.html\" target=\"_blank\" rel=\"noopener noreferrer\">Rede credenciada Seguros Unimed<\/a>;<\/strong><\/li>\n<li><strong><a href=\"https:\/\/www.rotaseguros.com.br\/sul_america\/rede-credenciada.html\">Rede credenciada Sul Am\u00e9rica Sa\u00fade<\/a>;<\/strong><\/li>\n<li><a href=\"https:\/\/www.rotaseguros.com.br\/gndi-intermedica\/index.html\"><strong>Rede credenciada GNDI Minas.<\/strong><\/a><\/li>\n<\/ul>\n<p><span style=\"font-weight: 400;\">Se voc\u00ea j\u00e1 possui um plano de sa\u00fade e deseja consultar se possui atendimento na modalidade do seu produto, fa\u00e7a a consulta dos conv\u00eanios no site do Mater Dei <\/span><a href=\"https:\/\/www.materdei.com.br\/uploadfile\/lista-de-convenios.pdf\" target=\"_blank\" rel=\"noopener\"><span style=\"font-weight: 400;\">clicando aqui<\/span><\/a><span style=\"font-weight: 400;\"> ou acesse a rede credenciada no site da sua operadora\/seguradora.<\/span><br \/>\n<a name=\"modalidades-contratacao\"><\/a><\/p>\n<h4><span class=\"ez-toc-section\" id=\"i\"><\/span>\u00a0<span class=\"ez-toc-section-end\"><\/span><\/h4>\n<h4><span class=\"ez-toc-section\" id=\"Modalidades_de_contratacao_dos_planos_de_saude_credenciados_no_MaterDei\"><\/span><b>Modalidades de contrata\u00e7\u00e3o dos planos de sa\u00fade credenciados no MaterDei:<\/b><span class=\"ez-toc-section-end\"><\/span><\/h4>\n<table class=\"aligncenter\" style=\"width: 70.6625%;\" border=\"1\">\n<tbody>\n<tr>\n<td style=\"width: 30.8434%;\">\u00a0<\/td>\n<td style=\"width: 22.5301%;\">\n<p><a href=\"https:\/\/www.rotaseguros.com.br\/plano_de_saude_empresarial.html\"><b>Plano de Sa\u00fade Empresarial<\/b><\/a><\/p>\n<\/td>\n<td style=\"width: 20.241%;\">\n<p><a href=\"https:\/\/www.rotaseguros.com.br\/plano_de_saude_profissao.html\"><b>Plano de Sa\u00fade por Ades\u00e3o<\/b><\/a><b>**<\/b><\/p>\n<\/td>\n<td style=\"width: 20.7229%;\">\n<p><a href=\"https:\/\/www.rotaseguros.com.br\/plano_de_saude_individual.html\"><b>Plano de Sa\u00fade Individual<\/b><\/a><\/p>\n<\/td>\n<\/tr>\n<tr>\n<td style=\"width: 30.8434%;\">\n<p><b>Allianz Sa\u00fade<\/b><\/p>\n<\/td>\n<td style=\"width: 22.5301%;\">\n<p style=\"text-align: center;\"><b>V<\/b><\/p>\n<\/td>\n<td style=\"width: 20.241%;\">\n<p style=\"text-align: center;\"><b>V<\/b><\/p>\n<\/td>\n<td style=\"width: 20.7229%;\">\n<p style=\"text-align: center;\"><b>V<\/b><\/p>\n<\/td>\n<\/tr>\n<tr>\n<td style=\"width: 30.8434%;\">\n<p><b>Amil Sa\u00fade<\/b><\/p>\n<\/td>\n<td style=\"width: 22.5301%;\">\n<p style=\"text-align: center;\"><b>X<\/b><\/p>\n<\/td>\n<td style=\"width: 20.241%;\">\n<p style=\"text-align: center;\"><b>V<\/b><\/p>\n<\/td>\n<td style=\"width: 20.7229%;\">\n<p style=\"text-align: center;\"><b>V<\/b><\/p>\n<\/td>\n<\/tr>\n<tr>\n<td style=\"width: 30.8434%;\">\n<p><b>Bradesco Sa\u00fade<\/b><\/p>\n<\/td>\n<td style=\"width: 22.5301%;\">\n<p style=\"text-align: center;\"><b>V<\/b><\/p>\n<\/td>\n<td style=\"width: 20.241%;\">\n<p style=\"text-align: center;\"><b>V<\/b><\/p>\n<\/td>\n<td style=\"width: 20.7229%;\">\n<p style=\"text-align: center;\"><b>V<\/b><\/p>\n<\/td>\n<\/tr>\n<tr>\n<td style=\"width: 30.8434%;\">\n<p><b>Golden Cross<\/b><\/p>\n<\/td>\n<td style=\"width: 22.5301%;\">\n<p style=\"text-align: center;\"><b>V<\/b><\/p>\n<\/td>\n<td style=\"width: 20.241%;\">\n<p style=\"text-align: center;\"><b>V<\/b><\/p>\n<\/td>\n<td style=\"width: 20.7229%;\">\n<p style=\"text-align: center;\"><b>V<\/b><\/p>\n<\/td>\n<\/tr>\n<tr>\n<td style=\"width: 30.8434%;\">\n<p><b>You Sa\u00fade Apartamento Empresarial<\/b><\/p>\n<\/td>\n<td style=\"width: 22.5301%;\">\n<p style=\"text-align: center;\"><b>V<\/b><\/p>\n<\/td>\n<td style=\"width: 20.241%;\">\n<p style=\"text-align: center;\"><b>V<\/b><\/p>\n<\/td>\n<td style=\"width: 20.7229%;\">\n<p style=\"text-align: center;\"><b>X<\/b><\/p>\n<\/td>\n<\/tr>\n<tr>\n<td style=\"width: 30.8434%;\">\n<p><b>Seguros Unimed<\/b><\/p>\n<\/td>\n<td style=\"width: 22.5301%;\">\n<p style=\"text-align: center;\"><b>X<\/b><\/p>\n<\/td>\n<td style=\"width: 20.241%;\">\n<p style=\"text-align: center;\"><b>V<\/b><\/p>\n<\/td>\n<td style=\"width: 20.7229%;\">\n<p style=\"text-align: center;\"><b>V<\/b><\/p>\n<\/td>\n<\/tr>\n<tr>\n<td style=\"width: 30.8434%;\">\n<p><b>SulAm\u00e9rica Sa\u00fade<\/b><\/p>\n<\/td>\n<td style=\"width: 22.5301%;\">\n<p style=\"text-align: center;\"><b>X<\/b><\/p>\n<\/td>\n<td style=\"width: 20.241%;\">\n<p style=\"text-align: center;\"><b>V<\/b><\/p>\n<\/td>\n<td style=\"width: 20.7229%;\">\n<p style=\"text-align: center;\"><b>V<\/b><\/p>\n<\/td>\n<\/tr>\n<tr>\n<td style=\"width: 30.8434%;\">\n<p><b>GDNI Minas (Vitallis)\u00a0<\/b><\/p>\n<\/td>\n<td style=\"width: 22.5301%;\">\n<p style=\"text-align: center;\"><b>V<\/b><\/p>\n<\/td>\n<td style=\"width: 20.241%;\">\n<p style=\"text-align: center;\"><b>X<\/b><\/p>\n<\/td>\n<td style=\"width: 20.7229%;\">\n<p style=\"text-align: center;\"><b>X<\/b><\/p>\n<\/td>\n<\/tr>\n<\/tbody>\n<\/table>\n<p><span style=\"font-size: 10px;\">** Os planos de sa\u00fade coletivos por ades\u00e3o poder\u00e3o ser contratados por pessoas f\u00edsicas atrav\u00e9s da sua atividade: Comerci\u00e1rios, Estudantes, Profissionais Liberais, Servidores P\u00fablicos etc.<\/span><br \/>\n<a name=\"tabelas\"><\/a><\/p>\n<h4><span class=\"ez-toc-section\" id=\"Tabelas_de_Precos_dos_Planos_de_Saude_que_possuem_credenciamentos_no_Mater_Dei\"><\/span><b>Tabelas de Pre\u00e7os dos Planos de Sa\u00fade que possuem credenciamentos no Mater Dei<\/b><span class=\"ez-toc-section-end\"><\/span><\/h4>\n<p>Consulte as tabelas de pre\u00e7os dos produtos que possuem credenciamento junto ao Mater Dei Betim, Contorno e Santo Agostinho. Caso deseje receber um comparativo de pre\u00e7os por e-mail ou whatsapp, <a>acesse nosso chat<\/a> ou entre em contato pelo telefone.<\/p>\n<ul>\n<li style=\"font-weight: 400;\" aria-level=\"1\"><a href=\"https:\/\/www.rotaseguros.com.br\/allianz\/tabela-de-precos.html\"><b>Tabela de Pre\u00e7os Allianz Sa\u00fade<\/b><\/a><span style=\"font-weight: 400;\">;<\/span><\/li>\n<li style=\"font-weight: 400;\" aria-level=\"1\"><a href=\"https:\/\/www.rotaseguros.com.br\/amil\/tabelas.html\"><b>Tabela de Pre\u00e7os Amil Sa\u00fade<\/b><\/a><b>;<\/b><\/li>\n<li style=\"font-weight: 400;\" aria-level=\"1\"><a href=\"https:\/\/www.rotaseguros.com.br\/bradesco\/tabelas.html\"><b>Tabela de Pre\u00e7os Bradesco Sa\u00fade<\/b><\/a><b>;\u00a0<\/b><\/li>\n<li style=\"font-weight: 400;\" aria-level=\"1\"><span style=\"font-weight: 400;\"><a href=\"https:\/\/www.rotaseguros.com.br\/goldencross\/tabela-de-precos.html\"><b>Tabela de Pre\u00e7os Golden Cross<\/b><\/a><\/span><b>;<\/b><\/li>\n<li style=\"font-weight: 400;\" aria-level=\"1\"><a href=\"https:\/\/www.rotaseguros.com.br\/seguros-unimed\/tabelas-de-precos.html\"><b>Tabela de Pre\u00e7os Seguros Unimed<\/b><\/a><b>;<\/b><\/li>\n<li style=\"font-weight: 400;\" aria-level=\"1\"><span style=\"font-weight: 400;\"><a href=\"https:\/\/www.rotaseguros.com.br\/sul_america\/tabelas.html\"><b>Tabela de Pre\u00e7os Sul Am\u00e9rica Sa\u00fade<\/b><\/a><\/span><\/li>\n<li aria-level=\"1\"><strong><a href=\"https:\/\/www.rotaseguros.com.br\/gndi-intermedica\/index.html\">Tabela de Pre\u00e7os GNDI Minas.<\/a><\/strong><\/li>\n<\/ul>\n<h4><span class=\"ez-toc-section\" id=\"i-2\"><\/span>\u00a0<span class=\"ez-toc-section-end\"><\/span><\/h4>\n<h4><span class=\"ez-toc-section\" id=\"Veja_as_principais_especialidades_do_Mater_Dei_BetimContagem_Mater_Dei_Contorno_e_Mater_Dei_Santo_Agostinho\"><\/span><a name=\"principais-especialidades\"><\/a><b>Veja as principais especialidades do Mater Dei Betim\/Contagem, Mater Dei Contorno e Mater Dei Santo Agostinho:<\/b><span class=\"ez-toc-section-end\"><\/span><\/h4>\n<p>&nbsp;<\/p>\n<p style=\"text-align: center;\"><img loading=\"lazy\" decoding=\"async\" class=\"wp-image-12918 size-large aligncenter\" src=\"https:\/\/www.rotaseguros.com.br\/planosdesaude\/wp-content\/uploads\/2022\/05\/banner02-1024x247.jpg\" alt=\"\" width=\"1024\" height=\"247\" srcset=\"https:\/\/www.rotaseguros.com.br\/planosdesaude\/wp-content\/uploads\/2022\/05\/banner02-1024x247.jpg 1024w, https:\/\/www.rotaseguros.com.br\/planosdesaude\/wp-content\/uploads\/2022\/05\/banner02-300x72.jpg 300w, https:\/\/www.rotaseguros.com.br\/planosdesaude\/wp-content\/uploads\/2022\/05\/banner02-768x185.jpg 768w, https:\/\/www.rotaseguros.com.br\/planosdesaude\/wp-content\/uploads\/2022\/05\/banner02-1536x371.jpg 1536w, https:\/\/www.rotaseguros.com.br\/planosdesaude\/wp-content\/uploads\/2022\/05\/banner02-1080x261.jpg 1080w, https:\/\/www.rotaseguros.com.br\/planosdesaude\/wp-content\/uploads\/2022\/05\/banner02-1280x309.jpg 1280w, https:\/\/www.rotaseguros.com.br\/planosdesaude\/wp-content\/uploads\/2022\/05\/banner02-980x237.jpg 980w, https:\/\/www.rotaseguros.com.br\/planosdesaude\/wp-content\/uploads\/2022\/05\/banner02-480x116.jpg 480w, https:\/\/www.rotaseguros.com.br\/planosdesaude\/wp-content\/uploads\/2022\/05\/banner02.jpg 2000w\" sizes=\"auto, (max-width: 1024px) 100vw, 1024px\" \/><span style=\"font-size: 10px;\"> Mater Dei Betim-Contagem &#8211; Fonte: materdei.com.br<\/span><\/p>\n<ul>\n<li><span style=\"font-size: 16px;\"><strong>Mater Dei Betim-Contagem &#8211; <\/strong>Via Expressa de Betim, 15500 &#8211; Duque de Caxias, Betim \/ MG<\/span><\/li>\n<\/ul>\n<p><b>Principais Servi\u00e7os:<\/b> <b>Pronto-socorro adulto e pedi\u00e1trico<\/b><span style=\"font-weight: 400;\">; Ambulat\u00f3rio para consultas eletivas; Laborat\u00f3rio de An\u00e1lises Cl\u00ednicas; Unidade de Interna\u00e7\u00e3o; Salas cir\u00fargicas e bloco obst\u00e9trico; Maternidade; Hemodin\u00e2mica; Oncologia; Central de Material Esterilizado (CME); Laborat\u00f3rio de Anatomia Patol\u00f3gica; Heliponto; Lact\u00e1rio (para pacientes internados); CTI adulto, pedi\u00e1trico e neonatal; Hemodi\u00e1lise; Endoscopia e Colonoscopia; Medicina Diagn\u00f3stica.<\/span><\/p>\n<p><span style=\"font-weight: 400;\">O Mater Dei Betim-Contagem, inaugurado em 19 de janeiro de 2019, est\u00e1 inserido na mesma filosofia de atendimento e cuidado que a Rede Mater Dei propicia aos seus clientes de Belo Horizonte. Foi concebido seguindo as mesmas premissas das demais unidades. Em uma \u00e1rea constru\u00edda de mais de 42 mil m\u00b2, re\u00fane diversas especialidades m\u00e9dicas para prestar atendimento, levando servi\u00e7os m\u00e9dico-hospitalares de alta qualidade \u00e0 regi\u00e3o oeste de Minas Gerais.<\/span><\/p>\n<p>&nbsp;<\/p>\n<p>&nbsp;<\/p>\n<p style=\"text-align: center;\"><img loading=\"lazy\" decoding=\"async\" class=\"aligncenter wp-image-12922\" src=\"https:\/\/www.rotaseguros.com.br\/planosdesaude\/wp-content\/uploads\/2022\/05\/mater-dei-santo-agostinho.jpeg\" alt=\"\" width=\"400\" height=\"483\" srcset=\"https:\/\/www.rotaseguros.com.br\/planosdesaude\/wp-content\/uploads\/2022\/05\/mater-dei-santo-agostinho.jpeg 569w, https:\/\/www.rotaseguros.com.br\/planosdesaude\/wp-content\/uploads\/2022\/05\/mater-dei-santo-agostinho-248x300.jpeg 248w, https:\/\/www.rotaseguros.com.br\/planosdesaude\/wp-content\/uploads\/2022\/05\/mater-dei-santo-agostinho-480x580.jpeg 480w\" sizes=\"auto, (max-width: 400px) 100vw, 400px\" \/><span style=\"font-size: 10px;\">Mater Dei Contorno &#8211; Fonte: materdei.com.br<\/span><\/p>\n<ul>\n<li><span style=\"font-size: 16px;\"><strong>Mater Dei Contorno<\/strong>\u2013 Avenida do Contorno, 9.000 \u2013 Barro Preto \u2013 Belo Horizonte \/ MG<\/span><\/li>\n<\/ul>\n<p><b>Principais Servi\u00e7os:<\/b><span style=\"font-weight: 400;\"> Exames; Interna\u00e7\u00e3o; Hospital Integrado do C\u00e2ncer; <\/span><b>Pronto Socorro (Adulto e Pediatria)<\/b><span style=\"font-weight: 400;\"> para as especialidades de\u00a0 Cardiologia; Cirurgia geral; Cirurgia pl\u00e1stica; Cl\u00ednica m\u00e9dica; Ortopedia e Traumatologia; Pediatria.<\/span><\/p>\n<p><span style=\"font-weight: 400;\">Sala H\u00edbrida (Inova\u00e7\u00e3o para realiza\u00e7\u00e3o de procedimentos de grande porte).<\/span><\/p>\n<p><span style=\"font-weight: 400;\">Inaugurado dia 01 de junho de 2014, o Mater Dei Contorno consolidou o nascimento da Rede Mater Dei de Sa\u00fade. A unidade foi idealizada para atender as demandas de clientes, principalmente para urg\u00eancia e emerg\u00eancia pedi\u00e1trica. O hospital engloba tecnologia de ponta, estrutura f\u00edsica ampla, fluxos de atendimentos diferenciados tendo o paciente como centro do cuidado m\u00e9dico-hospitalar, corpo cl\u00ednico experiente, al\u00e9m de equipes capacitadas. Tudo isso o torna um dos maiores empreendimentos hospitalares da Am\u00e9rica Latina, nos \u00faltimos anos. O pr\u00e9dio foi projetado com base em tecnologias que garantem a efici\u00eancia energ\u00e9tica e a redu\u00e7\u00e3o de impacto sobre o meio ambiente. Para a Rede Mater Dei, crescer significa expandir a capacidade de aten\u00e7\u00e3o sem abrir m\u00e3o do cuidado e do carinho com o cliente, cumprindo a sua miss\u00e3o de \u201cCompromisso com a Qualidade pela Vida\u201d.<\/span><\/p>\n<p>&nbsp;<\/p>\n<p>&nbsp;<\/p>\n<p style=\"text-align: center;\"><img loading=\"lazy\" decoding=\"async\" class=\"aligncenter wp-image-12921\" src=\"https:\/\/www.rotaseguros.com.br\/planosdesaude\/wp-content\/uploads\/2022\/05\/mater-dei-contorno.jpeg\" alt=\"\" width=\"400\" height=\"562\" srcset=\"https:\/\/www.rotaseguros.com.br\/planosdesaude\/wp-content\/uploads\/2022\/05\/mater-dei-contorno.jpeg 569w, https:\/\/www.rotaseguros.com.br\/planosdesaude\/wp-content\/uploads\/2022\/05\/mater-dei-contorno-213x300.jpeg 213w, https:\/\/www.rotaseguros.com.br\/planosdesaude\/wp-content\/uploads\/2022\/05\/mater-dei-contorno-480x675.jpeg 480w\" sizes=\"auto, (max-width: 400px) 100vw, 400px\" \/><span style=\"font-size: 10px;\">Mater Dei Santo Agostinho &#8211; Fonte: materdei.com.br<\/span><\/p>\n<div class=\"mceTemp\">\u00a0<\/div>\n<ul>\n<li><span style=\"font-size: 16px;\"><strong>Mater Dei Santo Agostinho<\/strong>\u2013 Rua Gon\u00e7alves Dias, 2700 \u2013 Santo Agostinho \u2013 Belo Horizonte \/ MG<\/span><\/li>\n<\/ul>\n<div class=\"mceTemp\">\u00a0<\/div>\n<p><b>Principais Servi\u00e7os:<\/b><span style=\"font-weight: 400;\"> Exames; Interna\u00e7\u00e3o; Maternidade; Vacina\u00e7\u00e3o.<\/span><\/p>\n<p><b>Pronto Socorro (adulto)<\/b><span style=\"font-weight: 400;\">: para as especialidades de Cardiologia; Cirurgia geral; Cirurgia pl\u00e1stica; Cl\u00ednica m\u00e9dica; Ginecologia e obstetr\u00edcia; Medicina geri\u00e1trica; Ortopedia e traumatologia; Otorrinolaringologia; Urologia.<\/span><\/p>\n<p><span style=\"font-weight: 400;\">Inaugurado dia 01 de junho de 1980, foi a primeira unidade da Rede Mater Dei de Sa\u00fade. \u00c9 um hospital geral que atende \u00e0s mais diversas especialidades. O Mater Dei foi o primeiro hospital de Minas Gerais que instalou um visor para acompanhantes assistirem ao parto, chamado de Mineirinho. Refer\u00eancia de unidade hospitalar em Belo Horizonte, a unidade tamb\u00e9m foi pioneira instala\u00e7\u00e3o da Unidade de Terapia Intensiva Neonatal \u2013 UTIN, assim como ginecologia e hemodin\u00e2mica.<\/span><\/p>\n<hr \/>\n<p><strong>Estamos sempre prontos e dispon\u00edveis para prestar uma consultoria personalizada sobre o que voc\u00ea realmente necessita e qual plano ir\u00e1 lhe atender melhor.<\/strong><\/p>\n<ul>\n<li><b>Grande BH \u2013\u00a0<\/b><strong><a href=\"tel:3132798000\"><b>(31) 3279-8000<\/b><\/a><\/strong><\/li>\n<li><strong>Divin\u00f3polis<\/strong>\u00a0\u2013\u00a0<a href=\"tel:3735113030\"><strong>(37) 3511-3030<\/strong><\/a><\/li>\n<li><b>Montes Claros \u2013\u00a0<\/b><strong><a href=\"tel:3832168249\"><b>(38) 3216-8249<\/b><\/a><\/strong><\/li>\n<li><b><\/b><strong>Nova Serrana \u2013\u00a0<a href=\"tel:3732283131\">(37) 3228-3131<\/a><\/strong><\/li>\n<li><b>Patos de Minas, Uberaba e Uberl\u00e2ndia \u2013\u00a0<\/b><strong><a href=\"tel:08009400809\"><b>0800 940 0809<\/b><\/a><\/strong><\/li>\n<li><strong>Po\u00e7os de Caldas<\/strong>\u00a0\u2013\u00a0<strong><a href=\"tel:3537132531\" target=\"_blank\" rel=\"noopener\">(35) 3713-2531<\/a><\/strong><b><\/b><\/li>\n<li><b>Pouso Alegre \u2013<a href=\"tel:353646-3334\">\u00a0(35) 3646-3334<\/a><\/b><b><\/b><\/li>\n<li><b>Vit\u00f3ria\/ES \u2013\u00a0<\/b><strong><a href=\"tel:2722333020\"><b>(27) 2233-3020<\/b><\/a><\/strong><\/li>\n<\/ul>\n<hr \/>\n<p>Colabore com o blog! Deixe seu coment\u00e1rio com d\u00favida, reclama\u00e7\u00e3o e\/ou elogio.<\/p>\n<p><script>\nfunction botaoFuncao() {\njivo_api.open();\nvar x = document.getElementById(\"jcont\");\nif (x.style.display == \"block\") {\njivo_api.close();\n}\n}\n<\/script><\/p>\n","protected":false},"excerpt":{"rendered":"<p><span class=\"span-reading-time rt-reading-time\" style=\"display: block;\"><span class=\"rt-label rt-prefix\">Reading Time: <\/span> <span class=\"rt-time\"> 5<\/span> <span class=\"rt-label rt-postfix\">minutes<\/span><\/span>Deseja contratar um plano de sa\u00fade que tenha credenciamento no Hospital Mater Dei? Ou tem um Plano de Sa\u00fade e gostaria de saber se pode ser atendido no Mater Dei? &#8230;<\/p>\n","protected":false},"author":2,"featured_media":8076,"comment_status":"open","ping_status":"open","sticky":false,"template":"","format":"standard","meta":{"_monsterinsights_skip_tracking":false,"_monsterinsights_sitenote_active":false,"_monsterinsights_sitenote_note":"","_monsterinsights_sitenote_category":0,"footnotes":"","_links_to":"","_links_to_target":""},"categories":[462,12,27],"tags":[42,220,223,222,221],"class_list":["post-1192","post","type-post","status-publish","format-standard","has-post-thumbnail","hentry","category-materdei","category-noticias","category-plano-de-saude","tag-hospital-mater-dei","tag-mater-dei","tag-mater-dei-bh","tag-planos-que-cobrem-o-hospital-mater-dei","tag-planos-que-cobrem-o-mater-dei"],"_links":{"self":[{"href":"https:\/\/www.rotaseguros.com.br\/planosdesaude\/wp-json\/wp\/v2\/posts\/1192","targetHints":{"allow":["GET"]}}],"collection":[{"href":"https:\/\/www.rotaseguros.com.br\/planosdesaude\/wp-json\/wp\/v2\/posts"}],"about":[{"href":"https:\/\/www.rotaseguros.com.br\/planosdesaude\/wp-json\/wp\/v2\/types\/post"}],"author":[{"embeddable":true,"href":"https:\/\/www.rotaseguros.com.br\/planosdesaude\/wp-json\/wp\/v2\/users\/2"}],"replies":[{"embeddable":true,"href":"https:\/\/www.rotaseguros.com.br\/planosdesaude\/wp-json\/wp\/v2\/comments?post=1192"}],"version-history":[{"count":0,"href":"https:\/\/www.rotaseguros.com.br\/planosdesaude\/wp-json\/wp\/v2\/posts\/1192\/revisions"}],"wp:featuredmedia":[{"embeddable":true,"href":"https:\/\/www.rotaseguros.com.br\/planosdesaude\/wp-json\/wp\/v2\/media\/8076"}],"wp:attachment":[{"href":"https:\/\/www.rotaseguros.com.br\/planosdesaude\/wp-json\/wp\/v2\/media?parent=1192"}],"wp:term":[{"taxonomy":"category","embeddable":true,"href":"https:\/\/www.rotaseguros.com.br\/planosdesaude\/wp-json\/wp\/v2\/categories?post=1192"},{"taxonomy":"post_tag","embeddable":true,"href":"https:\/\/www.rotaseguros.com.br\/planosdesaude\/wp-json\/wp\/v2\/tags?post=1192"}],"curies":[{"name":"wp","href":"https:\/\/api.w.org\/{rel}","templated":true}]}}