{"id":11949,"date":"2021-01-11T12:00:25","date_gmt":"2021-01-11T14:00:25","guid":{"rendered":"https:\/\/www.rotaseguros.com.br\/planosdesaude\/?p=11949"},"modified":"2021-01-11T15:35:00","modified_gmt":"2021-01-11T17:35:00","slug":"saiba-como-sera-o-reajuste-dos-planos-de-saude-em-2021","status":"publish","type":"post","link":"https:\/\/www.rotaseguros.com.br\/planosdesaude\/saiba-como-sera-o-reajuste-dos-planos-de-saude-em-2021\/","title":{"rendered":"Saiba como ser\u00e1 o reajuste dos planos de sa\u00fade em 2021"},"content":{"rendered":"<span class=\"span-reading-time rt-reading-time\" style=\"display: block;\"><span class=\"rt-label rt-prefix\">Reading Time: <\/span> <span class=\"rt-time\"> 4<\/span> <span class=\"rt-label rt-postfix\">minutes<\/span><\/span><p style=\"text-align: justify;\" align=\"justify\"><span style=\"color: #666666; font-size: 14px;\"><span style=\"font-family: Open Sans, Arial, sans-serif;\">Em comunicado emitido anteriormente pela Ag\u00eancia Nacional de Sa\u00fade (ANS), o <strong>reajuste dos planos de sa\u00fade referente ao ano de 2020 foi adiado para 2021<\/strong>. A partir do m\u00eas de janeiro deste ano, os benefici\u00e1rios passar\u00e3o a receber a cobran\u00e7a suspensa no ano passado.<\/span><\/span><\/p><div id=\"ez-toc-container\" class=\"ez-toc-v2_0_82_2 counter-flat ez-toc-counter ez-toc-grey ez-toc-container-direction\">\n<div class=\"ez-toc-title-container\">\n<p class=\"ez-toc-title\" style=\"cursor:inherit\">Aqui voc\u00ea encontra:<\/p>\n<span class=\"ez-toc-title-toggle\"><a href=\"#\" class=\"ez-toc-pull-right ez-toc-btn ez-toc-btn-xs ez-toc-btn-default ez-toc-toggle\" aria-label=\"Alternar tabela de conte\u00fado\"><span class=\"ez-toc-js-icon-con\"><span class=\"\"><span class=\"eztoc-hide\" style=\"display:none;\">Toggle<\/span><span class=\"ez-toc-icon-toggle-span\"><svg style=\"fill: #999;color:#999\" xmlns=\"http:\/\/www.w3.org\/2000\/svg\" class=\"list-377408\" width=\"20px\" height=\"20px\" viewBox=\"0 0 24 24\" fill=\"none\"><path d=\"M6 6H4v2h2V6zm14 0H8v2h12V6zM4 11h2v2H4v-2zm16 0H8v2h12v-2zM4 16h2v2H4v-2zm16 0H8v2h12v-2z\" fill=\"currentColor\"><\/path><\/svg><svg style=\"fill: #999;color:#999\" class=\"arrow-unsorted-368013\" xmlns=\"http:\/\/www.w3.org\/2000\/svg\" width=\"10px\" height=\"10px\" viewBox=\"0 0 24 24\" version=\"1.2\" baseProfile=\"tiny\"><path d=\"M18.2 9.3l-6.2-6.3-6.2 6.3c-.2.2-.3.4-.3.7s.1.5.3.7c.2.2.4.3.7.3h11c.3 0 .5-.1.7-.3.2-.2.3-.5.3-.7s-.1-.5-.3-.7zM5.8 14.7l6.2 6.3 6.2-6.3c.2-.2.3-.5.3-.7s-.1-.5-.3-.7c-.2-.2-.4-.3-.7-.3h-11c-.3 0-.5.1-.7.3-.2.2-.3.5-.3.7s.1.5.3.7z\"\/><\/svg><\/span><\/span><\/span><\/a><\/span><\/div>\n<nav><ul class='ez-toc-list ez-toc-list-level-1 ' ><li class='ez-toc-page-1'><a class=\"ez-toc-link ez-toc-heading-1\" href=\"https:\/\/www.rotaseguros.com.br\/planosdesaude\/saiba-como-sera-o-reajuste-dos-planos-de-saude-em-2021\/#Reajuste_pesou_no_bolso_Voce_pode_trocar_de_plano\" >Reajuste pesou no bolso? Voc\u00ea pode trocar de plano.<\/a><\/li><li class='ez-toc-page-1'><a class=\"ez-toc-link ez-toc-heading-2\" href=\"https:\/\/www.rotaseguros.com.br\/planosdesaude\/saiba-como-sera-o-reajuste-dos-planos-de-saude-em-2021\/#Como_solicitar_reducao_de_carencia_e_portabilidade\" >Como solicitar redu\u00e7\u00e3o de car\u00eancia e portabilidade<\/a><\/li><\/ul><\/nav><\/div>\n\n<p style=\"text-align: justify;\" align=\"justify\"><span style=\"color: #666666; font-size: 14px;\"><span style=\"font-family: Open Sans, Arial, sans-serif;\">Segundo a ANS, os planos coletivos por ades\u00e3o e empresariais at\u00e9 29 vidas poder\u00e3o chegar a superar 30% de aumento. <strong>O reajuste relativo \u00e0 2020 ser\u00e3o divididos inicialmente em 12 parcelas<\/strong>. O parcelamento pode ser maior ou menor, dependendo da negocia\u00e7\u00e3o entre usu\u00e1rios e operadoras. Vale ressaltar que os valores das parcelas dever\u00e3o ser informados de maneira clara no boleto, separando o que se refere a mensalidade e o que diz respeito ao reajuste. <\/span><\/span><\/p>\n<p style=\"text-align: justify;\" align=\"justify\"><span style=\"color: #666666; font-size: 14px;\"><span style=\"font-family: Open Sans, Arial, sans-serif;\">Outro ponto importante que destacamos \u00e9 como o reajuste dos planos individuais, familiares, coletivos por ades\u00e3o e empresariais acontece. No planos individuais e familiares, o \u00edndice \u00e9 definido pela ANS e n\u00e3o pela operadora. Em nota, a ANS definiu que o <a href=\"http:\/\/www.ans.gov.br\/aans\/noticias-ans\/consumidor\/6034-ans-define-que-recomposicao-do-reajuste-suspenso-em-2020-sera-parcelada-em-12-meses\" target=\"_blank\" rel=\"noopener\">percentual m\u00e1ximo de reajuste dos planos individuais ou familiares<\/a> ficou estabelecido em 8,14%. J\u00e1 nos planos empresariais e coletivos por ades\u00e3o, que s\u00e3o contratados via administradoras de benef\u00edcios Qualicorp, AllCare, Affix, Benevix e outras, o \u00edndice \u00e9 calculado com base no IGPM, reajuste de honor\u00e1rios m\u00e9dicos e pelo \u00edndice de utiliza\u00e7\u00e3o da carteira de clientes (sinistralidade). <\/span><\/span><\/p>\n<p style=\"text-align: justify;\" align=\"justify\"><span style=\"color: #666666; font-size: 14px;\"><span style=\"font-family: Open Sans, Arial, sans-serif;\"><strong>Mas na pr\u00e1tica, como ser\u00e1 esse reajuste referente a 2020?<\/strong> Abaixo, criamos um exemplo para te explicar melhor como a cobran\u00e7a retroativa ser\u00e1 realizada:<\/span><\/span><\/p>\n<table style=\"border-collapse: collapse; width: 100%;\" border=\"1\">\n<tbody>\n<tr style=\"height: 23px;\">\n<td style=\"width: 59.5943%; text-align: center; height: 23px;\"><span style=\"background-color: #ffffff;\"><strong><span style=\"font-size: 16px; background-color: #ffffff;\">OPERADORES COMPARATIVOS\u00a0<\/span><\/strong><\/span><\/td>\n<td style=\"width: 41.7052%; text-align: center; height: 23px;\"><span style=\"background-color: #ffffff;\"><strong><span style=\"font-size: 16px; background-color: #ffffff;\">VALOR A PAGAR<\/span><\/strong><\/span><\/td>\n<\/tr>\n<tr style=\"height: 23px;\">\n<td style=\"width: 59.5943%; height: 23px;\">Valor do contrato antes do reajuste de 2020<\/td>\n<td style=\"width: 41.7052%; text-align: right; height: 23px;\">R$1000,00<\/td>\n<\/tr>\n<tr style=\"height: 23px;\">\n<td style=\"width: 59.5943%; height: 23px;\">Exemplo de reajuste aplicado em 2020<\/td>\n<td style=\"width: 41.7052%; text-align: right; height: 23px;\">10%<\/td>\n<\/tr>\n<tr style=\"height: 23px;\">\n<td style=\"width: 59.5943%; height: 23px;\">Valor do contrato atualizado<\/td>\n<td style=\"width: 41.7052%; text-align: right; height: 23px;\">R$1100,00<\/td>\n<\/tr>\n<tr style=\"height: 46px;\">\n<td style=\"width: 59.5943%; height: 46px;\">D\u00e9bito do reajuste aplicado em 2020\u00a0<\/td>\n<td style=\"width: 41.7052%; text-align: right; height: 46px;\">R$400,00 dividido em 12x = R$33,33 mensais<\/td>\n<\/tr>\n<tr style=\"height: 23px;\">\n<td style=\"width: 59.5943%; height: 23px;\">Pagamento a ser realizado entre janeiro a agosto de 2021<\/td>\n<td style=\"width: 41.7052%; text-align: right; height: 23px;\">R$1133,33 mensais<\/td>\n<\/tr>\n<tr style=\"height: 46px;\">\n<td style=\"width: 59.5943%; height: 46px;\">Pagamento a ser realizado entre setembro e dezembro de 2021<\/td>\n<td style=\"width: 41.7052%; text-align: right; height: 46px;\">R$1133,33 + o reajuste de 2021<\/td>\n<\/tr>\n<tr style=\"height: 23px;\">\n<td style=\"width: 59.5943%; height: 23px;\">Pagamento a ser realizado a partir de janeiro de 2022<\/td>\n<td style=\"width: 41.7052%; text-align: right; height: 23px;\">\u00a0R$1100,00 + o reajuste de 2021<\/td>\n<\/tr>\n<\/tbody>\n<\/table>\n<p align=\"justify\">\u00a0<\/p>\n<p align=\"justify\"><em><span><span>Suponhamos que o seu plano custe R$1000,00 e a ANS ou operadora definiram que ele ter\u00e1 10% de reajuste, contando a partir de setembro de 2020. Neste caso, o valor do seu plano referente \u00e0 2020 passar\u00e1 a custar R$1100,00 reais por m\u00eas. Se o reajuste foi definido a partir de setembro, significa que seu faturamento contar\u00e1 de setembro a dezembro de 2020, ou seja, quatro meses de reajuste, que totalizar\u00e1 R$400,00 reais no ano. Dessa forma, os R$400 reais referentes ao reajuste anual de 2020, ser\u00e3o cobrados em 12 parcelas durante 2021. Voc\u00ea ter\u00e1 um novo reajuste em setembro de 2021, que se refere a corre\u00e7\u00e3o do plano de sa\u00fade para o ano atual. Assim, de janeiro a agosto voc\u00ea pagar\u00e1 um valor corrigido de 2020 + as parcelas do reajuste do ano passado. E a partir de setembro de 2021, pagar\u00e1 o valor corrigido de 2020 + as parcelas do reajuste de 2020 + o reajuste de 2021. A partir de janeiro de 2021, voc\u00ea pagar\u00e1 apenas a mensalidade referente ao reajuste de 2021.\u00a0<\/span><\/span><\/em><\/p>\n<p style=\"text-align: justify;\" align=\"justify\">Para o reajuste de 2021, os especialistas em direito m\u00e9dico acreditam que o \u00edndice deve ser menor, uma vez que devido a pandemia a utiliza\u00e7\u00e3o dos planos de sa\u00fade foi bastante reduzida. <strong>Lembrando que o reajuste de 2021 ser\u00e1 realizado na data base do seu contrato<\/strong>, deve acontecer em setembro levando em considera\u00e7\u00e3o ao exemplo citado acima, e ser\u00e1 acumulado ao valor do parcelamento referente \u00e0 2020.<\/p>\n<p align=\"justify\">\u00a0<\/p>\n<h3 class=\"western\" style=\"text-align: justify;\" align=\"justify\"><span class=\"ez-toc-section\" id=\"Reajuste_pesou_no_bolso_Voce_pode_trocar_de_plano\"><\/span><span style=\"font-family: Open Sans, Arial, sans-serif;\"><span style=\"font-size: x-large;\"><b><span style=\"color: #333333;\">Reajuste pesou no bolso? Voc\u00ea pode trocar de plano.<\/span><\/b><\/span><\/span><span class=\"ez-toc-section-end\"><\/span><\/h3>\n<p style=\"text-align: justify;\" align=\"justify\"><span style=\"color: #666666; font-size: 14px;\"><span style=\"font-family: Open Sans, Arial, sans-serif;\">Se o reajuste do seu plano de sa\u00fade n\u00e3o se encaixa com a sua realidade econ\u00f4mica, voc\u00ea pode realizar a migra\u00e7\u00e3o com aproveitamento de car\u00eancias ou at\u00e9 mesmo portabilidade, sem precisar cumprir car\u00eancia (tempo m\u00ednimo) no plano novo.<\/span><\/span><\/p>\n<p style=\"text-align: justify;\" align=\"justify\"><span style=\"color: #666666; font-size: 14px;\"><span style=\"font-family: Open Sans, Arial, sans-serif;\">Veja abaixo como funcionam as regras para portabilidade:<\/span><\/span><\/p>\n<ul style=\"text-align: justify;\" type=\"disc\">\n<li>\n<p align=\"justify\"><span style=\"color: #666666; font-size: 14px;\"><span style=\"font-family: Open Sans, Arial, sans-serif;\">Seja voc\u00ea um cliente de um plano coletivo por ades\u00e3o ou de um plano individual, voc\u00ea poder\u00e1 migrar de plano desde que tenha a mesma faixa de pre\u00e7o e respeite o prazo m\u00ednimo de perman\u00eancia;<\/span><\/span><\/p>\n<\/li>\n<li>\n<p align=\"justify\"><span style=\"color: #666666; font-size: 14px;\"><span style=\"font-family: Open Sans, Arial, sans-serif;\">\u00c9 necess\u00e1rio tamb\u00e9m ficar no m\u00ednimo dois anos no plano de origem para pedir a primeira portabilidade e no m\u00ednimo um ano para fazer novas portabilidades;<\/span><\/span><\/p>\n<\/li>\n<li>\n<p align=\"justify\"><span style=\"color: #666666; font-size: 14px;\"><span style=\"font-family: Open Sans, Arial, sans-serif;\">Se o benefici\u00e1rio tiver cumprido cobertura parcial tempor\u00e1ria, o prazo m\u00ednimo para a primeira portabilidade ser\u00e1 de 3 anos;<\/span><\/span><\/p>\n<\/li>\n<li>\n<p align=\"justify\"><span style=\"color: #666666; font-size: 14px;\"><span style=\"font-family: Open Sans, Arial, sans-serif;\">Se ele mudar para um plano com coberturas n\u00e3o previstas no plano de origem, o prazo m\u00ednimo ser\u00e1 de 2 anos.<\/span><\/span><\/p>\n<\/li>\n<\/ul>\n<p style=\"text-align: justify;\"><span style=\"color: #666666; font-size: 14px;\"><span style=\"font-family: Open Sans, Arial, sans-serif;\">J\u00e1 a redu\u00e7\u00e3o ou aproveitamento de car\u00eancia ocorre quando uma operadora considera o tempo de perman\u00eancia do benefici\u00e1rio no plano de sa\u00fade anterior. Geralmente, para que essa redu\u00e7\u00e3o ocorra, o seu plano de origem precisa estar na lista de cong\u00eaneres (lista de planos compat\u00edveis) do futuro plano de sa\u00fade. Outro detalhe importante \u00e9 que voc\u00ea precisa estar com o plano ativo para que o aproveitamento de car\u00eancia ocorra.<\/span><\/span><\/p>\n<p><span style=\"color: #666666;\">\u00a0<\/span><\/p>\n<h3 class=\"western\" align=\"justify\"><span class=\"ez-toc-section\" id=\"Como_solicitar_reducao_de_carencia_e_portabilidade\"><\/span><span style=\"color: #333333;\"><span style=\"font-family: Open Sans, Arial, sans-serif;\"><span style=\"font-size: x-large;\"><b><strong>Como solicitar redu\u00e7\u00e3o de car\u00eancia e portabilidade<\/strong><\/b><\/span><\/span><\/span><span class=\"ez-toc-section-end\"><\/span><\/h3>\n<ol>\n<li style=\"text-align: justify;\"><span style=\"font-size: 14px;\"><span style=\"color: #666666;\"><span style=\"font-family: Open Sans, Arial, sans-serif;\"><strong>Redu\u00e7\u00e3o ou aproveitamento da car\u00eancia<\/strong><br \/>\n<\/span><\/span><span style=\"color: #666666;\"><span style=\"font-family: Open Sans, Arial, sans-serif;\"><br \/>\nPara solicitar a redu\u00e7\u00e3o ou aproveitamento de car\u00eancia, voc\u00ea precisar\u00e1 do aux\u00edlio de uma corretora especializada. Durante a cota\u00e7\u00e3o, informe que tipo de plano de sa\u00fade voc\u00ea, que o corretor respons\u00e1vel <\/span><\/span><span style=\"color: #666666;\"><span style=\"font-family: Open Sans, Arial, sans-serif;\">apresentar\u00e1<\/span><\/span><span style=\"color: #666666;\"><span style=\"font-family: Open Sans, Arial, sans-serif;\"> as op\u00e7\u00f5es de produtos que aproveita a car\u00eancia do seu plano atual. Cada operadora possui uma regra para que esse aproveitamento ou redu\u00e7\u00e3o de car\u00eancia ocorra. Vale ressaltar que esse tipo de migra\u00e7\u00e3o n\u00e3o \u00e9 norma obrigat\u00f3ria da ANS, mas sim uma estrat\u00e9gia das operadoras.<\/p>\n<p><\/span><\/span><\/span><\/li>\n<li style=\"text-align: justify;\"><span style=\"font-size: 14px;\"><strong>Portabilidade<\/strong><\/span>\n<p><span style=\"color: #666666; font-size: 14px;\"><span style=\"font-family: Open Sans, Arial, sans-serif;\">Caso voc\u00ea cumpra todos os requisitos citados anteriormente, escolha um plano compat\u00edvel com o seu. Feito isso, entre em contato com o nosso setor comercial e solicite uma proposta. Ap\u00f3s esse processo, voc\u00ea precisar\u00e1 de uma carta de perman\u00eancia para que comprove que seu plano atual tem, pelo menos, dois anos. Al\u00e9m dessa carta, voc\u00ea precisar\u00e1 dos \u00faltimos tr\u00eas boletos, que comprove que voc\u00ea est\u00e1 em dia com o plano. Ap\u00f3s a assinatura da proposta, a operadora tem 20 dias para emitir um parecer sobre a aprova\u00e7\u00e3o da portabilidade. Se n\u00e3o receber resposta, significa que a proposta foi aprovada. Mas fique atento: n\u00e3o cancele seu plano de sa\u00fade atual antes da devolutiva da operadora, isto evitar\u00e1 que voc\u00ea fique sem cobertura no caso de recusa da portabilidade.<\/span><\/span><\/p>\n<\/li>\n<\/ol>\n<p style=\"text-align: justify;\"><span style=\"font-size: 14px;\"><span style=\"color: #666666;\"><span style=\"font-family: Open Sans, Arial, sans-serif;\">Para saber tudo sobre o processo de portabilidade, consulte o nosso artigo\u00a0<\/span><\/span><span style=\"color: #2ea3f2;\"><span style=\"font-family: Open Sans, Arial, sans-serif;\"><a href=\"https:\/\/www.rotaseguros.com.br\/planosdesaude\/portabilidade-de-planos-de-saude-tudo-que-voce-precisa-saber\/\" target=\"_blank\" rel=\"noopener\">\u201cPortabilidade de planos de sa\u00fade: tudo que voc\u00ea precisa saber\u201d<\/a><\/span><\/span><span style=\"color: #666666;\"><span style=\"font-family: Open Sans, Arial, sans-serif;\">. <\/span><\/span><\/span><\/p>\n<p style=\"text-align: justify;\"><span style=\"color: #666666; font-size: 14px;\"><span style=\"font-family: Open Sans, Arial, sans-serif;\">Ficou alguma d\u00favida referente ao reajuste anual de 2020 e 2021 dos planos de sa\u00fade? Deixe um coment\u00e1rio abaixo, que tentaremos responder todas as quest\u00f5es o mais breve poss\u00edvel.\u00a0<\/span><\/span><\/p>\n<hr \/>\n<p class=\"western\" align=\"justify\"><em><i><b>Precisando contratar um plano de sa\u00fade e\/ou odontol\u00f3gico? Na Rota Seguros, voc\u00ea encontra profissionais preparados e comprometidos com a excel\u00eancia no atendimento. Entre em contato conosco e pe\u00e7a uma cota\u00e7\u00e3o personalizada!<\/b><\/i><\/em><\/p>\n<ul>\n<li>\n<p class=\"western\"><b>Grande BH \u2013\u00a0<\/b><strong><a href=\"tel:3132798000\"><b>(31) 3279-8000<\/b><\/a><\/strong><\/p>\n<\/li>\n<li>\n<p class=\"western\"><b>Montes Claros \u2013\u00a0<\/b><strong><a href=\"tel:3832168249\"><b>(38) 3216-8249<\/b><\/a><\/strong><\/p>\n<\/li>\n<li>\n<p class=\"western\"><b>Patos de Minas, Uberaba e Uberl\u00e2ndia \u2013\u00a0<\/b><strong><a href=\"tel:08009400809\"><b>0800 940 0809<\/b><\/a><\/strong><\/p>\n<\/li>\n<li>\n<p class=\"western\"><b>Pouso Alegre, Itajub\u00e1 (Sul de Minas) \u2013\u00a0<\/b><strong><a href=\"tel:3530128201\"><b>(35) 3012-8201<\/b><\/a><\/strong><\/p>\n<\/li>\n<li>\n<p class=\"western\"><b>Vit\u00f3ria\/ES \u2013\u00a0<\/b><strong><a href=\"tel:2722333020\"><b>(27) 2233-302<\/b><\/a><\/strong><\/p>\n<\/li>\n<li>\n<p class=\"western\"><b>Demais Regi\u00f5es \u2013\u00a0<\/b><strong><a href=\"tel:08000242424\"><b>0800 024 2424<\/b><\/a><\/strong><\/p>\n<\/li>\n<\/ul>\n","protected":false},"excerpt":{"rendered":"<p><span class=\"span-reading-time rt-reading-time\" style=\"display: block;\"><span class=\"rt-label rt-prefix\">Reading Time: <\/span> <span class=\"rt-time\"> 4<\/span> <span class=\"rt-label rt-postfix\">minutes<\/span><\/span>Em comunicado emitido anteriormente pela Ag\u00eancia Nacional de Sa\u00fade (ANS), o reajuste dos planos de sa\u00fade referente ao ano de 2020 foi adiado para 2021. A partir do m\u00eas de &#8230;<\/p>\n","protected":false},"author":2,"featured_media":11950,"comment_status":"open","ping_status":"open","sticky":false,"template":"","format":"standard","meta":{"_monsterinsights_skip_tracking":false,"_monsterinsights_sitenote_active":false,"_monsterinsights_sitenote_note":"","_monsterinsights_sitenote_category":0,"footnotes":"","_links_to":"","_links_to_target":""},"categories":[12,13],"tags":[],"class_list":["post-11949","post","type-post","status-publish","format-standard","has-post-thumbnail","hentry","category-noticias","category-noticias-ans"],"_links":{"self":[{"href":"https:\/\/www.rotaseguros.com.br\/planosdesaude\/wp-json\/wp\/v2\/posts\/11949","targetHints":{"allow":["GET"]}}],"collection":[{"href":"https:\/\/www.rotaseguros.com.br\/planosdesaude\/wp-json\/wp\/v2\/posts"}],"about":[{"href":"https:\/\/www.rotaseguros.com.br\/planosdesaude\/wp-json\/wp\/v2\/types\/post"}],"author":[{"embeddable":true,"href":"https:\/\/www.rotaseguros.com.br\/planosdesaude\/wp-json\/wp\/v2\/users\/2"}],"replies":[{"embeddable":true,"href":"https:\/\/www.rotaseguros.com.br\/planosdesaude\/wp-json\/wp\/v2\/comments?post=11949"}],"version-history":[{"count":0,"href":"https:\/\/www.rotaseguros.com.br\/planosdesaude\/wp-json\/wp\/v2\/posts\/11949\/revisions"}],"wp:featuredmedia":[{"embeddable":true,"href":"https:\/\/www.rotaseguros.com.br\/planosdesaude\/wp-json\/wp\/v2\/media\/11950"}],"wp:attachment":[{"href":"https:\/\/www.rotaseguros.com.br\/planosdesaude\/wp-json\/wp\/v2\/media?parent=11949"}],"wp:term":[{"taxonomy":"category","embeddable":true,"href":"https:\/\/www.rotaseguros.com.br\/planosdesaude\/wp-json\/wp\/v2\/categories?post=11949"},{"taxonomy":"post_tag","embeddable":true,"href":"https:\/\/www.rotaseguros.com.br\/planosdesaude\/wp-json\/wp\/v2\/tags?post=11949"}],"curies":[{"name":"wp","href":"https:\/\/api.w.org\/{rel}","templated":true}]}}