{"id":12395,"date":"2021-09-28T20:28:22","date_gmt":"2021-09-28T22:28:22","guid":{"rendered":"https:\/\/www.rotaseguros.com.br\/planosdesaude\/?p=12395"},"modified":"2021-09-28T20:29:17","modified_gmt":"2021-09-28T22:29:17","slug":"venda-obrigatoria-de-planos-de-saude-individuais-e-aprovada","status":"publish","type":"post","link":"https:\/\/www.rotaseguros.com.br\/planosdesaude\/venda-obrigatoria-de-planos-de-saude-individuais-e-aprovada\/","title":{"rendered":"Venda obrigat\u00f3ria de planos de sa\u00fade individuais \u00e9 aprovada"},"content":{"rendered":"<span class=\"span-reading-time rt-reading-time\" style=\"display: block;\"><span class=\"rt-label rt-prefix\">Reading Time: <\/span> <span class=\"rt-time\"> &lt; 1<\/span> <span class=\"rt-label rt-postfix\">minute<\/span><\/span><p>No dia 21\/09, a Comiss\u00e3o de Transpar\u00eancia, Governan\u00e7a, Fiscaliza\u00e7\u00e3o e Controle e Defesa do Consumidor (CTFC) aprovou o Projeto de Lei do Senado (PLS)<a class=\"external-link\" title=\"\" href=\"https:\/\/www25.senado.leg.br\/web\/atividade\/materias\/-\/materia\/129225\" target=\"_self\" rel=\"noopener\"> 153\/2017<\/a>, do senador Reguffe (Podemos-DF), que obriga as operadoras a comercializarem planos de sa\u00fade individual ou familiar.<\/p>\n<p>A proposta altera a <a class=\"external-link\" title=\"\" href=\"http:\/\/www.planalto.gov.br\/ccivil_03\/leis\/l9656.htm\" target=\"_self\" rel=\"noopener\">Lei\u00a09.656, de 1998<\/a>, que regula a oferta de planos e seguros privados de assist\u00eancia \u00e0 sa\u00fade, e recebeu voto favor\u00e1vel, com duas emendas, do relator, o senador Styvenson Valentim (Podemos-RN). <strong>O texto segue agora para a Comiss\u00e3o de Assuntos Sociais (CAS).<\/strong><\/p>\n<p>&nbsp;<\/p>\n<h3 style=\"text-align: center;\"><strong>Emendas<\/strong><\/h3>\n<p>&nbsp;<\/p>\n<p>As emendas apresentadas por Styvenson fazem quatro mudan\u00e7as no projeto:<\/p>\n<ul>\n<li>Deixam expressa a exig\u00eancia de comercializa\u00e7\u00e3o de plano de sa\u00fade privado do tipo individual ou familiar;<\/li>\n<li>Permitem o cancelamento do registro da operadora que se recusar a vender planos individuais ou familiares;<\/li>\n<li>Determinam \u00e0s empresas a comprova\u00e7\u00e3o da oferta dessas op\u00e7\u00f5es de planos ao consumidor no ato de contrata\u00e7\u00e3o do servi\u00e7o;<\/li>\n<li>Exclui as operadoras de autogest\u00e3o da exig\u00eancia dessa oferta de modalidades individual ou familiar.<\/li>\n<\/ul>\n<p>&nbsp;<\/p>\n<p>As operadoras de autogest\u00e3o s\u00e3o empresas que administram planos de sa\u00fade destinados, exclusivamente, a empregados ativos, aposentados, pensionistas ou ex-empregados, de uma ou mais empresas ou ainda a participantes e dependentes de associa\u00e7\u00f5es de pessoas f\u00edsicas ou jur\u00eddicas, funda\u00e7\u00f5es, sindicatos, entidades de classe profissionais ou similares.\u00a0<\/p>\n<p><span style=\"font-size: 12px;\">Fonte: Ag\u00eancia Senado<\/span><\/p>\n<hr \/>\n<p class=\"western\" align=\"justify\"><em><i><b><br \/>\nPrecisando contratar um plano de sa\u00fade? Na Rota Seguros, voc\u00ea encontra profissionais preparados e comprometidos com a excel\u00eancia no atendimento. Entre em contato conosco e pe\u00e7a uma cota\u00e7\u00e3o personalizada!<\/b><\/i><\/em><\/p>\n<ul>\n<li class=\"western\"><b>Grande BH \u2013\u00a0<\/b><strong><a href=\"tel:3132798000\"><b>(31) 3279-8000<\/b><\/a><\/strong><\/li>\n<li class=\"western\"><strong>Centro-Oeste<\/strong>\u00a0\u2013\u00a0<a href=\"tel:3735113030\"><strong>(37) 3511-3030<\/strong><\/a><b><\/b><\/li>\n<li class=\"western\"><b>Montes Claros \u2013\u00a0<\/b><strong><a href=\"tel:3832168249\"><b>(38) 3216-8249<\/b><\/a><\/strong><b><\/b><\/li>\n<li class=\"western\"><b>Patos de Minas, Uberaba e Uberl\u00e2ndia \u2013\u00a0<\/b><strong><a href=\"tel:08009400809\"><b>0800 940 0809<\/b><\/a><\/strong><\/li>\n<li class=\"western\"><strong>Po\u00e7os de Caldas<\/strong>\u00a0\u2013\u00a0<strong><a href=\"tel:3537132531\" target=\"_blank\" rel=\"noopener\">(35) 3713-2531<\/a><\/strong><b><\/b><\/li>\n<li class=\"western\"><b>Pouso Alegre \u2013<a href=\"tel:353646-3334\">\u00a0(35) 3646-3334<\/a><\/b><b><\/b><\/li>\n<li class=\"western\"><b>Vit\u00f3ria\/ES \u2013\u00a0<\/b><strong><a href=\"tel:2722333020\"><b>(27) 2233-302<\/b><\/a><\/strong><b><\/b><\/li>\n<li class=\"western\"><b>Demais Regi\u00f5es \u2013\u00a0<\/b><strong><a href=\"tel:08000242424\"><b>0800 024 2424<\/b><\/a><\/strong><\/li>\n<\/ul>\n","protected":false},"excerpt":{"rendered":"<p><span class=\"span-reading-time rt-reading-time\" style=\"display: block;\"><span class=\"rt-label rt-prefix\">Reading Time: <\/span> <span class=\"rt-time\"> &lt; 1<\/span> <span class=\"rt-label rt-postfix\">minute<\/span><\/span>No dia 21\/09, a Comiss\u00e3o de Transpar\u00eancia, Governan\u00e7a, Fiscaliza\u00e7\u00e3o e Controle e Defesa do Consumidor (CTFC) aprovou o Projeto de Lei do Senado (PLS) 153\/2017, do senador Reguffe (Podemos-DF), que &#8230;<\/p>\n","protected":false},"author":2,"featured_media":12342,"comment_status":"open","ping_status":"open","sticky":false,"template":"","format":"standard","meta":{"_monsterinsights_skip_tracking":false,"_monsterinsights_sitenote_active":false,"_monsterinsights_sitenote_note":"","_monsterinsights_sitenote_category":0,"footnotes":"","_links_to":"","_links_to_target":""},"categories":[12,27,17],"tags":[936,934,394,935],"class_list":["post-12395","post","type-post","status-publish","format-standard","has-post-thumbnail","hentry","category-noticias","category-plano-de-saude","category-regulamentacao","tag-lei-do-senado-plano-de-saude","tag-plano-de-saude-familiar","tag-plano-de-saude-individual","tag-venda-obrigatoria-de-plano-individual"],"_links":{"self":[{"href":"https:\/\/www.rotaseguros.com.br\/planosdesaude\/wp-json\/wp\/v2\/posts\/12395","targetHints":{"allow":["GET"]}}],"collection":[{"href":"https:\/\/www.rotaseguros.com.br\/planosdesaude\/wp-json\/wp\/v2\/posts"}],"about":[{"href":"https:\/\/www.rotaseguros.com.br\/planosdesaude\/wp-json\/wp\/v2\/types\/post"}],"author":[{"embeddable":true,"href":"https:\/\/www.rotaseguros.com.br\/planosdesaude\/wp-json\/wp\/v2\/users\/2"}],"replies":[{"embeddable":true,"href":"https:\/\/www.rotaseguros.com.br\/planosdesaude\/wp-json\/wp\/v2\/comments?post=12395"}],"version-history":[{"count":0,"href":"https:\/\/www.rotaseguros.com.br\/planosdesaude\/wp-json\/wp\/v2\/posts\/12395\/revisions"}],"wp:featuredmedia":[{"embeddable":true,"href":"https:\/\/www.rotaseguros.com.br\/planosdesaude\/wp-json\/wp\/v2\/media\/12342"}],"wp:attachment":[{"href":"https:\/\/www.rotaseguros.com.br\/planosdesaude\/wp-json\/wp\/v2\/media?parent=12395"}],"wp:term":[{"taxonomy":"category","embeddable":true,"href":"https:\/\/www.rotaseguros.com.br\/planosdesaude\/wp-json\/wp\/v2\/categories?post=12395"},{"taxonomy":"post_tag","embeddable":true,"href":"https:\/\/www.rotaseguros.com.br\/planosdesaude\/wp-json\/wp\/v2\/tags?post=12395"}],"curies":[{"name":"wp","href":"https:\/\/api.w.org\/{rel}","templated":true}]}}