{"id":12594,"date":"2022-01-27T14:11:49","date_gmt":"2022-01-27T16:11:49","guid":{"rendered":"https:\/\/www.rotaseguros.com.br\/planosdesaude\/?p=12594"},"modified":"2022-01-27T14:23:31","modified_gmt":"2022-01-27T16:23:31","slug":"teste-rapido-de-covid-tem-cobertura-obrigatoria-pelos-planos-de-saude","status":"publish","type":"post","link":"https:\/\/www.rotaseguros.com.br\/planosdesaude\/teste-rapido-de-covid-tem-cobertura-obrigatoria-pelos-planos-de-saude\/","title":{"rendered":"Teste r\u00e1pido de Covid tem cobertura obrigat\u00f3ria pelos planos de sa\u00fade"},"content":{"rendered":"<span class=\"span-reading-time rt-reading-time\" style=\"display: block;\"><span class=\"rt-label rt-prefix\">Reading Time: <\/span> <span class=\"rt-time\"> 3<\/span> <span class=\"rt-label rt-postfix\">minutes<\/span><\/span><h1><span class=\"ez-toc-section\" id=\"i\"><\/span>\u00a0<span class=\"ez-toc-section-end\"><\/span><\/h1>\n<p><span style=\"font-weight: 400;\">Os casos recentes de cont\u00e1gio pela Covid-19 fez com o que os n\u00fameros de cont\u00e1gio no Brasil chegassem a mais de 200 mil pessoas infectadas. Para amenizar a onda acelerada de contamina\u00e7\u00e3o, o <\/span><b>teste r\u00e1pido de Covid<\/b><span style=\"font-weight: 400;\"> tem papel fundamental a fim de conter a disparada do cont\u00e1gio da nova variante.<\/span><\/p><div id=\"ez-toc-container\" class=\"ez-toc-v2_0_82_2 counter-flat ez-toc-counter ez-toc-grey ez-toc-container-direction\">\n<div class=\"ez-toc-title-container\">\n<p class=\"ez-toc-title\" style=\"cursor:inherit\">Aqui voc\u00ea encontra:<\/p>\n<span class=\"ez-toc-title-toggle\"><a href=\"#\" class=\"ez-toc-pull-right ez-toc-btn ez-toc-btn-xs ez-toc-btn-default ez-toc-toggle\" aria-label=\"Alternar tabela de conte\u00fado\"><span class=\"ez-toc-js-icon-con\"><span class=\"\"><span class=\"eztoc-hide\" style=\"display:none;\">Toggle<\/span><span class=\"ez-toc-icon-toggle-span\"><svg style=\"fill: #999;color:#999\" xmlns=\"http:\/\/www.w3.org\/2000\/svg\" class=\"list-377408\" width=\"20px\" height=\"20px\" viewBox=\"0 0 24 24\" fill=\"none\"><path d=\"M6 6H4v2h2V6zm14 0H8v2h12V6zM4 11h2v2H4v-2zm16 0H8v2h12v-2zM4 16h2v2H4v-2zm16 0H8v2h12v-2z\" fill=\"currentColor\"><\/path><\/svg><svg style=\"fill: #999;color:#999\" class=\"arrow-unsorted-368013\" xmlns=\"http:\/\/www.w3.org\/2000\/svg\" width=\"10px\" height=\"10px\" viewBox=\"0 0 24 24\" version=\"1.2\" baseProfile=\"tiny\"><path d=\"M18.2 9.3l-6.2-6.3-6.2 6.3c-.2.2-.3.4-.3.7s.1.5.3.7c.2.2.4.3.7.3h11c.3 0 .5-.1.7-.3.2-.2.3-.5.3-.7s-.1-.5-.3-.7zM5.8 14.7l6.2 6.3 6.2-6.3c.2-.2.3-.5.3-.7s-.1-.5-.3-.7c-.2-.2-.4-.3-.7-.3h-11c-.3 0-.5.1-.7.3-.2.2-.3.5-.3.7s.1.5.3.7z\"\/><\/svg><\/span><\/span><\/span><\/a><\/span><\/div>\n<nav><ul class='ez-toc-list ez-toc-list-level-1 ' ><li class='ez-toc-page-1'><a class=\"ez-toc-link ez-toc-heading-1\" href=\"https:\/\/www.rotaseguros.com.br\/planosdesaude\/teste-rapido-de-covid-tem-cobertura-obrigatoria-pelos-planos-de-saude\/#i\" >\u00a0<\/a><\/li><li class='ez-toc-page-1'><a class=\"ez-toc-link ez-toc-heading-2\" href=\"https:\/\/www.rotaseguros.com.br\/planosdesaude\/teste-rapido-de-covid-tem-cobertura-obrigatoria-pelos-planos-de-saude\/#Teste_rapido_de_Covid-19\" >Teste r\u00e1pido de Covid-19\u00a0<\/a><\/li><li class='ez-toc-page-1'><a class=\"ez-toc-link ez-toc-heading-3\" href=\"https:\/\/www.rotaseguros.com.br\/planosdesaude\/teste-rapido-de-covid-tem-cobertura-obrigatoria-pelos-planos-de-saude\/#Protocolo_para_contencao_da_Covid-19\" >Protocolo para conten\u00e7\u00e3o da Covid-19<\/a><\/li><li class='ez-toc-page-1'><a class=\"ez-toc-link ez-toc-heading-4\" href=\"https:\/\/www.rotaseguros.com.br\/planosdesaude\/teste-rapido-de-covid-tem-cobertura-obrigatoria-pelos-planos-de-saude\/#Operadoras_de_plano_de_saude_e_direcionamentos_de_atendimento\" >Operadoras de plano de sa\u00fade e direcionamentos de atendimento<\/a><\/li><\/ul><\/nav><\/div>\n\n<p>&nbsp;<\/p>\n<p><span style=\"font-weight: 400;\">Nesse sentido, a Ag\u00eancia Nacional de Sa\u00fade (ANS) decretou, na \u00faltima semana, que todos os planos de sa\u00fade t\u00eam obrigatoriedade de cobrir a realiza\u00e7\u00e3o do teste r\u00e1pido de Covid. A decis\u00e3o j\u00e1 est\u00e1 ativa e foi publicada no Di\u00e1rio Oficial da Uni\u00e3o no \u00faltimo dia 20 de janeiro (quinta-feira).\u00a0<\/span><\/p>\n<p>&nbsp;<\/p>\n<p><span style=\"font-weight: 400;\">A partir de agora, os conv\u00eanios n\u00e3o podem mais recusar autoriza\u00e7\u00f5es aos usu\u00e1rios de segmenta\u00e7\u00f5es ambulatorial, refer\u00eancia ou hospitalar. Contudo, para isso, \u00e9 imprescind\u00edvel que o paciente tenha em m\u00e3os o pedido m\u00e9dico e que a realiza\u00e7\u00e3o do exame seja feita em locais direcionados pela operadora do plano de sa\u00fade.<\/span><\/p>\n<p>&nbsp;<\/p>\n<h2><span class=\"ez-toc-section\" id=\"Teste_rapido_de_Covid-19\"><\/span><span style=\"font-weight: 400;\">Teste r\u00e1pido de Covid-19\u00a0<\/span><span class=\"ez-toc-section-end\"><\/span><\/h2>\n<p>&nbsp;<\/p>\n<p><span style=\"font-weight: 400;\">Portanto, pacientes com S\u00edndrome Gripal ou quem tenha tido contato com pessoas\u00a0 com resultados positivos para a Covid-19 podem solicitar a realiza\u00e7\u00e3o do <\/span><b>teste r\u00e1pido de Covid-19<\/b><span style=\"font-weight: 400;\">. Para isso, \u00e9 importante que a pessoa esteja entre o 1\u00ba ao 7\u00ba dia do in\u00edcio dos sintomas, j\u00e1 que essa janela \u00e9 fundamental para a detec\u00e7\u00e3o do v\u00edrus.<\/span><\/p>\n<p>&nbsp;<\/p>\n<p><span style=\"font-weight: 400;\">A resolu\u00e7\u00e3o da ANS tem base cient\u00edfica e segue os direcionamentos m\u00e9dicos que mostram o qu\u00e3o r\u00e1pida \u00e9 a contamina\u00e7\u00e3o da variante \u00d4micron. Para se ter ideia, a velocidade de cont\u00e1gio apresenta recordes e surpreende pela agilidade de infec\u00e7\u00e3o<\/span><\/p>\n<p>&nbsp;<\/p>\n<p><span style=\"font-weight: 400;\">S\u00f3 para ilustrar, 100 pessoas com \u00d4micron espalham o v\u00edrus para cerca de 179 pessoas. Esses dados foram levantados pela Universidade de S\u00e3o Paulo (USP) e exemplificam o crescimento dos resultados positivos depois da chegada recente da variante no Brasil.\u00a0<\/span><\/p>\n<p>&nbsp;<\/p>\n<p><span style=\"font-weight: 400;\">Contudo, a velocidade de contamina\u00e7\u00e3o j\u00e1 havia sido alertada pela Organiza\u00e7\u00e3o Mundial da Sa\u00fade (OMS). Em novembro do ano passado, a entidade publicou nota oficial sobre a facilidade de cont\u00e1gio da \u00d4micron e dos perigos de dissemina\u00e7\u00e3o de uma nova onda da pandemia.<\/span><\/p>\n<p>&nbsp;<\/p>\n<h3><span class=\"ez-toc-section\" id=\"Protocolo_para_contencao_da_Covid-19\"><\/span><span style=\"font-weight: 400;\">Protocolo para conten\u00e7\u00e3o da Covid-19<\/span><span class=\"ez-toc-section-end\"><\/span><\/h3>\n<p>&nbsp;<\/p>\n<p><span style=\"font-weight: 400;\">No Brasil, isso se comprovou rapidamente e a ANS agiu. Desse modo, a obrigatoriedade de cobertura de teste r\u00e1pido de Covid tem como fundamento ajudar a frear a dissemina\u00e7\u00e3o da variante. J\u00e1 que com o resultado, as pessoas positivadas s\u00e3o direcionadas a cumprirem o isolamento e, assim, a propaga\u00e7\u00e3o do v\u00edrus \u00e9 freada.<\/span><\/p>\n<p>&nbsp;<\/p>\n<p><span style=\"font-weight: 400;\">Em nota, o diretor-presidente da ANS, Paulo Rebello, falou sobre a import\u00e2ncia do teste r\u00e1pido para detec\u00e7\u00e3o de ant\u00edgeno. Isso porque, <\/span><span style=\"font-weight: 400;\">os testes r\u00e1pidos s\u00e3o mais acess\u00edveis. Al\u00e9m disso, t\u00eam a rapidez do resultado como benef\u00edcio para o controle no crescimento dos casos de Covid-19.\u00a0<\/span><\/p>\n<p>&nbsp;<\/p>\n<p><span style=\"font-weight: 400;\">\u201cAssim, o teste de ant\u00edgenos pode ampliar a detec\u00e7\u00e3o e acelerar o isolamento, levando a uma redu\u00e7\u00e3o da dissemina\u00e7\u00e3o da doen\u00e7a e, por consequ\u00eancia, a uma diminui\u00e7\u00e3o da sobrecarga dos servi\u00e7os laboratoriais\u201d, explica <\/span><span style=\"font-weight: 400;\">Paulo Rebello.<\/span><\/p>\n<p>&nbsp;<\/p>\n<h3><span class=\"ez-toc-section\" id=\"Operadoras_de_plano_de_saude_e_direcionamentos_de_atendimento\"><\/span><span style=\"font-weight: 400;\">Operadoras de plano de sa\u00fade e direcionamentos de atendimento<\/span><span class=\"ez-toc-section-end\"><\/span><\/h3>\n<p>&nbsp;<\/p>\n<p><span style=\"font-weight: 400;\">A orienta\u00e7\u00e3o da ANS \u00e9 que os usu\u00e1rios busquem informa\u00e7\u00f5es com a operadora do plano de sa\u00fade. Assim, \u00e9 poss\u00edvel conhecer os locais listados para a realiza\u00e7\u00e3o do teste r\u00e1pido para Covid, bem como direcionamentos para poss\u00edveis tratamentos, isolamento e diagn\u00f3sticos.<\/span><\/p>\n<p>&nbsp;<\/p>\n<p><span style=\"font-weight: 400;\">Apesar da cobertura de teste r\u00e1pido de Covid ter sido liberada recentemente, a ANS deixa claro que todos os pacientes t\u00eam cobertura total para o tratamento de Covid-19. D\u00favidas em rela\u00e7\u00e3o aos pontos de atendimento do seu plano de sa\u00fade, basta entrar em contato diretamente com a sua operadora.\u00a0<\/span><\/p>\n<hr \/>\n<p style=\"text-align: center;\"><strong>Ficou com alguma d\u00favida? Entre em contato com o p\u00f3s-vendas Rota Seguros: (31) 3207-1665<\/p>\n<p><\/strong><\/p>\n<p><strong><em>Precisando contratar um plano de sa\u00fade? Na Rota Seguros, voc\u00ea encontra profissionais preparados e comprometidos com a excel\u00eancia no atendimento. Entre em contato conosco e pe\u00e7a uma cota\u00e7\u00e3o de plano de sa\u00fade individual ou empresarial!<\/em><\/strong><\/p>\n<ul>\n<li class=\"western\"><b>Grande BH \u2013\u00a0<\/b><strong><a href=\"tel:3132798000\"><b>(31) 3279-8000<\/b><\/a><\/strong><\/li>\n<li class=\"western\"><strong>Divin\u00f3polis<\/strong>\u00a0\u2013\u00a0<a href=\"tel:3735113030\"><strong>(37) 3511-3030<\/strong><\/a><b><\/b><\/li>\n<li class=\"western\"><b>Montes Claros \u2013\u00a0<\/b><strong><a href=\"tel:3832168249\"><b>(38) 3216-8249<\/b><\/a><\/strong><b><\/b><\/li>\n<li><strong>Nova Serrana \u2013\u00a0<a href=\"tel:3732283131\">(37) 3228-3131<\/a><\/strong><\/li>\n<li class=\"western\"><b>Patos de Minas, Uberaba e Uberl\u00e2ndia \u2013\u00a0<\/b><strong><a href=\"tel:08009400809\"><b>0800 940 0809<\/b><\/a><\/strong><\/li>\n<li class=\"western\"><strong>Po\u00e7os de Caldas<\/strong>\u00a0\u2013\u00a0<strong><a href=\"tel:3537132531\" target=\"_blank\" rel=\"noopener\">(35) 3713-2531<\/a><\/strong><b><\/b><\/li>\n<li class=\"western\"><b>Pouso Alegre \u2013<a href=\"tel:353646-3334\">\u00a0(35) 3646-3334<\/a><\/b><b><\/b><\/li>\n<li class=\"western\"><b>Vit\u00f3ria\/ES \u2013\u00a0<\/b><strong><a href=\"tel:2722333020\"><b>(27) 2233-302<\/b><\/a><\/strong><b><\/b><\/li>\n<li class=\"western\"><b>Demais Regi\u00f5es \u2013\u00a0<\/b><strong><a href=\"tel:08000242424\"><b>0800 024 2424<\/b><\/a><\/strong><\/li>\n<\/ul>\n<p style=\"text-align: center;\"><strong>\u00a0<\/strong><\/p>\n","protected":false},"excerpt":{"rendered":"<p><span class=\"span-reading-time rt-reading-time\" style=\"display: block;\"><span class=\"rt-label rt-prefix\">Reading Time: <\/span> <span class=\"rt-time\"> 3<\/span> <span class=\"rt-label rt-postfix\">minutes<\/span><\/span>\u00a0 Os casos recentes de cont\u00e1gio pela Covid-19 fez com o que os n\u00fameros de cont\u00e1gio no Brasil chegassem a mais de 200 mil pessoas infectadas. Para amenizar a onda &#8230;<\/p>\n","protected":false},"author":2,"featured_media":12595,"comment_status":"open","ping_status":"open","sticky":false,"template":"","format":"standard","meta":{"_monsterinsights_skip_tracking":false,"_monsterinsights_sitenote_active":false,"_monsterinsights_sitenote_note":"","_monsterinsights_sitenote_category":0,"footnotes":"","_links_to":"","_links_to_target":""},"categories":[12,749,13,27],"tags":[967,969,970,968],"class_list":["post-12594","post","type-post","status-publish","format-standard","has-post-thumbnail","hentry","category-noticias","category-coronavirus","category-noticias-ans","category-plano-de-saude","tag-ans-inclui-teste-rapido-de-covid-19-nas-coberturas-obrigatorias-dos-planos-de-saude","tag-plano-de-saude-cobre-teste-covid","tag-plano-de-saude-e-cobertura-covid","tag-teste-rapido-covid"],"_links":{"self":[{"href":"https:\/\/www.rotaseguros.com.br\/planosdesaude\/wp-json\/wp\/v2\/posts\/12594","targetHints":{"allow":["GET"]}}],"collection":[{"href":"https:\/\/www.rotaseguros.com.br\/planosdesaude\/wp-json\/wp\/v2\/posts"}],"about":[{"href":"https:\/\/www.rotaseguros.com.br\/planosdesaude\/wp-json\/wp\/v2\/types\/post"}],"author":[{"embeddable":true,"href":"https:\/\/www.rotaseguros.com.br\/planosdesaude\/wp-json\/wp\/v2\/users\/2"}],"replies":[{"embeddable":true,"href":"https:\/\/www.rotaseguros.com.br\/planosdesaude\/wp-json\/wp\/v2\/comments?post=12594"}],"version-history":[{"count":0,"href":"https:\/\/www.rotaseguros.com.br\/planosdesaude\/wp-json\/wp\/v2\/posts\/12594\/revisions"}],"wp:featuredmedia":[{"embeddable":true,"href":"https:\/\/www.rotaseguros.com.br\/planosdesaude\/wp-json\/wp\/v2\/media\/12595"}],"wp:attachment":[{"href":"https:\/\/www.rotaseguros.com.br\/planosdesaude\/wp-json\/wp\/v2\/media?parent=12594"}],"wp:term":[{"taxonomy":"category","embeddable":true,"href":"https:\/\/www.rotaseguros.com.br\/planosdesaude\/wp-json\/wp\/v2\/categories?post=12594"},{"taxonomy":"post_tag","embeddable":true,"href":"https:\/\/www.rotaseguros.com.br\/planosdesaude\/wp-json\/wp\/v2\/tags?post=12594"}],"curies":[{"name":"wp","href":"https:\/\/api.w.org\/{rel}","templated":true}]}}