{"id":12660,"date":"2022-03-15T09:55:37","date_gmt":"2022-03-15T11:55:37","guid":{"rendered":"https:\/\/www.rotaseguros.com.br\/planosdesaude\/?p=12660"},"modified":"2022-03-22T11:36:16","modified_gmt":"2022-03-22T13:36:16","slug":"como-escolher-os-planos-de-saude-para-criancas","status":"publish","type":"post","link":"https:\/\/www.rotaseguros.com.br\/planosdesaude\/como-escolher-os-planos-de-saude-para-criancas\/","title":{"rendered":"Cuide do seu filho e saiba como escolher os planos de sa\u00fade para crian\u00e7as"},"content":{"rendered":"<span class=\"span-reading-time rt-reading-time\" style=\"display: block;\"><span class=\"rt-label rt-prefix\">Reading Time: <\/span> <span class=\"rt-time\"> 4<\/span> <span class=\"rt-label rt-postfix\">minutes<\/span><\/span><p><span style=\"font-weight: 400;\">Os crescentes diagn\u00f3sticos de Covid-19 em crian\u00e7as ligaram o alerta, nos \u00faltimos meses. Segundo os dados da Sociedade Brasileira de Pediatria (SBP), em janeiro deste ano, os casos de crian\u00e7as mortas pelo v\u00edrus chegaram a quase 1.500 &#8211; al\u00e9m de in\u00fameras sequelas. Nesse cen\u00e1rio preocupante, muitos pais buscam saber quais os melhores <\/span><b>planos de sa\u00fade para crian\u00e7as<\/b><span style=\"font-weight: 400;\">.\u00a0<\/span><\/p><div id=\"ez-toc-container\" class=\"ez-toc-v2_0_82_2 counter-flat ez-toc-counter ez-toc-grey ez-toc-container-direction\">\n<div class=\"ez-toc-title-container\">\n<p class=\"ez-toc-title\" style=\"cursor:inherit\">Aqui voc\u00ea encontra:<\/p>\n<span class=\"ez-toc-title-toggle\"><a href=\"#\" class=\"ez-toc-pull-right ez-toc-btn ez-toc-btn-xs ez-toc-btn-default ez-toc-toggle\" aria-label=\"Alternar tabela de conte\u00fado\"><span class=\"ez-toc-js-icon-con\"><span class=\"\"><span class=\"eztoc-hide\" style=\"display:none;\">Toggle<\/span><span class=\"ez-toc-icon-toggle-span\"><svg style=\"fill: #999;color:#999\" xmlns=\"http:\/\/www.w3.org\/2000\/svg\" class=\"list-377408\" width=\"20px\" height=\"20px\" viewBox=\"0 0 24 24\" fill=\"none\"><path d=\"M6 6H4v2h2V6zm14 0H8v2h12V6zM4 11h2v2H4v-2zm16 0H8v2h12v-2zM4 16h2v2H4v-2zm16 0H8v2h12v-2z\" fill=\"currentColor\"><\/path><\/svg><svg style=\"fill: #999;color:#999\" class=\"arrow-unsorted-368013\" xmlns=\"http:\/\/www.w3.org\/2000\/svg\" width=\"10px\" height=\"10px\" viewBox=\"0 0 24 24\" version=\"1.2\" baseProfile=\"tiny\"><path d=\"M18.2 9.3l-6.2-6.3-6.2 6.3c-.2.2-.3.4-.3.7s.1.5.3.7c.2.2.4.3.7.3h11c.3 0 .5-.1.7-.3.2-.2.3-.5.3-.7s-.1-.5-.3-.7zM5.8 14.7l6.2 6.3 6.2-6.3c.2-.2.3-.5.3-.7s-.1-.5-.3-.7c-.2-.2-.4-.3-.7-.3h-11c-.3 0-.5.1-.7.3-.2.2-.3.5-.3.7s.1.5.3.7z\"\/><\/svg><\/span><\/span><\/span><\/a><\/span><\/div>\n<nav><ul class='ez-toc-list ez-toc-list-level-1 ' ><li class='ez-toc-page-1'><a class=\"ez-toc-link ez-toc-heading-1\" href=\"https:\/\/www.rotaseguros.com.br\/planosdesaude\/como-escolher-os-planos-de-saude-para-criancas\/#Consultas_preventivas_salvam_vidas\" >Consultas preventivas salvam vidas<\/a><\/li><li class='ez-toc-page-1'><a class=\"ez-toc-link ez-toc-heading-2\" href=\"https:\/\/www.rotaseguros.com.br\/planosdesaude\/como-escolher-os-planos-de-saude-para-criancas\/#Plano_de_saude_e_cuidado_com_a_crianca\" >Plano de sa\u00fade e cuidado com a crian\u00e7a<\/a><\/li><li class='ez-toc-page-1'><a class=\"ez-toc-link ez-toc-heading-3\" href=\"https:\/\/www.rotaseguros.com.br\/planosdesaude\/como-escolher-os-planos-de-saude-para-criancas\/#Prevencao_de_doencas_em_consultas_de_rotina\" >Preven\u00e7\u00e3o de doen\u00e7as em consultas de rotina<\/a><\/li><li class='ez-toc-page-1'><a class=\"ez-toc-link ez-toc-heading-4\" href=\"https:\/\/www.rotaseguros.com.br\/planosdesaude\/como-escolher-os-planos-de-saude-para-criancas\/#A_primeira_infancia_e_a_necessidade_de_acompanhamento_medico\" >A primeira inf\u00e2ncia e a necessidade de acompanhamento m\u00e9dico\u00a0<\/a><\/li><li class='ez-toc-page-1'><a class=\"ez-toc-link ez-toc-heading-5\" href=\"https:\/\/www.rotaseguros.com.br\/planosdesaude\/como-escolher-os-planos-de-saude-para-criancas\/#Qual_o_plano_de_saude_para_criancas_que_cobrem_a_vacinacao\" >Qual o plano de sa\u00fade para crian\u00e7as que cobrem a vacina\u00e7\u00e3o?<\/a><\/li><\/ul><\/nav><\/div>\n\n<p><span style=\"font-weight: 400;\">Antes de mais nada, \u00e9 importante que pais e respons\u00e1veis n\u00e3o deixem de vacinar crian\u00e7as. At\u00e9 porque, essa \u00e9 a \u00fanica sa\u00edda de prote\u00e7\u00e3o infantil e a alternativa de salvar vidas. A SBP deixou claro em comunicado oficial que a vacina\u00e7\u00e3o \u00e9 a forma mais eficaz e estrat\u00e9gia de preven\u00e7\u00e3o de \u00f3bitos e casos graves.<\/span><\/p>\n<p><span style=\"font-weight: 400;\">A Sociedade Brasileira de Pediatria deixou claro que nenhuma morte de crian\u00e7a \u201c<\/span><span style=\"font-weight: 400;\">\u00e9 <\/span><span style=\"font-weight: 400;\">inadmiss\u00edvel testemunhar crian\u00e7as serem hospitalizadas e falecerem por doen\u00e7as preven\u00edveis por vacinas\u201d. A vacina salva vidas e quanto a isso n\u00e3o h\u00e1 contesta\u00e7\u00e3o.<\/span><\/p>\n<p><em><span style=\"font-weight: 400;\">Fa\u00e7a seu coment\u00e1rio no final da p\u00e1gina com suas perguntas, sugest\u00f5es, elogios ou feedback para melhorar o nosso conte\u00fado. Assim voc\u00ea colabora com outras pessoas que acessarem nosso blog.<\/span><\/em><\/p>\n<hr \/>\n<ol>\n<li><strong><a href=\"#consultas\">Consultas preventivas salvam vidas<\/a><\/strong><\/li>\n<li><strong><a href=\"#crianca\">Plano de sa\u00fade e cuidado com a crian\u00e7a<\/a><\/strong><\/li>\n<li><a href=\"#doencas\"><strong>Preven\u00e7\u00e3o de doen\u00e7as em consultas de rotina<\/strong><\/a><\/li>\n<li><a href=\"#medico\"><strong>A primeira inf\u00e2ncia e necessidade de acompanhamento m\u00e9dico<\/strong><\/a><\/li>\n<li><a href=\"#vacina\"><strong>Qual o plano de sa\u00fade para crian\u00e7as que cobrem vacina\u00e7\u00e3o?<\/strong><\/a><\/li>\n<\/ol>\n<hr \/>\n<h2 style=\"text-align: center;\"><span class=\"ez-toc-section\" id=\"Consultas_preventivas_salvam_vidas\"><\/span><span style=\"font-weight: 400;\"><br \/>\n<a id=\"consultas\"><\/a>Consultas preventivas salvam vidas<\/span><span class=\"ez-toc-section-end\"><\/span><\/h2>\n<p><span style=\"font-weight: 400;\">Outro ponto importante que pode auxiliar no<\/span><b> c<\/b><span style=\"font-weight: 400;\">uidado do p\u00fablico infantil \u00e9 o plano de sa\u00fade. Crian\u00e7as s\u00e3o mut\u00e1veis. Portanto, cercar os pequenos com cuidados nunca \u00e9 um excesso de zelo. Mas pais e respons\u00e1veis ficam em d\u00favida de qua<\/span><b>l formato de cobertura \u00e9 o mais ideal para cada crian\u00e7a<\/b><span style=\"font-weight: 400;\">.\u00a0\u00a0<\/span><\/p>\n<p><span style=\"font-weight: 400;\">At\u00e9 porque, uma febre baixa pode se transformar em uma infec\u00e7\u00e3o em poucos minutos. Assim como, a brincadeira inofensiva leva a uma fratura em poucos minutos. Desse modo, pensar no <\/span><b>melhor plano de sa\u00fade para a crian\u00e7a<\/b><span style=\"font-weight: 400;\"> n\u00e3o \u00e9 exagero algum.\u00a0<\/span><\/p>\n<p>&nbsp;<\/p>\n<h3 style=\"text-align: center;\"><span class=\"ez-toc-section\" id=\"Plano_de_saude_e_cuidado_com_a_crianca\"><\/span><span style=\"font-weight: 400;\"><a id=\"crianca\"><\/a>Plano de sa\u00fade e cuidado com a crian\u00e7a<\/span><span class=\"ez-toc-section-end\"><\/span><\/h3>\n<p><span style=\"font-weight: 400;\">Os cuidados com o p\u00fablico infantil nunca s\u00e3o demais e ap\u00f3s o nascimento as prioridades com as crian\u00e7as se tornam necess\u00e1rias. Afinal, assim que ocorre o parto a rotina do rec\u00e9m-nascido consiste em exames, visitas rotineiras ao pediatra e acompanhamento direcionado em rela\u00e7\u00e3o ao desenvolvimento do beb\u00ea.<\/span><\/p>\n<p><span style=\"font-weight: 400;\">O crescimento infantil \u00e9 r\u00e1pido (quase como um piscar de olhos). Por\u00e9m a evolu\u00e7\u00e3o n\u00e3o significa menos preocupa\u00e7\u00e3o. Ali\u00e1s, tranquilidade extrema n\u00e3o existe ap\u00f3s o nascimento dos pequenos. Por isso, acompanhar as crian\u00e7as nos atendimentos especializados e visitas aos m\u00e9dicos de rotina podem evitar o agravamento de doen\u00e7as graves.<\/span><\/p>\n<p>&nbsp;<\/p>\n<h2 style=\"text-align: center;\"><span class=\"ez-toc-section\" id=\"Prevencao_de_doencas_em_consultas_de_rotina\"><\/span><span style=\"font-weight: 400;\"><a id=\"doencas\"><\/a>Preven\u00e7\u00e3o de doen\u00e7as em consultas de rotina<\/span><span class=\"ez-toc-section-end\"><\/span><\/h2>\n<p><span style=\"font-weight: 400;\">A preven\u00e7\u00e3o \u00e9 a forma de controle e a alternativa de evitar o surgimento de enfermidades s\u00e9rias. Recentemente, o ex-apresentador da Rede Globo, Tiago Leifert, gravou v\u00eddeo ao lado da esposa e da jornalista Daiana Garbin com um comunicado bem s\u00e9rio quanto \u00e0 sa\u00fade da filha do casal.<\/span><\/p>\n<p><span style=\"font-weight: 400;\">No v\u00eddeo de alerta publicado nas redes sociais, os dois chamaram aten\u00e7\u00e3o de pais e respons\u00e1veis por crian\u00e7as em rela\u00e7\u00e3o \u00e0 necessidade de buscar m\u00e9dicos especialistas como rotina de cuidados com a crian\u00e7a.<\/span><\/p>\n<p><span style=\"font-weight: 400;\">Nesse caso, pensar no <\/span><b>melhor plano de sa\u00fade para crian\u00e7a<\/b><span style=\"font-weight: 400;\"> envolve a cobertura de m\u00e9dicos especializados, bem como rede credenciada e hospitais. O casal percebeu uma mancha branca no olho da filha, mas n\u00e3o buscaram um oftalmologista imediatamente.\u00a0<\/span><\/p>\n<p><span style=\"font-weight: 400;\">Infelizmente, o problema se agravou e a crian\u00e7a foi diagnosticada com um c\u00e2ncer e a pequena Lua est\u00e1 passando por tratamento de quimioterapia. No v\u00eddeo, Tiago e Diana deixaram claro que a consulta com o oftalmologista precoce poderia ter evitado que o tumor fosse descoberto em est\u00e1gio avan\u00e7ado.<\/span><\/p>\n<p>&nbsp;<\/p>\n<h3 style=\"text-align: center;\"><span class=\"ez-toc-section\" id=\"A_primeira_infancia_e_a_necessidade_de_acompanhamento_medico\"><\/span><span style=\"font-weight: 400;\"><a id=\"medico\"><\/a>A primeira inf\u00e2ncia e a necessidade de acompanhamento m\u00e9dico\u00a0<\/span><span class=\"ez-toc-section-end\"><\/span><\/h3>\n<p><span style=\"font-weight: 400;\">Segundo especialistas, o indicado \u00e9 que pais e respons\u00e1veis busquem tratamento especializado com oftalmologista aos nove meses, independentemente de problemas aparentes. Essa indica\u00e7\u00e3o \u00e9 preventiva e o plano de sa\u00fade ideal para a crian\u00e7a \u00e9 fundamental para essa empreitada.<\/span><\/p>\n<p><span style=\"font-weight: 400;\">Ao avaliar o melhor plano de sa\u00fade infantil, a preocupa\u00e7\u00e3o em rela\u00e7\u00e3o \u00e0s interna\u00e7\u00f5es \u00e9 relevante. Desse modo, pensar na cobertura em caso de interna\u00e7\u00f5es \u00e9 essencial. Nesse caso, a op\u00e7\u00e3o \u00e9 pelo plano de sa\u00fade para crian\u00e7a com a op\u00e7\u00e3o ambulatorial + hospitalar.<\/span><\/p>\n<p><span style=\"font-weight: 400;\">Sendo que, a op\u00e7\u00e3o ambulatorial atende a demanda de consultas e exames. No conceito geral de avalia\u00e7\u00e3o e escolha do plano, a rede credenciada \u00e9 fundamental. J\u00e1 que muitas fam\u00edlias t\u00eam um m\u00e9dico de confian\u00e7a que acompanha a crian\u00e7a durante toda a primeira inf\u00e2ncia.<\/span><\/p>\n<p><span style=\"font-weight: 400;\">Dessa forma, para aquelas fam\u00edlias que n\u00e3o abrem m\u00e3o desses profissionais, o <\/span><b>melhor plano de sa\u00fade infantil<\/b><span style=\"font-weight: 400;\"> pode ser aquele que tenha uma rede credenciada ampla e contemple o atendimento de cl\u00ednicas e\/ou hospitais em que aquele m\u00e9dico realize o atendimento.<\/span><\/p>\n<p>&nbsp;<\/p>\n<h2 style=\"text-align: center;\"><span class=\"ez-toc-section\" id=\"Qual_o_plano_de_saude_para_criancas_que_cobrem_a_vacinacao\"><\/span><span style=\"font-weight: 400;\"><a id=\"vacina\"><\/a>Qual o plano de sa\u00fade para crian\u00e7as que cobrem a vacina\u00e7\u00e3o?<\/span><span class=\"ez-toc-section-end\"><\/span><\/h2>\n<p><span style=\"font-weight: 400;\">Alguns pais e respons\u00e1veis atentos \u00e0 necessidade de manter o controle de vacina\u00e7\u00e3o em dia procuram planos de sa\u00fade para crian\u00e7as que realizam a cobertura por vacina\u00e7\u00e3o. O Sistema \u00danico de Sa\u00fade disponibiliza um protocolo de imuniza\u00e7\u00e3o. Mas algumas vacinas importantes n\u00e3o fazem parte do projeto.<\/span><\/p>\n<p><span style=\"font-weight: 400;\">Contudo, a grande maioria dos planos de sa\u00fade para crian\u00e7as n\u00e3o realizam a cobertura vacinal. Salvo as exce\u00e7\u00f5es de planos de sa\u00fade da categoria premium que pode contemplar vacinas que n\u00e3o s\u00e3o aplicadas no SUS, contudo possuem valores de contrata\u00e7\u00e3o mais elevados.<\/span><\/p>\n<p><span style=\"font-weight: 400;\">A alternativa para os cuidadores das crian\u00e7as, que optarem por ampliar a prote\u00e7\u00e3o por meio de vacina\u00e7\u00e3o presentes apenas na rede particular, s\u00e3o cl\u00ednicas, associa\u00e7\u00f5es e outros ambientes que realizem a aplica\u00e7\u00e3o.\u00a0<\/span><\/p>\n<p><span style=\"font-weight: 400;\">Entretanto, para aqueles que querem uma solu\u00e7\u00e3o premium de plano de sa\u00fade para crian\u00e7as, a nossa dica \u00e9 encontrar solu\u00e7\u00f5es sem coparticipa\u00e7\u00e3o. J\u00e1 que a frequ\u00eancia dos pequenos ao pediatra \u00e9 de pelo menos uma vez por m\u00eas. Assim, os valores mensais n\u00e3o s\u00e3o onerados.<\/span><\/p>\n<p>&nbsp;<\/p>\n<hr \/>\n<p class=\"western\" align=\"justify\"><em><i><b><br \/>\n<\/b><strong>Na Rota Seguros, voc\u00ea tem solu\u00e7\u00f5es individuais com consultores especializados. Essa \u00e9 uma forma de contratar um plano de sa\u00fade e\/ou odontol\u00f3gico.\u00a0 Para saber mais entre em contato e obtenha uma cota\u00e7\u00e3o de acordo com a sua necessidade.<\/strong><b><br \/>\n<\/b><\/i><\/em><\/p>\n<ul>\n<li><b>Grande BH \u2013\u00a0<\/b><strong><a href=\"tel:3132798000\"><b>(31) 3279-8000<\/b><\/a><\/strong><\/li>\n<li><strong>Divin\u00f3polis<\/strong>\u00a0\u2013\u00a0<a href=\"tel:3735113030\"><strong>(37) 3511-3030<\/strong><\/a><\/li>\n<li><b>Montes Claros \u2013\u00a0<\/b><strong><a href=\"tel:3832168249\"><b>(38) 3216-8249<\/b><\/a><\/strong><\/li>\n<li><b><\/b><strong>Nova Serrana \u2013\u00a0<a href=\"tel:3732283131\">(37) 3228-3131<\/a><\/strong><\/li>\n<li><b>Patos de Minas, Uberaba e Uberl\u00e2ndia \u2013\u00a0<\/b><strong><a href=\"tel:08009400809\"><b>0800 940 0809<\/b><\/a><\/strong><\/li>\n<li><strong>Po\u00e7os de Caldas<\/strong>\u00a0\u2013\u00a0<strong><a href=\"tel:3537132531\" target=\"_blank\" rel=\"noopener\">(35) 3713-2531<\/a><\/strong><b><\/b><\/li>\n<li><b>Pouso Alegre \u2013<a href=\"tel:353646-3334\">\u00a0(35) 3646-3334<\/a><\/b><b><\/b><\/li>\n<li><b>Vit\u00f3ria\/ES \u2013\u00a0<\/b><strong><a href=\"tel:2722333020\"><b>(27) 2233-3020<\/b><\/a><\/strong><\/li>\n<\/ul>\n","protected":false},"excerpt":{"rendered":"<p><span class=\"span-reading-time rt-reading-time\" style=\"display: block;\"><span class=\"rt-label rt-prefix\">Reading Time: <\/span> <span class=\"rt-time\"> 4<\/span> <span class=\"rt-label rt-postfix\">minutes<\/span><\/span>Os crescentes diagn\u00f3sticos de Covid-19 em crian\u00e7as ligaram o alerta, nos \u00faltimos meses. Segundo os dados da Sociedade Brasileira de Pediatria (SBP), em janeiro deste ano, os casos de crian\u00e7as &#8230;<\/p>\n","protected":false},"author":2,"featured_media":12661,"comment_status":"open","ping_status":"open","sticky":false,"template":"","format":"standard","meta":{"_monsterinsights_skip_tracking":false,"_monsterinsights_sitenote_active":false,"_monsterinsights_sitenote_note":"","_monsterinsights_sitenote_category":0,"footnotes":"","_links_to":"","_links_to_target":""},"categories":[33,6,12],"tags":[985,986,984,88,132,530,529,983],"class_list":["post-12660","post","type-post","status-publish","format-standard","has-post-thumbnail","hentry","category-rota-seguros","category-dicas","category-noticias","tag-crianca","tag-medico","tag-medico-para-crianca","tag-pediatria","tag-plano-de-saude","tag-plano-de-saude-infantil","tag-plano-de-saude-para-crianca","tag-plano-para-crianca"],"_links":{"self":[{"href":"https:\/\/www.rotaseguros.com.br\/planosdesaude\/wp-json\/wp\/v2\/posts\/12660","targetHints":{"allow":["GET"]}}],"collection":[{"href":"https:\/\/www.rotaseguros.com.br\/planosdesaude\/wp-json\/wp\/v2\/posts"}],"about":[{"href":"https:\/\/www.rotaseguros.com.br\/planosdesaude\/wp-json\/wp\/v2\/types\/post"}],"author":[{"embeddable":true,"href":"https:\/\/www.rotaseguros.com.br\/planosdesaude\/wp-json\/wp\/v2\/users\/2"}],"replies":[{"embeddable":true,"href":"https:\/\/www.rotaseguros.com.br\/planosdesaude\/wp-json\/wp\/v2\/comments?post=12660"}],"version-history":[{"count":0,"href":"https:\/\/www.rotaseguros.com.br\/planosdesaude\/wp-json\/wp\/v2\/posts\/12660\/revisions"}],"wp:featuredmedia":[{"embeddable":true,"href":"https:\/\/www.rotaseguros.com.br\/planosdesaude\/wp-json\/wp\/v2\/media\/12661"}],"wp:attachment":[{"href":"https:\/\/www.rotaseguros.com.br\/planosdesaude\/wp-json\/wp\/v2\/media?parent=12660"}],"wp:term":[{"taxonomy":"category","embeddable":true,"href":"https:\/\/www.rotaseguros.com.br\/planosdesaude\/wp-json\/wp\/v2\/categories?post=12660"},{"taxonomy":"post_tag","embeddable":true,"href":"https:\/\/www.rotaseguros.com.br\/planosdesaude\/wp-json\/wp\/v2\/tags?post=12660"}],"curies":[{"name":"wp","href":"https:\/\/api.w.org\/{rel}","templated":true}]}}