{"id":12737,"date":"2022-04-07T12:02:15","date_gmt":"2022-04-07T14:02:15","guid":{"rendered":"https:\/\/www.rotaseguros.com.br\/planosdesaude\/?p=12737"},"modified":"2022-04-07T12:02:15","modified_gmt":"2022-04-07T14:02:15","slug":"o-que-e-carencia-do-plano-de-saude-saiba-aqui","status":"publish","type":"post","link":"https:\/\/www.rotaseguros.com.br\/planosdesaude\/o-que-e-carencia-do-plano-de-saude-saiba-aqui\/","title":{"rendered":"O que \u00e9 car\u00eancia do plano de sa\u00fade? Saiba aqui!"},"content":{"rendered":"<span class=\"span-reading-time rt-reading-time\" style=\"display: block;\"><span class=\"rt-label rt-prefix\">Reading Time: <\/span> <span class=\"rt-time\"> 4<\/span> <span class=\"rt-label rt-postfix\">minutes<\/span><\/span><h2><span class=\"ez-toc-section\" id=\"Entre_beneficiarios_e_operadoras_de_planos_de_saude_existe_um_termo_comum_que_e_coberto_de_duvidas_Sabe_do_que_estamos_falando_Carencia_Mas_afinal_o_que_e_carencia_do_plano_de_saude\"><\/span><span style=\"font-size: 14px;\"><span style=\"font-weight: 400;\">Entre benefici\u00e1rios e operadoras de planos de sa\u00fade existe um termo comum que \u00e9 coberto de d\u00favidas. Sabe do que estamos falando? Car\u00eancia. Mas, afinal, <\/span><b>o que \u00e9 car\u00eancia do plano de sa\u00fade<\/b><span style=\"font-weight: 400;\">?<\/span><\/span><span class=\"ez-toc-section-end\"><\/span><\/h2>\n<p><span style=\"font-weight: 400;\">Ent\u00e3o, antes de mais nada, vamos explicar de uma forma descomplicada o conceito que, al\u00e9m de d\u00favidas, gera desconfortos em muitos benefici\u00e1rios.\u00a0<\/span><\/p><div id=\"ez-toc-container\" class=\"ez-toc-v2_0_82_2 counter-flat ez-toc-counter ez-toc-grey ez-toc-container-direction\">\n<div class=\"ez-toc-title-container\">\n<p class=\"ez-toc-title\" style=\"cursor:inherit\">Aqui voc\u00ea encontra:<\/p>\n<span class=\"ez-toc-title-toggle\"><a href=\"#\" class=\"ez-toc-pull-right ez-toc-btn ez-toc-btn-xs ez-toc-btn-default ez-toc-toggle\" aria-label=\"Alternar tabela de conte\u00fado\"><span class=\"ez-toc-js-icon-con\"><span class=\"\"><span class=\"eztoc-hide\" style=\"display:none;\">Toggle<\/span><span class=\"ez-toc-icon-toggle-span\"><svg style=\"fill: #999;color:#999\" xmlns=\"http:\/\/www.w3.org\/2000\/svg\" class=\"list-377408\" width=\"20px\" height=\"20px\" viewBox=\"0 0 24 24\" fill=\"none\"><path d=\"M6 6H4v2h2V6zm14 0H8v2h12V6zM4 11h2v2H4v-2zm16 0H8v2h12v-2zM4 16h2v2H4v-2zm16 0H8v2h12v-2z\" fill=\"currentColor\"><\/path><\/svg><svg style=\"fill: #999;color:#999\" class=\"arrow-unsorted-368013\" xmlns=\"http:\/\/www.w3.org\/2000\/svg\" width=\"10px\" height=\"10px\" viewBox=\"0 0 24 24\" version=\"1.2\" baseProfile=\"tiny\"><path d=\"M18.2 9.3l-6.2-6.3-6.2 6.3c-.2.2-.3.4-.3.7s.1.5.3.7c.2.2.4.3.7.3h11c.3 0 .5-.1.7-.3.2-.2.3-.5.3-.7s-.1-.5-.3-.7zM5.8 14.7l6.2 6.3 6.2-6.3c.2-.2.3-.5.3-.7s-.1-.5-.3-.7c-.2-.2-.4-.3-.7-.3h-11c-.3 0-.5.1-.7.3-.2.2-.3.5-.3.7s.1.5.3.7z\"\/><\/svg><\/span><\/span><\/span><\/a><\/span><\/div>\n<nav><ul class='ez-toc-list ez-toc-list-level-1 ' ><li class='ez-toc-page-1'><a class=\"ez-toc-link ez-toc-heading-1\" href=\"https:\/\/www.rotaseguros.com.br\/planosdesaude\/o-que-e-carencia-do-plano-de-saude-saiba-aqui\/#Entre_beneficiarios_e_operadoras_de_planos_de_saude_existe_um_termo_comum_que_e_coberto_de_duvidas_Sabe_do_que_estamos_falando_Carencia_Mas_afinal_o_que_e_carencia_do_plano_de_saude\" >Entre benefici\u00e1rios e operadoras de planos de sa\u00fade existe um termo comum que \u00e9 coberto de d\u00favidas. Sabe do que estamos falando? Car\u00eancia. Mas, afinal, o que \u00e9 car\u00eancia do plano de sa\u00fade?<\/a><\/li><li class='ez-toc-page-1'><a class=\"ez-toc-link ez-toc-heading-2\" href=\"https:\/\/www.rotaseguros.com.br\/planosdesaude\/o-que-e-carencia-do-plano-de-saude-saiba-aqui\/#Qual_o_prazo_legal_da_carencia\" >Qual o prazo legal da car\u00eancia?<\/a><\/li><li class='ez-toc-page-1'><a class=\"ez-toc-link ez-toc-heading-3\" href=\"https:\/\/www.rotaseguros.com.br\/planosdesaude\/o-que-e-carencia-do-plano-de-saude-saiba-aqui\/#Carencia_estipulada_pela_ANS\" >Car\u00eancia estipulada pela ANS<\/a><\/li><li class='ez-toc-page-1'><a class=\"ez-toc-link ez-toc-heading-4\" href=\"https:\/\/www.rotaseguros.com.br\/planosdesaude\/o-que-e-carencia-do-plano-de-saude-saiba-aqui\/#Internacoes_e_cirurgias_no_prazo_de_carencia\" >Interna\u00e7\u00f5es e cirurgias no prazo de car\u00eancia\u00a0<\/a><\/li><li class='ez-toc-page-1'><a class=\"ez-toc-link ez-toc-heading-5\" href=\"https:\/\/www.rotaseguros.com.br\/planosdesaude\/o-que-e-carencia-do-plano-de-saude-saiba-aqui\/#A_carencia_nos_planos_empresariais\" >A car\u00eancia nos planos empresariais\u00a0<\/a><\/li><li class='ez-toc-page-1'><a class=\"ez-toc-link ez-toc-heading-6\" href=\"https:\/\/www.rotaseguros.com.br\/planosdesaude\/o-que-e-carencia-do-plano-de-saude-saiba-aqui\/#Os_planos_de_saude_por_adesao\" >Os planos de sa\u00fade por ades\u00e3o\u00a0<\/a><\/li><li class='ez-toc-page-1'><a class=\"ez-toc-link ez-toc-heading-7\" href=\"https:\/\/www.rotaseguros.com.br\/planosdesaude\/o-que-e-carencia-do-plano-de-saude-saiba-aqui\/#Como_a_carencia_funciona_em_caso_de_gestacao\" >Como a car\u00eancia funciona em caso de gesta\u00e7\u00e3o?<\/a><\/li><li class='ez-toc-page-1'><a class=\"ez-toc-link ez-toc-heading-8\" href=\"https:\/\/www.rotaseguros.com.br\/planosdesaude\/o-que-e-carencia-do-plano-de-saude-saiba-aqui\/#Excecoes_na_carencia_para_maes\" >Exce\u00e7\u00f5es na car\u00eancia para m\u00e3es\u00a0<\/a><\/li><li class='ez-toc-page-1'><a class=\"ez-toc-link ez-toc-heading-9\" href=\"https:\/\/www.rotaseguros.com.br\/planosdesaude\/o-que-e-carencia-do-plano-de-saude-saiba-aqui\/#Os_recem-nascidos_e_a_carencia\" >Os rec\u00e9m-nascidos e a car\u00eancia<\/a><\/li><\/ul><\/nav><\/div>\n\n<p><span style=\"font-weight: 400;\">Em resumo, trata-se do per\u00edodo estipulado para o uso de determinados servi\u00e7os do plano de sa\u00fade.<\/span><\/p>\n<p><span style=\"font-weight: 400;\">Muitas pessoas t\u00eam d\u00favida sobre a funcionalidade das car\u00eancias.\u00a0<\/span><\/p>\n<p><span style=\"font-weight: 400;\">Mas \u00e9 importante deixar claro, que o per\u00edodo \u00e9 estipulado pelas regras da Ag\u00eancia Nacional de Sa\u00fade Suplementar (ANS). Os prazos ficam registrados em contrato, com detalhamento de car\u00eancias em consultas, exames e atendimentos cir\u00fargicos.<\/span><\/p>\n<p><span style=\"font-weight: 400;\">Nesse sentido, assim que o plano de sa\u00fade se torna vigente\/ativo, o prazo de car\u00eancia come\u00e7a a ser contabilizado. Depois que o prazo \u00e9 finalizado, o benefici\u00e1rio \u00e9 liberado para utilizar todos os atendimentos listados em contrato.<\/span><\/p>\n<p>&nbsp;<\/p>\n<hr \/>\n<p><em>Fa\u00e7a seu coment\u00e1rio no final da p\u00e1gina com suas perguntas, sugest\u00f5es, elogios ou feedback para melhorar o nosso conte\u00fado. Assim voc\u00ea colabora com outras pessoas que acessarem nosso blog.<\/em><\/p>\n<hr \/>\n<ol>\n<li><a href=\"#prazo\">Qual o prazo legal da car\u00eancia<\/a><\/li>\n<li><a href=\"#ans\">Car\u00eancia estipulada pela ANS<\/a><\/li>\n<li><a href=\"#inter\">Interna\u00e7\u00f5es e cirurgias no prazo de car\u00eancia<\/a><\/li>\n<li><a href=\"#empre\">A car\u00eancia nos planos empresariais<\/a><\/li>\n<li><a href=\"#adesao\">Os planos de sa\u00fade por ades\u00e3o<\/a><\/li>\n<li><a href=\"#gesta\">Como a car\u00eancia funciona em caso de gesta\u00e7\u00e3o?<\/a><\/li>\n<li><a href=\"#maes\">Exce\u00e7\u00f5es na car\u00eancia para m\u00e3es<\/a><\/li>\n<li><a href=\"#recem\">Os rec\u00e9m-nascidos e a car\u00eancia<\/a><\/li>\n<li><a href=\"#rota\">Consultoria especializada da Rota Seguros<\/a><\/li>\n<\/ol>\n<p>&nbsp;<\/p>\n<h2><span class=\"ez-toc-section\" id=\"Qual_o_prazo_legal_da_carencia\"><\/span><span style=\"font-weight: 400;\"><a id=\"prazo\"><\/a>Qual o prazo legal da car\u00eancia?<\/span><span class=\"ez-toc-section-end\"><\/span><\/h2>\n<p><span style=\"font-weight: 400;\">A pr\u00e1tica da maioria das operadoras faz com o que os prazos de car\u00eancias sejam determinados de acordo com o servi\u00e7o. Sendo assim, exames e consultas de rotina t\u00eam um prazo determinado.\u00a0<\/span><\/p>\n<p><span style=\"font-weight: 400;\">J\u00e1 cirurgias e partos, por exemplo, podem ter per\u00edodos de car\u00eancia mais longos. Ap\u00f3s o tempo de cada contrato, o benefici\u00e1rio estar\u00e1 apto a realizar todos os procedimentos listados pela operadora de plano de sa\u00fade.\u00a0<\/span><\/p>\n<p><span style=\"font-weight: 400;\">Desse modo, o per\u00edodo de car\u00eancia chegar\u00e1 ao fim e o benefici\u00e1rio ter\u00e1 garantias de todos os servi\u00e7os contratados. Contudo, n\u00e3o pense voc\u00ea que o per\u00edodo de car\u00eancia \u00e9 extremamente longo. De acordo com a ANS, existem defini\u00e7\u00f5es m\u00e1ximas de tempo para a cobertura das operadoras de sa\u00fade.\u00a0<\/span><\/p>\n<p><span style=\"font-weight: 400;\">Tanto que casos de urg\u00eancia e emerg\u00eancia passam por 24 horas de car\u00eancia. Depois disso, o benefici\u00e1rio j\u00e1 pode buscar hospitais da rede credenciada para obter atendimentos.\u00a0<\/span><\/p>\n<p>&nbsp;<\/p>\n<h3><span class=\"ez-toc-section\" id=\"Carencia_estipulada_pela_ANS\"><\/span><span style=\"font-weight: 400;\"><a id=\"ans\"><\/a>Car\u00eancia estipulada pela ANS<\/span><span class=\"ez-toc-section-end\"><\/span><\/h3>\n<p><span style=\"font-weight: 400;\">No entanto, qual a avalia\u00e7\u00e3o de urg\u00eancia e emerg\u00eancia? Os planos de sa\u00fade s\u00e3o guiados pelas leis estipuladas pela ANS, as regras em rela\u00e7\u00e3o aos processos s\u00e3o claras e podem ser consultadas no registro da entidade.<\/span><\/p>\n<p><span style=\"font-weight: 400;\">Para a ANS, s\u00e3o considerados urg\u00eancia e emerg\u00eancia os casos de acidentes e quaisquer interven\u00e7\u00f5es ocorridas durante o per\u00edodo de gesta\u00e7\u00e3o.\u00a0<\/span><\/p>\n<p><span style=\"font-weight: 400;\">E como os planos de sa\u00fade s\u00e3o prestadores de servi\u00e7os com foco em vidas, a avalia\u00e7\u00e3o da integridade f\u00edsica do paciente precisa ser priorit\u00e1ria.<\/span><\/p>\n<p>&nbsp;<\/p>\n<h4><span class=\"ez-toc-section\" id=\"Internacoes_e_cirurgias_no_prazo_de_carencia\"><\/span><b><a id=\"inter\"><\/a>Interna\u00e7\u00f5es e cirurgias no prazo de car\u00eancia<\/b><span style=\"font-weight: 400;\">\u00a0<\/span><span class=\"ez-toc-section-end\"><\/span><\/h4>\n<p><span style=\"font-weight: 400;\">J\u00e1 os casos que precisam de interna\u00e7\u00f5es, exames e cirurgia a espera \u00e9 de 180 dias, assim como as consultas gerais que t\u00eam o mesmo tempo de car\u00eancia.\u00a0<\/span><\/p>\n<p><span style=\"font-weight: 400;\">Esses prazos determinados pela ANS foram constitu\u00eddos com o foco de priorizar a vida do paciente, mas com a garantia para a operadora se organizar para a presta\u00e7\u00e3o de servi\u00e7o.\u00a0<\/span><\/p>\n<p>&nbsp;<\/p>\n<h2><span class=\"ez-toc-section\" id=\"A_carencia_nos_planos_empresariais\"><\/span><span style=\"font-weight: 400;\"><a id=\"empre\"><\/a>A car\u00eancia nos planos empresariais\u00a0<\/span><span class=\"ez-toc-section-end\"><\/span><\/h2>\n<p><span style=\"font-weight: 400;\">Entretanto, as regras de prazo citadas n\u00e3o cobrem os planos de sa\u00fade fechados antes de janeiro de 1999. Nesses casos, a lei \u00e9 espec\u00edfica e depende do modelo contratado.\u00a0<\/span><\/p>\n<p><span style=\"font-weight: 400;\">J\u00e1 no caso dos planos de sa\u00fade empresariais, algumas exce\u00e7\u00f5es s\u00e3o aplicadas. Os planos de sa\u00fade que contemplam at\u00e9 29 pessoas, a car\u00eancia, normalmente, \u00e9 cobrada normalmente.\u00a0<\/span><\/p>\n<p><span style=\"font-weight: 400;\">Por\u00e9m, para aqueles planos que ultrapassam o cadastro de 30 pessoas, as regras podem ter altera\u00e7\u00f5es. Tanto que muitas operadoras optam por liberar os funcion\u00e1rios dos planos de sa\u00fade empresariais do per\u00edodo de car\u00eancia.\u00a0<\/span><\/p>\n<p><span style=\"font-weight: 400;\">Desde que, o benefici\u00e1rio seja integrado ao plano em at\u00e9 30 dias depois do ingresso \u00e0 empresa &#8211; ou seja, no in\u00edcio das atividades trabalhistas naquela organiza\u00e7\u00e3o.<\/span><\/p>\n<p>&nbsp;<\/p>\n<h3><span class=\"ez-toc-section\" id=\"Os_planos_de_saude_por_adesao\"><\/span><span style=\"font-weight: 400;\"><a id=\"adesao\"><\/a>Os planos de sa\u00fade por ades\u00e3o\u00a0<\/span><span class=\"ez-toc-section-end\"><\/span><\/h3>\n<p><span style=\"font-weight: 400;\">Os contratos de plano de sa\u00fade por ades\u00e3o tamb\u00e9m t\u00eam regras espec\u00edficas. A solu\u00e7\u00e3o vantajosa pode gerar at\u00e9 40% de desconto no plano de sa\u00fade, em rela\u00e7\u00e3o \u00e0 compara\u00e7\u00e3o dos planos de sa\u00fade tradicionais.\u00a0<\/span><\/p>\n<p><span style=\"font-weight: 400;\">Por\u00e9m para que a car\u00eancia seja liberada, o benefici\u00e1rio precisa aderir ao contrato em at\u00e9 30 dias da celebra\u00e7\u00e3o do contrato.<\/span><\/p>\n<p>&nbsp;<\/p>\n<h2><span class=\"ez-toc-section\" id=\"Como_a_carencia_funciona_em_caso_de_gestacao\"><\/span><span style=\"font-weight: 400;\"><a id=\"gesta\"><\/a>Como a car\u00eancia funciona em caso de gesta\u00e7\u00e3o?<\/span><span class=\"ez-toc-section-end\"><\/span><\/h2>\n<p><span style=\"font-weight: 400;\">Ent\u00e3o, esses casos s\u00e3o mais complexos. Ali\u00e1s, entre as principais d\u00favidas sobre o que \u00e9 a car\u00eancia dos planos de sa\u00fade?\u00a0<\/span><\/p>\n<p><span style=\"font-weight: 400;\">As gestantes, muitas vezes, buscam saber se o parto poder\u00e1 ser coberto pelo plano de sa\u00fade.\u00a0 Al\u00e9m disso, as mulheres querem saber quais as condi\u00e7\u00f5es de atendimento de obstetr\u00edcia (com o pr\u00e9-natal) e para o rec\u00e9m-nascido.\u00a0<\/span><\/p>\n<p><span style=\"font-weight: 400;\">Para simplificar, \u00e9 preciso entender que os grupos de atendimento s\u00e3o divididos entre as mulheres que j\u00e1 tinham cobertura de atendimento contratada e aquelas que n\u00e3o t\u00eam.<\/span><\/p>\n<p>&nbsp;<\/p>\n<h3><span class=\"ez-toc-section\" id=\"Excecoes_na_carencia_para_maes\"><\/span><span style=\"font-weight: 400;\"><a id=\"maes\"><\/a>Exce\u00e7\u00f5es na car\u00eancia para m\u00e3es\u00a0<\/span><span class=\"ez-toc-section-end\"><\/span><\/h3>\n<p><span style=\"font-weight: 400;\">\u00a0<\/span><span style=\"font-weight: 400;\">No caso das futuras m\u00e3es com cobertura de obstetr\u00edcia, que j\u00e1 tinham plano de sa\u00fade contratado, t\u00eam direito ao pr\u00e9-natal e acompanhamento direcionado no parto.\u00a0<\/span><\/p>\n<p><span style=\"font-weight: 400;\">J\u00e1 os rec\u00e9m-nascidos t\u00eam cobertura garantida por at\u00e9 30 dias ap\u00f3s o nascimento. Entretanto, \u00e9 importante lembrar que essa garantia leva em considera\u00e7\u00e3o o mesmo formato de plano de sa\u00fade que a m\u00e3e est\u00e1 inserida.\u00a0<\/span><\/p>\n<p><span style=\"font-weight: 400;\">Sendo assim, no caso do contrato de cobertura restringir \u00e0 exames e consultas, por exemplo, o par\u00e2metro do beb\u00ea ser\u00e1 este.<\/span><\/p>\n<p>&nbsp;<\/p>\n<h3><span class=\"ez-toc-section\" id=\"Os_recem-nascidos_e_a_carencia\"><\/span><span style=\"font-weight: 400;\"><a id=\"recem\"><\/a>Os rec\u00e9m-nascidos e a car\u00eancia<\/span><span class=\"ez-toc-section-end\"><\/span><\/h3>\n<p><span style=\"font-weight: 400;\">Mas para aquelas mulheres que fecharem o contrato durante o per\u00edodo de gesta\u00e7\u00e3o, de acordo com a ANS, a operadora pode estipular at\u00e9 300 dias de car\u00eancia.\u00a0<\/span><\/p>\n<p><span style=\"font-weight: 400;\">Por\u00e9m, se o beb\u00ea nascer antes de forma prematura, a operadora deve cumprir com a responsabilidade de atendimento. Para isso, a m\u00e3e precisa ter passado por, pelo menos, 180 dias de car\u00eancia.\u00a0<\/span><\/p>\n<p><span style=\"font-weight: 400;\">Caso contr\u00e1rio, a obrigatoriedade fica restrita \u00e0s 12 primeiras horas de emerg\u00eancia ap\u00f3s o nascimento do beb\u00ea. No caso de ingresso como dependente no plano do pai, as condi\u00e7\u00f5es s\u00e3o as mesmas.<\/span><\/p>\n<hr \/>\n<p><span style=\"font-size: 20px;\"><strong><em><a id=\"rota\"><\/a>Consultoria especializada da Rota Seguros.<\/em><\/strong><\/span><\/p>\n<p><em><strong>Agora que voc\u00ea j\u00e1 sabe tudo sobre os par\u00e2metros de car\u00eancia, o que acha de buscar a Rota para escolher o plano de sa\u00fade ideal para a sua necessidade? <br \/>\n<\/strong><\/em><em><strong>Na Rota Seguros, voc\u00ea encontra profissionais preparados e comprometidos com a excel\u00eancia no atendimento. Entre em contato conosco e pe\u00e7a uma cota\u00e7\u00e3o de plano de sa\u00fade individual!<\/strong><\/em><\/p>\n<ul>\n<li><b>Grande BH \u2013\u00a0<\/b><strong><a href=\"tel:3132798000\"><b>(31) 3279-8000<\/b><\/a><\/strong><\/li>\n<li><strong>Divin\u00f3polis<\/strong>\u00a0\u2013\u00a0<a href=\"tel:3735113030\"><strong>(37) 3511-3030<\/strong><\/a><\/li>\n<li><b>Montes Claros \u2013\u00a0<\/b><strong><a href=\"tel:3832168249\"><b>(38) 3216-8249<\/b><\/a><\/strong><\/li>\n<li><b><\/b><strong>Nova Serrana \u2013\u00a0<a href=\"tel:3732283131\">(37) 3228-3131<\/a><\/strong><\/li>\n<li><b>Patos de Minas, Uberaba e Uberl\u00e2ndia \u2013\u00a0<\/b><strong><a href=\"tel:08009400809\"><b>0800 940 0809<\/b><\/a><\/strong><\/li>\n<li><strong>Po\u00e7os de Caldas<\/strong>\u00a0\u2013\u00a0<strong><a href=\"tel:3537132531\" target=\"_blank\" rel=\"noopener\">(35) 3713-2531<\/a><\/strong><b><\/b><\/li>\n<li><b>Pouso Alegre \u2013<a href=\"tel:353646-3334\">\u00a0(35) 3646-3334<\/a><\/b><b><\/b><\/li>\n<li><b>Vit\u00f3ria\/ES \u2013\u00a0<\/b><strong><a href=\"tel:2722333020\"><b>(27) 2233-3020<\/b><\/a><\/strong><\/li>\n<\/ul>\n","protected":false},"excerpt":{"rendered":"<p><span class=\"span-reading-time rt-reading-time\" style=\"display: block;\"><span class=\"rt-label rt-prefix\">Reading Time: <\/span> <span class=\"rt-time\"> 4<\/span> <span class=\"rt-label rt-postfix\">minutes<\/span><\/span>Entre benefici\u00e1rios e operadoras de planos de sa\u00fade existe um termo comum que \u00e9 coberto de d\u00favidas. Sabe do que estamos falando? Car\u00eancia. Mas, afinal, o que \u00e9 car\u00eancia do &#8230;<\/p>\n","protected":false},"author":2,"featured_media":12742,"comment_status":"open","ping_status":"open","sticky":false,"template":"","format":"standard","meta":{"_monsterinsights_skip_tracking":false,"_monsterinsights_sitenote_active":false,"_monsterinsights_sitenote_note":"","_monsterinsights_sitenote_category":0,"footnotes":"","_links_to":"","_links_to_target":""},"categories":[6,1,27],"tags":[694,1014,1012,1011,1013],"class_list":["post-12737","post","type-post","status-publish","format-standard","has-post-thumbnail","hentry","category-dicas","category-sem-categoria","category-plano-de-saude","tag-carencia","tag-carencia-plano-de-saude","tag-o-que-e-carencia","tag-o-que-e-carencia-do-plano-de-saude","tag-oque-e-carencia"],"_links":{"self":[{"href":"https:\/\/www.rotaseguros.com.br\/planosdesaude\/wp-json\/wp\/v2\/posts\/12737","targetHints":{"allow":["GET"]}}],"collection":[{"href":"https:\/\/www.rotaseguros.com.br\/planosdesaude\/wp-json\/wp\/v2\/posts"}],"about":[{"href":"https:\/\/www.rotaseguros.com.br\/planosdesaude\/wp-json\/wp\/v2\/types\/post"}],"author":[{"embeddable":true,"href":"https:\/\/www.rotaseguros.com.br\/planosdesaude\/wp-json\/wp\/v2\/users\/2"}],"replies":[{"embeddable":true,"href":"https:\/\/www.rotaseguros.com.br\/planosdesaude\/wp-json\/wp\/v2\/comments?post=12737"}],"version-history":[{"count":0,"href":"https:\/\/www.rotaseguros.com.br\/planosdesaude\/wp-json\/wp\/v2\/posts\/12737\/revisions"}],"wp:featuredmedia":[{"embeddable":true,"href":"https:\/\/www.rotaseguros.com.br\/planosdesaude\/wp-json\/wp\/v2\/media\/12742"}],"wp:attachment":[{"href":"https:\/\/www.rotaseguros.com.br\/planosdesaude\/wp-json\/wp\/v2\/media?parent=12737"}],"wp:term":[{"taxonomy":"category","embeddable":true,"href":"https:\/\/www.rotaseguros.com.br\/planosdesaude\/wp-json\/wp\/v2\/categories?post=12737"},{"taxonomy":"post_tag","embeddable":true,"href":"https:\/\/www.rotaseguros.com.br\/planosdesaude\/wp-json\/wp\/v2\/tags?post=12737"}],"curies":[{"name":"wp","href":"https:\/\/api.w.org\/{rel}","templated":true}]}}