{"id":1282,"date":"2016-10-18T14:43:34","date_gmt":"2016-10-18T16:43:34","guid":{"rendered":"http:\/\/www.rotaseguros.com.br\/planosdesaude\/?p=1282"},"modified":"2016-10-18T14:43:34","modified_gmt":"2016-10-18T16:43:34","slug":"divulgacao-do-projeto-saude-lojista-pela-cdl-contagem-planos-de-saude-a-partir-de-r-3990","status":"publish","type":"post","link":"https:\/\/www.rotaseguros.com.br\/planosdesaude\/divulgacao-do-projeto-saude-lojista-pela-cdl-contagem-planos-de-saude-a-partir-de-r-3990\/","title":{"rendered":"Divulga\u00e7\u00e3o do projeto Sa\u00fade Lojista pela CDL Contagem | Planos de Sa\u00fade a partir de R$ 39,90"},"content":{"rendered":"<span class=\"span-reading-time rt-reading-time\" style=\"display: block;\"><span class=\"rt-label rt-prefix\">Reading Time: <\/span> <span class=\"rt-time\"> 2<\/span> <span class=\"rt-label rt-postfix\">minutes<\/span><\/span><p>A Rota Seguros em parceria com a CDL Contagem e a Prime Benef\u00edcios, realizou a\u00e7\u00f5es para divulga\u00e7\u00e3o do projeto Sa\u00fade Lojista na feira do Eldorado, nos dias 08, 09 e 15 e outubro. \u00a0Quem passou\u00a0pelo local\u00a0pode\u00a0aferir a press\u00e3o, ganhar brindes e se informar sobre o plano de sa\u00fade oferecido pela CDL Contagem.<\/p>\n<p><strong>As pr\u00f3ximas a\u00e7\u00f5es ser\u00e3o realizadas no mesmo local, nos dias 22 e 29 de outubro.<\/strong><\/p>\n<p>Agora ficou mais f\u00e1cil contratar um plano de sa\u00fade em Contagem e Regi\u00e3o.<\/p>\n<p>Al\u00e9m dos atendimentos nas a\u00e7\u00f5es realizadas na feira do Eldorado, as pessoas interessadas em adquirir o plano de sa\u00fade poder\u00e3o comparecer \u00e0 sede da CDL Contagem de segunda \u00e0 sexta em hor\u00e1rio comercial.<\/p>\n<p>&nbsp;<\/p>\n<p><strong>Entre em contato agora mesmo:<\/strong><\/p>\n<p><strong>Telefones<\/strong>: (31) 3359-6429<\/p>\n<p><strong>WhatsApp:<\/strong> (31) 98443-8550<\/p>\n<p>&nbsp;<\/p>\n<p><strong>Plant\u00e3o de vendas na CDL Contagem:<\/strong> Rua Manuel Teixeira Camargo, 475 &#8211; Eldorado, Contagem \/ MG.<\/p>\n<p>&nbsp;<\/p>\n<p><img loading=\"lazy\" decoding=\"async\" class=\"aligncenter size-full wp-image-1285\" src=\"http:\/\/www.rotaseguros.com.br\/planosdesaude\/wp-content\/uploads\/2016\/10\/2-cont.jpg\" alt=\"2-cont\" width=\"600\" height=\"450\" srcset=\"https:\/\/www.rotaseguros.com.br\/planosdesaude\/wp-content\/uploads\/2016\/10\/2-cont.jpg 600w, https:\/\/www.rotaseguros.com.br\/planosdesaude\/wp-content\/uploads\/2016\/10\/2-cont-300x225.jpg 300w\" sizes=\"auto, (max-width: 600px) 100vw, 600px\" \/><\/p>\n<p><img loading=\"lazy\" decoding=\"async\" class=\"aligncenter size-full wp-image-1283\" src=\"http:\/\/www.rotaseguros.com.br\/planosdesaude\/wp-content\/uploads\/2016\/10\/4-cont.jpg\" alt=\"4-cont\" width=\"600\" height=\"450\" srcset=\"https:\/\/www.rotaseguros.com.br\/planosdesaude\/wp-content\/uploads\/2016\/10\/4-cont.jpg 600w, https:\/\/www.rotaseguros.com.br\/planosdesaude\/wp-content\/uploads\/2016\/10\/4-cont-300x225.jpg 300w\" sizes=\"auto, (max-width: 600px) 100vw, 600px\" \/><\/p>\n<p><img loading=\"lazy\" decoding=\"async\" class=\"aligncenter size-full wp-image-1284\" src=\"http:\/\/www.rotaseguros.com.br\/planosdesaude\/wp-content\/uploads\/2016\/10\/1-cont.jpg\" alt=\"1-cont\" width=\"600\" height=\"450\" srcset=\"https:\/\/www.rotaseguros.com.br\/planosdesaude\/wp-content\/uploads\/2016\/10\/1-cont.jpg 600w, https:\/\/www.rotaseguros.com.br\/planosdesaude\/wp-content\/uploads\/2016\/10\/1-cont-300x225.jpg 300w\" sizes=\"auto, (max-width: 600px) 100vw, 600px\" \/><\/p>\n<p><img loading=\"lazy\" decoding=\"async\" class=\"aligncenter size-full wp-image-1286\" src=\"http:\/\/www.rotaseguros.com.br\/planosdesaude\/wp-content\/uploads\/2016\/10\/3-cont.jpg\" alt=\"3-cont\" width=\"600\" height=\"800\" srcset=\"https:\/\/www.rotaseguros.com.br\/planosdesaude\/wp-content\/uploads\/2016\/10\/3-cont.jpg 600w, https:\/\/www.rotaseguros.com.br\/planosdesaude\/wp-content\/uploads\/2016\/10\/3-cont-225x300.jpg 225w\" sizes=\"auto, (max-width: 600px) 100vw, 600px\" \/><\/p>\n<p>&nbsp;<\/p>\n","protected":false},"excerpt":{"rendered":"<p><span class=\"span-reading-time rt-reading-time\" style=\"display: block;\"><span class=\"rt-label rt-prefix\">Reading Time: <\/span> <span class=\"rt-time\"> 2<\/span> <span class=\"rt-label rt-postfix\">minutes<\/span><\/span>A Rota Seguros em parceria com a CDL Contagem e a Prime Benef\u00edcios, realizou a\u00e7\u00f5es para divulga\u00e7\u00e3o do projeto Sa\u00fade Lojista na feira do Eldorado, nos dias 08, 09 e &#8230;<\/p>\n","protected":false},"author":2,"featured_media":0,"comment_status":"open","ping_status":"open","sticky":false,"template":"","format":"standard","meta":{"_monsterinsights_skip_tracking":false,"_monsterinsights_sitenote_active":false,"_monsterinsights_sitenote_note":"","_monsterinsights_sitenote_category":0,"footnotes":"","_links_to":"","_links_to_target":""},"categories":[9,240,33],"tags":[233,257,235,268],"class_list":["post-1282","post","type-post","status-publish","format-standard","hentry","category-good-life-saude","category-premium-saude","category-rota-seguros","tag-cdl-contagem","tag-plano-de-saude-39-90","tag-plano-de-saude-cdl","tag-plano-de-saude-cdl-contagem"],"_links":{"self":[{"href":"https:\/\/www.rotaseguros.com.br\/planosdesaude\/wp-json\/wp\/v2\/posts\/1282","targetHints":{"allow":["GET"]}}],"collection":[{"href":"https:\/\/www.rotaseguros.com.br\/planosdesaude\/wp-json\/wp\/v2\/posts"}],"about":[{"href":"https:\/\/www.rotaseguros.com.br\/planosdesaude\/wp-json\/wp\/v2\/types\/post"}],"author":[{"embeddable":true,"href":"https:\/\/www.rotaseguros.com.br\/planosdesaude\/wp-json\/wp\/v2\/users\/2"}],"replies":[{"embeddable":true,"href":"https:\/\/www.rotaseguros.com.br\/planosdesaude\/wp-json\/wp\/v2\/comments?post=1282"}],"version-history":[{"count":0,"href":"https:\/\/www.rotaseguros.com.br\/planosdesaude\/wp-json\/wp\/v2\/posts\/1282\/revisions"}],"wp:attachment":[{"href":"https:\/\/www.rotaseguros.com.br\/planosdesaude\/wp-json\/wp\/v2\/media?parent=1282"}],"wp:term":[{"taxonomy":"category","embeddable":true,"href":"https:\/\/www.rotaseguros.com.br\/planosdesaude\/wp-json\/wp\/v2\/categories?post=1282"},{"taxonomy":"post_tag","embeddable":true,"href":"https:\/\/www.rotaseguros.com.br\/planosdesaude\/wp-json\/wp\/v2\/tags?post=1282"}],"curies":[{"name":"wp","href":"https:\/\/api.w.org\/{rel}","templated":true}]}}