{"id":12891,"date":"2022-05-12T12:01:19","date_gmt":"2022-05-12T14:01:19","guid":{"rendered":"https:\/\/www.rotaseguros.com.br\/planosdesaude\/?p=12891"},"modified":"2022-05-13T12:05:19","modified_gmt":"2022-05-13T14:05:19","slug":"saiba-quais-sao-os-10-sinais-de-que-voce-pode-estar-com-parkinson","status":"publish","type":"post","link":"https:\/\/www.rotaseguros.com.br\/planosdesaude\/saiba-quais-sao-os-10-sinais-de-que-voce-pode-estar-com-parkinson\/","title":{"rendered":"Saiba quais s\u00e3o os 10 sinais de que voc\u00ea pode estar com Parkinson"},"content":{"rendered":"<span class=\"span-reading-time rt-reading-time\" style=\"display: block;\"><span class=\"rt-label rt-prefix\">Reading Time: <\/span> <span class=\"rt-time\"> 4<\/span> <span class=\"rt-label rt-postfix\">minutes<\/span><\/span><p><span style=\"font-weight: 400;\">O corpo humano sinaliza e revela sinais de alerta para a necessidade de cuidado. Por isso, em caso de d\u00favidas, observe. Mas para te deixar mais atento (a) \u00e0 sua sa\u00fade, criamos este conte\u00fado baseado nos <\/span><b>10 sinais de que voc\u00ea pode estar com Parkinson.\u00a0<\/b><\/p><div id=\"ez-toc-container\" class=\"ez-toc-v2_0_82_2 counter-flat ez-toc-counter ez-toc-grey ez-toc-container-direction\">\n<div class=\"ez-toc-title-container\">\n<p class=\"ez-toc-title\" style=\"cursor:inherit\">Aqui voc\u00ea encontra:<\/p>\n<span class=\"ez-toc-title-toggle\"><a href=\"#\" class=\"ez-toc-pull-right ez-toc-btn ez-toc-btn-xs ez-toc-btn-default ez-toc-toggle\" aria-label=\"Alternar tabela de conte\u00fado\"><span class=\"ez-toc-js-icon-con\"><span class=\"\"><span class=\"eztoc-hide\" style=\"display:none;\">Toggle<\/span><span class=\"ez-toc-icon-toggle-span\"><svg style=\"fill: #999;color:#999\" xmlns=\"http:\/\/www.w3.org\/2000\/svg\" class=\"list-377408\" width=\"20px\" height=\"20px\" viewBox=\"0 0 24 24\" fill=\"none\"><path d=\"M6 6H4v2h2V6zm14 0H8v2h12V6zM4 11h2v2H4v-2zm16 0H8v2h12v-2zM4 16h2v2H4v-2zm16 0H8v2h12v-2z\" fill=\"currentColor\"><\/path><\/svg><svg style=\"fill: #999;color:#999\" class=\"arrow-unsorted-368013\" xmlns=\"http:\/\/www.w3.org\/2000\/svg\" width=\"10px\" height=\"10px\" viewBox=\"0 0 24 24\" version=\"1.2\" baseProfile=\"tiny\"><path d=\"M18.2 9.3l-6.2-6.3-6.2 6.3c-.2.2-.3.4-.3.7s.1.5.3.7c.2.2.4.3.7.3h11c.3 0 .5-.1.7-.3.2-.2.3-.5.3-.7s-.1-.5-.3-.7zM5.8 14.7l6.2 6.3 6.2-6.3c.2-.2.3-.5.3-.7s-.1-.5-.3-.7c-.2-.2-.4-.3-.7-.3h-11c-.3 0-.5.1-.7.3-.2.2-.3.5-.3.7s.1.5.3.7z\"\/><\/svg><\/span><\/span><\/span><\/a><\/span><\/div>\n<nav><ul class='ez-toc-list ez-toc-list-level-1 ' ><li class='ez-toc-page-1'><a class=\"ez-toc-link ez-toc-heading-1\" href=\"https:\/\/www.rotaseguros.com.br\/planosdesaude\/saiba-quais-sao-os-10-sinais-de-que-voce-pode-estar-com-parkinson\/#O_que_e_o_mal_de_Parkinson\" >O que \u00e9 o mal de Parkinson?\u00a0<\/a><\/li><li class='ez-toc-page-1'><a class=\"ez-toc-link ez-toc-heading-2\" href=\"https:\/\/www.rotaseguros.com.br\/planosdesaude\/saiba-quais-sao-os-10-sinais-de-que-voce-pode-estar-com-parkinson\/#10_sinais_de_que_voce_pode_ter_Parkinson\" >10 sinais de que voc\u00ea pode ter Parkinson\u00a0<\/a><\/li><li class='ez-toc-page-1'><a class=\"ez-toc-link ez-toc-heading-3\" href=\"https:\/\/www.rotaseguros.com.br\/planosdesaude\/saiba-quais-sao-os-10-sinais-de-que-voce-pode-estar-com-parkinson\/#_1_Perda_do_olfato\" >\u00a0 \u00a0 1. Perda do olfato\u00a0<\/a><\/li><li class='ez-toc-page-1'><a class=\"ez-toc-link ez-toc-heading-4\" href=\"https:\/\/www.rotaseguros.com.br\/planosdesaude\/saiba-quais-sao-os-10-sinais-de-que-voce-pode-estar-com-parkinson\/#_2_Tremor\" >\u00a0 \u00a0 2. Tremor<\/a><\/li><li class='ez-toc-page-1'><a class=\"ez-toc-link ez-toc-heading-5\" href=\"https:\/\/www.rotaseguros.com.br\/planosdesaude\/saiba-quais-sao-os-10-sinais-de-que-voce-pode-estar-com-parkinson\/#_3_Letra_pequena\" >\u00a0 \u00a0 3. Letra pequena\u00a0<\/a><\/li><li class='ez-toc-page-1'><a class=\"ez-toc-link ez-toc-heading-6\" href=\"https:\/\/www.rotaseguros.com.br\/planosdesaude\/saiba-quais-sao-os-10-sinais-de-que-voce-pode-estar-com-parkinson\/#_4_Prisao_de_ventre\" >\u00a0 \u00a0 4. Pris\u00e3o de ventre<\/a><\/li><li class='ez-toc-page-1'><a class=\"ez-toc-link ez-toc-heading-7\" href=\"https:\/\/www.rotaseguros.com.br\/planosdesaude\/saiba-quais-sao-os-10-sinais-de-que-voce-pode-estar-com-parkinson\/#_5_Mudanca_no_tom_da_voz\" >\u00a0 \u00a0 5. Mudan\u00e7a no tom da voz<\/a><\/li><li class='ez-toc-page-1'><a class=\"ez-toc-link ez-toc-heading-8\" href=\"https:\/\/www.rotaseguros.com.br\/planosdesaude\/saiba-quais-sao-os-10-sinais-de-que-voce-pode-estar-com-parkinson\/#_6_Movimentos_mais_lentos\" >\u00a0 \u00a0 6. Movimentos mais lentos<\/a><\/li><li class='ez-toc-page-1'><a class=\"ez-toc-link ez-toc-heading-9\" href=\"https:\/\/www.rotaseguros.com.br\/planosdesaude\/saiba-quais-sao-os-10-sinais-de-que-voce-pode-estar-com-parkinson\/#_7_Sono_agitado\" >\u00a0 \u00a0 7. Sono agitado\u00a0<\/a><\/li><li class='ez-toc-page-1'><a class=\"ez-toc-link ez-toc-heading-10\" href=\"https:\/\/www.rotaseguros.com.br\/planosdesaude\/saiba-quais-sao-os-10-sinais-de-que-voce-pode-estar-com-parkinson\/#_8_Rosto_mascarado\" >\u00a0 \u00a0 8. Rosto mascarado<\/a><\/li><li class='ez-toc-page-1'><a class=\"ez-toc-link ez-toc-heading-11\" href=\"https:\/\/www.rotaseguros.com.br\/planosdesaude\/saiba-quais-sao-os-10-sinais-de-que-voce-pode-estar-com-parkinson\/#_9_Tonturas\" >\u00a0 \u00a0 9. Tonturas<\/a><\/li><li class='ez-toc-page-1'><a class=\"ez-toc-link ez-toc-heading-12\" href=\"https:\/\/www.rotaseguros.com.br\/planosdesaude\/saiba-quais-sao-os-10-sinais-de-que-voce-pode-estar-com-parkinson\/#_10_Postura_curvada\" >\u00a0 \u00a0 10. Postura curvada<\/a><\/li><li class='ez-toc-page-1'><a class=\"ez-toc-link ez-toc-heading-13\" href=\"https:\/\/www.rotaseguros.com.br\/planosdesaude\/saiba-quais-sao-os-10-sinais-de-que-voce-pode-estar-com-parkinson\/#Como_ter_o_diagnostico_correto\" >Como ter o diagn\u00f3stico correto?<\/a><\/li><\/ul><\/nav><\/div>\n\n<p><span style=\"font-weight: 400;\">Obviamente, a inten\u00e7\u00e3o aqui n\u00e3o \u00e9 apertar o gatilho de ansiedade ou deixar voc\u00ea desesperado (a). A nossa inten\u00e7\u00e3o \u00e9 criar um alerta geral e te lembrar da necessidade de consultas preventivas.\u00a0<\/span><\/p>\n<p><span style=\"font-weight: 400;\">Portanto, ficar atento aos pequenos gestos podem ajudar (muito) na efici\u00eancia do tratamento. Antes de partirmos para as dicas, vamos explicar mais sobre a doen\u00e7a. Isso pode te ajudar a identificar se voc\u00ea pode estar sofrendo com mal de Parkinson ou se conhece algu\u00e9m pr\u00f3ximo que pode ter a doen\u00e7a.\u00a0<\/span><\/p>\n<hr \/>\n<p><em>Fa\u00e7a seu coment\u00e1rio no final da p\u00e1gina com suas perguntas, sugest\u00f5es, elogios ou feedback para melhorar o nosso conte\u00fado. Assim voc\u00ea colabora com outras pessoas que acessarem nosso blog.<\/em><\/p>\n<hr \/>\n<ol>\n<li><a href=\"#oque\">O que \u00e9 o mal de Parkinson?<\/a><\/li>\n<li><a href=\"#sina\">10 sinais de que voc\u00ea pode ter Parkinson;<\/a><\/li>\n<li><a href=\"#como\">Como ter o diagn\u00f3stico correto?<\/a><\/li>\n<\/ol>\n<p>&nbsp;<\/p>\n<h2><span class=\"ez-toc-section\" id=\"O_que_e_o_mal_de_Parkinson\"><\/span><span style=\"font-weight: 400;\"><a id=\"oque\"><\/a>O que \u00e9 o mal de Parkinson?\u00a0<\/span><span class=\"ez-toc-section-end\"><\/span><\/h2>\n<p><span style=\"font-weight: 400;\">Trata-se de um problema neurodegenerativo progressivo. Em resumo, ela causa efeito no c\u00e9rebro com diminui\u00e7\u00e3o de neur\u00f4nios da parte negra do c\u00e9rebro em que fica a dopamina &#8211; um neurotransmissor que atua no sistema nervoso central.\u00a0<\/span><\/p>\n<p><span style=\"font-weight: 400;\">Por se tratar de uma doen\u00e7a progressiva, os efeitos ficam mais graves \u00e0 medida do tempo. Isso porque, esses neur\u00f4nios s\u00e3o respons\u00e1veis por enviar para o corpo a\u00e7\u00f5es aos m\u00fasculos, por meio da dopamina.\u00a0<\/span><\/p>\n<p><span style=\"font-weight: 400;\">Os pesquisadores e especialistas n\u00e3o sabem explicar como a doen\u00e7a surge. Mas o que se sabe \u00e9 que com o passar do tempo, a pessoa perde o controle de movimentos. J\u00e1 que o c\u00e9rebro n\u00e3o est\u00e1 diretamente conectado ao organismo.<\/span><\/p>\n<p><span style=\"font-weight: 400;\">No geral, existem uma s\u00e9rie de sinais que podem apresentar ind\u00edcios da doen\u00e7a. Elencamos <\/span><b>10 pontos de que voc\u00ea pode estar com Parkinson.\u00a0<\/b><\/p>\n<p>&nbsp;<\/p>\n<h3><span class=\"ez-toc-section\" id=\"10_sinais_de_que_voce_pode_ter_Parkinson\"><\/span><span style=\"font-weight: 400;\"><a id=\"sina\"><\/a>10 sinais de que voc\u00ea pode ter Parkinson\u00a0<\/span><span class=\"ez-toc-section-end\"><\/span><\/h3>\n<p><span style=\"font-weight: 400;\">O ideal \u00e9 que em qualquer desconfian\u00e7a de algo fora do comum no organismo, voc\u00ea procure atendimento m\u00e9dico especializado e realize um check-up completo.\u00a0<\/span><\/p>\n<h4><span class=\"ez-toc-section\" id=\"_1_Perda_do_olfato\"><\/span><span style=\"font-weight: 400;\">\u00a0 \u00a0 1. Perda do olfato\u00a0<\/span><span class=\"ez-toc-section-end\"><\/span><\/h4>\n<p><span style=\"font-weight: 400;\">Voc\u00ea teve COVID-19 ou suspeita de contamina\u00e7\u00e3o nos \u00faltimos anos? Caso a resposta seja sim, talvez esteja a\u00ed a explica\u00e7\u00e3o da sua falta de olfato, como a defini\u00e7\u00e3o de perda de paladar.\u00a0<\/span><\/p>\n<p><span style=\"font-weight: 400;\">Mas caso n\u00e3o tenha ocorrido nada diferente, \u00e9 importante entender o motivo da mudan\u00e7a repentina no seu corpo. Claro que algumas pessoas sofrem com doen\u00e7as respirat\u00f3rias e j\u00e1 convivem com as oscila\u00e7\u00f5es. Contudo, se a mudan\u00e7a foi repentina \u00e9 importante relatar ao m\u00e9dico.<\/span><\/p>\n<h4><span class=\"ez-toc-section\" id=\"_2_Tremor\"><\/span><span style=\"font-weight: 400;\">\u00a0 \u00a0 2. <\/span><span style=\"font-weight: 400;\">Tremor<\/span><span class=\"ez-toc-section-end\"><\/span><\/h4>\n<p><span style=\"font-weight: 400;\">Este, ali\u00e1s, \u00e9 um dos sintomas cl\u00e1ssicos do Parkinson. At\u00e9 porque, muitos personagens na fic\u00e7\u00e3o com a doen\u00e7a eram retratados a partir dos termos nas m\u00e3os.\u00a0<\/span><\/p>\n<p><span style=\"font-weight: 400;\">Realmente, esse \u00e9 um dos primeiros sinais da doen\u00e7a. Por\u00e9m \u00e9 importante lembrar que ele ocorre em repouso, ou seja, quando sua m\u00e3o, bra\u00e7o, perna ou outro membro estiver em estado de descanso.<\/span><\/p>\n<h4><span class=\"ez-toc-section\" id=\"_3_Letra_pequena\"><\/span><span style=\"font-weight: 400;\">\u00a0 \u00a0 3. <\/span><span style=\"font-weight: 400;\">Letra pequena\u00a0<\/span><span class=\"ez-toc-section-end\"><\/span><\/h4>\n<p><span style=\"font-weight: 400;\">De uma hora para hora a sua escrita foi modificada e sua letra passou a ser muito pequena? Segundo especialistas, esse pode ser um sinal de Parkinson. Essa mudan\u00e7a na escrita deve ser observada e relatada ao m\u00e9dico especialista.<\/span><\/p>\n<h4><span class=\"ez-toc-section\" id=\"_4_Prisao_de_ventre\"><\/span><span style=\"font-weight: 400;\">\u00a0 \u00a0 4. <\/span><span style=\"font-weight: 400;\">Pris\u00e3o de ventre<\/span><span class=\"ez-toc-section-end\"><\/span><\/h4>\n<p><span style=\"font-weight: 400;\">Nesse caso, antes de mais nada, \u00e9 indicado que voc\u00ea saiba que para ter um intestino com funcionamento ideal \u00e9 necess\u00e1rio ter alimenta\u00e7\u00e3o saud\u00e1vel (com fibras, rica em nutrientes e vitaminas), praticar atividade f\u00edsica e ingerir bastante \u00e1gua.<\/span><\/p>\n<p><span style=\"font-weight: 400;\">Caso voc\u00ea cumpra o protocolo e ainda assim o seu intestino persista em ser pregui\u00e7oso, algo n\u00e3o est\u00e1 certo com o seu corpo. E esse pode ser o sinal de Parkinson. A constipa\u00e7\u00e3o pode revelar s\u00e9rios problemas e\u00a0 deve ser descrita para o m\u00e9dico.<\/span><\/p>\n<h4><span class=\"ez-toc-section\" id=\"_5_Mudanca_no_tom_da_voz\"><\/span><span style=\"font-weight: 400;\">\u00a0 \u00a0 5. <\/span><span style=\"font-weight: 400;\">Mudan\u00e7a no tom da voz<\/span><span class=\"ez-toc-section-end\"><\/span><\/h4>\n<p><span style=\"font-weight: 400;\">A sua voz ficou mais baixa? Voc\u00ea notou que nos \u00faltimos tempos houve mudan\u00e7a na tonalidade? Em alguns momentos, voc\u00ea aparece rouco ou tem a impress\u00e3o que ningu\u00e9m te escuta? Esse tamb\u00e9m pode ser um sinal de Parkinson.<\/span><\/p>\n<p><span style=\"font-weight: 400;\">Obviamente, uma pessoa resfriada ou com problemas respirat\u00f3rios constantes j\u00e1 sofrem com essas mudan\u00e7as na voz. Contudo, caso isso esteja ocorrendo de forma repentina comunique o seu m\u00e9dico.<\/span><\/p>\n<h4><span class=\"ez-toc-section\" id=\"_6_Movimentos_mais_lentos\"><\/span><span style=\"font-weight: 400;\">\u00a0 \u00a0 6. <\/span><span style=\"font-weight: 400;\">Movimentos mais lentos<\/span><span class=\"ez-toc-section-end\"><\/span><\/h4>\n<p><span style=\"font-weight: 400;\">Alguns movimentos que antes eram simples se tornaram mais pesados? Isso pode ser um dos <\/span><b>10 sinais de que voc\u00ea pode ter Parkinson.<\/b><span style=\"font-weight: 400;\"> Caso voc\u00ea tenha observado isso ou alguma pessoa pr\u00f3xima j\u00e1 tenha falado sobre isso, procure um m\u00e9dico para um check-up.<\/span><\/p>\n<p><span style=\"font-weight: 400;\">Esse \u00e9 um dos <\/span><b>sinais claros para o diagn\u00f3stico de doen\u00e7a de Parkinson.<\/b><span style=\"font-weight: 400;\"> Caso seja diagnosticado precocemente, o paciente consegue ter mais qualidade de vida.<\/span><\/p>\n<h4><span class=\"ez-toc-section\" id=\"_7_Sono_agitado\"><\/span><span style=\"font-weight: 400;\">\u00a0 \u00a0 7. <\/span><span style=\"font-weight: 400;\">Sono agitado\u00a0<\/span><span class=\"ez-toc-section-end\"><\/span><\/h4>\n<p><span style=\"font-weight: 400;\">Pessoas com doen\u00e7a de Parkinson costumam apresentar movimentos bruscos durante o sono. Tanto que companheiros e companheiras relatam o comportamento devido ao inc\u00f4modo que causa \u00e0 noite.<\/span><\/p>\n<h4><span class=\"ez-toc-section\" id=\"_8_Rosto_mascarado\"><\/span><span style=\"font-weight: 400;\">\u00a0 \u00a0 8. <\/span><span style=\"font-weight: 400;\">Rosto mascarado<\/span><span class=\"ez-toc-section-end\"><\/span><\/h4>\n<p><span style=\"font-weight: 400;\">Essa express\u00e3o \u00e9 usada para definir pessoas com semelhantes ap\u00e1ticos, sem brilho e com pouca express\u00e3o. Essa caracter\u00edstica \u00e9 notada, geralmente, por quem est\u00e1 pr\u00f3ximo e ocorre mesmo em dias de muito bom humor.<\/span><\/p>\n<p><span style=\"font-weight: 400;\">Alguns medicamentos podem provocar isso, mas \u00e9 importante ficar atento aos sinais do corpo e manter o seu m\u00e9dico informado.<\/span><\/p>\n<h4><span class=\"ez-toc-section\" id=\"_9_Tonturas\"><\/span><span style=\"font-weight: 400;\">\u00a0 \u00a0 9. <\/span><span style=\"font-weight: 400;\">Tonturas<\/span><span class=\"ez-toc-section-end\"><\/span><\/h4>\n<p><span style=\"font-weight: 400;\">Como a doen\u00e7a afeta o sistema nervoso central, alguns pacientes relatam problemas com tonturas e desmaios. Esse sintoma pode estar relacionado a outros problemas, como press\u00e3o baixa, depress\u00e3o e at\u00e9 mesmo alimenta\u00e7\u00e3o inadequada.\u00a0<\/span><\/p>\n<p><span style=\"font-weight: 400;\">Por isso, \u00e9 ideal que tais sintomas sejam mapeados e relatados ao m\u00e9dico.<\/span><\/p>\n<h4><span class=\"ez-toc-section\" id=\"_10_Postura_curvada\"><\/span><span style=\"font-weight: 400;\">\u00a0 \u00a0 10. <\/span><span style=\"font-weight: 400;\">Postura curvada<\/span><span class=\"ez-toc-section-end\"><\/span><\/h4>\n<p><span style=\"font-weight: 400;\">Quando voc\u00ea fica em p\u00e9, h\u00e1 uma tend\u00eancia do seu corpo se manter curvado? Voc\u00ea mesmo j\u00e1 percebeu isso ou j\u00e1 foi alertado por algum familiar. Este pode ser um sinal de Parkinson. Procure um m\u00e9dico e esclare\u00e7a todas as suas d\u00favidas.\u00a0<\/span><\/p>\n<p>&nbsp;<\/p>\n<h2><span class=\"ez-toc-section\" id=\"Como_ter_o_diagnostico_correto\"><\/span><span style=\"font-weight: 400;\"><a id=\"como\"><\/a>Como ter o diagn\u00f3stico correto?<\/span><span class=\"ez-toc-section-end\"><\/span><\/h2>\n<p><span style=\"font-weight: 400;\">Realize a consulta com um neurologista e exponha suas d\u00favidas. Caso o diagn\u00f3stico seja a doen\u00e7a, n\u00e3o se desespere. Respire fundo e pense em um plano junto com o seu m\u00e9dico.<\/span><\/p>\n<p><span style=\"font-weight: 400;\">Os cuidados com equipe multidisciplinar (m\u00e9dico, terapeuta ocupacional, nutricionista, fisioterapeuta, entre outros) ajudar\u00e3o na evolu\u00e7\u00e3o do seu tratamento e no seu bem-estar, bem como contribuir\u00e3o para retardar os sintomas.<\/span><\/p>\n<p>&nbsp;<\/p>\n<hr \/>\n<p><strong>Na Roda Seguros, voc\u00ea consegue encontrar o plano de sa\u00fade ideal para a sua necessidade. Procure os consultores e realize cota\u00e7\u00e3o. O plano de sa\u00fade \u00e9 ideal para consultas preventivas e tratamentos precoces.<\/strong><\/p>\n<ul>\n<li><b>Grande BH \u2013\u00a0<\/b><strong><a href=\"tel:3132798000\"><b>(31) 3279-8000<\/b><\/a><\/strong><\/li>\n<li><strong>Divin\u00f3polis<\/strong>\u00a0\u2013\u00a0<a href=\"tel:3735113030\"><strong>(37) 3511-3030<\/strong><\/a><\/li>\n<li><b>Montes Claros \u2013\u00a0<\/b><strong><a href=\"tel:3832168249\"><b>(38) 3216-8249<\/b><\/a><\/strong><\/li>\n<li><b><\/b><strong>Nova Serrana \u2013\u00a0<a href=\"tel:3732283131\">(37) 3228-3131<\/a><\/strong><\/li>\n<li><b>Patos de Minas, Uberaba e Uberl\u00e2ndia \u2013\u00a0<\/b><strong><a href=\"tel:08009400809\"><b>0800 940 0809<\/b><\/a><\/strong><\/li>\n<li><strong>Po\u00e7os de Caldas<\/strong>\u00a0\u2013\u00a0<strong><a href=\"tel:3537132531\" target=\"_blank\" rel=\"noopener\">(35) 3713-2531<\/a><\/strong><b><\/b><\/li>\n<li><b>Pouso Alegre \u2013<a href=\"tel:353646-3334\">\u00a0(35) 3646-3334<\/a><\/b><b><\/b><\/li>\n<li><b>Vit\u00f3ria\/ES \u2013\u00a0<\/b><strong><a href=\"tel:2722333020\"><b>(27) 2233-3020<\/b><\/a><\/strong><\/li>\n<\/ul>\n","protected":false},"excerpt":{"rendered":"<p><span class=\"span-reading-time rt-reading-time\" style=\"display: block;\"><span class=\"rt-label rt-prefix\">Reading Time: <\/span> <span class=\"rt-time\"> 4<\/span> <span class=\"rt-label rt-postfix\">minutes<\/span><\/span>O corpo humano sinaliza e revela sinais de alerta para a necessidade de cuidado. Por isso, em caso de d\u00favidas, observe. Mas para te deixar mais atento (a) \u00e0 sua &#8230;<\/p>\n","protected":false},"author":2,"featured_media":12892,"comment_status":"open","ping_status":"open","sticky":false,"template":"","format":"standard","meta":{"_monsterinsights_skip_tracking":false,"_monsterinsights_sitenote_active":false,"_monsterinsights_sitenote_note":"","_monsterinsights_sitenote_category":0,"footnotes":"","_links_to":"","_links_to_target":""},"categories":[12,1005],"tags":[1074,1073,1072,1075],"class_list":["post-12891","post","type-post","status-publish","format-standard","has-post-thumbnail","hentry","category-noticias","category-saude","tag-10-sinais-de-parkinson","tag-parkinson","tag-saiba-quais-sao-os-10-sinais-de-que-voce-pode-estar-com-parkinson","tag-saiba-quais-sao-os-sinais-de-parkinson"],"_links":{"self":[{"href":"https:\/\/www.rotaseguros.com.br\/planosdesaude\/wp-json\/wp\/v2\/posts\/12891","targetHints":{"allow":["GET"]}}],"collection":[{"href":"https:\/\/www.rotaseguros.com.br\/planosdesaude\/wp-json\/wp\/v2\/posts"}],"about":[{"href":"https:\/\/www.rotaseguros.com.br\/planosdesaude\/wp-json\/wp\/v2\/types\/post"}],"author":[{"embeddable":true,"href":"https:\/\/www.rotaseguros.com.br\/planosdesaude\/wp-json\/wp\/v2\/users\/2"}],"replies":[{"embeddable":true,"href":"https:\/\/www.rotaseguros.com.br\/planosdesaude\/wp-json\/wp\/v2\/comments?post=12891"}],"version-history":[{"count":0,"href":"https:\/\/www.rotaseguros.com.br\/planosdesaude\/wp-json\/wp\/v2\/posts\/12891\/revisions"}],"wp:featuredmedia":[{"embeddable":true,"href":"https:\/\/www.rotaseguros.com.br\/planosdesaude\/wp-json\/wp\/v2\/media\/12892"}],"wp:attachment":[{"href":"https:\/\/www.rotaseguros.com.br\/planosdesaude\/wp-json\/wp\/v2\/media?parent=12891"}],"wp:term":[{"taxonomy":"category","embeddable":true,"href":"https:\/\/www.rotaseguros.com.br\/planosdesaude\/wp-json\/wp\/v2\/categories?post=12891"},{"taxonomy":"post_tag","embeddable":true,"href":"https:\/\/www.rotaseguros.com.br\/planosdesaude\/wp-json\/wp\/v2\/tags?post=12891"}],"curies":[{"name":"wp","href":"https:\/\/api.w.org\/{rel}","templated":true}]}}