{"id":1306,"date":"2016-10-31T14:30:35","date_gmt":"2016-10-31T16:30:35","guid":{"rendered":"http:\/\/www.rotaseguros.com.br\/planosdesaude\/?p=1306"},"modified":"2016-10-31T14:34:01","modified_gmt":"2016-10-31T16:34:01","slug":"8a-copa-cdl-o-tempo-betim-de-kart-cdl-betim-e-rota-seguros","status":"publish","type":"post","link":"https:\/\/www.rotaseguros.com.br\/planosdesaude\/8a-copa-cdl-o-tempo-betim-de-kart-cdl-betim-e-rota-seguros\/","title":{"rendered":"8\u00aa Copa CDL O Tempo Betim de Kart | CDL Betim e Rota Seguros"},"content":{"rendered":"<span class=\"span-reading-time rt-reading-time\" style=\"display: block;\"><span class=\"rt-label rt-prefix\">Reading Time: <\/span> <span class=\"rt-time\"> 2<\/span> <span class=\"rt-label rt-postfix\">minutes<\/span><\/span><p>Neste \u00faltimo s\u00e1bado, dia 29\/10\/2016, a Rota Seguros participou da final da \u00a0<strong>8\u00aa Copa CDL O Tempo Betim de Kart<\/strong>, sendo convidada para promover o produto Sa\u00fade Lojista\/CDL Betim em parceria com a Prime Benef\u00edcios.<\/p>\n<p>A divulga\u00e7\u00e3o foi um sucesso, sendo feito trabalho de panfletagem, com distribui\u00e7\u00e3o de \u00e1gua mineral gratuitamente e orienta\u00e7\u00f5es sobre o Plano de Sa\u00fade. Houve grande intera\u00e7\u00e3o do p\u00fablico presente, devido \u00e0s condi\u00e7\u00f5es comerciais dos Planos de Sa\u00fade do projeto Sa\u00fade Lojista da CDL Betim.<\/p>\n<p>Em breve ser\u00e3o promovidos outros eventos em parceria com a CDL Betim, Prime Benef\u00edcios, Premium Sa\u00fade e Good Life.<\/p>\n<p>Considerando a atual situa\u00e7\u00e3o econ\u00f4mica do pa\u00eds, o produto Sa\u00fade Lojista da CDL Betim chegou no momento certo, sendo oferecidos planos de sa\u00fade mais baratos para a popula\u00e7\u00e3o de Betim e Regi\u00e3o. O Plano de Sa\u00fade poder\u00e1 ser contratado por meio de conv\u00eanio firmado pela CDL Betim, com valores a partir de R$39,90 (0 a 58 anos), n\u00e3o sendo necess\u00e1rio o faturamento utilizano um CNPJ (veja condi\u00e7\u00f5es com um dos nossos consultores).<\/p>\n<p>N\u00e3o deixe de nos consultar antes de contratar o plano de sa\u00fade da sua fam\u00edlia e\/ou empresa.<\/p>\n<p>As pessoas ou empresas interessadas poder\u00e3o se dirigir a sede da CDL Betim, entrar em contato pelo telefone, WhatsApp ou e-mail.<\/p>\n<p>Seguem os contatos:<\/p>\n<p>Telefone: <strong>(31)<span class=\"telefone\"> 3991-6366<\/span><\/strong><\/p>\n<p>WhatsApp: <strong>(31) 98451-7903<\/strong><\/p>\n<p>Email: <strong>cdlbetim@rotaseguros.com.br<\/strong><\/p>\n<p>Endere\u00e7o da CDL Betim: Rua Vic\u00eancia Maria de Jesus, 375 &#8211; Jardim Cidade, Betim \/ MG<\/p>\n<p><img loading=\"lazy\" decoding=\"async\" class=\"aligncenter size-full wp-image-1308\" src=\"http:\/\/www.rotaseguros.com.br\/planosdesaude\/wp-content\/uploads\/2016\/10\/blog.jpg\" alt=\"blog\" width=\"600\" height=\"450\" srcset=\"https:\/\/www.rotaseguros.com.br\/planosdesaude\/wp-content\/uploads\/2016\/10\/blog.jpg 600w, https:\/\/www.rotaseguros.com.br\/planosdesaude\/wp-content\/uploads\/2016\/10\/blog-300x225.jpg 300w\" sizes=\"auto, (max-width: 600px) 100vw, 600px\" \/><\/p>\n<p><img loading=\"lazy\" decoding=\"async\" class=\"aligncenter size-full wp-image-1309\" src=\"http:\/\/www.rotaseguros.com.br\/planosdesaude\/wp-content\/uploads\/2016\/10\/blo2.jpg\" alt=\"blo2\" width=\"600\" height=\"322\" srcset=\"https:\/\/www.rotaseguros.com.br\/planosdesaude\/wp-content\/uploads\/2016\/10\/blo2.jpg 600w, https:\/\/www.rotaseguros.com.br\/planosdesaude\/wp-content\/uploads\/2016\/10\/blo2-300x161.jpg 300w\" sizes=\"auto, (max-width: 600px) 100vw, 600px\" \/><\/p>\n<p><img loading=\"lazy\" decoding=\"async\" class=\"aligncenter size-full wp-image-1310\" src=\"http:\/\/www.rotaseguros.com.br\/planosdesaude\/wp-content\/uploads\/2016\/10\/blog1.jpg\" alt=\"blog1\" width=\"600\" height=\"450\" srcset=\"https:\/\/www.rotaseguros.com.br\/planosdesaude\/wp-content\/uploads\/2016\/10\/blog1.jpg 600w, https:\/\/www.rotaseguros.com.br\/planosdesaude\/wp-content\/uploads\/2016\/10\/blog1-300x225.jpg 300w\" sizes=\"auto, (max-width: 600px) 100vw, 600px\" \/><\/p>\n","protected":false},"excerpt":{"rendered":"<p><span class=\"span-reading-time rt-reading-time\" style=\"display: block;\"><span class=\"rt-label rt-prefix\">Reading Time: <\/span> <span class=\"rt-time\"> 2<\/span> <span class=\"rt-label rt-postfix\">minutes<\/span><\/span>Neste \u00faltimo s\u00e1bado, dia 29\/10\/2016, a Rota Seguros participou da final da \u00a08\u00aa Copa CDL O Tempo Betim de Kart, sendo convidada para promover o produto Sa\u00fade Lojista\/CDL Betim em &#8230;<\/p>\n","protected":false},"author":2,"featured_media":0,"comment_status":"open","ping_status":"open","sticky":false,"template":"","format":"standard","meta":{"_monsterinsights_skip_tracking":false,"_monsterinsights_sitenote_active":false,"_monsterinsights_sitenote_note":"","_monsterinsights_sitenote_category":0,"footnotes":"","_links_to":"","_links_to_target":""},"categories":[33],"tags":[262,257,258,293],"class_list":["post-1306","post","type-post","status-publish","format-standard","hentry","category-rota-seguros","tag-cdl-betim","tag-plano-de-saude-39-90","tag-plano-de-saude-cdl-betim","tag-plano-de-saude-cdl-betim-39-90"],"_links":{"self":[{"href":"https:\/\/www.rotaseguros.com.br\/planosdesaude\/wp-json\/wp\/v2\/posts\/1306","targetHints":{"allow":["GET"]}}],"collection":[{"href":"https:\/\/www.rotaseguros.com.br\/planosdesaude\/wp-json\/wp\/v2\/posts"}],"about":[{"href":"https:\/\/www.rotaseguros.com.br\/planosdesaude\/wp-json\/wp\/v2\/types\/post"}],"author":[{"embeddable":true,"href":"https:\/\/www.rotaseguros.com.br\/planosdesaude\/wp-json\/wp\/v2\/users\/2"}],"replies":[{"embeddable":true,"href":"https:\/\/www.rotaseguros.com.br\/planosdesaude\/wp-json\/wp\/v2\/comments?post=1306"}],"version-history":[{"count":0,"href":"https:\/\/www.rotaseguros.com.br\/planosdesaude\/wp-json\/wp\/v2\/posts\/1306\/revisions"}],"wp:attachment":[{"href":"https:\/\/www.rotaseguros.com.br\/planosdesaude\/wp-json\/wp\/v2\/media?parent=1306"}],"wp:term":[{"taxonomy":"category","embeddable":true,"href":"https:\/\/www.rotaseguros.com.br\/planosdesaude\/wp-json\/wp\/v2\/categories?post=1306"},{"taxonomy":"post_tag","embeddable":true,"href":"https:\/\/www.rotaseguros.com.br\/planosdesaude\/wp-json\/wp\/v2\/tags?post=1306"}],"curies":[{"name":"wp","href":"https:\/\/api.w.org\/{rel}","templated":true}]}}