{"id":13126,"date":"2022-06-28T14:28:38","date_gmt":"2022-06-28T16:28:38","guid":{"rendered":"https:\/\/www.rotaseguros.com.br\/planosdesaude\/?p=13126"},"modified":"2024-05-03T15:35:36","modified_gmt":"2024-05-03T17:35:36","slug":"70-planos-de-saude-tem-a-comercializacao-suspensa-pela-ans","status":"publish","type":"post","link":"https:\/\/www.rotaseguros.com.br\/planosdesaude\/70-planos-de-saude-tem-a-comercializacao-suspensa-pela-ans\/","title":{"rendered":"70 planos de sa\u00fade t\u00eam a comercializa\u00e7\u00e3o suspensa pela ANS"},"content":{"rendered":"<span class=\"span-reading-time rt-reading-time\" style=\"display: block;\"><span class=\"rt-label rt-prefix\">Reading Time: <\/span> <span class=\"rt-time\"> 2<\/span> <span class=\"rt-label rt-postfix\">minutes<\/span><\/span><p>A Lista de planos de sa\u00fade que ter\u00e3o a venda temporariamente suspensa devido a reclama\u00e7\u00f5es relacionadas a cobertura assistencial foi divulgada nesta segunda-feira (27\/06) pela ANS. A medida faz parte do Monitoramento da Garantia de Atendimento, que acompanha regularmente o desempenho do setor e atua na prote\u00e7\u00e3o dos consumidores.<br \/>\n\u00a0Em que ficou determinado que <strong>70 planos de sa\u00fade t\u00eam a comercializa\u00e7\u00e3o suspensa pela ANS, <\/strong>al\u00e9m de 8 operadoras, devido a reclama\u00e7\u00f5es efetuadas no primeiro trimestre.<\/p>\n<p>Com validade a partir de quinta-feira, 30\/06, onde os planos s\u00f3 poder\u00e3o voltar a ser comercializados para novos clientes se as operadoras apresentarem melhorias nos pontos monitorados, ser\u00e3o 1.453.044 de benefici\u00e1rios resguardados por essa medida.<\/p>\n<p>Tamb\u00e9m \u00e9 divulgado a lista de planos que retornam \u00e0 comercializa\u00e7\u00e3o, pois apresentaram as melhorias pontuadas, veja o resultado desse ciclo:<\/p>\n<ul>\n<li>70 planos com comercializa\u00e7\u00e3o suspensa;<\/li>\n<li>4 planos com a comercializa\u00e7\u00e3o liberada;<\/li>\n<li>453.044 benefici\u00e1rios protegidos;<\/li>\n<li>512 Total de reclama\u00e7\u00f5es analisadas no per\u00edodo de 01\/01\/2022 a 31\/03\/2022.<\/li>\n<\/ul>\n<p>&nbsp;<\/p>\n<p><strong>O que \u00e9 o monitoramento da garantia de atendimento?<\/strong><\/p>\n<p>Periodicamente a ANS faz o acompanhamento do acesso dos benefici\u00e1rios as coberturas contratadas, avaliando as reclama\u00e7\u00f5es recebidas que se referem ao descumprimento dos prazos m\u00e1ximos para realiza\u00e7\u00e3o de consultas, exames e cirurgias ou negativa de cobertura assistencial.<\/p>\n<p>Classificando as operadoras em faixas, facilitando uma an\u00e1lise comparativa entre elas, gerando a suspens\u00e3o da comercializa\u00e7\u00e3o dos planos que tiveram maior n\u00famero de reclama\u00e7\u00f5es.<\/p>\n<p>Se uma operadora possui um produto com a comercializa\u00e7\u00e3o suspensa devido ao monitoramento da garantia de atendimento, ela n\u00e3o pode registar nenhum novo plano que seja similar e nem receber novos benefici\u00e1rios ao plano que estiverem na lista de suspens\u00e3o, com exce\u00e7\u00e3o de novo c\u00f4njuge ou filho e de ex-empregados demitidos ou aposentados.<\/p>\n<p>A avalia\u00e7\u00e3o \u00e9 realizada trimestralmente e aqueles que apresentarem as melhorias solicitadas t\u00eam a sua comercializa\u00e7\u00e3o autorizada, desde que n\u00e3o estejam interrompidas por outros motivos.<\/p>\n<p>&nbsp;<\/p>\n<p>\u00a0<strong>Veja a lista de planos suspensos e os que retomaram a comercializa\u00e7\u00e3o nos links abaixo:<\/strong><\/p>\n<p><a href=\"https:\/\/www.gov.br\/pt-br\" target=\"_blank\" rel=\"noopener\">Planos com comercializa\u00e7\u00e3o suspensa<\/a><\/p>\n<p><a href=\"https:\/\/www.gov.br\/pt-br\" target=\"_blank\" rel=\"noopener\">Planos reativados<\/a><\/p>\n<p><a href=\"https:\/\/www.gov.br\/pt-br\" target=\"_blank\" rel=\"noopener\">Planos que j\u00e1 estavam suspensos por outros motivos e que tamb\u00e9m foram suspensos\u00a0pelo monitoramento da garantia de atendimento<\/a><\/p>\n<p><a href=\"https:\/\/www.gov.br\/pt-br\" target=\"_blank\" rel=\"noopener\">Planos liberados pelo monitoramento da garantia de atendimento mas que continuam\u00a0suspensos por outros motivos<\/a>.<\/p>\n","protected":false},"excerpt":{"rendered":"<p><span class=\"span-reading-time rt-reading-time\" style=\"display: block;\"><span class=\"rt-label rt-prefix\">Reading Time: <\/span> <span class=\"rt-time\"> 2<\/span> <span class=\"rt-label rt-postfix\">minutes<\/span><\/span>A Lista de planos de sa\u00fade que ter\u00e3o a venda temporariamente suspensa devido a reclama\u00e7\u00f5es relacionadas a cobertura assistencial foi divulgada nesta segunda-feira (27\/06) pela ANS. A medida faz parte &#8230;<\/p>\n","protected":false},"author":2,"featured_media":13127,"comment_status":"open","ping_status":"open","sticky":false,"template":"","format":"standard","meta":{"_monsterinsights_skip_tracking":false,"_monsterinsights_sitenote_active":false,"_monsterinsights_sitenote_note":"","_monsterinsights_sitenote_category":0,"footnotes":"","_links_to":"","_links_to_target":""},"categories":[13,27],"tags":[1133,41,523,1132],"class_list":["post-13126","post","type-post","status-publish","format-standard","has-post-thumbnail","hentry","category-noticias-ans","category-plano-de-saude","tag-operadoras-de-planos-de-saude","tag-planos-de-saude","tag-regras-ans","tag-suspensao-de-planos-de-saude"],"_links":{"self":[{"href":"https:\/\/www.rotaseguros.com.br\/planosdesaude\/wp-json\/wp\/v2\/posts\/13126","targetHints":{"allow":["GET"]}}],"collection":[{"href":"https:\/\/www.rotaseguros.com.br\/planosdesaude\/wp-json\/wp\/v2\/posts"}],"about":[{"href":"https:\/\/www.rotaseguros.com.br\/planosdesaude\/wp-json\/wp\/v2\/types\/post"}],"author":[{"embeddable":true,"href":"https:\/\/www.rotaseguros.com.br\/planosdesaude\/wp-json\/wp\/v2\/users\/2"}],"replies":[{"embeddable":true,"href":"https:\/\/www.rotaseguros.com.br\/planosdesaude\/wp-json\/wp\/v2\/comments?post=13126"}],"version-history":[{"count":0,"href":"https:\/\/www.rotaseguros.com.br\/planosdesaude\/wp-json\/wp\/v2\/posts\/13126\/revisions"}],"wp:featuredmedia":[{"embeddable":true,"href":"https:\/\/www.rotaseguros.com.br\/planosdesaude\/wp-json\/wp\/v2\/media\/13127"}],"wp:attachment":[{"href":"https:\/\/www.rotaseguros.com.br\/planosdesaude\/wp-json\/wp\/v2\/media?parent=13126"}],"wp:term":[{"taxonomy":"category","embeddable":true,"href":"https:\/\/www.rotaseguros.com.br\/planosdesaude\/wp-json\/wp\/v2\/categories?post=13126"},{"taxonomy":"post_tag","embeddable":true,"href":"https:\/\/www.rotaseguros.com.br\/planosdesaude\/wp-json\/wp\/v2\/tags?post=13126"}],"curies":[{"name":"wp","href":"https:\/\/api.w.org\/{rel}","templated":true}]}}