{"id":13129,"date":"2022-06-30T11:52:38","date_gmt":"2022-06-30T13:52:38","guid":{"rendered":"https:\/\/www.rotaseguros.com.br\/planosdesaude\/?p=13129"},"modified":"2022-06-30T11:52:38","modified_gmt":"2022-06-30T13:52:38","slug":"como-baixar-a-febre-alta-em-bebes-e-criancas","status":"publish","type":"post","link":"https:\/\/www.rotaseguros.com.br\/planosdesaude\/como-baixar-a-febre-alta-em-bebes-e-criancas\/","title":{"rendered":"Como baixar a febre alta em beb\u00eas e crian\u00e7as"},"content":{"rendered":"<span class=\"span-reading-time rt-reading-time\" style=\"display: block;\"><span class=\"rt-label rt-prefix\">Reading Time: <\/span> <span class=\"rt-time\"> 4<\/span> <span class=\"rt-label rt-postfix\">minutes<\/span><\/span><p><span style=\"font-weight: 400;\">\u00a0\u00a0A temperatura alterada dos pequenos \u00e9 um motivo de aten\u00e7\u00e3o para m\u00e3es, pais e cuidadores em geral. Desse modo, quando o term\u00f4metro mostra que as m\u00e3os quentes s\u00e3o sinais de febre, muitas pessoas se desesperam. Afinal, <strong>como baixar a febre alta em beb\u00eas e crian\u00e7as?<\/strong><\/span><\/p>\n<p><span style=\"font-weight: 400;\">Entre os mais velhos, existem uma s\u00e9rie de conselhos \u2014 Alguns ajudam, outros nem tanto! \u2014 que garantem ser \u00f3timos para baixar a febre, m<\/span><span style=\"font-weight: 400;\">as, o que realmente pode ser feito nesses casos?<br \/>\n<\/span><span style=\"font-weight: 400;\">Deve esperar a febre baixar? Quando ir ao m\u00e9dico?\u00a0<br \/>\n<\/span><span style=\"font-weight: 400;\">E como baixar a febre alta em beb\u00eas e crian\u00e7as?<\/span><\/p>\n<p><span style=\"font-weight: 400;\">As d\u00favidas s\u00e3o recorrentes, principalmente em pais de primeira viagem. <br \/>\n<\/span><span style=\"font-weight: 400;\">Mas antes de se desesperar e procurar atendimento em hospitais lotados \u00e9 importante acompanhar o estado da crian\u00e7a. J\u00e1 que s\u00f3 \u00e9 considerada febre temperaturas maiores a 37,5\u00ba.\u00a0<\/span><\/p>\n<p><span style=\"font-weight: 400;\">Sendo assim, caso a crian\u00e7a esteja com a cabecinha quente e o term\u00f4metro acusar temperatura abaixo de 37,5\u00ba, a dica \u00e9 esperar. <br \/>\nAt\u00e9 porque, o corpo mais quentinho pode ser devido \u00e0 quantidade de roupa, calor excessivo, rea\u00e7\u00e3o \u00e0 vacina ou, at\u00e9 mesmo, nascimento de dentes.<\/span><\/p>\n<hr \/>\n<p><strong><a href=\"#cuidado\">Os cuidados com crian\u00e7as e beb\u00eas no inverno<\/a><br \/>\n<a href=\"#dica\">Dicas de como baixar a febre alta em beb\u00eas e crian\u00e7as<\/a><br \/>\n<a href=\"#cuide\">Cuide da febre da crian\u00e7a ou beb\u00ea em casa<\/a><br \/>\n<a href=\"#sinais\">Os sinais de febre que merece aten\u00e7\u00e3o<\/a><br \/>\n<a href=\"#atendimento\">Atendimento especializado e aux\u00edlio do pediatra<\/a><\/strong><\/p>\n<hr \/>\n<p><img loading=\"lazy\" decoding=\"async\" class=\" wp-image-13156 alignnone\" src=\"https:\/\/www.rotaseguros.com.br\/planosdesaude\/wp-content\/uploads\/2022\/06\/Blog-3-300x75.png\" alt=\"manter o bebe aquecido\" width=\"856\" height=\"214\" srcset=\"https:\/\/www.rotaseguros.com.br\/planosdesaude\/wp-content\/uploads\/2022\/06\/Blog-3-300x75.png 300w, https:\/\/www.rotaseguros.com.br\/planosdesaude\/wp-content\/uploads\/2022\/06\/Blog-3-1024x256.png 1024w, https:\/\/www.rotaseguros.com.br\/planosdesaude\/wp-content\/uploads\/2022\/06\/Blog-3-768x192.png 768w, https:\/\/www.rotaseguros.com.br\/planosdesaude\/wp-content\/uploads\/2022\/06\/Blog-3-980x245.png 980w, https:\/\/www.rotaseguros.com.br\/planosdesaude\/wp-content\/uploads\/2022\/06\/Blog-3-480x120.png 480w, https:\/\/www.rotaseguros.com.br\/planosdesaude\/wp-content\/uploads\/2022\/06\/Blog-3.png 1080w\" sizes=\"auto, (max-width: 856px) 100vw, 856px\" \/><\/p>\n<p>&nbsp;<\/p>\n<p><strong><a id=\"cuidado\"><\/a>Os cuidados com crian\u00e7as e beb\u00eas no inverno<\/strong><\/p>\n<p><span style=\"font-weight: 400;\">No inverno, inclusive, o nen\u00ea pode ficar mais quieto e chorar por qualquer motivo. Tenha paci\u00eancia e ofere\u00e7a carinho para ele vencer essa etapa. J\u00e1 que nessa fase \u00e9 comum que as crian\u00e7as tenham oscila\u00e7\u00f5es de temperatura e fiquem mais doentes.<\/span><\/p>\n<p><span style=\"font-weight: 400;\">Al\u00e9m disso, a esta\u00e7\u00e3o \u00e9 uma \u00e9poca com alta incid\u00eancia de v\u00edrus. Assim, os casos de crian\u00e7as com febres e doen\u00e7as virais t\u00eam crescimento alto, bem como os hospitais mais lotados. Tanto que, segundo os especialistas, o ideal \u00e9 tentar n\u00e3o se desesperar e correr para hospitais.\u00a0<\/span><\/p>\n<p><strong><a id=\"dica\"><\/a>Dicas de como baixar a febre alta em beb\u00eas e crian\u00e7as<\/strong><\/p>\n<p>\n<span style=\"font-weight: 400;\">Por isso, saber como baixar a febre alta em beb\u00eas e crian\u00e7as \u00e9 essencial para que os pais e cuidadores saibam o que fazer. Uma dica de ouro e que precisa ser levada em considera\u00e7\u00e3o \u00e9 em rela\u00e7\u00e3o ao banho.<br \/>\nQuem nunca ouviu a av\u00f3 indicar um banho de banheira morno para ajudar a conter a temperatura?<\/span><br \/>\n<span style=\"font-weight: 400;\">\u00c9 ideal que esse banho tenha em m\u00e9dia 36\u202f\u00b0C at\u00e9 a temperatura da crian\u00e7a se normalizar. Al\u00e9m disso, a orienta\u00e7\u00e3o de usar uma toalhinha molhada na testa, nas axilas ou na nuca tamb\u00e9m ajuda muito a diminuir a febre e traz tranquilidade para casa.<\/span><\/p>\n<p><span style=\"font-weight: 400;\">O grande problema da alta da temperatura est\u00e1 ligado a poss\u00edveis infec\u00e7\u00f5es. <br \/>\nDesse modo, caso a crian\u00e7a n\u00e3o tenha sido vacinada ou n\u00e3o esteja na etapa de nascimento dos dentes, a febre pode ser sinal que algo n\u00e3o est\u00e1 indo muito bem.<\/span><\/p>\n<p><span style=\"font-weight: 400;\">Ent\u00e3o, assim que a febre for detectada, o importante \u00e9 tirar a roupa da crian\u00e7a. <br \/>\nNada de deixar crian\u00e7as excessivamente quentes ou protegidas por cobertores. Isso aumenta a temperatura do corpo e, com isso, ocorre o estado de febre mais alta.<\/span><\/p>\n<p><img loading=\"lazy\" decoding=\"async\" class=\" wp-image-13150 alignnone\" src=\"https:\/\/www.rotaseguros.com.br\/planosdesaude\/wp-content\/uploads\/2022\/06\/Blog-1-1-300x75.png\" alt=\"Como baixar a febre em bebes e crian\u00e7as \" width=\"848\" height=\"212\" srcset=\"https:\/\/www.rotaseguros.com.br\/planosdesaude\/wp-content\/uploads\/2022\/06\/Blog-1-1-300x75.png 300w, https:\/\/www.rotaseguros.com.br\/planosdesaude\/wp-content\/uploads\/2022\/06\/Blog-1-1-1024x256.png 1024w, https:\/\/www.rotaseguros.com.br\/planosdesaude\/wp-content\/uploads\/2022\/06\/Blog-1-1-768x192.png 768w, https:\/\/www.rotaseguros.com.br\/planosdesaude\/wp-content\/uploads\/2022\/06\/Blog-1-1-980x245.png 980w, https:\/\/www.rotaseguros.com.br\/planosdesaude\/wp-content\/uploads\/2022\/06\/Blog-1-1-480x120.png 480w, https:\/\/www.rotaseguros.com.br\/planosdesaude\/wp-content\/uploads\/2022\/06\/Blog-1-1.png 1080w\" sizes=\"auto, (max-width: 848px) 100vw, 848px\" \/><\/p>\n<p>&nbsp;<\/p>\n<p>\n<strong><a id=\"cuide\"><\/a>Cuide da febre da crian\u00e7a ou beb\u00ea em casa<\/strong><\/p>\n<p><span style=\"font-weight: 400;\">Outra regra que deve ser lembrada quando a d\u00favida for como baixar a febre alta em beb\u00eas e crian\u00e7as \u00e9 exagerar nos l\u00edquidos. <br \/>\nTenha sempre em m\u00e3os muita \u00e1gua, sucos naturais e possibilidades de hidrata\u00e7\u00e3o. Isso ajudar\u00e1 diretamente na diminui\u00e7\u00e3o da febre.\u00a0<\/span><\/p>\n<p><span style=\"font-weight: 400;\">Mas lembre-se de respeitar a crian\u00e7a. Dessa forma, caso ela n\u00e3o tenha fome, n\u00e3o insista ou ameace. <br \/>\n<\/span><span style=\"font-weight: 400;\">At\u00e9 porque, voc\u00ea nunca ter\u00e1 a mesma atitude com um adulto. Portanto, pense que o menor \u00e9 um ser humano e tem vontades. <br \/>\nE para amenizar os danos, <strong>ofere\u00e7a sempre l\u00edquido para que n\u00e3o haja desidrata\u00e7\u00e3o.<\/strong><\/span><\/p>\n<p><span style=\"font-weight: 400;\">Em rela\u00e7\u00e3o aos rem\u00e9dios, sempre \u00e9 indicado ter uma orienta\u00e7\u00e3o do pediatra. <br \/>\nEvite automedica\u00e7\u00e3o e tente enviar uma mensagem ao m\u00e9dico de confian\u00e7a. Isso te far\u00e1 ter confian\u00e7a quanto ao tratamento e quais os cuidados necess\u00e1rios com a crian\u00e7a.<\/span><\/p>\n<p><span style=\"font-weight: 400;\">A dose do rem\u00e9dio acompanha o peso da crian\u00e7a. Sendo que em caso de inflama\u00e7\u00f5es, o antit\u00e9rmico pode ser combinado com anti-inflamat\u00f3rios. Contudo, se o nen\u00ea tiver menos de 3 meses de vida, o indicado \u00e9 procurar imediatamente um pronto-socorro.\u00a0<\/span><\/p>\n<p>&nbsp;<\/p>\n<p><strong><a id=\"sinais\"><\/a>Os sinais de febre que merece aten\u00e7\u00e3o<\/strong><\/p>\n<p><span style=\"font-weight: 400;\">Caso a febre da crian\u00e7a ultrapasse 38\u202f\u00b0C e chegue a 39,5\u202f\u00b0C para checar que n\u00e3o seja uma infec\u00e7\u00e3o bacteriana, caso a crian\u00e7a esteja dormindo demais e mostrando irritabilidade quando estiver acordada, o ideal \u00e9 que voc\u00ea busque o aux\u00edlio m\u00e9dico. <br \/>\nExistem alguns sinais que merecem aten\u00e7\u00e3o em rela\u00e7\u00e3o \u00e0 febre,saiba quais s\u00e3o:<\/span><\/p>\n<ul>\n<li><span style=\"font-weight: 400;\">Recusa de l\u00edquido e de mamadeira.<\/span><\/li>\n<li><span style=\"font-weight: 400;\">Manchas na pele.<\/span><\/li>\n<li><span style=\"font-weight: 400;\">Beb\u00ea com choro constante e\/ou gemendo.<\/span><\/li>\n<li><span style=\"font-weight: 400;\">Beb\u00ea chorando sem muita rea\u00e7\u00e3o.<\/span><\/li>\n<li><span style=\"font-weight: 400;\">Dificuldade para respirar.<\/span><\/li>\n<li><span style=\"font-weight: 400;\">Respira\u00e7\u00e3o muito forte que pode afundar a barriguinha.<\/span><\/li>\n<li><span style=\"font-weight: 400;\">Sinais de desidrata\u00e7\u00e3o, como boca seca.<\/span><\/li>\n<li><span style=\"font-weight: 400;\">Beb\u00ea ap\u00e1tico demais, sem caminhar ou andar.<\/span><\/li>\n<\/ul>\n<p>&nbsp;<\/p>\n<p><span style=\"font-weight: 400;\">Caso a febre aumente e o beb\u00ea tenha convuls\u00e3o, tenha calma. Deite ao lado da crian\u00e7a e retire bicos. A crise dura aproximadamente 20 segundos. Mas se persistir por mais de dois minutos, procure o pronto-socorro imediatamente.<\/span><\/p>\n<p><img loading=\"lazy\" decoding=\"async\" class=\" wp-image-13151 alignnone\" src=\"https:\/\/www.rotaseguros.com.br\/planosdesaude\/wp-content\/uploads\/2022\/06\/Blog-2-300x75.png\" alt=\"O que fazer para baixar a febre \" width=\"852\" height=\"213\" srcset=\"https:\/\/www.rotaseguros.com.br\/planosdesaude\/wp-content\/uploads\/2022\/06\/Blog-2-300x75.png 300w, https:\/\/www.rotaseguros.com.br\/planosdesaude\/wp-content\/uploads\/2022\/06\/Blog-2-1024x256.png 1024w, https:\/\/www.rotaseguros.com.br\/planosdesaude\/wp-content\/uploads\/2022\/06\/Blog-2-768x192.png 768w, https:\/\/www.rotaseguros.com.br\/planosdesaude\/wp-content\/uploads\/2022\/06\/Blog-2-980x245.png 980w, https:\/\/www.rotaseguros.com.br\/planosdesaude\/wp-content\/uploads\/2022\/06\/Blog-2-480x120.png 480w, https:\/\/www.rotaseguros.com.br\/planosdesaude\/wp-content\/uploads\/2022\/06\/Blog-2.png 1080w\" sizes=\"auto, (max-width: 852px) 100vw, 852px\" \/><\/p>\n<p>\n<strong><a id=\"atendimento\"><\/a>Atendimento especializado e aux\u00edlio do pediatra<\/strong><\/p>\n<p><span style=\"font-weight: 400;\">Fique atento \u00e0 evolu\u00e7\u00e3o da temperatura da crian\u00e7a, mas n\u00e3o deixe de procurar um m\u00e9dico caso n\u00e3o esteja seguro em casa. O pediatra \u00e9 o m\u00e9dico especialista em cuidados com os pequenos e vai te ajudar no processo de cuidado com a crian\u00e7a. <br \/>\nNa Rota Seguros, voc\u00ea encontra consultores especializados que indicar\u00e3o o plano de sa\u00fade ideal para voc\u00ea, sua fam\u00edlia e sua empresa.<\/span><\/p>\n","protected":false},"excerpt":{"rendered":"<p><span class=\"span-reading-time rt-reading-time\" style=\"display: block;\"><span class=\"rt-label rt-prefix\">Reading Time: <\/span> <span class=\"rt-time\"> 4<\/span> <span class=\"rt-label rt-postfix\">minutes<\/span><\/span>\u00a0\u00a0A temperatura alterada dos pequenos \u00e9 um motivo de aten\u00e7\u00e3o para m\u00e3es, pais e cuidadores em geral. Desse modo, quando o term\u00f4metro mostra que as m\u00e3os quentes s\u00e3o sinais de &#8230;<\/p>\n","protected":false},"author":2,"featured_media":13130,"comment_status":"open","ping_status":"open","sticky":false,"template":"","format":"standard","meta":{"_monsterinsights_skip_tracking":false,"_monsterinsights_sitenote_active":false,"_monsterinsights_sitenote_note":"","_monsterinsights_sitenote_category":0,"footnotes":"","_links_to":"","_links_to_target":""},"categories":[1,6],"tags":[1136,1137,1135,1085,1084,1138],"class_list":["post-13129","post","type-post","status-publish","format-standard","has-post-thumbnail","hentry","category-sem-categoria","category-dicas","tag-cuidados-com-criancas","tag-cuidados-com-os-bebes","tag-febre-alta","tag-plano-de-saude-para-criancas","tag-porque-de-fazer-um-plano-de-saude-para-criancas","tag-termometro"],"_links":{"self":[{"href":"https:\/\/www.rotaseguros.com.br\/planosdesaude\/wp-json\/wp\/v2\/posts\/13129","targetHints":{"allow":["GET"]}}],"collection":[{"href":"https:\/\/www.rotaseguros.com.br\/planosdesaude\/wp-json\/wp\/v2\/posts"}],"about":[{"href":"https:\/\/www.rotaseguros.com.br\/planosdesaude\/wp-json\/wp\/v2\/types\/post"}],"author":[{"embeddable":true,"href":"https:\/\/www.rotaseguros.com.br\/planosdesaude\/wp-json\/wp\/v2\/users\/2"}],"replies":[{"embeddable":true,"href":"https:\/\/www.rotaseguros.com.br\/planosdesaude\/wp-json\/wp\/v2\/comments?post=13129"}],"version-history":[{"count":0,"href":"https:\/\/www.rotaseguros.com.br\/planosdesaude\/wp-json\/wp\/v2\/posts\/13129\/revisions"}],"wp:featuredmedia":[{"embeddable":true,"href":"https:\/\/www.rotaseguros.com.br\/planosdesaude\/wp-json\/wp\/v2\/media\/13130"}],"wp:attachment":[{"href":"https:\/\/www.rotaseguros.com.br\/planosdesaude\/wp-json\/wp\/v2\/media?parent=13129"}],"wp:term":[{"taxonomy":"category","embeddable":true,"href":"https:\/\/www.rotaseguros.com.br\/planosdesaude\/wp-json\/wp\/v2\/categories?post=13129"},{"taxonomy":"post_tag","embeddable":true,"href":"https:\/\/www.rotaseguros.com.br\/planosdesaude\/wp-json\/wp\/v2\/tags?post=13129"}],"curies":[{"name":"wp","href":"https:\/\/api.w.org\/{rel}","templated":true}]}}