{"id":13221,"date":"2022-07-12T12:51:03","date_gmt":"2022-07-12T14:51:03","guid":{"rendered":"https:\/\/www.rotaseguros.com.br\/planosdesaude\/?p=13221"},"modified":"2022-07-12T12:51:03","modified_gmt":"2022-07-12T14:51:03","slug":"saiba-quais-tratamentos-tiveram-fim-das-limitacoes-de-sessoes-pela-ans","status":"publish","type":"post","link":"https:\/\/www.rotaseguros.com.br\/planosdesaude\/saiba-quais-tratamentos-tiveram-fim-das-limitacoes-de-sessoes-pela-ans\/","title":{"rendered":"Saiba quais tratamentos tiveram fim das limita\u00e7\u00f5es de sess\u00f5es pela ANS"},"content":{"rendered":"<span class=\"span-reading-time rt-reading-time\" style=\"display: block;\"><span class=\"rt-label rt-prefix\">Reading Time: <\/span> <span class=\"rt-time\"> &lt; 1<\/span> <span class=\"rt-label rt-postfix\">minute<\/span><\/span><p>Aprovado o fim da limita\u00e7\u00e3o no n\u00famero de sess\u00f5es e consultas como<strong> psic\u00f3logos, fisioterapeutas, terapeutas ocupacionais e fonoaudi\u00f3logos.<\/strong><br \/>\nA decis\u00e3o foi tomada ontem (11 de julho) pela Diretoria Colegiada da ANS atrav\u00e9s de reuni\u00e3o extraordin\u00e1ria.<\/p>\n<p>A medida vale para usu\u00e1rios de plano de sa\u00fade com qualquer doen\u00e7a ou condi\u00e7\u00e3o de sa\u00fade listada pela Organiza\u00e7\u00e3o Mundial de Sa\u00fade (OMS).<br \/>\nSendo assim o benefici\u00e1rio ter\u00e1 direito a consultas e sess\u00f5es sem limites com psic\u00f3logos, fonoaudi\u00f3logos, terapeutas ocupacionais e fisioterapeutas, de acordo com indica\u00e7\u00e3o do m\u00e9dico assistente.<\/p>\n<p>\nA nova resolu\u00e7\u00e3o normativa ser\u00e1 publicada Di\u00e1rio Oficial da Uni\u00e3o e passar\u00e1 a valer a partir de 1\u00ba de agosto de 2022.<\/p>\n<p>&nbsp;<\/p>\n","protected":false},"excerpt":{"rendered":"<p><span class=\"span-reading-time rt-reading-time\" style=\"display: block;\"><span class=\"rt-label rt-prefix\">Reading Time: <\/span> <span class=\"rt-time\"> &lt; 1<\/span> <span class=\"rt-label rt-postfix\">minute<\/span><\/span>Aprovado o fim da limita\u00e7\u00e3o no n\u00famero de sess\u00f5es e consultas como psic\u00f3logos, fisioterapeutas, terapeutas ocupacionais e fonoaudi\u00f3logos. A decis\u00e3o foi tomada ontem (11 de julho) pela Diretoria Colegiada da &#8230;<\/p>\n","protected":false},"author":2,"featured_media":13222,"comment_status":"open","ping_status":"open","sticky":false,"template":"","format":"standard","meta":{"_monsterinsights_skip_tracking":false,"_monsterinsights_sitenote_active":false,"_monsterinsights_sitenote_note":"","_monsterinsights_sitenote_category":0,"footnotes":"","_links_to":"","_links_to_target":""},"categories":[27,1166,1005],"tags":[38,1167,1176,1174,1171,1177,1172,1168,1175,1170,1169,1173],"class_list":["post-13221","post","type-post","status-publish","format-standard","has-post-thumbnail","hentry","category-plano-de-saude","category-ans","category-saude","tag-ans","tag-fisioterapia","tag-fisioterapia-pela-unimed","tag-fisioterapia-pelo-plano-de-saude","tag-fonoaudiologia","tag-fonoaudiologia-pela-unimed","tag-fonoaudiologia-pelo-plano-de-saude","tag-psicologia","tag-psicologo-pela-unimed","tag-psicologo-pelo-plano","tag-psicologos","tag-terapia-ocupacional"],"_links":{"self":[{"href":"https:\/\/www.rotaseguros.com.br\/planosdesaude\/wp-json\/wp\/v2\/posts\/13221","targetHints":{"allow":["GET"]}}],"collection":[{"href":"https:\/\/www.rotaseguros.com.br\/planosdesaude\/wp-json\/wp\/v2\/posts"}],"about":[{"href":"https:\/\/www.rotaseguros.com.br\/planosdesaude\/wp-json\/wp\/v2\/types\/post"}],"author":[{"embeddable":true,"href":"https:\/\/www.rotaseguros.com.br\/planosdesaude\/wp-json\/wp\/v2\/users\/2"}],"replies":[{"embeddable":true,"href":"https:\/\/www.rotaseguros.com.br\/planosdesaude\/wp-json\/wp\/v2\/comments?post=13221"}],"version-history":[{"count":0,"href":"https:\/\/www.rotaseguros.com.br\/planosdesaude\/wp-json\/wp\/v2\/posts\/13221\/revisions"}],"wp:featuredmedia":[{"embeddable":true,"href":"https:\/\/www.rotaseguros.com.br\/planosdesaude\/wp-json\/wp\/v2\/media\/13222"}],"wp:attachment":[{"href":"https:\/\/www.rotaseguros.com.br\/planosdesaude\/wp-json\/wp\/v2\/media?parent=13221"}],"wp:term":[{"taxonomy":"category","embeddable":true,"href":"https:\/\/www.rotaseguros.com.br\/planosdesaude\/wp-json\/wp\/v2\/categories?post=13221"},{"taxonomy":"post_tag","embeddable":true,"href":"https:\/\/www.rotaseguros.com.br\/planosdesaude\/wp-json\/wp\/v2\/tags?post=13221"}],"curies":[{"name":"wp","href":"https:\/\/api.w.org\/{rel}","templated":true}]}}