{"id":13495,"date":"2022-08-30T13:43:50","date_gmt":"2022-08-30T15:43:50","guid":{"rendered":"https:\/\/www.rotaseguros.com.br\/planosdesaude\/?p=13495"},"modified":"2022-08-30T13:43:50","modified_gmt":"2022-08-30T15:43:50","slug":"bronquite-em-bebes-sintomas-causas-e-tratamento","status":"publish","type":"post","link":"https:\/\/www.rotaseguros.com.br\/planosdesaude\/bronquite-em-bebes-sintomas-causas-e-tratamento\/","title":{"rendered":"Bronquite em beb\u00eas: sintomas, causas e tratamento"},"content":{"rendered":"<span class=\"span-reading-time rt-reading-time\" style=\"display: block;\"><span class=\"rt-label rt-prefix\">Reading Time: <\/span> <span class=\"rt-time\"> 5<\/span> <span class=\"rt-label rt-postfix\">minutes<\/span><\/span><p><span style=\"font-weight: 400;\">A bronquite corresponde \u00e0 inflama\u00e7\u00e3o dos br\u00f4nquios, que s\u00e3o estruturas em forma de tubo que levam o ar at\u00e9 os pulm\u00f5es. <\/span><span style=\"font-weight: 400;\"><br \/>\n<\/span><span style=\"font-weight: 400;\">Essa inflama\u00e7\u00e3o geralmente pode ser percebida por meio de sintomas como tosse constante seca ou com muco, febre e cansa\u00e7o excessivo.<br \/>\n<\/span><span style=\"font-weight: 400;\">A bronquite em beb\u00eas normalmente \u00e9 resultado de uma infec\u00e7\u00e3o por v\u00edrus ou bact\u00e9rias.<\/span><span style=\"font-weight: 400;\"><br \/>\n<\/span><span style=\"font-weight: 400;\">No entanto, pode ser tamb\u00e9m consequ\u00eancia de asma ou exposi\u00e7\u00e3o \u00e0 poeira ou polui\u00e7\u00e3o.<\/span><\/p><div id=\"ez-toc-container\" class=\"ez-toc-v2_0_82_2 counter-flat ez-toc-counter ez-toc-grey ez-toc-container-direction\">\n<div class=\"ez-toc-title-container\">\n<p class=\"ez-toc-title\" style=\"cursor:inherit\">Aqui voc\u00ea encontra:<\/p>\n<span class=\"ez-toc-title-toggle\"><a href=\"#\" class=\"ez-toc-pull-right ez-toc-btn ez-toc-btn-xs ez-toc-btn-default ez-toc-toggle\" aria-label=\"Alternar tabela de conte\u00fado\"><span class=\"ez-toc-js-icon-con\"><span class=\"\"><span class=\"eztoc-hide\" style=\"display:none;\">Toggle<\/span><span class=\"ez-toc-icon-toggle-span\"><svg style=\"fill: #999;color:#999\" xmlns=\"http:\/\/www.w3.org\/2000\/svg\" class=\"list-377408\" width=\"20px\" height=\"20px\" viewBox=\"0 0 24 24\" fill=\"none\"><path d=\"M6 6H4v2h2V6zm14 0H8v2h12V6zM4 11h2v2H4v-2zm16 0H8v2h12v-2zM4 16h2v2H4v-2zm16 0H8v2h12v-2z\" fill=\"currentColor\"><\/path><\/svg><svg style=\"fill: #999;color:#999\" class=\"arrow-unsorted-368013\" xmlns=\"http:\/\/www.w3.org\/2000\/svg\" width=\"10px\" height=\"10px\" viewBox=\"0 0 24 24\" version=\"1.2\" baseProfile=\"tiny\"><path d=\"M18.2 9.3l-6.2-6.3-6.2 6.3c-.2.2-.3.4-.3.7s.1.5.3.7c.2.2.4.3.7.3h11c.3 0 .5-.1.7-.3.2-.2.3-.5.3-.7s-.1-.5-.3-.7zM5.8 14.7l6.2 6.3 6.2-6.3c.2-.2.3-.5.3-.7s-.1-.5-.3-.7c-.2-.2-.4-.3-.7-.3h-11c-.3 0-.5.1-.7.3-.2.2-.3.5-.3.7s.1.5.3.7z\"\/><\/svg><\/span><\/span><\/span><\/a><\/span><\/div>\n<nav><ul class='ez-toc-list ez-toc-list-level-1 ' ><li class='ez-toc-page-1'><a class=\"ez-toc-link ez-toc-heading-1\" href=\"https:\/\/www.rotaseguros.com.br\/planosdesaude\/bronquite-em-bebes-sintomas-causas-e-tratamento\/#Sintomas_de_bronquite_em_bebes\" >Sintomas de bronquite em beb\u00eas<\/a><\/li><li class='ez-toc-page-1'><a class=\"ez-toc-link ez-toc-heading-2\" href=\"https:\/\/www.rotaseguros.com.br\/planosdesaude\/bronquite-em-bebes-sintomas-causas-e-tratamento\/#Principais_causas\" >Principais causas<\/a><\/li><li class='ez-toc-page-1'><a class=\"ez-toc-link ez-toc-heading-3\" href=\"https:\/\/www.rotaseguros.com.br\/planosdesaude\/bronquite-em-bebes-sintomas-causas-e-tratamento\/#Como_e_feito_o_tratamento\" >Como \u00e9 feito o tratamento<\/a><\/li><li class='ez-toc-page-1'><a class=\"ez-toc-link ez-toc-heading-4\" href=\"https:\/\/www.rotaseguros.com.br\/planosdesaude\/bronquite-em-bebes-sintomas-causas-e-tratamento\/#Quais_sao_os_sintomas_da_bronquite_em_bebe_e_criancas\" >Quais s\u00e3o os sintomas da bronquite em beb\u00ea e crian\u00e7as?\u00a0<\/a><\/li><li class='ez-toc-page-1'><a class=\"ez-toc-link ez-toc-heading-5\" href=\"https:\/\/www.rotaseguros.com.br\/planosdesaude\/bronquite-em-bebes-sintomas-causas-e-tratamento\/#Como_funciona_o_tratamento_da_doenca\" >Como funciona o tratamento da doen\u00e7a?\u00a0<\/a><\/li><li class='ez-toc-page-1'><a class=\"ez-toc-link ez-toc-heading-6\" href=\"https:\/\/www.rotaseguros.com.br\/planosdesaude\/bronquite-em-bebes-sintomas-causas-e-tratamento\/#Como_aliviar_os_sintomas_da_doenca\" >Como aliviar os sintomas da doen\u00e7a?\u00a0<\/a><\/li><\/ul><\/nav><\/div>\n\n<p><span style=\"font-weight: 400;\">Na presen\u00e7a de sinais e sintomas possivelmente indicativos de bronquite em beb\u00eas, \u00e9 importante que o pediatra seja consultado para que seja recomendado o melhor tipo de tratamento, que normalmente inclui o uso de rem\u00e9dios para aliviar os sintomas, mas que tamb\u00e9m pode incluir o uso de um antibi\u00f3tico.<\/span><\/p>\n<hr \/>\n<p><span style=\"font-weight: 400;\"><a href=\"#sintoma\">Sintomas de bronquite em beb\u00ea<\/a><br \/>\n<\/span><span style=\"font-weight: 400;\"><a href=\"#causa\">Principais causas<\/a><br \/>\n<\/span><span style=\"font-weight: 400;\"><a href=\"#tratamento\">Como \u00e9 feito o tratamento<\/a><br \/>\n<\/span><span style=\"font-weight: 400;\"><a href=\"#bronquite\">Quais s\u00e3o os sintomas da bronquite?\u00a0<\/a><br \/>\n<\/span><span style=\"font-weight: 400;\"><a href=\"#funcionaotratamento\">Como funciona o tratamento da doen\u00e7a?\u00a0<\/a><br \/>\n<\/span><a href=\"#aliviarsintomas\"><span style=\"font-weight: 400;\">Como aliviar os sintomas da doen\u00e7a?\u00a0<\/span><\/a><\/p>\n<hr \/>\n<p>&nbsp;<\/p>\n<p><img loading=\"lazy\" decoding=\"async\" class=\"alignnone wp-image-13503\" src=\"https:\/\/www.rotaseguros.com.br\/planosdesaude\/wp-content\/uploads\/2022\/08\/bebescombronquite-5-300x75.png\" alt=\"\" width=\"600\" height=\"150\" srcset=\"https:\/\/www.rotaseguros.com.br\/planosdesaude\/wp-content\/uploads\/2022\/08\/bebescombronquite-5-300x75.png 300w, https:\/\/www.rotaseguros.com.br\/planosdesaude\/wp-content\/uploads\/2022\/08\/bebescombronquite-5-1024x256.png 1024w, https:\/\/www.rotaseguros.com.br\/planosdesaude\/wp-content\/uploads\/2022\/08\/bebescombronquite-5-768x192.png 768w, https:\/\/www.rotaseguros.com.br\/planosdesaude\/wp-content\/uploads\/2022\/08\/bebescombronquite-5-980x245.png 980w, https:\/\/www.rotaseguros.com.br\/planosdesaude\/wp-content\/uploads\/2022\/08\/bebescombronquite-5-480x120.png 480w, https:\/\/www.rotaseguros.com.br\/planosdesaude\/wp-content\/uploads\/2022\/08\/bebescombronquite-5.png 1080w\" sizes=\"auto, (max-width: 600px) 100vw, 600px\" \/><\/p>\n<h2><span class=\"ez-toc-section\" id=\"Sintomas_de_bronquite_em_bebes\"><\/span><span style=\"font-weight: 400;\"><a id=\"sintoma\"><\/a>Sintomas de bronquite em beb\u00eas<\/span><span class=\"ez-toc-section-end\"><\/span><\/h2>\n<p><span style=\"font-weight: 400;\">Os principais sintomas de bronquite em beb\u00eas s\u00e3o:<\/span><\/p>\n<ul>\n<li style=\"font-weight: 400;\" aria-level=\"1\"><span style=\"font-weight: 400;\">Tosse persistente, seca ou com muco;<\/span><\/li>\n<li style=\"font-weight: 400;\" aria-level=\"1\"><span style=\"font-weight: 400;\">Dificuldade para respirar;<\/span><\/li>\n<li style=\"font-weight: 400;\" aria-level=\"1\"><span style=\"font-weight: 400;\">Fraqueza;<\/span><\/li>\n<li style=\"font-weight: 400;\" aria-level=\"1\"><span style=\"font-weight: 400;\">Cansa\u00e7o e irritabilidade;<\/span><\/li>\n<li style=\"font-weight: 400;\" aria-level=\"1\"><span style=\"font-weight: 400;\">Mal estar;<\/span><\/li>\n<li style=\"font-weight: 400;\" aria-level=\"1\"><span style=\"font-weight: 400;\">V\u00f4mito;<\/span><\/li>\n<li style=\"font-weight: 400;\" aria-level=\"1\"><span style=\"font-weight: 400;\">Febre, em alguns casos.<\/span><\/li>\n<\/ul>\n<p><span style=\"font-weight: 400;\">O diagn\u00f3stico da bronquite \u00e9 feito pelo pediatra por meio da ausculta\u00e7\u00e3o dos pulm\u00f5es, em que o m\u00e9dico escuta a presen\u00e7a de ru\u00eddos no pulm\u00e3o.<\/span><\/p>\n<h2><span class=\"ez-toc-section\" id=\"Principais_causas\"><\/span><span style=\"font-weight: 400;\"><a id=\"causa\"><\/a>Principais causas<\/span><span class=\"ez-toc-section-end\"><\/span><\/h2>\n<p><span style=\"font-weight: 400;\">A bronquite em\u00a0 beb\u00eas, na maioria das vezes, acontece devido a uma infec\u00e7\u00e3o viral e, por isso, dura poucas semanas, sendo chamada de bronquite aguda. <\/span><span style=\"font-weight: 400;\"><br \/>\n<\/span><span style=\"font-weight: 400;\">Contudo, a bronquite tamb\u00e9m pode ser considerada cr\u00f4nica, quando os sintomas duram pelo menos 3 meses, sendo normalmente causada por exposi\u00e7\u00e3o a polui\u00e7\u00e3o, alergia ou asma, por exemplo.<\/span><\/p>\n<p><img loading=\"lazy\" decoding=\"async\" class=\"alignnone wp-image-13499\" src=\"https:\/\/www.rotaseguros.com.br\/planosdesaude\/wp-content\/uploads\/2022\/08\/bebescombronquite-1-300x75.png\" alt=\"bronquite em beb\u00eas\" width=\"600\" height=\"150\" srcset=\"https:\/\/www.rotaseguros.com.br\/planosdesaude\/wp-content\/uploads\/2022\/08\/bebescombronquite-1-300x75.png 300w, https:\/\/www.rotaseguros.com.br\/planosdesaude\/wp-content\/uploads\/2022\/08\/bebescombronquite-1-1024x256.png 1024w, https:\/\/www.rotaseguros.com.br\/planosdesaude\/wp-content\/uploads\/2022\/08\/bebescombronquite-1-768x192.png 768w, https:\/\/www.rotaseguros.com.br\/planosdesaude\/wp-content\/uploads\/2022\/08\/bebescombronquite-1-980x245.png 980w, https:\/\/www.rotaseguros.com.br\/planosdesaude\/wp-content\/uploads\/2022\/08\/bebescombronquite-1-480x120.png 480w, https:\/\/www.rotaseguros.com.br\/planosdesaude\/wp-content\/uploads\/2022\/08\/bebescombronquite-1.png 1080w\" sizes=\"auto, (max-width: 600px) 100vw, 600px\" \/><\/p>\n<h2><span class=\"ez-toc-section\" id=\"Como_e_feito_o_tratamento\"><\/span><span style=\"font-weight: 400;\"><a id=\"tratamento\"><\/a>Como \u00e9 feito o tratamento<\/span><span class=\"ez-toc-section-end\"><\/span><\/h2>\n<p><span style=\"font-weight: 400;\">Caso o beb\u00ea apresente sintomas de bronquite, o mais recomendado \u00e9 lev\u00e1-lo ao pediatra para que possa ser feito o diagn\u00f3stico correto e iniciado o tratamento. <\/span><span style=\"font-weight: 400;\"><br \/>\n<\/span><span style=\"font-weight: 400;\">\u00c9 importante que o beb\u00ea fique em repouso, descanse o m\u00e1ximo poss\u00edvel e fique bem hidratado, pois assim a recupera\u00e7\u00e3o acontece de forma mais r\u00e1pida.<\/span><\/p>\n<p>&nbsp;<\/p>\n<p><span style=\"font-weight: 400;\">Normalmente o m\u00e9dico n\u00e3o indica o uso de antibi\u00f3ticos, especialmente porque a bronquite em beb\u00eas, e tamb\u00e9m em crian\u00e7as tende a ser causada por um v\u00edrus. <\/span><span style=\"font-weight: 400;\"><br \/>\n<\/span><span style=\"font-weight: 400;\">Na maioria dos casos, \u00e9 recomendado apenas o uso de Paracetamol, caso o <a href=\"https:\/\/www.rotaseguros.com.br\/planosdesaude\/como-baixar-a-febre-alta-em-bebes-e-criancas\/\">beb\u00ea tenha febre<\/a>, um rem\u00e9dio para a tosse, quando a tosse \u00e9 seca ou medicamentos em forma de spray ou nebuliza\u00e7\u00e3o, caso exista chiado no peito.<\/span><\/p>\n<p><span style=\"font-weight: 400;\">Quanto \u00e0 produ\u00e7\u00e3o de muco, o m\u00e9dico geralmente n\u00e3o recomenda nenhum tipo de rem\u00e9dio, pois \u00e9 importante que o beb\u00ea libere o muco que est\u00e1 obstruindo o sistema respirat\u00f3rio.<\/span><\/p>\n<p><img loading=\"lazy\" decoding=\"async\" class=\"alignnone wp-image-13505\" src=\"https:\/\/www.rotaseguros.com.br\/planosdesaude\/wp-content\/uploads\/2022\/08\/bebescombronquite-7-300x75.png\" alt=\"\" width=\"600\" height=\"150\" srcset=\"https:\/\/www.rotaseguros.com.br\/planosdesaude\/wp-content\/uploads\/2022\/08\/bebescombronquite-7-300x75.png 300w, https:\/\/www.rotaseguros.com.br\/planosdesaude\/wp-content\/uploads\/2022\/08\/bebescombronquite-7-1024x256.png 1024w, https:\/\/www.rotaseguros.com.br\/planosdesaude\/wp-content\/uploads\/2022\/08\/bebescombronquite-7-768x192.png 768w, https:\/\/www.rotaseguros.com.br\/planosdesaude\/wp-content\/uploads\/2022\/08\/bebescombronquite-7-980x245.png 980w, https:\/\/www.rotaseguros.com.br\/planosdesaude\/wp-content\/uploads\/2022\/08\/bebescombronquite-7-480x120.png 480w, https:\/\/www.rotaseguros.com.br\/planosdesaude\/wp-content\/uploads\/2022\/08\/bebescombronquite-7.png 1080w\" sizes=\"auto, (max-width: 600px) 100vw, 600px\" \/><\/p>\n<p><span style=\"font-weight: 400;\">Al\u00e9m de manter o beb\u00ea hidratado, alimentado e em repouso, \u00e9 interessante deixar a cabe\u00e7a e as costas do beb\u00ea ligeiramente mais elevadas quando estiver deitado, pois facilita um pouco a respira\u00e7\u00e3o.<\/span><\/p>\n<p><span style=\"font-weight: 400;\">A bronquite \u00e9 uma doen\u00e7a bastante comum nos beb\u00eas. Trata-se de uma inflama\u00e7\u00e3o dos br\u00f4nquios, que s\u00e3o respons\u00e1veis por entregar o ar at\u00e9 os pulm\u00f5es.\u00a0<\/span><\/p>\n<p><span style=\"font-weight: 400;\">A inflama\u00e7\u00e3o pode ser identificada por meio de sinais como febre, cansa\u00e7o excessivo e tosse frequente seca ou com muco.\u00a0<\/span><\/p>\n<p><span style=\"font-weight: 400;\">Essa doen\u00e7a, quando ocorre em beb\u00eas, \u00e9 em virtude de uma infec\u00e7\u00e3o causada por v\u00edrus ou bact\u00e9rias.\u00a0<\/span><\/p>\n<p><span style=\"font-weight: 400;\">A consulta com o pediatra \u00e9 muito importante, pois ele \u00e9 o profissional mais adequado para indicar o melhor tratamento. <\/span><span style=\"font-weight: 400;\"><br \/>\n<\/span><span style=\"font-weight: 400;\">Existem alguns medicamentos que ajudam a amenizar os desconfortos causados pela doen\u00e7a.\u00a0<\/span><\/p>\n<p><span style=\"font-weight: 400;\">Neste artigo, vamos explicar mais detalhes sobre o assunto.<\/span><\/p>\n<p><span style=\"font-weight: 400;\">Continue a leitura e tire todas as suas d\u00favidas.\u00a0<\/span><\/p>\n<p><img loading=\"lazy\" decoding=\"async\" class=\"alignnone wp-image-13504\" src=\"https:\/\/www.rotaseguros.com.br\/planosdesaude\/wp-content\/uploads\/2022\/08\/bebescombronquite-6-300x75.png\" alt=\"\" width=\"600\" height=\"150\" srcset=\"https:\/\/www.rotaseguros.com.br\/planosdesaude\/wp-content\/uploads\/2022\/08\/bebescombronquite-6-300x75.png 300w, https:\/\/www.rotaseguros.com.br\/planosdesaude\/wp-content\/uploads\/2022\/08\/bebescombronquite-6-1024x256.png 1024w, https:\/\/www.rotaseguros.com.br\/planosdesaude\/wp-content\/uploads\/2022\/08\/bebescombronquite-6-768x192.png 768w, https:\/\/www.rotaseguros.com.br\/planosdesaude\/wp-content\/uploads\/2022\/08\/bebescombronquite-6-980x245.png 980w, https:\/\/www.rotaseguros.com.br\/planosdesaude\/wp-content\/uploads\/2022\/08\/bebescombronquite-6-480x120.png 480w, https:\/\/www.rotaseguros.com.br\/planosdesaude\/wp-content\/uploads\/2022\/08\/bebescombronquite-6.png 1080w\" sizes=\"auto, (max-width: 600px) 100vw, 600px\" \/><\/p>\n<h2><span class=\"ez-toc-section\" id=\"Quais_sao_os_sintomas_da_bronquite_em_bebe_e_criancas\"><\/span><span style=\"font-weight: 400;\"><a id=\"bronquite\"><\/a>Quais s\u00e3o os sintomas da bronquite em beb\u00ea e crian\u00e7as?\u00a0<\/span><span class=\"ez-toc-section-end\"><\/span><\/h2>\n<p><span style=\"font-weight: 400;\">Para identificar a doen\u00e7a, os pais devem ter aten\u00e7\u00e3o ao comportamento do beb\u00ea, uma vez que ela apresenta diversos sintomas.\u00a0<\/span><\/p>\n<p><span style=\"font-weight: 400;\">A tosse constante (seca ou com muco) \u00e9 um dos sinais mais vis\u00edveis quando os pequenos apresentam a doen\u00e7a.\u00a0<br \/>\n<\/span><span style=\"font-weight: 400;\">Eles tamb\u00e9m podem ter cansa\u00e7o excessivo, irritabilidade, v\u00f4mito, mal estar e dificuldade para respirar.\u00a0<br \/>\n<\/span><span style=\"font-weight: 400;\">A febre tamb\u00e9m est\u00e1 ligada \u00e0 doen\u00e7a.<br \/>\n<\/span><span style=\"font-weight: 400;\">Ainda assim, ela n\u00e3o \u00e9 um sintoma comum.\u00a0<\/span><\/p>\n<p><span style=\"font-weight: 400;\">A bronquite pode ter duas fases: aguda e cr\u00f4nica. O primeiro caso ocorre em virtude de uma infec\u00e7\u00e3o viral. Ele pode durar algumas semanas.\u00a0<\/span><\/p>\n<p><span style=\"font-weight: 400;\">De tal forma que, na doen\u00e7a cr\u00f4nica, os sintomas podem permanecer nos beb\u00eas, no m\u00ednimo, por tr\u00eas meses. A situa\u00e7\u00e3o \u00e9 ainda pior quando a crian\u00e7a tem contato com a polui\u00e7\u00e3o, alergia ou asma.\u00a0<br \/>\n<\/span><span style=\"font-weight: 400;\">A doen\u00e7a cr\u00f4nica permanece especialmente quando a crian\u00e7a convive diariamente com fumantes.\u00a0<\/span><\/p>\n<h2><img loading=\"lazy\" decoding=\"async\" class=\"alignnone wp-image-13501\" src=\"https:\/\/www.rotaseguros.com.br\/planosdesaude\/wp-content\/uploads\/2022\/08\/bebescombronquite-3-300x75.png\" alt=\"bronquite em beb\u00eas\" width=\"600\" height=\"150\" srcset=\"https:\/\/www.rotaseguros.com.br\/planosdesaude\/wp-content\/uploads\/2022\/08\/bebescombronquite-3-300x75.png 300w, https:\/\/www.rotaseguros.com.br\/planosdesaude\/wp-content\/uploads\/2022\/08\/bebescombronquite-3-1024x256.png 1024w, https:\/\/www.rotaseguros.com.br\/planosdesaude\/wp-content\/uploads\/2022\/08\/bebescombronquite-3-768x192.png 768w, https:\/\/www.rotaseguros.com.br\/planosdesaude\/wp-content\/uploads\/2022\/08\/bebescombronquite-3-980x245.png 980w, https:\/\/www.rotaseguros.com.br\/planosdesaude\/wp-content\/uploads\/2022\/08\/bebescombronquite-3-480x120.png 480w, https:\/\/www.rotaseguros.com.br\/planosdesaude\/wp-content\/uploads\/2022\/08\/bebescombronquite-3.png 1080w\" sizes=\"auto, (max-width: 600px) 100vw, 600px\" \/><\/h2>\n<h2><span class=\"ez-toc-section\" id=\"Como_funciona_o_tratamento_da_doenca\"><\/span><span style=\"font-weight: 400;\"><a id=\"funcionaotratamento\"><\/a>Como funciona o tratamento da doen\u00e7a?\u00a0<\/span><span class=\"ez-toc-section-end\"><\/span><\/h2>\n<p>&nbsp;<\/p>\n<p><span style=\"font-weight: 400;\">Caso\u00a0 o seu filho apresente sinais da doen\u00e7a, o mais indicado \u00e9 encaminh\u00e1-lo ao pediatra.\u00a0<br \/>\n<\/span><span style=\"font-weight: 400;\">Ele far\u00e1 o diagn\u00f3stico completo e o tratamento ser\u00e1 feito com toda a seguran\u00e7a para o beb\u00ea.\u00a0<\/span><\/p>\n<p><span style=\"font-weight: 400;\">Acima de tudo, o papel dos pais tamb\u00e9m \u00e9 muito importante nesse momento. <\/span><span style=\"font-weight: 400;\"><br \/>\n<\/span><span style=\"font-weight: 400;\">O beb\u00ea deve permanecer em repouso e descansar bastante. A hidrata\u00e7\u00e3o tamb\u00e9m \u00e9 essencial durante esse per\u00edodo.\u00a0<br \/>\n<\/span><span style=\"font-weight: 400;\">A jun\u00e7\u00e3o desses fatores podem acelerar na recupera\u00e7\u00e3o do seu filho.\u00a0<\/span><\/p>\n<p><span style=\"font-weight: 400;\">Ainda assim, nunca \u00e9 demais lembrar sobre o perigo da automedica\u00e7\u00e3o, pois ela pode trazer s\u00e9rios problemas para a crian\u00e7a.\u00a0<br \/>\n<\/span><span style=\"font-weight: 400;\">Se a produ\u00e7\u00e3o de muco est\u00e1 frequente, por exemplo, e o m\u00e9dico\u00a0 n\u00e3o indicar rem\u00e9dios para o al\u00edvio, \u00e9 porque a libera\u00e7\u00e3o do muco \u00e9 muito importante para deixar livre o sistema respirat\u00f3rio. <\/span><span style=\"font-weight: 400;\"><br \/>\n<\/span><span style=\"font-weight: 400;\">Se o beb\u00ea for medicado sem orienta\u00e7\u00e3o, isso pode prejudicar o tratamento.<\/span><\/p>\n<h2><img loading=\"lazy\" decoding=\"async\" class=\"alignnone wp-image-13502\" src=\"https:\/\/www.rotaseguros.com.br\/planosdesaude\/wp-content\/uploads\/2022\/08\/bebescombronquite-4-300x75.png\" alt=\"\" width=\"600\" height=\"150\" srcset=\"https:\/\/www.rotaseguros.com.br\/planosdesaude\/wp-content\/uploads\/2022\/08\/bebescombronquite-4-300x75.png 300w, https:\/\/www.rotaseguros.com.br\/planosdesaude\/wp-content\/uploads\/2022\/08\/bebescombronquite-4-1024x256.png 1024w, https:\/\/www.rotaseguros.com.br\/planosdesaude\/wp-content\/uploads\/2022\/08\/bebescombronquite-4-768x192.png 768w, https:\/\/www.rotaseguros.com.br\/planosdesaude\/wp-content\/uploads\/2022\/08\/bebescombronquite-4-980x245.png 980w, https:\/\/www.rotaseguros.com.br\/planosdesaude\/wp-content\/uploads\/2022\/08\/bebescombronquite-4-480x120.png 480w, https:\/\/www.rotaseguros.com.br\/planosdesaude\/wp-content\/uploads\/2022\/08\/bebescombronquite-4.png 1080w\" sizes=\"auto, (max-width: 600px) 100vw, 600px\" \/><\/h2>\n<h2><span class=\"ez-toc-section\" id=\"Como_aliviar_os_sintomas_da_doenca\"><\/span><span style=\"font-weight: 400;\"><a id=\"aliviarsintomas\"><\/a>Como aliviar os sintomas da doen\u00e7a?\u00a0<\/span><span class=\"ez-toc-section-end\"><\/span><\/h2>\n<p>&nbsp;<\/p>\n<p><span style=\"font-weight: 400;\">Existem algumas orienta\u00e7\u00f5es gerais que ajudam a amenizar os sintomas da doen\u00e7a.\u00a0<\/span><\/p>\n<p>&nbsp;<\/p>\n<ul>\n<li style=\"font-weight: 400;\" aria-level=\"1\"><span style=\"font-weight: 400;\">Incentive a hidrata\u00e7\u00e3o para ajudar na respira\u00e7\u00e3o;\u00a0<\/span><\/li>\n<\/ul>\n<ul>\n<li style=\"font-weight: 400;\" aria-level=\"1\"><span style=\"font-weight: 400;\">Use um umidificador. Ele \u00e9 um equipamento bastante interessante para ajudar a crian\u00e7a a respirar melhor;\u00a0<\/span><\/li>\n<\/ul>\n<ul>\n<li style=\"font-weight: 400;\" aria-level=\"1\"><span style=\"font-weight: 400;\">Fa\u00e7a a limpeza do nariz com solu\u00e7\u00e3o nasal indicada pelo especialista;<\/span><\/li>\n<\/ul>\n<ul>\n<li style=\"font-weight: 400;\" aria-level=\"1\"><span style=\"font-weight: 400;\">Escolha um ambiente tranquilo para a crian\u00e7a descansar. Se poss\u00edvel, livre de fuma\u00e7as ou outros elementos que podem prejudicar a respira\u00e7\u00e3o do beb\u00ea;<\/span><\/li>\n<\/ul>\n<ul>\n<li style=\"font-weight: 400;\" aria-level=\"1\"><span style=\"font-weight: 400;\">Busque deixar a crian\u00e7a com a cabe\u00e7a levemente inclinada para facilitar a respira\u00e7\u00e3o durante o per\u00edodo de descanso.\u00a0\u00a0<\/span><\/li>\n<\/ul>\n<p>&nbsp;<\/p>\n<p><span style=\"font-weight: 400;\">Sem d\u00favidas, o contato com o pediatra \u00e9 fundamental para ajud\u00e1-lo a identificar a bronquite em beb\u00ea com mais seguran\u00e7a.\u00a0<\/span><\/p>\n<p>A Rota Seguros conta com as melhores operadoras e produtos com excelente cobertura!<br \/>\nClique aqui e converse com um dos nosso consultores e contrate o plano que melhor adapta as suas necessidades.<\/p>\n<p>&nbsp;<\/p>\n","protected":false},"excerpt":{"rendered":"<p><span class=\"span-reading-time rt-reading-time\" style=\"display: block;\"><span class=\"rt-label rt-prefix\">Reading Time: <\/span> <span class=\"rt-time\"> 5<\/span> <span class=\"rt-label rt-postfix\">minutes<\/span><\/span>A bronquite corresponde \u00e0 inflama\u00e7\u00e3o dos br\u00f4nquios, que s\u00e3o estruturas em forma de tubo que levam o ar at\u00e9 os pulm\u00f5es. Essa inflama\u00e7\u00e3o geralmente pode ser percebida por meio de &#8230;<\/p>\n","protected":false},"author":2,"featured_media":13498,"comment_status":"open","ping_status":"open","sticky":false,"template":"","format":"standard","meta":{"_monsterinsights_skip_tracking":false,"_monsterinsights_sitenote_active":false,"_monsterinsights_sitenote_note":"","_monsterinsights_sitenote_category":0,"footnotes":"","_links_to":"","_links_to_target":""},"categories":[1],"tags":[],"class_list":["post-13495","post","type-post","status-publish","format-standard","has-post-thumbnail","hentry","category-sem-categoria"],"_links":{"self":[{"href":"https:\/\/www.rotaseguros.com.br\/planosdesaude\/wp-json\/wp\/v2\/posts\/13495","targetHints":{"allow":["GET"]}}],"collection":[{"href":"https:\/\/www.rotaseguros.com.br\/planosdesaude\/wp-json\/wp\/v2\/posts"}],"about":[{"href":"https:\/\/www.rotaseguros.com.br\/planosdesaude\/wp-json\/wp\/v2\/types\/post"}],"author":[{"embeddable":true,"href":"https:\/\/www.rotaseguros.com.br\/planosdesaude\/wp-json\/wp\/v2\/users\/2"}],"replies":[{"embeddable":true,"href":"https:\/\/www.rotaseguros.com.br\/planosdesaude\/wp-json\/wp\/v2\/comments?post=13495"}],"version-history":[{"count":0,"href":"https:\/\/www.rotaseguros.com.br\/planosdesaude\/wp-json\/wp\/v2\/posts\/13495\/revisions"}],"wp:featuredmedia":[{"embeddable":true,"href":"https:\/\/www.rotaseguros.com.br\/planosdesaude\/wp-json\/wp\/v2\/media\/13498"}],"wp:attachment":[{"href":"https:\/\/www.rotaseguros.com.br\/planosdesaude\/wp-json\/wp\/v2\/media?parent=13495"}],"wp:term":[{"taxonomy":"category","embeddable":true,"href":"https:\/\/www.rotaseguros.com.br\/planosdesaude\/wp-json\/wp\/v2\/categories?post=13495"},{"taxonomy":"post_tag","embeddable":true,"href":"https:\/\/www.rotaseguros.com.br\/planosdesaude\/wp-json\/wp\/v2\/tags?post=13495"}],"curies":[{"name":"wp","href":"https:\/\/api.w.org\/{rel}","templated":true}]}}