{"id":13598,"date":"2022-09-14T16:27:11","date_gmt":"2022-09-14T18:27:11","guid":{"rendered":"https:\/\/www.rotaseguros.com.br\/planosdesaude\/?p=13598"},"modified":"2022-09-14T16:27:11","modified_gmt":"2022-09-14T18:27:11","slug":"os-beneficios-da-campanha-setembro-amarelo","status":"publish","type":"post","link":"https:\/\/www.rotaseguros.com.br\/planosdesaude\/os-beneficios-da-campanha-setembro-amarelo\/","title":{"rendered":"Os benef\u00edcios da campanha Setembro Amarelo"},"content":{"rendered":"<span class=\"span-reading-time rt-reading-time\" style=\"display: block;\"><span class=\"rt-label rt-prefix\">Reading Time: <\/span> <span class=\"rt-time\"> 3<\/span> <span class=\"rt-label rt-postfix\">minutes<\/span><\/span><p>Tempo de leitura: 5 minutos\u00a0<\/p><div id=\"ez-toc-container\" class=\"ez-toc-v2_0_82_2 counter-flat ez-toc-counter ez-toc-grey ez-toc-container-direction\">\n<div class=\"ez-toc-title-container\">\n<p class=\"ez-toc-title\" style=\"cursor:inherit\">Aqui voc\u00ea encontra:<\/p>\n<span class=\"ez-toc-title-toggle\"><a href=\"#\" class=\"ez-toc-pull-right ez-toc-btn ez-toc-btn-xs ez-toc-btn-default ez-toc-toggle\" aria-label=\"Alternar tabela de conte\u00fado\"><span class=\"ez-toc-js-icon-con\"><span class=\"\"><span class=\"eztoc-hide\" style=\"display:none;\">Toggle<\/span><span class=\"ez-toc-icon-toggle-span\"><svg style=\"fill: #999;color:#999\" xmlns=\"http:\/\/www.w3.org\/2000\/svg\" class=\"list-377408\" width=\"20px\" height=\"20px\" viewBox=\"0 0 24 24\" fill=\"none\"><path d=\"M6 6H4v2h2V6zm14 0H8v2h12V6zM4 11h2v2H4v-2zm16 0H8v2h12v-2zM4 16h2v2H4v-2zm16 0H8v2h12v-2z\" fill=\"currentColor\"><\/path><\/svg><svg style=\"fill: #999;color:#999\" class=\"arrow-unsorted-368013\" xmlns=\"http:\/\/www.w3.org\/2000\/svg\" width=\"10px\" height=\"10px\" viewBox=\"0 0 24 24\" version=\"1.2\" baseProfile=\"tiny\"><path d=\"M18.2 9.3l-6.2-6.3-6.2 6.3c-.2.2-.3.4-.3.7s.1.5.3.7c.2.2.4.3.7.3h11c.3 0 .5-.1.7-.3.2-.2.3-.5.3-.7s-.1-.5-.3-.7zM5.8 14.7l6.2 6.3 6.2-6.3c.2-.2.3-.5.3-.7s-.1-.5-.3-.7c-.2-.2-.4-.3-.7-.3h-11c-.3 0-.5.1-.7.3-.2.2-.3.5-.3.7s.1.5.3.7z\"\/><\/svg><\/span><\/span><\/span><\/a><\/span><\/div>\n<nav><ul class='ez-toc-list ez-toc-list-level-1 ' ><li class='ez-toc-page-1'><a class=\"ez-toc-link ez-toc-heading-1\" href=\"https:\/\/www.rotaseguros.com.br\/planosdesaude\/os-beneficios-da-campanha-setembro-amarelo\/#O_crescente_numero_de_suicidio_no_Brasil\" >O crescente n\u00famero de suic\u00eddio no Brasil<\/a><\/li><li class='ez-toc-page-1'><a class=\"ez-toc-link ez-toc-heading-2\" href=\"https:\/\/www.rotaseguros.com.br\/planosdesaude\/os-beneficios-da-campanha-setembro-amarelo\/#Os_perigos_da_mente_no_pos-Covid\" >Os perigos da mente no p\u00f3s-Covid<\/a><\/li><li class='ez-toc-page-1'><a class=\"ez-toc-link ez-toc-heading-3\" href=\"https:\/\/www.rotaseguros.com.br\/planosdesaude\/os-beneficios-da-campanha-setembro-amarelo\/#Os_danos_mentais_da_pandemia_nos_brasileiros\" >Os danos mentais da pandemia nos brasileiros<\/a><\/li><li class='ez-toc-page-1'><a class=\"ez-toc-link ez-toc-heading-4\" href=\"https:\/\/www.rotaseguros.com.br\/planosdesaude\/os-beneficios-da-campanha-setembro-amarelo\/#Prevencao_ao_suicidio_e_equilibrio_mental\" >Preven\u00e7\u00e3o ao suic\u00eddio e equil\u00edbrio mental<\/a><\/li><\/ul><\/nav><\/div>\n\n<p>\u201c<em>Voc\u00ea n\u00e3o est\u00e1 sozinho<\/em>.\u201d A frase isolada j\u00e1 carrega a for\u00e7a de impulso por mudan\u00e7as coordena o equil\u00edbrio mental. E essa \u00e9 a inten\u00e7\u00e3o da Associa\u00e7\u00e3o Brasileira de Psiquiatria que trabalha com pautas focadas na sa\u00fade da mente e, este m\u00eas, endossa a\u00a0<strong>campanha Setembro Amarelo<\/strong>.<\/p>\n<p>A proposta da iniciativa \u00e9 a luta contra o suic\u00eddio, com a amplitude e direcionamentos para tratamentos de dist\u00farbios e doen\u00e7as mentais. A campanha Setembro Amarelo, al\u00e9m de ser encabe\u00e7ada pela Associa\u00e7\u00e3o Brasileira de Psiquiatria, tem apoio do Conselho Federal de Medicina, desde 2014.<\/p>\n<p>A partir da ideia de que \u201c<em>A vida \u00e9 a melhor escolha<\/em>\u201d ocorre durante todo o m\u00eas devido ao marco do dia 10 de setembro, Dia Mundial de Preven\u00e7\u00e3o ao Suic\u00eddio. O assunto que vive \u00e0s sombras da sociedade, tornou-se um tabu ao longo da hist\u00f3ria. Por isso, os n\u00fameros em rela\u00e7\u00e3o \u00e0s mortes foram desconhecidos por parte da popula\u00e7\u00e3o.<\/p>\n<p>Os n\u00fameros s\u00e3o crescentes e, de acordo com as entidades, uma em cada 100 mortes no mundo acontece por suic\u00eddio. O levantamento \u00e9 da Organiza\u00e7\u00e3o Mundial de Sa\u00fade (OMS), o que mostra como a campanha Setembro Amarelo \u00e9 necess\u00e1ria.<\/p>\n<h2><span class=\"ez-toc-section\" id=\"O_crescente_numero_de_suicidio_no_Brasil\"><\/span>O crescente n\u00famero de suic\u00eddio no Brasil<span class=\"ez-toc-section-end\"><\/span><\/h2>\n<p>Para se ter ideia, a quantidade de mortes chegou a 700 mil e fez com o que a OMS programasse uma s\u00e9rie de a\u00e7\u00f5es com foco na preven\u00e7\u00e3o. Mas como mudar esses n\u00fameros t\u00e3o alarmantes, que seguem em crescimento? De acordo com profissionais da sa\u00fade, o primeiro passo \u00e9 acolher e escutar.<\/p>\n<p>Outro ponto de alerta \u00e9 n\u00e3o duvidar da inten\u00e7\u00e3o da pessoa de tirar a pr\u00f3pria vida. At\u00e9 porque, em alguns segundos isso pode se tornar realidade e uma escuta cuidadosa com toda a certeza muda essa realidade. Al\u00e9m disso, \u00e9 muito importante contar com o acompanhamento do m\u00e9dico psiquiatra em todo o processo.<\/p>\n<p>O tratamento adequado ajuda a pessoa a recuperar a vontade de viver e \u00e9 o auxiliar para as oscila\u00e7\u00f5es mentais. Em muitos casos, a pessoa que pensa e\/ou comete suic\u00eddio est\u00e1 desacreditada de si mesma, sem autoconfian\u00e7a e com a autoestima completamente abalada.<\/p>\n<p><img loading=\"lazy\" decoding=\"async\" class=\"alignnone  wp-image-13600\" src=\"https:\/\/www.rotaseguros.com.br\/planosdesaude\/wp-content\/uploads\/2022\/09\/setembro-amarelo-campanha-fita-amarela-nas-maos-2-300x75.png\" alt=\"la\u00e7o de fita amarelo nas m\u00e3o setembro amarelo\" width=\"932\" height=\"233\" srcset=\"https:\/\/www.rotaseguros.com.br\/planosdesaude\/wp-content\/uploads\/2022\/09\/setembro-amarelo-campanha-fita-amarela-nas-maos-2-300x75.png 300w, https:\/\/www.rotaseguros.com.br\/planosdesaude\/wp-content\/uploads\/2022\/09\/setembro-amarelo-campanha-fita-amarela-nas-maos-2-1024x256.png 1024w, https:\/\/www.rotaseguros.com.br\/planosdesaude\/wp-content\/uploads\/2022\/09\/setembro-amarelo-campanha-fita-amarela-nas-maos-2-768x192.png 768w, https:\/\/www.rotaseguros.com.br\/planosdesaude\/wp-content\/uploads\/2022\/09\/setembro-amarelo-campanha-fita-amarela-nas-maos-2-980x245.png 980w, https:\/\/www.rotaseguros.com.br\/planosdesaude\/wp-content\/uploads\/2022\/09\/setembro-amarelo-campanha-fita-amarela-nas-maos-2-480x120.png 480w, https:\/\/www.rotaseguros.com.br\/planosdesaude\/wp-content\/uploads\/2022\/09\/setembro-amarelo-campanha-fita-amarela-nas-maos-2.png 1080w\" sizes=\"auto, (max-width: 932px) 100vw, 932px\" \/><\/p>\n<h3><span class=\"ez-toc-section\" id=\"Os_perigos_da_mente_no_pos-Covid\"><\/span>Os perigos da mente no p\u00f3s-Covid<span class=\"ez-toc-section-end\"><\/span><\/h3>\n<p>Essa pessoa precisa de ajuda para recuperar aos poucos a vontade de viver e, consequentemente, retomar a rotina, com alimenta\u00e7\u00e3o adequada. Os transtornos da mente s\u00e3o in\u00fameros e com o tempo impulsionam os alarmantes n\u00fameros ligados ao suic\u00eddio.<\/p>\n<p>As doen\u00e7as como: depress\u00e3o, Transtornos Generalizados de <a href=\"http:\/\/ansiedade\">Ansiedade<\/a>, transtornos de personalidade, bipolaridade, alcoolismo e depend\u00eancia a drogas s\u00e3o a causa da grande maioria das mortes por suic\u00eddio, segundo a OMS.<\/p>\n<p>O desequil\u00edbrio mental \u00e9 a motiva\u00e7\u00e3o de perdas afetivas, sociais e materiais de in\u00fameras pessoas pelo mundo. Durante a Covid-19, o alerta foi anunciado e o isolamento social levou muitas pessoas ao caos mental.<\/p>\n<p>No caso das pessoas que foram contaminadas pelo v\u00edrus, um estudo encabe\u00e7ado pela universidade de Oxford, publicado na revista\u00a0<a href=\"https:\/\/www.thelancet.com\/journals\/lanpsy\/home\" target=\"_blank\" rel=\"noopener\"><u>The Lancet<\/u><\/a>, especializada em artigos acad\u00eamicos, mostrou que 34% dos pacientes recuperados de Covid sofrem com ins\u00f4nias, depress\u00e3o, estresse p\u00f3s-traum\u00e1tico, esquecimento, cansa\u00e7o e dificuldade de concentra\u00e7\u00e3o.<\/p>\n<p><img loading=\"lazy\" decoding=\"async\" class=\"alignnone  wp-image-13599\" src=\"https:\/\/www.rotaseguros.com.br\/planosdesaude\/wp-content\/uploads\/2022\/09\/setembro-amarelo-campanha-fita-amarela-nas-maos-1-300x75.png\" alt=\"la\u00e7o de fita fundo roxo setembro amarelo\" width=\"932\" height=\"233\" srcset=\"https:\/\/www.rotaseguros.com.br\/planosdesaude\/wp-content\/uploads\/2022\/09\/setembro-amarelo-campanha-fita-amarela-nas-maos-1-300x75.png 300w, https:\/\/www.rotaseguros.com.br\/planosdesaude\/wp-content\/uploads\/2022\/09\/setembro-amarelo-campanha-fita-amarela-nas-maos-1-1024x256.png 1024w, https:\/\/www.rotaseguros.com.br\/planosdesaude\/wp-content\/uploads\/2022\/09\/setembro-amarelo-campanha-fita-amarela-nas-maos-1-768x192.png 768w, https:\/\/www.rotaseguros.com.br\/planosdesaude\/wp-content\/uploads\/2022\/09\/setembro-amarelo-campanha-fita-amarela-nas-maos-1-980x245.png 980w, https:\/\/www.rotaseguros.com.br\/planosdesaude\/wp-content\/uploads\/2022\/09\/setembro-amarelo-campanha-fita-amarela-nas-maos-1-480x120.png 480w, https:\/\/www.rotaseguros.com.br\/planosdesaude\/wp-content\/uploads\/2022\/09\/setembro-amarelo-campanha-fita-amarela-nas-maos-1.png 1080w\" sizes=\"auto, (max-width: 932px) 100vw, 932px\" \/><\/p>\n<h3><span class=\"ez-toc-section\" id=\"Os_danos_mentais_da_pandemia_nos_brasileiros\"><\/span>Os danos mentais da pandemia nos brasileiros<span class=\"ez-toc-section-end\"><\/span><\/h3>\n<p>No Brasil, os dados n\u00e3o s\u00e3o diferentes e, segundo levantamento da Universidade de S\u00e3o Paulo (USP), os efeitos encontrados na an\u00e1lise n\u00e3o s\u00e3o diferentes. Na an\u00e1lise, os pesquisadores avaliaram cerca de 400 pessoas que tinham sido infectadas pela Covid e foi constatado: ansiedade, estresse p\u00f3s-traum\u00e1tico, ins\u00f4nia e depress\u00e3o.<\/p>\n<p>E sabe qual foi a principal orienta\u00e7\u00e3o m\u00e9dica? A busca por tratamento psiqui\u00e1trico com a finalidade de barrar os sintomas das doen\u00e7as, bem como a preven\u00e7\u00e3o imediata de suic\u00eddio. Contudo, essa orienta\u00e7\u00e3o de procura por m\u00e9dico especialista n\u00e3o esteve restrita aos pacientes p\u00f3s-Covid.<\/p>\n<h2><span class=\"ez-toc-section\" id=\"Prevencao_ao_suicidio_e_equilibrio_mental\"><\/span>Preven\u00e7\u00e3o ao suic\u00eddio e equil\u00edbrio mental<span class=\"ez-toc-section-end\"><\/span><\/h2>\n<p>Essa \u00e9 a sua escolha de autocuidado e a forma de se priorizar. Encontre um m\u00e9dico psiquiatra que te acolha, que escute seu caso de forma humanizada e indique o tratamento adequado. Na Rota Seguros, voc\u00ea encontra planos de sa\u00fade das melhores e maiores operadoras de sa\u00fade.<\/p>\n<p>Essa \u00e9 a escolha focada na prioriza\u00e7\u00e3o da sua vida. Escolha o plano de sa\u00fade ideal para a sua necessidade, da sua fam\u00edlia e dos seus benefici\u00e1rios. Em rela\u00e7\u00e3o ao mercado de trabalho, por exemplo, a ajuda psicol\u00f3gica \u00e9 essencial para a preven\u00e7\u00e3o de doen\u00e7as de trabalho.<\/p>\n<p>Ent\u00e3o, n\u00e3o espere o<a href=\"https:\/\/www.rotaseguros.com.br\/planosdesaude\/o-que-e-burnout-e-como-identificar-a-sindrome\/\"> burnout<\/a> chegar at\u00e9 a sua equipe para buscar tratamento para o seu time de funcion\u00e1rios. Contrate um plano de sa\u00fade empresarial e cuide dos funcion\u00e1rios. Converse com nossos consultores e encontre sua solu\u00e7\u00e3o de sa\u00fade. A Rota Sa\u00fade trabalha com alternativas adequadas para a sua necessidade. Saiba aqui.<\/p>\n","protected":false},"excerpt":{"rendered":"<p><span class=\"span-reading-time rt-reading-time\" style=\"display: block;\"><span class=\"rt-label rt-prefix\">Reading Time: <\/span> <span class=\"rt-time\"> 3<\/span> <span class=\"rt-label rt-postfix\">minutes<\/span><\/span>Tempo de leitura: 5 minutos\u00a0 \u201cVoc\u00ea n\u00e3o est\u00e1 sozinho.\u201d A frase isolada j\u00e1 carrega a for\u00e7a de impulso por mudan\u00e7as coordena o equil\u00edbrio mental. E essa \u00e9 a inten\u00e7\u00e3o da &#8230;<\/p>\n","protected":false},"author":2,"featured_media":29484,"comment_status":"open","ping_status":"open","sticky":false,"template":"","format":"standard","meta":{"_monsterinsights_skip_tracking":false,"_monsterinsights_sitenote_active":false,"_monsterinsights_sitenote_note":"","_monsterinsights_sitenote_category":0,"footnotes":"","_links_to":"","_links_to_target":""},"categories":[1005],"tags":[2090,2085,2081,1318,2087,2080,2089,2088,2093,2082,2091,2094,2084,1343,2079,2086,693,1266,2083,2092],"class_list":["post-13598","post","type-post","status-publish","format-standard","has-post-thumbnail","hentry","category-saude","tag-acolhimento","tag-ajuda","tag-apoio-psicologico","tag-autocuidado","tag-autoestima","tag-bem-estar-emocional","tag-combate-ao-estigma","tag-comunidade","tag-conscientizacao","tag-conversa-aberta","tag-cuidado-com-a-saude-mental","tag-empatia","tag-esperanca","tag-prevencao","tag-prevencao-do-suicidio","tag-resiliencia","tag-saude-mental","tag-setembro-amarelo","tag-solidariedade","tag-suporte-emocional"],"_links":{"self":[{"href":"https:\/\/www.rotaseguros.com.br\/planosdesaude\/wp-json\/wp\/v2\/posts\/13598","targetHints":{"allow":["GET"]}}],"collection":[{"href":"https:\/\/www.rotaseguros.com.br\/planosdesaude\/wp-json\/wp\/v2\/posts"}],"about":[{"href":"https:\/\/www.rotaseguros.com.br\/planosdesaude\/wp-json\/wp\/v2\/types\/post"}],"author":[{"embeddable":true,"href":"https:\/\/www.rotaseguros.com.br\/planosdesaude\/wp-json\/wp\/v2\/users\/2"}],"replies":[{"embeddable":true,"href":"https:\/\/www.rotaseguros.com.br\/planosdesaude\/wp-json\/wp\/v2\/comments?post=13598"}],"version-history":[{"count":0,"href":"https:\/\/www.rotaseguros.com.br\/planosdesaude\/wp-json\/wp\/v2\/posts\/13598\/revisions"}],"wp:featuredmedia":[{"embeddable":true,"href":"https:\/\/www.rotaseguros.com.br\/planosdesaude\/wp-json\/wp\/v2\/media\/29484"}],"wp:attachment":[{"href":"https:\/\/www.rotaseguros.com.br\/planosdesaude\/wp-json\/wp\/v2\/media?parent=13598"}],"wp:term":[{"taxonomy":"category","embeddable":true,"href":"https:\/\/www.rotaseguros.com.br\/planosdesaude\/wp-json\/wp\/v2\/categories?post=13598"},{"taxonomy":"post_tag","embeddable":true,"href":"https:\/\/www.rotaseguros.com.br\/planosdesaude\/wp-json\/wp\/v2\/tags?post=13598"}],"curies":[{"name":"wp","href":"https:\/\/api.w.org\/{rel}","templated":true}]}}