{"id":13622,"date":"2022-09-19T13:05:07","date_gmt":"2022-09-19T15:05:07","guid":{"rendered":"https:\/\/www.rotaseguros.com.br\/planosdesaude\/?p=13622"},"modified":"2022-09-19T13:05:07","modified_gmt":"2022-09-19T15:05:07","slug":"setembro-amarelo-e-o-combate-ao-suicidio-2","status":"publish","type":"post","link":"https:\/\/www.rotaseguros.com.br\/planosdesaude\/setembro-amarelo-e-o-combate-ao-suicidio-2\/","title":{"rendered":"Setembro amarelo e o combate ao suic\u00eddio"},"content":{"rendered":"<span class=\"span-reading-time rt-reading-time\" style=\"display: block;\"><span class=\"rt-label rt-prefix\">Reading Time: <\/span> <span class=\"rt-time\"> 4<\/span> <span class=\"rt-label rt-postfix\">minutes<\/span><\/span><p>Tempo de leitura: 5:45 min<\/p><div id=\"ez-toc-container\" class=\"ez-toc-v2_0_82_2 counter-flat ez-toc-counter ez-toc-grey ez-toc-container-direction\">\n<div class=\"ez-toc-title-container\">\n<p class=\"ez-toc-title\" style=\"cursor:inherit\">Aqui voc\u00ea encontra:<\/p>\n<span class=\"ez-toc-title-toggle\"><a href=\"#\" class=\"ez-toc-pull-right ez-toc-btn ez-toc-btn-xs ez-toc-btn-default ez-toc-toggle\" aria-label=\"Alternar tabela de conte\u00fado\"><span class=\"ez-toc-js-icon-con\"><span class=\"\"><span class=\"eztoc-hide\" style=\"display:none;\">Toggle<\/span><span class=\"ez-toc-icon-toggle-span\"><svg style=\"fill: #999;color:#999\" xmlns=\"http:\/\/www.w3.org\/2000\/svg\" class=\"list-377408\" width=\"20px\" height=\"20px\" viewBox=\"0 0 24 24\" fill=\"none\"><path d=\"M6 6H4v2h2V6zm14 0H8v2h12V6zM4 11h2v2H4v-2zm16 0H8v2h12v-2zM4 16h2v2H4v-2zm16 0H8v2h12v-2z\" fill=\"currentColor\"><\/path><\/svg><svg style=\"fill: #999;color:#999\" class=\"arrow-unsorted-368013\" xmlns=\"http:\/\/www.w3.org\/2000\/svg\" width=\"10px\" height=\"10px\" viewBox=\"0 0 24 24\" version=\"1.2\" baseProfile=\"tiny\"><path d=\"M18.2 9.3l-6.2-6.3-6.2 6.3c-.2.2-.3.4-.3.7s.1.5.3.7c.2.2.4.3.7.3h11c.3 0 .5-.1.7-.3.2-.2.3-.5.3-.7s-.1-.5-.3-.7zM5.8 14.7l6.2 6.3 6.2-6.3c.2-.2.3-.5.3-.7s-.1-.5-.3-.7c-.2-.2-.4-.3-.7-.3h-11c-.3 0-.5.1-.7.3-.2.2-.3.5-.3.7s.1.5.3.7z\"\/><\/svg><\/span><\/span><\/span><\/a><\/span><\/div>\n<nav><ul class='ez-toc-list ez-toc-list-level-1 ' ><li class='ez-toc-page-1'><a class=\"ez-toc-link ez-toc-heading-1\" href=\"https:\/\/www.rotaseguros.com.br\/planosdesaude\/setembro-amarelo-e-o-combate-ao-suicidio-2\/#A_campanha_de_Setembro_Amarelo_e_os_cuidados_com_a_mente\" >A campanha de Setembro Amarelo e os cuidados com a mente\u00a0<\/a><\/li><li class='ez-toc-page-1'><a class=\"ez-toc-link ez-toc-heading-2\" href=\"https:\/\/www.rotaseguros.com.br\/planosdesaude\/setembro-amarelo-e-o-combate-ao-suicidio-2\/#A_vida_e_a_melhor_escolha\" >A vida \u00e9 a melhor escolha\u00a0<\/a><\/li><li class='ez-toc-page-1'><a class=\"ez-toc-link ez-toc-heading-3\" href=\"https:\/\/www.rotaseguros.com.br\/planosdesaude\/setembro-amarelo-e-o-combate-ao-suicidio-2\/#O_auxilio_do_psiquiatra_no_tratamento_mental\" >O aux\u00edlio do psiquiatra no tratamento mental<\/a><\/li><li class='ez-toc-page-1'><a class=\"ez-toc-link ez-toc-heading-4\" href=\"https:\/\/www.rotaseguros.com.br\/planosdesaude\/setembro-amarelo-e-o-combate-ao-suicidio-2\/#Os_sinais_que_podem_revelar_uma_tendencia_suicida\" >Os sinais que podem revelar uma tend\u00eancia suicida\u00a0<\/a><\/li><li class='ez-toc-page-1'><a class=\"ez-toc-link ez-toc-heading-5\" href=\"https:\/\/www.rotaseguros.com.br\/planosdesaude\/setembro-amarelo-e-o-combate-ao-suicidio-2\/#A_Rota_Seguros\" >A Rota Seguros\u00a0<\/a><\/li><\/ul><\/nav><\/div>\n\n<p><span style=\"font-weight: 400;\">A campanha <\/span><b>Setembro Amarelo<\/b><span style=\"font-weight: 400;\"> alerta sobre os perigos de doen\u00e7as mentais e mostram os n\u00fameros crescentes de suicidio. Os n\u00fameros assustam e mostram que, apesar de silenciosa, as doen\u00e7as mentais s\u00e3o graves e levam pessoas \u00e0 morte.<\/span><\/p>\n<hr \/>\n<p><span style=\"font-weight: 400;\"><a href=\"#campanha\">A campanha de Setembro Amarelo e os cuidados com a mente\u00a0<\/a><br \/>\n<\/span><span style=\"font-weight: 400;\"><a href=\"#melhorescolha\">A vida \u00e9 a melhor escolha\u00a0<\/a><br \/>\n<\/span><span style=\"font-weight: 400;\"><a href=\"#auxilio\">O aux\u00edlio do psiquiatra no tratamento mental<\/a><br \/>\n<\/span><span style=\"font-weight: 400;\"><a href=\"#sinais\">Os sinais que podem revelar uma tend\u00eancia suicida\u00a0<\/a><br \/>\n<\/span><a href=\"#arota\"><span style=\"font-weight: 400;\">A Rota Seguros\u00a0<\/span><\/a><\/p>\n<hr \/>\n<p><span style=\"font-weight: 400;\">Depress\u00e3o. <a href=\"https:\/\/www.rotaseguros.com.br\/planosdesaude\/o-que-e-burnout-e-como-identificar-a-sindrome\/\">Burnout<\/a>. <a href=\"https:\/\/www.rotaseguros.com.br\/planosdesaude\/descubra-7-calmantes-naturais-para-ansiedade-e-insonia\/\">Ansiedade<\/a>. TDHA. Desequil\u00edbrio mental. Esses s\u00e3o apenas alguns dos pontos que passaram a fazer parte da rotina da popula\u00e7\u00e3o mundial.\u00a0<\/span><\/p>\n<p><span style=\"font-weight: 400;\">Os tempos de distanciamento social devido \u00e0 pandemia da Covid-19 deixaram evidentes o caos mental e a necessidade de cuidado. E este m\u00eas come\u00e7ou com o alerta de preven\u00e7\u00e3o ao suic\u00eddio com o Setembro Amarelo.\u00a0<\/span><\/p>\n<p>&nbsp;<\/p>\n<h2><span class=\"ez-toc-section\" id=\"A_campanha_de_Setembro_Amarelo_e_os_cuidados_com_a_mente\"><\/span><span style=\"font-weight: 400;\"><a id=\"campanha\"><\/a>A campanha de Setembro Amarelo e os cuidados com a mente\u00a0<\/span><span class=\"ez-toc-section-end\"><\/span><\/h2>\n<p>&nbsp;<\/p>\n<p><span style=\"font-weight: 400;\">A <\/span><a href=\"https:\/\/www.setembroamarelo.com\/\" target=\"_blank\" rel=\"noopener\"><span style=\"font-weight: 400;\">campanha<\/span><\/a><span style=\"font-weight: 400;\"> \u00e9 encabe\u00e7ada pela Associa\u00e7\u00e3o Brasileira de Psiquiatria (ABP), em parceria com o Conselho Federal de Medicina, e pretende mostrar a necessidade de cuidado com a sa\u00fade mental.\u00a0<\/span><\/p>\n<p><span style=\"font-weight: 400;\">A partir da proposta de que \u201cA vida \u00e9 a melhor escolha\u201d, as entidades visam conscientizar a popula\u00e7\u00e3o. Para tanto, vale o alerta sobre os perigos silenciosos que circulam os dados ligados \u00e0 sa\u00fade mental.<\/span><\/p>\n<p><span style=\"font-weight: 400;\">Para se ter ideia da gravidade, a Organiza\u00e7\u00e3o Mundial de Sa\u00fade (OMS) apontou cerca de 700 mil casos de suic\u00eddio, em 2019. Sendo que nesse total, n\u00e3o consta os casos que n\u00e3o foram notificados.<\/span><\/p>\n<p><span style=\"font-weight: 400;\">Assim, estima-se que o total de suic\u00eddio pode ter ultrapassado o n\u00famero de um milh\u00e3o. No Brasil, o levantamento aponta cerca de 14 mil casos por ano, o que significa que, de acordo com a ABP, uma m\u00e9dia de 38 pessoas cometem suic\u00eddios por dia.<\/span><\/p>\n<p><img loading=\"lazy\" decoding=\"async\" class=\"alignnone  wp-image-13625\" src=\"https:\/\/www.rotaseguros.com.br\/planosdesaude\/wp-content\/uploads\/2022\/09\/setembro-amarelo-e-combate-ao-suicidio-1-300x75.png\" alt=\"ursinho com cora\u00e7\u00e3o na m\u00e3o setembro amarelo.\" width=\"936\" height=\"234\" srcset=\"https:\/\/www.rotaseguros.com.br\/planosdesaude\/wp-content\/uploads\/2022\/09\/setembro-amarelo-e-combate-ao-suicidio-1-300x75.png 300w, https:\/\/www.rotaseguros.com.br\/planosdesaude\/wp-content\/uploads\/2022\/09\/setembro-amarelo-e-combate-ao-suicidio-1-1024x256.png 1024w, https:\/\/www.rotaseguros.com.br\/planosdesaude\/wp-content\/uploads\/2022\/09\/setembro-amarelo-e-combate-ao-suicidio-1-768x192.png 768w, https:\/\/www.rotaseguros.com.br\/planosdesaude\/wp-content\/uploads\/2022\/09\/setembro-amarelo-e-combate-ao-suicidio-1-980x245.png 980w, https:\/\/www.rotaseguros.com.br\/planosdesaude\/wp-content\/uploads\/2022\/09\/setembro-amarelo-e-combate-ao-suicidio-1-480x120.png 480w, https:\/\/www.rotaseguros.com.br\/planosdesaude\/wp-content\/uploads\/2022\/09\/setembro-amarelo-e-combate-ao-suicidio-1.png 1080w\" sizes=\"auto, (max-width: 936px) 100vw, 936px\" \/><\/p>\n<h3><span class=\"ez-toc-section\" id=\"A_vida_e_a_melhor_escolha\"><\/span><span style=\"font-weight: 400;\"><a id=\"melhorescolha\"><\/a>A vida \u00e9 a melhor escolha\u00a0<\/span><span class=\"ez-toc-section-end\"><\/span><\/h3>\n<p>&nbsp;<\/p>\n<p><span style=\"font-weight: 400;\">Os n\u00fameros preocupam e apresentam uma realidade que, muitas vezes, fica escondida dos olhos da popula\u00e7\u00e3o. Para os profissionais, isso \u00e9 um reflexo da falta de prioriza\u00e7\u00e3o com a sa\u00fade mental.<\/span><\/p>\n<p><span style=\"font-weight: 400;\">Al\u00e9m disso, a OMS deixa claro que 100% dos casos de suic\u00eddio t\u00eam alguma liga\u00e7\u00e3o com doen\u00e7as mentais. O cen\u00e1rio \u00e9 preocupante e sinaliza sobre a necessidade de priorizar o cuidado com a sa\u00fade mental.<\/span><\/p>\n<p><span style=\"font-weight: 400;\">At\u00e9 porque, pessoas com diabetes, por exemplo, realizam o controle com profissionais e com medica\u00e7\u00e3o. Mas muitos indiv\u00edduos com depress\u00e3o, por exemplo, n\u00e3o realizam o controle e n\u00e3o priorizam o autocuidado.<\/span><\/p>\n<p><span style=\"font-weight: 400;\">Portanto, entender sobre a import\u00e2ncia da conscientiza\u00e7\u00e3o pode ser uma alternativa para salvar vidas. No processo de autocuidado, alguns projetos precisam ser priorizados, como a pr\u00e1tica de atividade f\u00edsica e atendimento m\u00e9dico.<\/span><\/p>\n<p><img loading=\"lazy\" decoding=\"async\" class=\"alignnone  wp-image-13626\" src=\"https:\/\/www.rotaseguros.com.br\/planosdesaude\/wp-content\/uploads\/2022\/09\/setembro-amarelo-e-combate-ao-suicidio-2-300x75.png\" alt=\"setembro amarelo combate ao suic\u00eddio\" width=\"936\" height=\"234\" srcset=\"https:\/\/www.rotaseguros.com.br\/planosdesaude\/wp-content\/uploads\/2022\/09\/setembro-amarelo-e-combate-ao-suicidio-2-300x75.png 300w, https:\/\/www.rotaseguros.com.br\/planosdesaude\/wp-content\/uploads\/2022\/09\/setembro-amarelo-e-combate-ao-suicidio-2-1024x256.png 1024w, https:\/\/www.rotaseguros.com.br\/planosdesaude\/wp-content\/uploads\/2022\/09\/setembro-amarelo-e-combate-ao-suicidio-2-768x192.png 768w, https:\/\/www.rotaseguros.com.br\/planosdesaude\/wp-content\/uploads\/2022\/09\/setembro-amarelo-e-combate-ao-suicidio-2-980x245.png 980w, https:\/\/www.rotaseguros.com.br\/planosdesaude\/wp-content\/uploads\/2022\/09\/setembro-amarelo-e-combate-ao-suicidio-2-480x120.png 480w, https:\/\/www.rotaseguros.com.br\/planosdesaude\/wp-content\/uploads\/2022\/09\/setembro-amarelo-e-combate-ao-suicidio-2.png 1080w\" sizes=\"auto, (max-width: 936px) 100vw, 936px\" \/><\/p>\n<h2><span class=\"ez-toc-section\" id=\"O_auxilio_do_psiquiatra_no_tratamento_mental\"><\/span><span style=\"font-weight: 400;\"><a id=\"auxilio\"><\/a>O aux\u00edlio do psiquiatra no tratamento mental<\/span><span class=\"ez-toc-section-end\"><\/span><\/h2>\n<p>&nbsp;<\/p>\n<p><span style=\"font-weight: 400;\">Nesse contexto, a visita ao psiquiatra surge como um ponto imprescind\u00edvel. <\/span><span style=\"font-weight: 400;\"><br \/>\n<\/span><span style=\"font-weight: 400;\">O m\u00e9dico \u00e9 respons\u00e1vel por orientar o paciente, detectar a necessidade de medica\u00e7\u00e3o e realizar a introdu\u00e7\u00e3o de acordo com a necessidade de cada pessoa.<\/span><\/p>\n<p><em>saiba mais no artigo: <a href=\"https:\/\/www.rotaseguros.com.br\/planosdesaude\/voce-sabe-quando-consultar-um-psiquiatra\/\">Quando consultar um psiquiatra?<\/a><\/em><\/p>\n<p><span style=\"font-weight: 400;\">Para tanto, o profissional deve realizar uma consulta baseada em escuta atenta. O paciente precisa sentir confian\u00e7a no m\u00e9dico psiquiatra e falar sobre as sombras que aterrorizam a mente.<\/span><\/p>\n<p><span style=\"font-weight: 400;\">\u00c9 nesse momento que pequenos tra\u00e7os suicidas podem ser detectados. A campanha do Setembro Amarelo foca em deixar claro que nunca \u00e9 da \u201cboca para fora\u201d.<\/span><\/p>\n<p><span style=\"font-weight: 400;\">O pensamento suicida quando analisado de forma humana revela gravidade e os sinais precisam ser levados em considera\u00e7\u00e3o. Com isso, podemos afirmar que problemas mentais s\u00e3o como uma bomba rel\u00f3gio, que pode estourar a qualquer momento.\u00a0<\/span><\/p>\n<p><img loading=\"lazy\" decoding=\"async\" class=\"alignnone  wp-image-13627\" src=\"https:\/\/www.rotaseguros.com.br\/planosdesaude\/wp-content\/uploads\/2022\/09\/setembro-amarelo-e-combate-ao-suicidio-3-300x75.png\" alt=\"ursinho comate ao suic\u00eddio setembro amarelo\" width=\"940\" height=\"235\" srcset=\"https:\/\/www.rotaseguros.com.br\/planosdesaude\/wp-content\/uploads\/2022\/09\/setembro-amarelo-e-combate-ao-suicidio-3-300x75.png 300w, https:\/\/www.rotaseguros.com.br\/planosdesaude\/wp-content\/uploads\/2022\/09\/setembro-amarelo-e-combate-ao-suicidio-3-1024x256.png 1024w, https:\/\/www.rotaseguros.com.br\/planosdesaude\/wp-content\/uploads\/2022\/09\/setembro-amarelo-e-combate-ao-suicidio-3-768x192.png 768w, https:\/\/www.rotaseguros.com.br\/planosdesaude\/wp-content\/uploads\/2022\/09\/setembro-amarelo-e-combate-ao-suicidio-3-980x245.png 980w, https:\/\/www.rotaseguros.com.br\/planosdesaude\/wp-content\/uploads\/2022\/09\/setembro-amarelo-e-combate-ao-suicidio-3-480x120.png 480w, https:\/\/www.rotaseguros.com.br\/planosdesaude\/wp-content\/uploads\/2022\/09\/setembro-amarelo-e-combate-ao-suicidio-3.png 1080w\" sizes=\"auto, (max-width: 940px) 100vw, 940px\" \/><\/p>\n<h2><span class=\"ez-toc-section\" id=\"Os_sinais_que_podem_revelar_uma_tendencia_suicida\"><\/span><span style=\"font-weight: 400;\"><a id=\"sinais\"><\/a>Os sinais que podem revelar uma tend\u00eancia suicida\u00a0<\/span><span class=\"ez-toc-section-end\"><\/span><\/h2>\n<p>&nbsp;<\/p>\n<p><span style=\"font-weight: 400;\">Portanto, falar sobre o assunto relacionado \u00e0s doen\u00e7as mentais \u00e9 uma forma de alertar sobre os sintomas. Desse modo, a pessoa \u00e9 capaz de identificar o problema e buscar ajuda logo nos primeiros sinais.\u00a0<\/span><\/p>\n<p><span style=\"font-weight: 400;\">Para muitos pacientes, o suic\u00eddio \u00e9 uma forma de se livrar do tormento mental. Sabendo disso, este m\u00eas, vamos focar em derrubar mitos sobre sa\u00fade mental e a esclarecer d\u00favidas sobre o assunto.<\/span><\/p>\n<p><span style=\"font-weight: 400;\">A nossa ideia aqui \u00e9 utilizar o foco do Setembro Amarelo para desmistificar cren\u00e7as. Queremos oferecer a\u00e7\u00f5es de utilidade p\u00fablica e oferecer ajuda.\u00a0<\/span><\/p>\n<p>&nbsp;<\/p>\n<h2><span class=\"ez-toc-section\" id=\"A_Rota_Seguros\"><\/span><span style=\"font-weight: 400;\"><a id=\"arota\"><\/a>A Rota Seguros\u00a0<\/span><span class=\"ez-toc-section-end\"><\/span><\/h2>\n<p>&nbsp;<\/p>\n<p><span style=\"font-weight: 400;\">Somos uma empresa que trabalha com as principais operadoras de planos de sa\u00fade do Brasil. Nossa miss\u00e3o \u00e9 oferecer atendimento humanizado com foco nas necessidades de cada indiv\u00edduo.<\/span><\/p>\n<p><span style=\"font-weight: 400;\">Portanto, durante a campanha Setembro Amarelo, queremos continuar com a desmistifica\u00e7\u00e3o que ainda envolve as doen\u00e7as mentais. \u00c9 claro que durante os \u00faltimos anos de pandemia da COVID-19, esse cen\u00e1rio passou por mudan\u00e7as positivas.<\/span><\/p>\n<p><span style=\"font-weight: 400;\">Mas ainda precisa ser feito. E n\u00f3s, da Rota Seguros, queremos endossar a voz contra o preconceito. Vamos juntos diminuir os dados e cuidar dos sofrimentos mentais.\u00a0<\/span><\/p>\n<p>&nbsp;<\/p>\n","protected":false},"excerpt":{"rendered":"<p><span class=\"span-reading-time rt-reading-time\" style=\"display: block;\"><span class=\"rt-label rt-prefix\">Reading Time: <\/span> <span class=\"rt-time\"> 4<\/span> <span class=\"rt-label rt-postfix\">minutes<\/span><\/span>Tempo de leitura: 5:45 min A campanha Setembro Amarelo alerta sobre os perigos de doen\u00e7as mentais e mostram os n\u00fameros crescentes de suicidio. Os n\u00fameros assustam e mostram que, apesar &#8230;<\/p>\n","protected":false},"author":2,"featured_media":13628,"comment_status":"open","ping_status":"open","sticky":false,"template":"","format":"standard","meta":{"_monsterinsights_skip_tracking":false,"_monsterinsights_sitenote_active":false,"_monsterinsights_sitenote_note":"","_monsterinsights_sitenote_category":0,"footnotes":"","_links_to":"","_links_to_target":""},"categories":[1,1005],"tags":[1290,693,1266,1289],"class_list":["post-13622","post","type-post","status-publish","format-standard","has-post-thumbnail","hentry","category-sem-categoria","category-saude","tag-combate-ao-suicidio","tag-saude-mental","tag-setembro-amarelo","tag-suicidio"],"_links":{"self":[{"href":"https:\/\/www.rotaseguros.com.br\/planosdesaude\/wp-json\/wp\/v2\/posts\/13622","targetHints":{"allow":["GET"]}}],"collection":[{"href":"https:\/\/www.rotaseguros.com.br\/planosdesaude\/wp-json\/wp\/v2\/posts"}],"about":[{"href":"https:\/\/www.rotaseguros.com.br\/planosdesaude\/wp-json\/wp\/v2\/types\/post"}],"author":[{"embeddable":true,"href":"https:\/\/www.rotaseguros.com.br\/planosdesaude\/wp-json\/wp\/v2\/users\/2"}],"replies":[{"embeddable":true,"href":"https:\/\/www.rotaseguros.com.br\/planosdesaude\/wp-json\/wp\/v2\/comments?post=13622"}],"version-history":[{"count":0,"href":"https:\/\/www.rotaseguros.com.br\/planosdesaude\/wp-json\/wp\/v2\/posts\/13622\/revisions"}],"wp:featuredmedia":[{"embeddable":true,"href":"https:\/\/www.rotaseguros.com.br\/planosdesaude\/wp-json\/wp\/v2\/media\/13628"}],"wp:attachment":[{"href":"https:\/\/www.rotaseguros.com.br\/planosdesaude\/wp-json\/wp\/v2\/media?parent=13622"}],"wp:term":[{"taxonomy":"category","embeddable":true,"href":"https:\/\/www.rotaseguros.com.br\/planosdesaude\/wp-json\/wp\/v2\/categories?post=13622"},{"taxonomy":"post_tag","embeddable":true,"href":"https:\/\/www.rotaseguros.com.br\/planosdesaude\/wp-json\/wp\/v2\/tags?post=13622"}],"curies":[{"name":"wp","href":"https:\/\/api.w.org\/{rel}","templated":true}]}}