{"id":13643,"date":"2022-09-21T17:31:16","date_gmt":"2022-09-21T19:31:16","guid":{"rendered":"https:\/\/www.rotaseguros.com.br\/planosdesaude\/?p=13643"},"modified":"2022-09-21T17:31:16","modified_gmt":"2022-09-21T19:31:16","slug":"saiba-como-conviver-com-uma-pessoa-com-alzheimer","status":"publish","type":"post","link":"https:\/\/www.rotaseguros.com.br\/planosdesaude\/saiba-como-conviver-com-uma-pessoa-com-alzheimer\/","title":{"rendered":"Saiba como conviver com uma pessoa com Alzheimer"},"content":{"rendered":"<span class=\"span-reading-time rt-reading-time\" style=\"display: block;\"><span class=\"rt-label rt-prefix\">Reading Time: <\/span> <span class=\"rt-time\"> 4<\/span> <span class=\"rt-label rt-postfix\">minutes<\/span><\/span><p><span style=\"font-weight: 400;\">A dorm\u00eancia nas m\u00e3os pode ser um sinal de que o seu corpo est\u00e1 desalinhado. Por isso, observar os processos do organismo te ajudar\u00e1 na preven\u00e7\u00e3o efetiva de doen\u00e7as graves, como o <\/span><b>Alzheimer.<\/b><\/p><div id=\"ez-toc-container\" class=\"ez-toc-v2_0_82_2 counter-flat ez-toc-counter ez-toc-grey ez-toc-container-direction\">\n<div class=\"ez-toc-title-container\">\n<p class=\"ez-toc-title\" style=\"cursor:inherit\">Aqui voc\u00ea encontra:<\/p>\n<span class=\"ez-toc-title-toggle\"><a href=\"#\" class=\"ez-toc-pull-right ez-toc-btn ez-toc-btn-xs ez-toc-btn-default ez-toc-toggle\" aria-label=\"Alternar tabela de conte\u00fado\"><span class=\"ez-toc-js-icon-con\"><span class=\"\"><span class=\"eztoc-hide\" style=\"display:none;\">Toggle<\/span><span class=\"ez-toc-icon-toggle-span\"><svg style=\"fill: #999;color:#999\" xmlns=\"http:\/\/www.w3.org\/2000\/svg\" class=\"list-377408\" width=\"20px\" height=\"20px\" viewBox=\"0 0 24 24\" fill=\"none\"><path d=\"M6 6H4v2h2V6zm14 0H8v2h12V6zM4 11h2v2H4v-2zm16 0H8v2h12v-2zM4 16h2v2H4v-2zm16 0H8v2h12v-2z\" fill=\"currentColor\"><\/path><\/svg><svg style=\"fill: #999;color:#999\" class=\"arrow-unsorted-368013\" xmlns=\"http:\/\/www.w3.org\/2000\/svg\" width=\"10px\" height=\"10px\" viewBox=\"0 0 24 24\" version=\"1.2\" baseProfile=\"tiny\"><path d=\"M18.2 9.3l-6.2-6.3-6.2 6.3c-.2.2-.3.4-.3.7s.1.5.3.7c.2.2.4.3.7.3h11c.3 0 .5-.1.7-.3.2-.2.3-.5.3-.7s-.1-.5-.3-.7zM5.8 14.7l6.2 6.3 6.2-6.3c.2-.2.3-.5.3-.7s-.1-.5-.3-.7c-.2-.2-.4-.3-.7-.3h-11c-.3 0-.5.1-.7.3-.2.2-.3.5-.3.7s.1.5.3.7z\"\/><\/svg><\/span><\/span><\/span><\/a><\/span><\/div>\n<nav><ul class='ez-toc-list ez-toc-list-level-1 ' ><li class='ez-toc-page-1'><a class=\"ez-toc-link ez-toc-heading-1\" href=\"https:\/\/www.rotaseguros.com.br\/planosdesaude\/saiba-como-conviver-com-uma-pessoa-com-alzheimer\/#Como_tratar_o_Alzheimer\" >Como tratar o Alzheimer?<\/a><\/li><li class='ez-toc-page-1'><a class=\"ez-toc-link ez-toc-heading-2\" href=\"https:\/\/www.rotaseguros.com.br\/planosdesaude\/saiba-como-conviver-com-uma-pessoa-com-alzheimer\/#Os_sinais_da_doenca\" >Os sinais da doen\u00e7a!\u00a0<\/a><\/li><li class='ez-toc-page-1'><a class=\"ez-toc-link ez-toc-heading-3\" href=\"https:\/\/www.rotaseguros.com.br\/planosdesaude\/saiba-como-conviver-com-uma-pessoa-com-alzheimer\/#Aprenda_a_lidar_com_o_Alzheimer\" >Aprenda a lidar com o Alzheimer<\/a><\/li><li class='ez-toc-page-1'><a class=\"ez-toc-link ez-toc-heading-4\" href=\"https:\/\/www.rotaseguros.com.br\/planosdesaude\/saiba-como-conviver-com-uma-pessoa-com-alzheimer\/#1_%E2%80%93_Contar_ou_nao\" >1 &#8211; Contar ou n\u00e3o?<\/a><\/li><li class='ez-toc-page-1'><a class=\"ez-toc-link ez-toc-heading-5\" href=\"https:\/\/www.rotaseguros.com.br\/planosdesaude\/saiba-como-conviver-com-uma-pessoa-com-alzheimer\/#2_%E2%80%93_Esconder-se_do_Alzheimer\" >2 &#8211; Esconder-se do Alzheimer<\/a><\/li><li class='ez-toc-page-1'><a class=\"ez-toc-link ez-toc-heading-6\" href=\"https:\/\/www.rotaseguros.com.br\/planosdesaude\/saiba-como-conviver-com-uma-pessoa-com-alzheimer\/#3_%E2%80%93_Respire_e_tenha_paciencia\" >3 &#8211; Respire e tenha paci\u00eancia\u00a0<\/a><\/li><li class='ez-toc-page-1'><a class=\"ez-toc-link ez-toc-heading-7\" href=\"https:\/\/www.rotaseguros.com.br\/planosdesaude\/saiba-como-conviver-com-uma-pessoa-com-alzheimer\/#i\" >\u00a0<\/a><\/li><li class='ez-toc-page-1'><a class=\"ez-toc-link ez-toc-heading-8\" href=\"https:\/\/www.rotaseguros.com.br\/planosdesaude\/saiba-como-conviver-com-uma-pessoa-com-alzheimer\/#4_%E2%80%93_Respeito\" >4 &#8211; Respeito\u00a0<\/a><\/li><li class='ez-toc-page-1'><a class=\"ez-toc-link ez-toc-heading-9\" href=\"https:\/\/www.rotaseguros.com.br\/planosdesaude\/saiba-como-conviver-com-uma-pessoa-com-alzheimer\/#5_%E2%80%93_Nao_se_esconda\" >5 &#8211;\u00a0 N\u00e3o se esconda\u00a0<\/a><\/li><li class='ez-toc-page-1'><a class=\"ez-toc-link ez-toc-heading-10\" href=\"https:\/\/www.rotaseguros.com.br\/planosdesaude\/saiba-como-conviver-com-uma-pessoa-com-alzheimer\/#A_prevencao_e_consultas_medicas_de_rotina\" >A preven\u00e7\u00e3o e consultas m\u00e9dicas de rotina\u00a0<\/a><\/li><\/ul><\/nav><\/div>\n\n<p><span style=\"font-weight: 400;\">Sabendo desses sinais, decidimos utilizar o Dia Mundial da Doen\u00e7a de Alzheimer, que ocorre em setembro, como ponto de alerta sobre os sinais da doen\u00e7a.<\/span><\/p>\n<hr \/>\n<p><span style=\"font-weight: 400;\"><a href=\"#alzheimer\">Como tratar o Alzheimer?<\/a><br \/>\n<\/span><span style=\"font-weight: 400;\"><a href=\"#sinais\">Os sinais da doen\u00e7a!\u00a0<\/a><br \/>\n<\/span><span style=\"font-weight: 400;\"><a href=\"#lidar\">Aprenda a lidar com o Alzheimer<\/a><br \/>\n<\/span><a href=\"#consultas\"><span style=\"font-weight: 400;\">A preven\u00e7\u00e3o e consultas m\u00e9dicas de rotina\u00a0<\/span><\/a><\/p>\n<hr \/>\n<p><span style=\"font-weight: 400;\">Os danos come\u00e7am devagar, por\u00e9m podem provocar problemas progressivos no c\u00e9rebro e na mem\u00f3ria. Trata-se de uma dem\u00eancia comum e que pode ter evolu\u00e7\u00e3o vari\u00e1vel em cada pessoa.<\/span><\/p>\n<p><span style=\"font-weight: 400;\">Portanto, o diagn\u00f3stico precoce ajuda a minimizar os males e a conviver com a doen\u00e7a. Para isso, \u00e9 importante entender que o <\/span><b>Alzheimer\u00a0 <\/b><span style=\"font-weight: 400;\">causa danos \u00e0 mem\u00f3ria em graus diferentes em diferentes organismos. Ou seja, cada pessoa pode ter uma rea\u00e7\u00e3o \u00e0 doen\u00e7a.\u00a0<\/span><\/p>\n<p><img loading=\"lazy\" decoding=\"async\" class=\"alignnone  wp-image-13648\" src=\"https:\/\/www.rotaseguros.com.br\/planosdesaude\/wp-content\/uploads\/2022\/09\/Alzheimer-5-300x75.png\" alt=\"idosos e Alzheimer\" width=\"920\" height=\"230\" srcset=\"https:\/\/www.rotaseguros.com.br\/planosdesaude\/wp-content\/uploads\/2022\/09\/Alzheimer-5-300x75.png 300w, https:\/\/www.rotaseguros.com.br\/planosdesaude\/wp-content\/uploads\/2022\/09\/Alzheimer-5-1024x256.png 1024w, https:\/\/www.rotaseguros.com.br\/planosdesaude\/wp-content\/uploads\/2022\/09\/Alzheimer-5-768x192.png 768w, https:\/\/www.rotaseguros.com.br\/planosdesaude\/wp-content\/uploads\/2022\/09\/Alzheimer-5-980x245.png 980w, https:\/\/www.rotaseguros.com.br\/planosdesaude\/wp-content\/uploads\/2022\/09\/Alzheimer-5-480x120.png 480w, https:\/\/www.rotaseguros.com.br\/planosdesaude\/wp-content\/uploads\/2022\/09\/Alzheimer-5.png 1080w\" sizes=\"auto, (max-width: 920px) 100vw, 920px\" \/><\/p>\n<h2><span class=\"ez-toc-section\" id=\"Como_tratar_o_Alzheimer\"><\/span><span style=\"font-weight: 400;\"><a id=\"alzheimer\"><\/a>Como tratar o Alzheimer?<\/span><span class=\"ez-toc-section-end\"><\/span><\/h2>\n<p>&nbsp;<\/p>\n<p><span style=\"font-weight: 400;\">Portanto, \u00e9 imposs\u00edvel falar em progresso da doen\u00e7a de forma geral, j\u00e1 que isso depender\u00e1 do organismo. Ainda assim, pesquisadores acreditam na regra que uma pessoa com a doen\u00e7a viva em m\u00e9dia oito anos.<\/span><\/p>\n<p><span style=\"font-weight: 400;\">Apesar de todas as pesquisas sobre a a\u00e7\u00e3o diretamente ao c\u00e9rebro, as causas do <\/span><b>Alzheimer <\/b><span style=\"font-weight: 400;\">ainda s\u00e3o obscuras. Outro ponto relevante \u00e9 sobre os tratamentos, que seguem no campo de an\u00e1lises.<\/span><\/p>\n<p><span style=\"font-weight: 400;\">Ainda assim, \u00e9 poss\u00edvel ter alento com o avan\u00e7o de processos em rela\u00e7\u00e3o ao <\/span><b>Alzheimer. <\/b><span style=\"font-weight: 400;\">Nesse sentido, \u00e9 importante destacar os pontos sobre conten\u00e7\u00e3o da doen\u00e7a.<\/span><\/p>\n<p><img loading=\"lazy\" decoding=\"async\" class=\"alignnone  wp-image-13647\" src=\"https:\/\/www.rotaseguros.com.br\/planosdesaude\/wp-content\/uploads\/2022\/09\/Alzheimer-4-300x75.png\" alt=\"Alzheimer em idosos\" width=\"928\" height=\"232\" srcset=\"https:\/\/www.rotaseguros.com.br\/planosdesaude\/wp-content\/uploads\/2022\/09\/Alzheimer-4-300x75.png 300w, https:\/\/www.rotaseguros.com.br\/planosdesaude\/wp-content\/uploads\/2022\/09\/Alzheimer-4-1024x256.png 1024w, https:\/\/www.rotaseguros.com.br\/planosdesaude\/wp-content\/uploads\/2022\/09\/Alzheimer-4-768x192.png 768w, https:\/\/www.rotaseguros.com.br\/planosdesaude\/wp-content\/uploads\/2022\/09\/Alzheimer-4-980x245.png 980w, https:\/\/www.rotaseguros.com.br\/planosdesaude\/wp-content\/uploads\/2022\/09\/Alzheimer-4-480x120.png 480w, https:\/\/www.rotaseguros.com.br\/planosdesaude\/wp-content\/uploads\/2022\/09\/Alzheimer-4.png 1080w\" sizes=\"auto, (max-width: 928px) 100vw, 928px\" \/><\/p>\n<h3><span class=\"ez-toc-section\" id=\"Os_sinais_da_doenca\"><\/span><span style=\"font-weight: 400;\"><a id=\"sinais\"><\/a>Os sinais da doen\u00e7a!\u00a0<\/span><span class=\"ez-toc-section-end\"><\/span><\/h3>\n<p>&nbsp;<\/p>\n<p><span style=\"font-weight: 400;\">Normalmente, o <\/span><b>Alzheimer<\/b><span style=\"font-weight: 400;\"> come\u00e7a a apresentar sinais em pessoas a partir de 60 anos. Com o tempo, a enfermidade apresenta uma s\u00e9rie de outros problemas, como depress\u00e3o, confus\u00e3o mental, irritabilidade, entre outros.<\/span><\/p>\n<p><span style=\"font-weight: 400;\">Al\u00e9m disso, sempre \u00e9 bom falar sobre os passos que ajudar\u00e3o na conviv\u00eancia. Pensando nisso, listamos alguns caminhos que ajudar\u00e3o nesse processo.<\/span><\/p>\n<p><span style=\"font-weight: 400;\">Obviamente, n\u00e3o temos inten\u00e7\u00e3o alguma de romantizar. At\u00e9 porque, sabemos o qu\u00e3o complexa pode ser a evolu\u00e7\u00e3o da doen\u00e7a, que, somente no Brasil, atinge cerca de 1,2 milh\u00e3o de pessoas.<\/span><\/p>\n<p><img loading=\"lazy\" decoding=\"async\" class=\"alignnone  wp-image-13646\" src=\"https:\/\/www.rotaseguros.com.br\/planosdesaude\/wp-content\/uploads\/2022\/09\/Alzheimer-3-300x75.png\" alt=\"Alzheimer\" width=\"920\" height=\"230\" srcset=\"https:\/\/www.rotaseguros.com.br\/planosdesaude\/wp-content\/uploads\/2022\/09\/Alzheimer-3-300x75.png 300w, https:\/\/www.rotaseguros.com.br\/planosdesaude\/wp-content\/uploads\/2022\/09\/Alzheimer-3-1024x256.png 1024w, https:\/\/www.rotaseguros.com.br\/planosdesaude\/wp-content\/uploads\/2022\/09\/Alzheimer-3-768x192.png 768w, https:\/\/www.rotaseguros.com.br\/planosdesaude\/wp-content\/uploads\/2022\/09\/Alzheimer-3-980x245.png 980w, https:\/\/www.rotaseguros.com.br\/planosdesaude\/wp-content\/uploads\/2022\/09\/Alzheimer-3-480x120.png 480w, https:\/\/www.rotaseguros.com.br\/planosdesaude\/wp-content\/uploads\/2022\/09\/Alzheimer-3.png 1080w\" sizes=\"auto, (max-width: 920px) 100vw, 920px\" \/><\/p>\n<h2><span class=\"ez-toc-section\" id=\"Aprenda_a_lidar_com_o_Alzheimer\"><\/span><span style=\"font-weight: 400;\"><a id=\"lidar\"><\/a>Aprenda a lidar com o Alzheimer<\/span><span class=\"ez-toc-section-end\"><\/span><\/h2>\n<p>&nbsp;<\/p>\n<p><span style=\"font-weight: 400;\">A inten\u00e7\u00e3o aqui \u00e9 apresentar alternativas que ajudar\u00e3o no processo de uma caminhada mais leve. A irritabilidade intensa torna a doen\u00e7a ainda mais complicada para familiares e pessoas pr\u00f3ximas.<\/span><\/p>\n<p>&nbsp;<\/p>\n<h3><span class=\"ez-toc-section\" id=\"1_%E2%80%93_Contar_ou_nao\"><\/span><span style=\"font-weight: 400;\">1 &#8211; Contar ou n\u00e3o?<\/span><span class=\"ez-toc-section-end\"><\/span><\/h3>\n<p><span style=\"font-weight: 400;\">Quando o diagn\u00f3stico chega, muitas pessoas ficam em d\u00favida se contam ou n\u00e3o para o paciente. A escolha vai depender muito do processo do paciente.<\/span><\/p>\n<p><span style=\"font-weight: 400;\">Isso porque, de acordo com a Associa\u00e7\u00e3o Brasileira de Alzheimer, muitas pessoas j\u00e1 chegam ao consult\u00f3rio sabendo do que est\u00e1 ocorrendo.\u00a0<\/span><\/p>\n<p><span style=\"font-weight: 400;\">Outros, por sinal, n\u00e3o t\u00eam ideia do que est\u00e1 havendo e sobre o motivo de todo o esquecimento. A alternativa \u00e9 individualizada e depende muito de cada fam\u00edlia e\/ou paciente.<\/span><\/p>\n<p>&nbsp;<\/p>\n<h3><span class=\"ez-toc-section\" id=\"2_%E2%80%93_Esconder-se_do_Alzheimer\"><\/span><span style=\"font-weight: 400;\">2 &#8211; Esconder-se do Alzheimer<\/span><span class=\"ez-toc-section-end\"><\/span><\/h3>\n<p><span style=\"font-weight: 400;\">Apesar dos ind\u00edcios claros, muitas fam\u00edlias optam por n\u00e3o enfrentar o problema. Os sinais est\u00e3o ali,\u00a0 como as compras em duplicidade e os atos cotidianos que fogem \u00e0 mem\u00f3ria da pessoa.<\/span><\/p>\n<p><span style=\"font-weight: 400;\">O ideal \u00e9 conversar com um m\u00e9dico de confian\u00e7a e buscar terapias integrativas que ajudem no enfrentamento da doen\u00e7a.<\/span><\/p>\n<p>&nbsp;<\/p>\n<h3><span class=\"ez-toc-section\" id=\"3_%E2%80%93_Respire_e_tenha_paciencia\"><\/span><span style=\"font-weight: 400;\">3 &#8211; Respire e tenha paci\u00eancia\u00a0<\/span><span class=\"ez-toc-section-end\"><\/span><\/h3>\n<p><span style=\"font-weight: 400;\">No primeiro momento, a irritabilidade e explos\u00f5es podem n\u00e3o ser encaradas de frente por familiares. Isso pode retardar a busca por m\u00e9dicos e prejudicar a sa\u00fade do paciente.<\/span><\/p>\n<h3><span class=\"ez-toc-section\" id=\"i\"><\/span>\u00a0<span class=\"ez-toc-section-end\"><\/span><\/h3>\n<h3><span class=\"ez-toc-section\" id=\"4_%E2%80%93_Respeito\"><\/span><span style=\"font-weight: 400;\">4 &#8211; Respeito\u00a0<\/span><span class=\"ez-toc-section-end\"><\/span><\/h3>\n<p><span style=\"font-weight: 400;\">N\u00e3o grite e tenha paci\u00eancia, ainda que a pessoa desperte na madrugada pronta para visitar a tia. Os processos oscilam muito e nessa condu\u00e7\u00e3o a paci\u00eancia \u00e9 fundamental.<\/span><\/p>\n<p>&nbsp;<\/p>\n<h3><span class=\"ez-toc-section\" id=\"5_%E2%80%93_Nao_se_esconda\"><\/span><span style=\"font-weight: 400;\">5 &#8211;\u00a0 N\u00e3o se esconda\u00a0<\/span><span class=\"ez-toc-section-end\"><\/span><\/h3>\n<p><span style=\"font-weight: 400;\">Ofere\u00e7a conv\u00edvio social. Gente faz com o que a pessoa consiga viver dentro da normalidade. Impulsione caminhadas ao ar livre e atividades que permitam relaxamento.<\/span><\/p>\n<p><span style=\"font-weight: 400;\">Escute o paciente e pense em como oferecer solu\u00e7\u00f5es para minimizar os efeitos da falta de mem\u00f3ria. A rotina \u00e9 um ponto de apoio muito interessante.<\/span><\/p>\n<p><span style=\"font-weight: 400;\">\u00a0<\/span><span style=\"font-weight: 400;\">Assim \u00e9 f\u00e1cil ter previsibilidade e isso deixa o paciente mais tranquilo. E n\u00e3o tenha medo. Caso observe pequenos sinais no corpo, leve sua m\u00e3e, av\u00f3\/av\u00f4, tios\/tias e amigos para uma consulta de rotina no m\u00e9dico especialista.\u00a0<\/span><\/p>\n<p>&nbsp;<\/p>\n<h2><span class=\"ez-toc-section\" id=\"A_prevencao_e_consultas_medicas_de_rotina\"><\/span><span style=\"font-weight: 400;\"><a id=\"consultas\"><\/a>A preven\u00e7\u00e3o e consultas m\u00e9dicas de rotina\u00a0<\/span><span class=\"ez-toc-section-end\"><\/span><\/h2>\n<p>&nbsp;<\/p>\n<p><span style=\"font-weight: 400;\">A preven\u00e7\u00e3o \u00e9 a principal sa\u00edda para controlar doen\u00e7as graves. Al\u00e9m disso, \u00e9 a parte de exames de rotina que problemas podem ser detectados e tratados de forma precoce.<\/span><\/p>\n<p><span style=\"font-weight: 400;\">Isso contribui diretamente para a qualidade de vida de uma pessoa, bem como para a conviv\u00eancia de familiares e entes queridos. Sendo assim, caso surja um simples formigamento nas m\u00e3os o indicado \u00e9 procurar um m\u00e9dico.<\/span><\/p>\n<p><span style=\"font-weight: 400;\">Na Rota Seguros, voc\u00ea encontra solu\u00e7\u00f5es com planos de sa\u00fade que supram suas necessidades. Tudo isso, com a seguran\u00e7a\u00a0 de atua\u00e7\u00e3o com mais de 20 anos e a tradi\u00e7\u00e3o das melhores operadoras de sa\u00fade do Brasil.<\/span><\/p>\n","protected":false},"excerpt":{"rendered":"<p><span class=\"span-reading-time rt-reading-time\" style=\"display: block;\"><span class=\"rt-label rt-prefix\">Reading Time: <\/span> <span class=\"rt-time\"> 4<\/span> <span class=\"rt-label rt-postfix\">minutes<\/span><\/span>A dorm\u00eancia nas m\u00e3os pode ser um sinal de que o seu corpo est\u00e1 desalinhado. Por isso, observar os processos do organismo te ajudar\u00e1 na preven\u00e7\u00e3o efetiva de doen\u00e7as graves, &#8230;<\/p>\n","protected":false},"author":2,"featured_media":13649,"comment_status":"open","ping_status":"open","sticky":false,"template":"","format":"standard","meta":{"_monsterinsights_skip_tracking":false,"_monsterinsights_sitenote_active":false,"_monsterinsights_sitenote_note":"","_monsterinsights_sitenote_category":0,"footnotes":"","_links_to":"","_links_to_target":""},"categories":[1005],"tags":[1298,1297,1301,1299,85,1300,1127],"class_list":["post-13643","post","type-post","status-publish","format-standard","has-post-thumbnail","hentry","category-saude","tag-alzeimer","tag-alzheimer","tag-caducar","tag-esquecimento","tag-idosos","tag-memoria","tag-saude"],"_links":{"self":[{"href":"https:\/\/www.rotaseguros.com.br\/planosdesaude\/wp-json\/wp\/v2\/posts\/13643","targetHints":{"allow":["GET"]}}],"collection":[{"href":"https:\/\/www.rotaseguros.com.br\/planosdesaude\/wp-json\/wp\/v2\/posts"}],"about":[{"href":"https:\/\/www.rotaseguros.com.br\/planosdesaude\/wp-json\/wp\/v2\/types\/post"}],"author":[{"embeddable":true,"href":"https:\/\/www.rotaseguros.com.br\/planosdesaude\/wp-json\/wp\/v2\/users\/2"}],"replies":[{"embeddable":true,"href":"https:\/\/www.rotaseguros.com.br\/planosdesaude\/wp-json\/wp\/v2\/comments?post=13643"}],"version-history":[{"count":0,"href":"https:\/\/www.rotaseguros.com.br\/planosdesaude\/wp-json\/wp\/v2\/posts\/13643\/revisions"}],"wp:featuredmedia":[{"embeddable":true,"href":"https:\/\/www.rotaseguros.com.br\/planosdesaude\/wp-json\/wp\/v2\/media\/13649"}],"wp:attachment":[{"href":"https:\/\/www.rotaseguros.com.br\/planosdesaude\/wp-json\/wp\/v2\/media?parent=13643"}],"wp:term":[{"taxonomy":"category","embeddable":true,"href":"https:\/\/www.rotaseguros.com.br\/planosdesaude\/wp-json\/wp\/v2\/categories?post=13643"},{"taxonomy":"post_tag","embeddable":true,"href":"https:\/\/www.rotaseguros.com.br\/planosdesaude\/wp-json\/wp\/v2\/tags?post=13643"}],"curies":[{"name":"wp","href":"https:\/\/api.w.org\/{rel}","templated":true}]}}