{"id":13654,"date":"2022-09-22T18:09:35","date_gmt":"2022-09-22T20:09:35","guid":{"rendered":"https:\/\/www.rotaseguros.com.br\/planosdesaude\/?p=13654"},"modified":"2022-09-22T18:19:37","modified_gmt":"2022-09-22T20:19:37","slug":"os-cuidados-mentais-com-setembro-amarelo","status":"publish","type":"post","link":"https:\/\/www.rotaseguros.com.br\/planosdesaude\/os-cuidados-mentais-com-setembro-amarelo\/","title":{"rendered":"Os cuidados mentais com Setembro Amarelo\u00a0"},"content":{"rendered":"<span class=\"span-reading-time rt-reading-time\" style=\"display: block;\"><span class=\"rt-label rt-prefix\">Reading Time: <\/span> <span class=\"rt-time\"> 4<\/span> <span class=\"rt-label rt-postfix\">minutes<\/span><\/span><p>Tempo de leitura: 5 minutos<\/p><div id=\"ez-toc-container\" class=\"ez-toc-v2_0_82_2 counter-flat ez-toc-counter ez-toc-grey ez-toc-container-direction\">\n<div class=\"ez-toc-title-container\">\n<p class=\"ez-toc-title\" style=\"cursor:inherit\">Aqui voc\u00ea encontra:<\/p>\n<span class=\"ez-toc-title-toggle\"><a href=\"#\" class=\"ez-toc-pull-right ez-toc-btn ez-toc-btn-xs ez-toc-btn-default ez-toc-toggle\" aria-label=\"Alternar tabela de conte\u00fado\"><span class=\"ez-toc-js-icon-con\"><span class=\"\"><span class=\"eztoc-hide\" style=\"display:none;\">Toggle<\/span><span class=\"ez-toc-icon-toggle-span\"><svg style=\"fill: #999;color:#999\" xmlns=\"http:\/\/www.w3.org\/2000\/svg\" class=\"list-377408\" width=\"20px\" height=\"20px\" viewBox=\"0 0 24 24\" fill=\"none\"><path d=\"M6 6H4v2h2V6zm14 0H8v2h12V6zM4 11h2v2H4v-2zm16 0H8v2h12v-2zM4 16h2v2H4v-2zm16 0H8v2h12v-2z\" fill=\"currentColor\"><\/path><\/svg><svg style=\"fill: #999;color:#999\" class=\"arrow-unsorted-368013\" xmlns=\"http:\/\/www.w3.org\/2000\/svg\" width=\"10px\" height=\"10px\" viewBox=\"0 0 24 24\" version=\"1.2\" baseProfile=\"tiny\"><path d=\"M18.2 9.3l-6.2-6.3-6.2 6.3c-.2.2-.3.4-.3.7s.1.5.3.7c.2.2.4.3.7.3h11c.3 0 .5-.1.7-.3.2-.2.3-.5.3-.7s-.1-.5-.3-.7zM5.8 14.7l6.2 6.3 6.2-6.3c.2-.2.3-.5.3-.7s-.1-.5-.3-.7c-.2-.2-.4-.3-.7-.3h-11c-.3 0-.5.1-.7.3-.2.2-.3.5-.3.7s.1.5.3.7z\"\/><\/svg><\/span><\/span><\/span><\/a><\/span><\/div>\n<nav><ul class='ez-toc-list ez-toc-list-level-1 ' ><li class='ez-toc-page-1'><a class=\"ez-toc-link ez-toc-heading-1\" href=\"https:\/\/www.rotaseguros.com.br\/planosdesaude\/os-cuidados-mentais-com-setembro-amarelo\/#Doencas_mentais_e_reflexos_suicidas\" >Doen\u00e7as mentais e reflexos suicidas\u00a0<\/a><\/li><li class='ez-toc-page-1'><a class=\"ez-toc-link ez-toc-heading-2\" href=\"https:\/\/www.rotaseguros.com.br\/planosdesaude\/os-cuidados-mentais-com-setembro-amarelo\/#A_campanha_de_Setembro_Amarelo_como_prevencao_a_saude\" >A campanha de Setembro Amarelo como preven\u00e7\u00e3o \u00e0 sa\u00fade<\/a><\/li><li class='ez-toc-page-1'><a class=\"ez-toc-link ez-toc-heading-3\" href=\"https:\/\/www.rotaseguros.com.br\/planosdesaude\/os-cuidados-mentais-com-setembro-amarelo\/#Prevencao_ao_suicidio_e_cuidados_mentais\" >Preven\u00e7\u00e3o ao suic\u00eddio e cuidados mentais<\/a><\/li><li class='ez-toc-page-1'><a class=\"ez-toc-link ez-toc-heading-4\" href=\"https:\/\/www.rotaseguros.com.br\/planosdesaude\/os-cuidados-mentais-com-setembro-amarelo\/#Auxilio_medico_e_equilibrio_mental\" >Aux\u00edlio m\u00e9dico e equil\u00edbrio mental<\/a><\/li><\/ul><\/nav><\/div>\n\n<p><span style=\"font-weight: 400;\">No Brasil, a <\/span><b>campanha do Setembro Amarelo<\/b><span style=\"font-weight: 400;\"> nasceu em 2015 por meio do engajamento de importantes entidades ligadas \u00e0 sa\u00fade. <\/span><span style=\"font-weight: 400;\"><br \/>\n<\/span><span style=\"font-weight: 400;\">O movimento foi iniciado pelo\u00a0 Centro de Valoriza\u00e7\u00e3o da Vida (CVV) e do Conselho Federal de Medicina (CFM) em parceria com a Associa\u00e7\u00e3o Brasileira de Psiquiatria (ABP).<\/span><\/p>\n<hr \/>\n<p><span style=\"font-weight: 400;\"><a href=\"#mentais\">Doen\u00e7as mentais e reflexos suicidas<\/a><br \/>\n<\/span><span style=\"font-weight: 400;\"><a href=\"#campanha\">A campanha de Setembro Amarelo como preven\u00e7\u00e3o \u00e0 sa\u00fade<\/a><br \/>\n<\/span><span style=\"font-weight: 400;\"><a href=\"#prevencao\">Preven\u00e7\u00e3o ao suic\u00eddio e cuidados mentais<\/a><br \/>\n<\/span><a href=\"#auxilio\"><span style=\"font-weight: 400;\">Aux\u00edlio m\u00e9dico e equil\u00edbrio mental<\/span><\/a><\/p>\n<hr \/>\n<p><span style=\"font-weight: 400;\">A campanha Setembro Amarelo visa a valoriza\u00e7\u00e3o e \u00e9 realizada este m\u00eas, devido ao Dia Mundial da Preven\u00e7\u00e3o ao Suic\u00eddio, que \u00e9 datado no dia 10. <\/span><span style=\"font-weight: 400;\"><br \/>\n<\/span><span style=\"font-weight: 400;\">A lembran\u00e7a da data \u00e9 necess\u00e1ria, j\u00e1 que, de acordo com a Organiza\u00e7\u00e3o Mundial de Sa\u00fade (OMS), a cada 40 segundos, uma pessoa tira a vida.\u00a0<\/span><\/p>\n<p><span style=\"font-weight: 400;\">O n\u00famero assusta, n\u00e9? <\/span><span style=\"font-weight: 400;\"><br \/>\n<\/span><span style=\"font-weight: 400;\">E n\u00e3o \u00e9 para menos. <\/span><span style=\"font-weight: 400;\"><br \/>\n<\/span><span style=\"font-weight: 400;\">Tanto que os n\u00fameros mostram os casos de mortes que atentam contra a pr\u00f3pria vida. Para se ter uma ideia, a OMS contabiliza cerca de 800 mil mortes por suic\u00eddio por ano no mundo.\u00a0<\/span><\/p>\n<p><img loading=\"lazy\" decoding=\"async\" class=\"alignnone  wp-image-13658\" src=\"https:\/\/www.rotaseguros.com.br\/planosdesaude\/wp-content\/uploads\/2022\/09\/setembro-amarelo-2-300x75.png\" alt=\"sa\u00fade mental\" width=\"908\" height=\"227\" srcset=\"https:\/\/www.rotaseguros.com.br\/planosdesaude\/wp-content\/uploads\/2022\/09\/setembro-amarelo-2-300x75.png 300w, https:\/\/www.rotaseguros.com.br\/planosdesaude\/wp-content\/uploads\/2022\/09\/setembro-amarelo-2-1024x256.png 1024w, https:\/\/www.rotaseguros.com.br\/planosdesaude\/wp-content\/uploads\/2022\/09\/setembro-amarelo-2-768x192.png 768w, https:\/\/www.rotaseguros.com.br\/planosdesaude\/wp-content\/uploads\/2022\/09\/setembro-amarelo-2-980x245.png 980w, https:\/\/www.rotaseguros.com.br\/planosdesaude\/wp-content\/uploads\/2022\/09\/setembro-amarelo-2-480x120.png 480w, https:\/\/www.rotaseguros.com.br\/planosdesaude\/wp-content\/uploads\/2022\/09\/setembro-amarelo-2.png 1080w\" sizes=\"auto, (max-width: 908px) 100vw, 908px\" \/><\/p>\n<h2><span class=\"ez-toc-section\" id=\"Doencas_mentais_e_reflexos_suicidas\"><\/span><span style=\"font-weight: 400;\"><a id=\"mentais\"><\/a>Doen\u00e7as mentais e reflexos suicidas\u00a0<\/span><span class=\"ez-toc-section-end\"><\/span><\/h2>\n<p>&nbsp;<\/p>\n<p><span style=\"font-weight: 400;\">Nesse levantamento, a entidade mostra ainda que dos casos de morte, 100% dos casos estavam ligados a doen\u00e7as mentais. Outro dado preocupante est\u00e1 ligado \u00e0 faixa et\u00e1ria de pessoas que cometem suic\u00eddio.\u00a0<\/span><\/p>\n<p><span style=\"font-weight: 400;\">Para a OMS, os principais casos est\u00e3o entre os jovens de 15 a 29 anos. Sendo que, no caso dos brasileiros, o suic\u00eddio chega em cerca de 30 pessoas por dia. Os dados preocupam e revelam como \u00e9 grave o hist\u00f3rico da juventude. Al\u00e9m disso, os n\u00fameros das mortes t\u00eam quase 100% de liga\u00e7\u00e3o com casos de doen\u00e7as mentais.\u00a0<\/span><\/p>\n<p><span style=\"font-weight: 400;\">Portanto, a campanha Setembro Amarelo \u00e9 um importante alento para pessoas que sofrem transtornos mentais. J\u00e1 que a iniciativa mostra a necessidade de pol\u00edticas p\u00fablicas de preven\u00e7\u00e3o ao suic\u00eddio, bem como apresenta a realidade dos n\u00fameros.<\/span><\/p>\n<p><span style=\"font-weight: 400;\">A grande verdade \u00e9 que com o crescimentos dos transtornos mentais, os casos de pessoas com pensamento suicida aumentaram em mais de 80%. Por isso, pensar em preven\u00e7\u00e3o se tornou uma escolha de sobreviv\u00eancia para a sociedade atual.\u00a0<\/span><\/p>\n<p>&nbsp;<\/p>\n<h3><span class=\"ez-toc-section\" id=\"A_campanha_de_Setembro_Amarelo_como_prevencao_a_saude\"><\/span><span style=\"font-weight: 400;\"><a id=\"campanha\"><\/a>A campanha de Setembro Amarelo como preven\u00e7\u00e3o \u00e0 sa\u00fade<\/span><span class=\"ez-toc-section-end\"><\/span><\/h3>\n<p>&nbsp;<\/p>\n<p><span style=\"font-weight: 400;\">Tanto que no <\/span><span style=\"font-weight: 400;\">Centro de Valoriza\u00e7\u00e3o da Vida (CVV) h\u00e1 um projeto de escuta cuidadosa com foco no apoio emocional e na <\/span><a href=\"https:\/\/www.cvv.org.br\/comunicacao-publica-sobre-situacao-do-cvv-durante-pandemia-do-covid-19\/\" target=\"_blank\" rel=\"noopener\"><span style=\"font-weight: 400;\">preven\u00e7\u00e3o de suic\u00eddio por 24 horas<\/span><\/a><span style=\"font-weight: 400;\">. A proposta \u00e9 oferecer acolhimento com total sigilo, com atendimento volunt\u00e1rio e gratuito.\u00a0<\/span><\/p>\n<p><span style=\"font-weight: 400;\">Durante a pandemia da Covid-19, o CVV realizou adequa\u00e7\u00f5es log\u00edsticas, mas seguiu com a oferta de atendimentos. E n\u00e3o era para menos. O processo de isolamento social revelou sombras na popula\u00e7\u00e3o, que necessitavam de condu\u00e7\u00e3o para que as pessoas n\u00e3o fossem levadas \u00e0 loucura.\u00a0<\/span><\/p>\n<p><span style=\"font-weight: 400;\">A partir do <\/span><b>telefone 188, a entidade criou a alternativa preventiva para que cidad\u00e3os<\/b><span style=\"font-weight: 400;\"> sejam atendidos de formas individuais, como a\u00e7\u00e3o de rede de apoio. Essa \u00e9 uma maneira de fortalecer a sociedade e apoio emocional. Um dos caminhos importantes da entidade est\u00e1 ligado ao fato de falar abertamente sobre suic\u00eddio.<\/span><\/p>\n<p><span style=\"font-weight: 400;\">No Brasil, o tema ainda \u00e9 um tabu de comunica\u00e7\u00e3o em diferentes camadas da sociedade. Tanto que o CVV foca na import\u00e2ncia de di\u00e1logos abertos sobre o assunto, com a finalidade de derrubar os in\u00fameros preconceitos que rondam a sa\u00fade mental.\u00a0<\/span><\/p>\n<p><img loading=\"lazy\" decoding=\"async\" class=\"alignnone  wp-image-13661\" src=\"https:\/\/www.rotaseguros.com.br\/planosdesaude\/wp-content\/uploads\/2022\/09\/setembro-amarelo-6-300x75.png\" alt=\"setembro amarelo sa\u00fade mental\" width=\"916\" height=\"229\" srcset=\"https:\/\/www.rotaseguros.com.br\/planosdesaude\/wp-content\/uploads\/2022\/09\/setembro-amarelo-6-300x75.png 300w, https:\/\/www.rotaseguros.com.br\/planosdesaude\/wp-content\/uploads\/2022\/09\/setembro-amarelo-6-1024x256.png 1024w, https:\/\/www.rotaseguros.com.br\/planosdesaude\/wp-content\/uploads\/2022\/09\/setembro-amarelo-6-768x192.png 768w, https:\/\/www.rotaseguros.com.br\/planosdesaude\/wp-content\/uploads\/2022\/09\/setembro-amarelo-6-980x245.png 980w, https:\/\/www.rotaseguros.com.br\/planosdesaude\/wp-content\/uploads\/2022\/09\/setembro-amarelo-6-480x120.png 480w, https:\/\/www.rotaseguros.com.br\/planosdesaude\/wp-content\/uploads\/2022\/09\/setembro-amarelo-6.png 1080w\" sizes=\"auto, (max-width: 916px) 100vw, 916px\" \/><\/p>\n<h2><span class=\"ez-toc-section\" id=\"Prevencao_ao_suicidio_e_cuidados_mentais\"><\/span><span style=\"font-weight: 400;\"><a id=\"prevencao\"><\/a>Preven\u00e7\u00e3o ao suic\u00eddio e cuidados mentais<\/span><span class=\"ez-toc-section-end\"><\/span><\/h2>\n<p>&nbsp;<\/p>\n<p><span style=\"font-weight: 400;\">Setembro se tornou um m\u00eas marcante para essa linha de conversa, pois \u00e9 neste per\u00edodo que a o destaque do Dia Mundial da Preven\u00e7\u00e3o ao Suic\u00eddio e ao Setembro Amarelo. Pensar na relev\u00e2ncia do tema \u00e9 um ponto fundamental para ajudar a diminuir os n\u00fameros de suic\u00eddio no mundo.<\/span><\/p>\n<p><span style=\"font-weight: 400;\">Hoje, o CVV atua diretamente em todo esse processo durante 60 anos de atua\u00e7\u00e3o. Ao todo, s\u00e3o mais de 40 milh\u00f5es de atendimentos completamente sigilosos, sem julgamento e de forma acolhedora. Obviamente, os canais de comunica\u00e7\u00e3o evolu\u00edram com a tecnologia contempor\u00e2nea.\u00a0 Por exemplo, quando o CVV foi idealizado, o foco era a conversa por telefone, por\u00e9m, agora, existem as redes sociais.<\/span><\/p>\n<p><span style=\"font-weight: 400;\">O apoio \u00e9 fundamental, pois os tempos de excesso de informa\u00e7\u00f5es t\u00eam efeitos direto na mente da popula\u00e7\u00e3o, bem como os desastres naturais e crimes corriqueiros. Portanto, \u00e9 fundamental buscar o aux\u00edlio de m\u00e9dico psiquiatra e de um psic\u00f3logo para o aux\u00edlio das dores, depress\u00e3o, ansiedade e demais transtornos que podem levar a pessoa ao suicido.<\/span><\/p>\n<p>&nbsp;<\/p>\n<h3><span class=\"ez-toc-section\" id=\"Auxilio_medico_e_equilibrio_mental\"><\/span><span style=\"font-weight: 400;\"><a id=\"auxilio\"><\/a>Aux\u00edlio m\u00e9dico e equil\u00edbrio mental<\/span><span class=\"ez-toc-section-end\"><\/span><\/h3>\n<p>&nbsp;<\/p>\n<p><span style=\"font-weight: 400;\">A campanha Setembro Amarelo, al\u00e9m de ser uma iniciativa que surge como alerta de que conversar pode salvar vidas. Falar sobre sentimentos, medos, anseios e sombras mentais pode salvar vidas e prevenir casos eminentes de suic\u00eddio.<\/span><\/p>\n<p><span style=\"font-weight: 400;\">Por isso, \u00e9 fundamental que a ideia de autocuidado n\u00e3o fique restrita apenas aos banhos demorados com sais. At\u00e9 porque, esse processo \u00e9 muito mais profundo e o cuidado consiste em priorizar pontos de mudan\u00e7as e vulnerabilidades. Nesse cen\u00e1rio, o m\u00e9dico te ajudar\u00e1 com indica\u00e7\u00f5es de tratamentos visando uma vida feliz.\u00a0<\/span><\/p>\n<p><span style=\"font-weight: 400;\">Na <\/span><a href=\"https:\/\/www.rotaseguros.com.br\/plano_de_saude_individual.html\"><span style=\"font-weight: 400;\">Rota Seguros<\/span><\/a><span style=\"font-weight: 400;\">, voc\u00ea encontra m\u00e9dicos especialistas dispostos a te encontrar caminhos de mudan\u00e7as. O momento \u00e9 de se priorizar. Cuide-se e vivencie experi\u00eancias potentes na sua caminhada.\u00a0\u00a0<\/span><\/p>\n<p>&nbsp;<\/p>\n","protected":false},"excerpt":{"rendered":"<p><span class=\"span-reading-time rt-reading-time\" style=\"display: block;\"><span class=\"rt-label rt-prefix\">Reading Time: <\/span> <span class=\"rt-time\"> 4<\/span> <span class=\"rt-label rt-postfix\">minutes<\/span><\/span>Tempo de leitura: 5 minutos No Brasil, a campanha do Setembro Amarelo nasceu em 2015 por meio do engajamento de importantes entidades ligadas \u00e0 sa\u00fade. O movimento foi iniciado pelo\u00a0 &#8230;<\/p>\n","protected":false},"author":2,"featured_media":13660,"comment_status":"open","ping_status":"open","sticky":false,"template":"","format":"standard","meta":{"_monsterinsights_skip_tracking":false,"_monsterinsights_sitenote_active":false,"_monsterinsights_sitenote_note":"","_monsterinsights_sitenote_category":0,"footnotes":"","_links_to":"","_links_to_target":""},"categories":[1],"tags":[692,1268,1304,1266,1302,1305,1303],"class_list":["post-13654","post","type-post","status-publish","format-standard","has-post-thumbnail","hentry","category-sem-categoria","tag-ansiedade","tag-depressao","tag-doencas-mentais","tag-setembro-amarelo","tag-sucidio","tag-tristeza","tag-valorizacao-a-vida"],"_links":{"self":[{"href":"https:\/\/www.rotaseguros.com.br\/planosdesaude\/wp-json\/wp\/v2\/posts\/13654","targetHints":{"allow":["GET"]}}],"collection":[{"href":"https:\/\/www.rotaseguros.com.br\/planosdesaude\/wp-json\/wp\/v2\/posts"}],"about":[{"href":"https:\/\/www.rotaseguros.com.br\/planosdesaude\/wp-json\/wp\/v2\/types\/post"}],"author":[{"embeddable":true,"href":"https:\/\/www.rotaseguros.com.br\/planosdesaude\/wp-json\/wp\/v2\/users\/2"}],"replies":[{"embeddable":true,"href":"https:\/\/www.rotaseguros.com.br\/planosdesaude\/wp-json\/wp\/v2\/comments?post=13654"}],"version-history":[{"count":0,"href":"https:\/\/www.rotaseguros.com.br\/planosdesaude\/wp-json\/wp\/v2\/posts\/13654\/revisions"}],"wp:featuredmedia":[{"embeddable":true,"href":"https:\/\/www.rotaseguros.com.br\/planosdesaude\/wp-json\/wp\/v2\/media\/13660"}],"wp:attachment":[{"href":"https:\/\/www.rotaseguros.com.br\/planosdesaude\/wp-json\/wp\/v2\/media?parent=13654"}],"wp:term":[{"taxonomy":"category","embeddable":true,"href":"https:\/\/www.rotaseguros.com.br\/planosdesaude\/wp-json\/wp\/v2\/categories?post=13654"},{"taxonomy":"post_tag","embeddable":true,"href":"https:\/\/www.rotaseguros.com.br\/planosdesaude\/wp-json\/wp\/v2\/tags?post=13654"}],"curies":[{"name":"wp","href":"https:\/\/api.w.org\/{rel}","templated":true}]}}