{"id":13956,"date":"2022-11-21T11:49:50","date_gmt":"2022-11-21T13:49:50","guid":{"rendered":"https:\/\/www.rotaseguros.com.br\/planosdesaude\/?p=13956"},"modified":"2023-03-17T10:31:26","modified_gmt":"2023-03-17T12:31:26","slug":"saiba-o-que-e-puberdade-precoce-e-como-evita-la","status":"publish","type":"post","link":"https:\/\/www.rotaseguros.com.br\/planosdesaude\/saiba-o-que-e-puberdade-precoce-e-como-evita-la\/","title":{"rendered":"Saiba o que \u00e9 puberdade precoce e como evit\u00e1-la"},"content":{"rendered":"<span class=\"span-reading-time rt-reading-time\" style=\"display: block;\"><span class=\"rt-label rt-prefix\">Reading Time: <\/span> <span class=\"rt-time\"> 4<\/span> <span class=\"rt-label rt-postfix\">minutes<\/span><\/span><p><span style=\"font-weight: 400;\">O excesso de est\u00edmulos, alimenta\u00e7\u00e3o inadequada e sedentarismo geram uma s\u00e9rie de problemas na vida da popula\u00e7\u00e3o em geral. E com as crian\u00e7as a realidade n\u00e3o \u00e9 diferente. Tanto que, nos \u00faltimos anos, o n\u00famero de diagn\u00f3sticos de <\/span><b>puberdade precoce<\/b><span style=\"font-weight: 400;\"> foi crescente. Mas o que isso significa? Existe tratamento?<\/span><\/p><div id=\"ez-toc-container\" class=\"ez-toc-v2_0_82_2 counter-flat ez-toc-counter ez-toc-grey ez-toc-container-direction\">\n<div class=\"ez-toc-title-container\">\n<p class=\"ez-toc-title\" style=\"cursor:inherit\">Aqui voc\u00ea encontra:<\/p>\n<span class=\"ez-toc-title-toggle\"><a href=\"#\" class=\"ez-toc-pull-right ez-toc-btn ez-toc-btn-xs ez-toc-btn-default ez-toc-toggle\" aria-label=\"Alternar tabela de conte\u00fado\"><span class=\"ez-toc-js-icon-con\"><span class=\"\"><span class=\"eztoc-hide\" style=\"display:none;\">Toggle<\/span><span class=\"ez-toc-icon-toggle-span\"><svg style=\"fill: #999;color:#999\" xmlns=\"http:\/\/www.w3.org\/2000\/svg\" class=\"list-377408\" width=\"20px\" height=\"20px\" viewBox=\"0 0 24 24\" fill=\"none\"><path d=\"M6 6H4v2h2V6zm14 0H8v2h12V6zM4 11h2v2H4v-2zm16 0H8v2h12v-2zM4 16h2v2H4v-2zm16 0H8v2h12v-2z\" fill=\"currentColor\"><\/path><\/svg><svg style=\"fill: #999;color:#999\" class=\"arrow-unsorted-368013\" xmlns=\"http:\/\/www.w3.org\/2000\/svg\" width=\"10px\" height=\"10px\" viewBox=\"0 0 24 24\" version=\"1.2\" baseProfile=\"tiny\"><path d=\"M18.2 9.3l-6.2-6.3-6.2 6.3c-.2.2-.3.4-.3.7s.1.5.3.7c.2.2.4.3.7.3h11c.3 0 .5-.1.7-.3.2-.2.3-.5.3-.7s-.1-.5-.3-.7zM5.8 14.7l6.2 6.3 6.2-6.3c.2-.2.3-.5.3-.7s-.1-.5-.3-.7c-.2-.2-.4-.3-.7-.3h-11c-.3 0-.5.1-.7.3-.2.2-.3.5-.3.7s.1.5.3.7z\"\/><\/svg><\/span><\/span><\/span><\/a><\/span><\/div>\n<nav><ul class='ez-toc-list ez-toc-list-level-1 ' ><li class='ez-toc-page-1'><a class=\"ez-toc-link ez-toc-heading-1\" href=\"https:\/\/www.rotaseguros.com.br\/planosdesaude\/saiba-o-que-e-puberdade-precoce-e-como-evita-la\/#Os_efeitos_da_pandemia_da_Covid-19_em_criancas\" >Os efeitos da pandemia da Covid-19 em crian\u00e7as<\/a><\/li><li class='ez-toc-page-1'><a class=\"ez-toc-link ez-toc-heading-2\" href=\"https:\/\/www.rotaseguros.com.br\/planosdesaude\/saiba-o-que-e-puberdade-precoce-e-como-evita-la\/#Os_sinais_da_puberdade_precoce\" >Os sinais da puberdade precoce<\/a><\/li><li class='ez-toc-page-1'><a class=\"ez-toc-link ez-toc-heading-3\" href=\"https:\/\/www.rotaseguros.com.br\/planosdesaude\/saiba-o-que-e-puberdade-precoce-e-como-evita-la\/#Pelos\" >P\u00ealos<\/a><\/li><li class='ez-toc-page-1'><a class=\"ez-toc-link ez-toc-heading-4\" href=\"https:\/\/www.rotaseguros.com.br\/planosdesaude\/saiba-o-que-e-puberdade-precoce-e-como-evita-la\/#Puberdade_precoce_em_meninas\" >Puberdade precoce em meninas<\/a><\/li><li class='ez-toc-page-1'><a class=\"ez-toc-link ez-toc-heading-5\" href=\"https:\/\/www.rotaseguros.com.br\/planosdesaude\/saiba-o-que-e-puberdade-precoce-e-como-evita-la\/#Puberdade_precoce_em_meninos\" >Puberdade precoce em meninos<\/a><\/li><li class='ez-toc-page-1'><a class=\"ez-toc-link ez-toc-heading-6\" href=\"https:\/\/www.rotaseguros.com.br\/planosdesaude\/saiba-o-que-e-puberdade-precoce-e-como-evita-la\/#O_que_fazer_e_quais_tratamentos_para_a_puberdade_precoce\" >O que fazer e quais tratamentos para a puberdade precoce?<\/a><\/li><li class='ez-toc-page-1'><a class=\"ez-toc-link ez-toc-heading-7\" href=\"https:\/\/www.rotaseguros.com.br\/planosdesaude\/saiba-o-que-e-puberdade-precoce-e-como-evita-la\/#Tratamento_preventivo\" >Tratamento preventivo<\/a><\/li><\/ul><\/nav><\/div>\n\n<p><span style=\"font-weight: 400;\">Antes de explicarmos mais sobre o termo \u00e9 importante lembrar que os anos de isolamento social devido \u00e0 pandemia da Covid-19 causaram efeitos imensur\u00e1veis em toda a sociedade. No caso das crian\u00e7as isso ficou ainda mais evidente, com as dificuldades de aprendizado e problemas ligados \u00e0 sa\u00fade mental.<\/span><\/p>\n<p><span style=\"font-weight: 400;\">Nesse contexto, os danos gerais t\u00eam liga\u00e7\u00e3o \u00e0 sa\u00fade do organismo, com efeitos que ainda s\u00e3o imposs\u00edveis de serem analisados. Inclusive, m\u00e9dicos especialistas ainda n\u00e3o t\u00eam evid\u00eancias claras relacionadas aos problemas gerados durante a pandemia da Covid-19.<\/span><\/p>\n<p><span style=\"font-weight: 400;\">No caso do p\u00fablico infantil, os pesquisadores alertam sobre as quest\u00f5es ligadas ao aprendizado, bem como problemas emocionais. Mas, al\u00e9m disso, descobriu-se uma recorr\u00eancia de casos de <\/span><b>puberdade precoce<\/b><span style=\"font-weight: 400;\"> nos consult\u00f3rios m\u00e9dicos. Voc\u00ea j\u00e1 ouviu falar sobre a doen\u00e7a?\u00a0<\/span><\/p>\n<p><img loading=\"lazy\" decoding=\"async\" class=\"alignnone  wp-image-13960\" src=\"https:\/\/www.rotaseguros.com.br\/planosdesaude\/wp-content\/uploads\/2022\/11\/1-1-300x75.png\" alt=\"puberdade precoce\" width=\"772\" height=\"193\" srcset=\"https:\/\/www.rotaseguros.com.br\/planosdesaude\/wp-content\/uploads\/2022\/11\/1-1-300x75.png 300w, https:\/\/www.rotaseguros.com.br\/planosdesaude\/wp-content\/uploads\/2022\/11\/1-1-1024x256.png 1024w, https:\/\/www.rotaseguros.com.br\/planosdesaude\/wp-content\/uploads\/2022\/11\/1-1-768x192.png 768w, https:\/\/www.rotaseguros.com.br\/planosdesaude\/wp-content\/uploads\/2022\/11\/1-1-980x245.png 980w, https:\/\/www.rotaseguros.com.br\/planosdesaude\/wp-content\/uploads\/2022\/11\/1-1-480x120.png 480w, https:\/\/www.rotaseguros.com.br\/planosdesaude\/wp-content\/uploads\/2022\/11\/1-1.png 1080w\" sizes=\"auto, (max-width: 772px) 100vw, 772px\" \/><\/p>\n<h2><span class=\"ez-toc-section\" id=\"Os_efeitos_da_pandemia_da_Covid-19_em_criancas\"><\/span><span style=\"font-weight: 400;\"><a id=\"efeito\"><\/a>Os efeitos da pandemia da Covid-19 em crian\u00e7as<\/span><span class=\"ez-toc-section-end\"><\/span><\/h2>\n<p>&nbsp;<\/p>\n<p><span style=\"font-weight: 400;\">A doen\u00e7a pode causar uma s\u00e9rie de problemas na vida de meninos e meninas. Sendo que uma das principais causas \u00e9 o excesso de est\u00edmulos que, muitas vezes, chegam provocados pelo contato direto e exclusivo com telas (TV, celular, tablet e videogames).<\/span><\/p>\n<p><span style=\"font-weight: 400;\">As pesquisas apontam que, durante a pandemia, houve defici\u00eancia na forma\u00e7\u00e3o de c\u00e9lulas. E, de acordo com especialistas, isso esteve ligado ao contato exclusivo com aparelhos eletr\u00f4nicos em tempos de isolamento social.\u00a0<\/span><\/p>\n<p><span style=\"font-weight: 400;\">Apesar de n\u00e3o haver comprova\u00e7\u00e3o cient\u00edfica, os especialistas s\u00e3o un\u00e2nimes em dizer que muitas doen\u00e7as recentes est\u00e3o diretamente ligadas \u00e0 vida p\u00f3s-pandemia.\u00a0<\/span><\/p>\n<p><span style=\"font-weight: 400;\">Nesse levantamento, os m\u00e9dicos deixam claro que a puberdade precoce pode ser prevenida.\u00a0<\/span><\/p>\n<p><span style=\"font-weight: 400;\">Para tanto, existe uma s\u00e9rie de adequa\u00e7\u00f5es que devem ser implementadas na vida da crian\u00e7a, entre elas o baixo contato com aparelhos eletr\u00f4nicos e alimenta\u00e7\u00e3o de qualidade. No entanto, voc\u00ea sabe como identificar os primeiros sinais de uma <\/span><b>puberdade precoce<\/b><span style=\"font-weight: 400;\">?\u00a0<\/span><\/p>\n<p>&nbsp;<\/p>\n<h3><span class=\"ez-toc-section\" id=\"Os_sinais_da_puberdade_precoce\"><\/span><span style=\"font-weight: 400;\"><a id=\"puberdade\"><\/a>Os sinais da puberdade precoce<\/span><span class=\"ez-toc-section-end\"><\/span><\/h3>\n<p>&nbsp;<\/p>\n<p><span style=\"font-weight: 400;\">\u00c9 importante deixar claro que os sintomas podem aparecer de bandeiras diferentes, sendo que cada corpo tem uma resposta distinta aos est\u00edmulos. Mas, em geral, h\u00e1 alguns pontos relevantes em todo esse contexto. Por isso, preparamos uma lista com algumas dessas mudan\u00e7as no corpo da crian\u00e7a que podem revelar o surgimento de uma puberdade precoce. Ent\u00e3o, vamos l\u00e1:<\/span><\/p>\n<p>&nbsp;<\/p>\n<ol>\n<li style=\"font-weight: 400;\" aria-level=\"1\">\n<h4><span class=\"ez-toc-section\" id=\"Pelos\"><\/span><span style=\"font-weight: 400;\">P\u00ealos<\/span><span class=\"ez-toc-section-end\"><\/span><\/h4>\n<\/li>\n<\/ol>\n<p><span style=\"font-weight: 400;\">Os primeiros sinais podem ser observados no surgimento de p\u00ealos pubianos e\/ou nas axilas. A crian\u00e7a come\u00e7a apresentar pelos mais escuros na regi\u00e3o. Contudo, \u00e9 importante que na observa\u00e7\u00e3o o cuidador respons\u00e1vel fique atento e n\u00e3o confunda a penugem (aqueles p\u00ealos finos) com os p\u00ealos naturais, que s\u00e3o mais grossos e escuros.<\/span><\/p>\n<p><img loading=\"lazy\" decoding=\"async\" class=\"alignnone  wp-image-13962\" src=\"https:\/\/www.rotaseguros.com.br\/planosdesaude\/wp-content\/uploads\/2022\/11\/3-1-300x75.png\" alt=\"puberdade precoce\" width=\"776\" height=\"194\" srcset=\"https:\/\/www.rotaseguros.com.br\/planosdesaude\/wp-content\/uploads\/2022\/11\/3-1-300x75.png 300w, https:\/\/www.rotaseguros.com.br\/planosdesaude\/wp-content\/uploads\/2022\/11\/3-1-1024x256.png 1024w, https:\/\/www.rotaseguros.com.br\/planosdesaude\/wp-content\/uploads\/2022\/11\/3-1-768x192.png 768w, https:\/\/www.rotaseguros.com.br\/planosdesaude\/wp-content\/uploads\/2022\/11\/3-1-980x245.png 980w, https:\/\/www.rotaseguros.com.br\/planosdesaude\/wp-content\/uploads\/2022\/11\/3-1-480x120.png 480w, https:\/\/www.rotaseguros.com.br\/planosdesaude\/wp-content\/uploads\/2022\/11\/3-1.png 1080w\" sizes=\"auto, (max-width: 776px) 100vw, 776px\" \/><\/p>\n<ol>\n<li style=\"font-weight: 400;\" aria-level=\"1\">\n<h4><span class=\"ez-toc-section\" id=\"Puberdade_precoce_em_meninas\"><\/span><span style=\"font-weight: 400;\">Puberdade precoce em meninas<\/span><span class=\"ez-toc-section-end\"><\/span><\/h4>\n<\/li>\n<\/ol>\n<p><span style=\"font-weight: 400;\">Elas apresentam os primeiros sinais com \u201cpeitinho\u201d muito cedo. A puberdade \u00e9 um <\/span><span style=\"font-weight: 400;\">processo de matura\u00e7\u00e3o sexual e caso n\u00e3o seja identificada no tempo certo, pode causar problemas s\u00e9rios para a sa\u00fade.\u00a0<\/span><\/p>\n<p><span style=\"font-weight: 400;\">Por isso, antes de criar diagn\u00f3sticos o mais indicado \u00e9 procurar um m\u00e9dico especialista para saber se a sua crian\u00e7a est\u00e1 se desenvolvendo dentro do esperado. No caso de meninas, a menarca (primeira menstrua\u00e7\u00e3o) postergada tem liga\u00e7\u00e3o direta com a sa\u00fade feminina. J\u00e1 que as mulheres nascem com uma quantidade definida de \u00f3vulos e com o passar do tempo diminui.\u00a0<\/span><\/p>\n<p><span style=\"font-weight: 400;\">A partir da menarca, inicia o envelhecimento ovular e, consequentemente, a perda de fertilidade. Em rela\u00e7\u00e3o ao contexto social, a puberdade precoce e a menstrua\u00e7\u00e3o na inf\u00e2ncia t\u00eam uma s\u00e9rie de malef\u00edcios que podem prejudicar a vida das meninas.\u00a0 Afinal, elas ter\u00e3o que lidar com o desconforto de c\u00f3licas, troca de absorvente em um tempo em que a principal preocupa\u00e7\u00e3o seria brincadeiras.<\/span><\/p>\n<p><img loading=\"lazy\" decoding=\"async\" class=\"alignnone  wp-image-13963\" src=\"https:\/\/www.rotaseguros.com.br\/planosdesaude\/wp-content\/uploads\/2022\/11\/4-1-300x75.png\" alt=\"puberdade precoce\" width=\"780\" height=\"195\" srcset=\"https:\/\/www.rotaseguros.com.br\/planosdesaude\/wp-content\/uploads\/2022\/11\/4-1-300x75.png 300w, https:\/\/www.rotaseguros.com.br\/planosdesaude\/wp-content\/uploads\/2022\/11\/4-1-1024x256.png 1024w, https:\/\/www.rotaseguros.com.br\/planosdesaude\/wp-content\/uploads\/2022\/11\/4-1-768x192.png 768w, https:\/\/www.rotaseguros.com.br\/planosdesaude\/wp-content\/uploads\/2022\/11\/4-1-980x245.png 980w, https:\/\/www.rotaseguros.com.br\/planosdesaude\/wp-content\/uploads\/2022\/11\/4-1-480x120.png 480w, https:\/\/www.rotaseguros.com.br\/planosdesaude\/wp-content\/uploads\/2022\/11\/4-1.png 1080w\" sizes=\"auto, (max-width: 780px) 100vw, 780px\" \/><\/p>\n<ol>\n<li style=\"font-weight: 400;\" aria-level=\"1\">\n<h4><span class=\"ez-toc-section\" id=\"Puberdade_precoce_em_meninos\"><\/span><span style=\"font-weight: 400;\">Puberdade precoce em <\/span><span style=\"font-weight: 400;\">meninos<\/span><span class=\"ez-toc-section-end\"><\/span><\/h4>\n<\/li>\n<\/ol>\n<p><span style=\"font-weight: 400;\">Quanto aos meninos, essa identifica\u00e7\u00e3o n\u00e3o \u00e9 t\u00e3o simples. J\u00e1 que um ponto que anuncia que o \u201ctempo voou\u201d \u00e9 o tamanho dos test\u00edculos. Entretanto, n\u00e3o pense em comparar ou de basear em fotografias do Google para saber se tudo est\u00e1 dentro da normalidade na sua casa.<\/span><\/p>\n<p>&nbsp;<\/p>\n<p><b><a id=\"raio\"><\/a>RAIO-X<\/b><\/p>\n<p><span style=\"font-weight: 400;\">Meninas &#8212;&#8211;&gt;\u00a0<\/span><\/p>\n<ul>\n<li style=\"font-weight: 400;\" aria-level=\"1\"><span style=\"font-weight: 400;\">desenvolvimento acelerado dos seios;<\/span><\/li>\n<li style=\"font-weight: 400;\" aria-level=\"1\"><span style=\"font-weight: 400;\">pode haver menstrua\u00e7\u00e3o;<\/span><\/li>\n<li style=\"font-weight: 400;\" aria-level=\"1\"><span style=\"font-weight: 400;\">acne;<\/span><\/li>\n<li style=\"font-weight: 400;\" aria-level=\"1\"><span style=\"font-weight: 400;\">odor nas axilas;<\/span><\/li>\n<li style=\"font-weight: 400;\" aria-level=\"1\"><span style=\"font-weight: 400;\">aumento de ov\u00e1rios;<\/span><\/li>\n<li style=\"font-weight: 400;\" aria-level=\"1\"><span style=\"font-weight: 400;\">altera\u00e7\u00e3o comportamental.<\/span><\/li>\n<\/ul>\n<p>&nbsp;<\/p>\n<p><span style=\"font-weight: 400;\">Meninos &#8212;&#8211;&gt;\u00a0<\/span><\/p>\n<ul>\n<li style=\"font-weight: 400;\" aria-level=\"1\"><span style=\"font-weight: 400;\">pelos faciais, pubianos e axilares;<\/span><\/li>\n<li style=\"font-weight: 400;\" aria-level=\"1\"><span style=\"font-weight: 400;\">aumento peniano;<\/span><\/li>\n<li style=\"font-weight: 400;\" aria-level=\"1\"><span style=\"font-weight: 400;\">acne;<\/span><\/li>\n<li style=\"font-weight: 400;\" aria-level=\"1\"><span style=\"font-weight: 400;\">odor nas axilas;<\/span><\/li>\n<li style=\"font-weight: 400;\" aria-level=\"1\"><span style=\"font-weight: 400;\">aumento de test\u00edculos;<\/span><\/li>\n<li style=\"font-weight: 400;\" aria-level=\"1\"><span style=\"font-weight: 400;\">altera\u00e7\u00e3o comportamental.<\/span><\/li>\n<\/ul>\n<p>&nbsp;<\/p>\n<h2><span class=\"ez-toc-section\" id=\"O_que_fazer_e_quais_tratamentos_para_a_puberdade_precoce\"><\/span><span style=\"font-weight: 400;\"><a id=\"tratamento\"><\/a>O que fazer e quais tratamentos para a puberdade precoce?<\/span><span class=\"ez-toc-section-end\"><\/span><\/h2>\n<p>&nbsp;<\/p>\n<p><span style=\"font-weight: 400;\">Ap\u00f3s<\/span> <span style=\"font-weight: 400;\">identificar os sinais no<\/span> <span style=\"font-weight: 400;\">organismo da crian\u00e7a, procure orienta\u00e7\u00e3o de um m\u00e9dico pediatra. Ele far\u00e1 um diagn\u00f3stico preciso baseado na observa\u00e7\u00e3o, bem como na realiza\u00e7\u00e3o de exame de sangue e imagem.<\/span><\/p>\n<p><span style=\"font-weight: 400;\">No caso do exame de imagem, a ideia \u00e9 realizar uma averigua\u00e7\u00e3o das m\u00e3os e dos punhos. Assim, \u00e9 poss\u00edvel determinar a idade \u00f3ssea da crian\u00e7a.\u00a0<\/span><\/p>\n<p><span style=\"font-weight: 400;\">O diagn\u00f3stico, al\u00e9m da observa\u00e7\u00e3o, \u00e9 realizado por meio de exames de sangue e imagem. O raio-X \u00e9 realizado nas m\u00e3os e punhos e ajudam a identificar o tamanho da idade \u00f3ssea da crian\u00e7a.\u00a0<\/span><\/p>\n<p><span style=\"font-weight: 400;\">Os exames ajudam a identificar o amadurecimento dos ossos e o resultado mostra que a idade cronol\u00f3gica da crian\u00e7a \u00e9 a mesma da apresentada no resultado. Dessa forma, o m\u00e9dico detecta o crescimento da crian\u00e7a e acompanha o desenvolvimento infantil.<\/span><\/p>\n<p>&nbsp;<\/p>\n<h2><span class=\"ez-toc-section\" id=\"Tratamento_preventivo\"><\/span><span style=\"font-weight: 400;\"><a id=\"preventivo\"><\/a>Tratamento preventivo<\/span><span class=\"ez-toc-section-end\"><\/span><\/h2>\n<p>&nbsp;<\/p>\n<p><span style=\"font-weight: 400;\">Agora que voc\u00ea j\u00e1 sabe um pouco mais sobre puberdade precoce, o que acha de agendar um m\u00e9dico pediatra para a sua crian\u00e7a? Essa \u00e9 a oportunidade de voc\u00ea optar pelo cuidado com a inf\u00e2ncia e proporcionar alternativas de tratamento para amenizar os efeitos da doen\u00e7a.<\/span><\/p>\n<p><span style=\"font-weight: 400;\">Na<a href=\"http:\/\/rotaseguros.com.br\"> Rota Seguros<\/a>, voc\u00ea encontra op\u00e7\u00f5es de planos de sa\u00fade de diferentes formatos com a op\u00e7\u00e3o de tratamento preventivo para crian\u00e7as. A empresa conta com mais de 20 anos de mercado, com destaque de atua\u00e7\u00e3o com os melhores e maiores planos de sa\u00fade do pa\u00eds. Entre em contato com um dos consultores e escolha a melhor alternativa para voc\u00ea.<\/span><\/p>\n<p>&nbsp;<\/p>\n<p>Entre em contato com a Rota Seguros mais pr\u00f3xima de voc\u00ea:<\/p>\n<p>Grande BH \u2013 (31) 3279-8000<br \/>\nBom Despacho -(37) 99127-0087<br \/>\nColatina\/ES &#8211; (27) 3121-9393<br \/>\nDivin\u00f3polis \u2013 (37) 3511-3030<br \/>\nLondrina\/PR &#8211; (43) 99181-8100<br \/>\nMontes Claros \u2013 (38) 3216-8249<br \/>\nNova Serrana \u2013 (37) 3228-3131<br \/>\nPatos de Minas \u2013 (34) 3820-8080<br \/>\nPo\u00e7os de Caldas \u2013 (35) 3713-2531<br \/>\nPouso Alegre \u2013 (35) 3646-3334<br \/>\nUberl\u00e2ndia &#8211; (34) 3291-9300<br \/>\nVarginha &#8211; (35) 3113-0351 <br \/>\nVit\u00f3ria\/ES \u2013 (27) 2233-302<br \/>\nDemais Regi\u00f5es \u2013 0800 024 2424<\/p>\n<p>&nbsp;<\/p>\n","protected":false},"excerpt":{"rendered":"<p><span class=\"span-reading-time rt-reading-time\" style=\"display: block;\"><span class=\"rt-label rt-prefix\">Reading Time: <\/span> <span class=\"rt-time\"> 4<\/span> <span class=\"rt-label rt-postfix\">minutes<\/span><\/span>O excesso de est\u00edmulos, alimenta\u00e7\u00e3o inadequada e sedentarismo geram uma s\u00e9rie de problemas na vida da popula\u00e7\u00e3o em geral. E com as crian\u00e7as a realidade n\u00e3o \u00e9 diferente. Tanto que, &#8230;<\/p>\n","protected":false},"author":2,"featured_media":13959,"comment_status":"open","ping_status":"open","sticky":false,"template":"","format":"standard","meta":{"_monsterinsights_skip_tracking":false,"_monsterinsights_sitenote_active":false,"_monsterinsights_sitenote_note":"","_monsterinsights_sitenote_category":0,"footnotes":"","_links_to":"","_links_to_target":""},"categories":[1,1005],"tags":[1379,1376,1377,1375,1378],"class_list":["post-13956","post","type-post","status-publish","format-standard","has-post-thumbnail","hentry","category-sem-categoria","category-saude","tag-1a-menstruacao","tag-criancas","tag-puberdade","tag-puberdade-precoce","tag-saude-infantil"],"_links":{"self":[{"href":"https:\/\/www.rotaseguros.com.br\/planosdesaude\/wp-json\/wp\/v2\/posts\/13956","targetHints":{"allow":["GET"]}}],"collection":[{"href":"https:\/\/www.rotaseguros.com.br\/planosdesaude\/wp-json\/wp\/v2\/posts"}],"about":[{"href":"https:\/\/www.rotaseguros.com.br\/planosdesaude\/wp-json\/wp\/v2\/types\/post"}],"author":[{"embeddable":true,"href":"https:\/\/www.rotaseguros.com.br\/planosdesaude\/wp-json\/wp\/v2\/users\/2"}],"replies":[{"embeddable":true,"href":"https:\/\/www.rotaseguros.com.br\/planosdesaude\/wp-json\/wp\/v2\/comments?post=13956"}],"version-history":[{"count":0,"href":"https:\/\/www.rotaseguros.com.br\/planosdesaude\/wp-json\/wp\/v2\/posts\/13956\/revisions"}],"wp:featuredmedia":[{"embeddable":true,"href":"https:\/\/www.rotaseguros.com.br\/planosdesaude\/wp-json\/wp\/v2\/media\/13959"}],"wp:attachment":[{"href":"https:\/\/www.rotaseguros.com.br\/planosdesaude\/wp-json\/wp\/v2\/media?parent=13956"}],"wp:term":[{"taxonomy":"category","embeddable":true,"href":"https:\/\/www.rotaseguros.com.br\/planosdesaude\/wp-json\/wp\/v2\/categories?post=13956"},{"taxonomy":"post_tag","embeddable":true,"href":"https:\/\/www.rotaseguros.com.br\/planosdesaude\/wp-json\/wp\/v2\/tags?post=13956"}],"curies":[{"name":"wp","href":"https:\/\/api.w.org\/{rel}","templated":true}]}}