{"id":13974,"date":"2022-11-23T12:44:09","date_gmt":"2022-11-23T14:44:09","guid":{"rendered":"https:\/\/www.rotaseguros.com.br\/planosdesaude\/?p=13974"},"modified":"2023-03-17T10:32:50","modified_gmt":"2023-03-17T12:32:50","slug":"remedio-para-o-tratamento-da-covid-19-chega-ao-mercado","status":"publish","type":"post","link":"https:\/\/www.rotaseguros.com.br\/planosdesaude\/remedio-para-o-tratamento-da-covid-19-chega-ao-mercado\/","title":{"rendered":"Rem\u00e9dio para o tratamento da Covid-19 chega ao mercado"},"content":{"rendered":"<span class=\"span-reading-time rt-reading-time\" style=\"display: block;\"><span class=\"rt-label rt-prefix\">Reading Time: <\/span> <span class=\"rt-time\"> 2<\/span> <span class=\"rt-label rt-postfix\">minutes<\/span><\/span><p><span style=\"font-weight: 400;\">O t\u00e3o esperado rem\u00e9dio para o tratamento da covid-19 finalmente chegou!<\/span><span style=\"font-weight: 400;\"><br \/>\n<\/span><span style=\"font-weight: 400;\">Dessa maneira, a Ag\u00eancia Nacional de Vigil\u00e2ncia Sanit\u00e1ria (<\/span><a href=\"https:\/\/www.gov.br\/anvisa\/pt-br\/assuntos\/noticias-anvisa\/2022\/anvisa-aprova-venda-do-medicamento-paxlovid-em-farmacias\" target=\"_blank\" rel=\"noopener\"><span style=\"font-weight: 400;\">Anvisa<\/span><\/a><span style=\"font-weight: 400;\">) aprovou nesta segunda-feira (21) a venda do Paxlovid em farm\u00e1cias do pa\u00eds.\u00a0<\/span><\/p><div id=\"ez-toc-container\" class=\"ez-toc-v2_0_82_2 counter-flat ez-toc-counter ez-toc-grey ez-toc-container-direction\">\n<div class=\"ez-toc-title-container\">\n<p class=\"ez-toc-title\" style=\"cursor:inherit\">Aqui voc\u00ea encontra:<\/p>\n<span class=\"ez-toc-title-toggle\"><a href=\"#\" class=\"ez-toc-pull-right ez-toc-btn ez-toc-btn-xs ez-toc-btn-default ez-toc-toggle\" aria-label=\"Alternar tabela de conte\u00fado\"><span class=\"ez-toc-js-icon-con\"><span class=\"\"><span class=\"eztoc-hide\" style=\"display:none;\">Toggle<\/span><span class=\"ez-toc-icon-toggle-span\"><svg style=\"fill: #999;color:#999\" xmlns=\"http:\/\/www.w3.org\/2000\/svg\" class=\"list-377408\" width=\"20px\" height=\"20px\" viewBox=\"0 0 24 24\" fill=\"none\"><path d=\"M6 6H4v2h2V6zm14 0H8v2h12V6zM4 11h2v2H4v-2zm16 0H8v2h12v-2zM4 16h2v2H4v-2zm16 0H8v2h12v-2z\" fill=\"currentColor\"><\/path><\/svg><svg style=\"fill: #999;color:#999\" class=\"arrow-unsorted-368013\" xmlns=\"http:\/\/www.w3.org\/2000\/svg\" width=\"10px\" height=\"10px\" viewBox=\"0 0 24 24\" version=\"1.2\" baseProfile=\"tiny\"><path d=\"M18.2 9.3l-6.2-6.3-6.2 6.3c-.2.2-.3.4-.3.7s.1.5.3.7c.2.2.4.3.7.3h11c.3 0 .5-.1.7-.3.2-.2.3-.5.3-.7s-.1-.5-.3-.7zM5.8 14.7l6.2 6.3 6.2-6.3c.2-.2.3-.5.3-.7s-.1-.5-.3-.7c-.2-.2-.4-.3-.7-.3h-11c-.3 0-.5.1-.7.3-.2.2-.3.5-.3.7s.1.5.3.7z\"\/><\/svg><\/span><\/span><\/span><\/a><\/span><\/div>\n<nav><ul class='ez-toc-list ez-toc-list-level-1 ' ><li class='ez-toc-page-1'><a class=\"ez-toc-link ez-toc-heading-1\" href=\"https:\/\/www.rotaseguros.com.br\/planosdesaude\/remedio-para-o-tratamento-da-covid-19-chega-ao-mercado\/#Paxlovid_o_remedio_para_o_tratamento_da_covid-19\" >Paxlovid, o rem\u00e9dio para o tratamento da covid-19<\/a><\/li><li class='ez-toc-page-1'><a class=\"ez-toc-link ez-toc-heading-2\" href=\"https:\/\/www.rotaseguros.com.br\/planosdesaude\/remedio-para-o-tratamento-da-covid-19-chega-ao-mercado\/#Rota_Seguros_e_sua_saude_em_dia\" >Rota Seguros e sua sa\u00fade em dia\u00a0<\/a><\/li><\/ul><\/nav><\/div>\n\n<p><span style=\"font-weight: 400;\">Nesse sentido, foi levado em considera\u00e7\u00e3o a venda do medicamento em outros pa\u00edses com autoridades internacionais de refer\u00eancia, como Estados Unidos e Canad\u00e1. Tamb\u00e9m foi considerada, para aprova\u00e7\u00e3o, o cen\u00e1rio epidemiol\u00f3gico atual, com a circula\u00e7\u00e3o das novas sub variantes da \u00d4micron e o aumento de casos da doen\u00e7a no pa\u00eds.<\/span><\/p>\n<p><span style=\"font-weight: 400;\">Com isso, a expectativa \u00e9 que a venda no mercado privado aumente a facilidade de acesso ao tratamento da Covid-19.<br \/>\n<\/span><span style=\"font-weight: 400;\">De acordo com a <\/span><span style=\"font-weight: 400;\">diretora relatora, Meiruze Freitas : <\/span><span style=\"font-weight: 400;\">\u00a0<br \/>\n\u201cO diagn\u00f3stico precoce e o tratamento ambulatorial, quando necess\u00e1rio, s\u00e3o importantes para evitar a progress\u00e3o da doen\u00e7a para casos graves\u201d, afirmou a diretora, que reitera que o tratamento n\u00e3o substitui a vacina\u00e7\u00e3o que, ainda \u00e9, a melhor estrat\u00e9gia para evitar a Covid-19.<\/span><\/p>\n<p><img loading=\"lazy\" decoding=\"async\" class=\"alignnone  wp-image-13978\" src=\"https:\/\/www.rotaseguros.com.br\/planosdesaude\/wp-content\/uploads\/2022\/11\/remedio_tratamento_covid-19-2-300x75.png\" alt=\"remedio_vacina_para_tratamento_da_covid-19\" width=\"776\" height=\"194\" srcset=\"https:\/\/www.rotaseguros.com.br\/planosdesaude\/wp-content\/uploads\/2022\/11\/remedio_tratamento_covid-19-2-300x75.png 300w, https:\/\/www.rotaseguros.com.br\/planosdesaude\/wp-content\/uploads\/2022\/11\/remedio_tratamento_covid-19-2-1024x256.png 1024w, https:\/\/www.rotaseguros.com.br\/planosdesaude\/wp-content\/uploads\/2022\/11\/remedio_tratamento_covid-19-2-768x192.png 768w, https:\/\/www.rotaseguros.com.br\/planosdesaude\/wp-content\/uploads\/2022\/11\/remedio_tratamento_covid-19-2-980x245.png 980w, https:\/\/www.rotaseguros.com.br\/planosdesaude\/wp-content\/uploads\/2022\/11\/remedio_tratamento_covid-19-2-480x120.png 480w, https:\/\/www.rotaseguros.com.br\/planosdesaude\/wp-content\/uploads\/2022\/11\/remedio_tratamento_covid-19-2.png 1080w\" sizes=\"auto, (max-width: 776px) 100vw, 776px\" \/><\/p>\n<h2><span class=\"ez-toc-section\" id=\"Paxlovid_o_remedio_para_o_tratamento_da_covid-19\"><\/span><span style=\"font-weight: 400;\"><a id=\"paxlovid\"><\/a>Paxlovid, o rem\u00e9dio para o tratamento da covid-19<\/span><span class=\"ez-toc-section-end\"><\/span><\/h2>\n<p><span style=\"font-weight: 400;\">Paxlovid, o rem\u00e9dio para o tratamento da covid-19 consiste em dois medicamentos antivirais em conjunto: o nirmatrelvir e o ritonavir. <br \/>\nContudo, quando combinados bloqueiam uma enzima que o v\u00edrus da Covid-19 precisa para se replicar no corpo.<\/span><\/p>\n<p><span style=\"font-weight: 400;\">No qual ser\u00e1 fornecido tanto para farm\u00e1cias como para hospitais particulares do pa\u00eds.<\/span><\/p>\n<p><span style=\"font-weight: 400;\">Entretanto, a Anvisa reitera que o fabricante deve priorizar e manter o abastecimento no Sistema \u00danico de Sa\u00fade (SUS).<\/span>Nas farm\u00e1cias, \u00e9 necess\u00e1ria uma prescri\u00e7\u00e3o m\u00e9dica (receita). O Paxlovid, por\u00e9m, estar\u00e1 com bula e rotulagem em portugu\u00eas de Portugal e em espanhol.<\/p>\n<p><span style=\"font-weight: 400;\">Desse modo, o rem\u00e9dio para o tratamento da covid-19 dever\u00e1 ser utilizado somente por adultos e \u00e9 indicado para o tratamento da Covid naquelas pessoas que n\u00e3o requerem oxig\u00eanio suplementar e que apresentam risco aumentado de progress\u00e3o para Covid grave.<\/span><\/p>\n<p><span style=\"font-weight: 400;\">Al\u00e9m disso, para que o tratamento seja efetivo, os dois comprimidos devem ser tomados juntos por via oral, duas vezes ao dia, durante 5 dias.<\/span><\/p>\n<h2><img loading=\"lazy\" decoding=\"async\" class=\"alignnone  wp-image-13979\" src=\"https:\/\/www.rotaseguros.com.br\/planosdesaude\/wp-content\/uploads\/2022\/11\/remedio_tratamento_covid-19-3-300x75.png\" alt=\"remedio para o tratamento da covid-19\" width=\"780\" height=\"195\" srcset=\"https:\/\/www.rotaseguros.com.br\/planosdesaude\/wp-content\/uploads\/2022\/11\/remedio_tratamento_covid-19-3-300x75.png 300w, https:\/\/www.rotaseguros.com.br\/planosdesaude\/wp-content\/uploads\/2022\/11\/remedio_tratamento_covid-19-3-1024x256.png 1024w, https:\/\/www.rotaseguros.com.br\/planosdesaude\/wp-content\/uploads\/2022\/11\/remedio_tratamento_covid-19-3-768x192.png 768w, https:\/\/www.rotaseguros.com.br\/planosdesaude\/wp-content\/uploads\/2022\/11\/remedio_tratamento_covid-19-3-980x245.png 980w, https:\/\/www.rotaseguros.com.br\/planosdesaude\/wp-content\/uploads\/2022\/11\/remedio_tratamento_covid-19-3-480x120.png 480w, https:\/\/www.rotaseguros.com.br\/planosdesaude\/wp-content\/uploads\/2022\/11\/remedio_tratamento_covid-19-3.png 1080w\" sizes=\"auto, (max-width: 780px) 100vw, 780px\" \/><\/h2>\n<h2><span class=\"ez-toc-section\" id=\"Rota_Seguros_e_sua_saude_em_dia\"><\/span><span style=\"font-weight: 400;\"><a id=\"rota\"><\/a>Rota Seguros e sua sa\u00fade em dia\u00a0<\/span><span class=\"ez-toc-section-end\"><\/span><\/h2>\n<p>&nbsp;<\/p>\n<p><span style=\"font-weight: 400;\">Em suma, a chegado do rem\u00e9dio para o tratamento da covid-19 \u00e9 uma excelente not\u00edcia para a sa\u00fade e para a jornada contra a Covid-19 mas, n\u00e3o podemos descuidar!<\/span><span style=\"font-weight: 400;\"><br \/>\n<\/span><span style=\"font-weight: 400;\"><br \/>\nDessa forma, mantenha o seu plano de sa\u00fade ativo e busque aux\u00edlio de um m\u00e9dico h\u00e1 qualquer sinal de sintoma evidente.<br \/>\n<\/span><span style=\"font-weight: 400;\">Na <a href=\"http:\/\/rotaseguros.com.br\">Rota Seguros<\/a> voc\u00ea encontra as melhores op\u00e7\u00f5es em planos de sa\u00fade para voc\u00ea, sua fam\u00edlia e sua empresa!<\/span><\/p>\n<p><span style=\"font-weight: 400;\">Entre em contato com a Rota Seguros mais pr\u00f3xima de voc\u00ea:<\/span><\/p>\n<p><span style=\"font-weight: 400;\">Grande BH \u2013 (31) 3279-8000<br \/>\n<\/span>Bom Despacho -(37) 99127-0087<br \/>\nColatina\/ES &#8211; (27) 3121-9393<br \/>\n<span style=\"font-weight: 400;\">Divin\u00f3polis \u2013 (37) 3511-3030<br \/>\n<\/span><span style=\"font-weight: 400;\">Londrina\/PR &#8211; (43) 99181-8100<br \/>\n<\/span><span style=\"font-weight: 400;\">Montes Claros \u2013 (38) 3216-8249<br \/>\n<\/span><span style=\"font-weight: 400;\">Nova Serrana \u2013 (37) 3228-3131<br \/>\n<\/span><span style=\"font-weight: 400;\">Patos de Minas \u2013 (34) 3820-8080<br \/>\n<\/span><span style=\"font-weight: 400;\">Po\u00e7os de Caldas \u2013 (35) 3713-2531<br \/>\n<\/span><span style=\"font-weight: 400;\">Pouso Alegre \u2013 (35) 3646-3334<br \/>\n<\/span><span style=\"font-weight: 400;\">Uberl\u00e2ndia &#8211; (34) 3291-9300<br \/>\n<\/span><span style=\"font-weight: 400;\">Varginha &#8211; (35) 3113-0351\u00a0<br \/>\n<\/span><span style=\"font-weight: 400;\">Vit\u00f3ria\/ES \u2013 (27) 2233-302<br \/>\n<\/span>Demais Regi\u00f5es \u2013 0800 024 2424<\/p>\n<p>&nbsp;<\/p>\n<p>&nbsp;<\/p>\n<p>&nbsp;<\/p>\n<p>&nbsp;<\/p>\n","protected":false},"excerpt":{"rendered":"<p><span class=\"span-reading-time rt-reading-time\" style=\"display: block;\"><span class=\"rt-label rt-prefix\">Reading Time: <\/span> <span class=\"rt-time\"> 2<\/span> <span class=\"rt-label rt-postfix\">minutes<\/span><\/span>O t\u00e3o esperado rem\u00e9dio para o tratamento da covid-19 finalmente chegou! Dessa maneira, a Ag\u00eancia Nacional de Vigil\u00e2ncia Sanit\u00e1ria (Anvisa) aprovou nesta segunda-feira (21) a venda do Paxlovid em farm\u00e1cias &#8230;<\/p>\n","protected":false},"author":2,"featured_media":13977,"comment_status":"open","ping_status":"open","sticky":false,"template":"","format":"standard","meta":{"_monsterinsights_skip_tracking":false,"_monsterinsights_sitenote_active":false,"_monsterinsights_sitenote_note":"","_monsterinsights_sitenote_category":0,"footnotes":"","_links_to":"","_links_to_target":""},"categories":[1,1166],"tags":[674,1381,1380,1382],"class_list":["post-13974","post","type-post","status-publish","format-standard","has-post-thumbnail","hentry","category-sem-categoria","category-ans","tag-covid-19","tag-covid-19-tratamento","tag-remedio-covid","tag-vacina-covid-19"],"_links":{"self":[{"href":"https:\/\/www.rotaseguros.com.br\/planosdesaude\/wp-json\/wp\/v2\/posts\/13974","targetHints":{"allow":["GET"]}}],"collection":[{"href":"https:\/\/www.rotaseguros.com.br\/planosdesaude\/wp-json\/wp\/v2\/posts"}],"about":[{"href":"https:\/\/www.rotaseguros.com.br\/planosdesaude\/wp-json\/wp\/v2\/types\/post"}],"author":[{"embeddable":true,"href":"https:\/\/www.rotaseguros.com.br\/planosdesaude\/wp-json\/wp\/v2\/users\/2"}],"replies":[{"embeddable":true,"href":"https:\/\/www.rotaseguros.com.br\/planosdesaude\/wp-json\/wp\/v2\/comments?post=13974"}],"version-history":[{"count":0,"href":"https:\/\/www.rotaseguros.com.br\/planosdesaude\/wp-json\/wp\/v2\/posts\/13974\/revisions"}],"wp:featuredmedia":[{"embeddable":true,"href":"https:\/\/www.rotaseguros.com.br\/planosdesaude\/wp-json\/wp\/v2\/media\/13977"}],"wp:attachment":[{"href":"https:\/\/www.rotaseguros.com.br\/planosdesaude\/wp-json\/wp\/v2\/media?parent=13974"}],"wp:term":[{"taxonomy":"category","embeddable":true,"href":"https:\/\/www.rotaseguros.com.br\/planosdesaude\/wp-json\/wp\/v2\/categories?post=13974"},{"taxonomy":"post_tag","embeddable":true,"href":"https:\/\/www.rotaseguros.com.br\/planosdesaude\/wp-json\/wp\/v2\/tags?post=13974"}],"curies":[{"name":"wp","href":"https:\/\/api.w.org\/{rel}","templated":true}]}}