{"id":13988,"date":"2022-11-28T17:52:42","date_gmt":"2022-11-28T19:52:42","guid":{"rendered":"https:\/\/www.rotaseguros.com.br\/planosdesaude\/?p=13988"},"modified":"2023-03-17T10:51:33","modified_gmt":"2023-03-17T12:51:33","slug":"dia-nacional-do-combate-ao-cancer-e-os-seus-avancos","status":"publish","type":"post","link":"https:\/\/www.rotaseguros.com.br\/planosdesaude\/dia-nacional-do-combate-ao-cancer-e-os-seus-avancos\/","title":{"rendered":"Dia nacional do combate ao c\u00e2ncer e os seus avan\u00e7os"},"content":{"rendered":"<span class=\"span-reading-time rt-reading-time\" style=\"display: block;\"><span class=\"rt-label rt-prefix\">Reading Time: <\/span> <span class=\"rt-time\"> 5<\/span> <span class=\"rt-label rt-postfix\">minutes<\/span><\/span><p><span style=\"font-weight: 400;\">\u00a0<\/span><span style=\"font-weight: 400;\">\u00c9 uma das doen\u00e7as mais temidas, da qual muitas pessoas evitam at\u00e9 falar seu nome: c\u00e2ncer.<\/span><span style=\"font-weight: 400;\"><br \/>\n<\/span><span style=\"font-weight: 400;\">Al\u00e9m de ser o diagn\u00f3stico que ningu\u00e9m gostaria de receber e que, muitas das vezes, vislumbra um futuro incerto.<\/span><span style=\"font-weight: 400;\"><br \/>\n<\/span><span style=\"font-weight: 400;\">Entretanto, n\u00e3o podemos deixar de notar que hoje s\u00e3o muitos os avan\u00e7os no combate ao c\u00e2ncer.<\/span><\/p><div id=\"ez-toc-container\" class=\"ez-toc-v2_0_82_2 counter-flat ez-toc-counter ez-toc-grey ez-toc-container-direction\">\n<div class=\"ez-toc-title-container\">\n<p class=\"ez-toc-title\" style=\"cursor:inherit\">Aqui voc\u00ea encontra:<\/p>\n<span class=\"ez-toc-title-toggle\"><a href=\"#\" class=\"ez-toc-pull-right ez-toc-btn ez-toc-btn-xs ez-toc-btn-default ez-toc-toggle\" aria-label=\"Alternar tabela de conte\u00fado\"><span class=\"ez-toc-js-icon-con\"><span class=\"\"><span class=\"eztoc-hide\" style=\"display:none;\">Toggle<\/span><span class=\"ez-toc-icon-toggle-span\"><svg style=\"fill: #999;color:#999\" xmlns=\"http:\/\/www.w3.org\/2000\/svg\" class=\"list-377408\" width=\"20px\" height=\"20px\" viewBox=\"0 0 24 24\" fill=\"none\"><path d=\"M6 6H4v2h2V6zm14 0H8v2h12V6zM4 11h2v2H4v-2zm16 0H8v2h12v-2zM4 16h2v2H4v-2zm16 0H8v2h12v-2z\" fill=\"currentColor\"><\/path><\/svg><svg style=\"fill: #999;color:#999\" class=\"arrow-unsorted-368013\" xmlns=\"http:\/\/www.w3.org\/2000\/svg\" width=\"10px\" height=\"10px\" viewBox=\"0 0 24 24\" version=\"1.2\" baseProfile=\"tiny\"><path d=\"M18.2 9.3l-6.2-6.3-6.2 6.3c-.2.2-.3.4-.3.7s.1.5.3.7c.2.2.4.3.7.3h11c.3 0 .5-.1.7-.3.2-.2.3-.5.3-.7s-.1-.5-.3-.7zM5.8 14.7l6.2 6.3 6.2-6.3c.2-.2.3-.5.3-.7s-.1-.5-.3-.7c-.2-.2-.4-.3-.7-.3h-11c-.3 0-.5.1-.7.3-.2.2-.3.5-.3.7s.1.5.3.7z\"\/><\/svg><\/span><\/span><\/span><\/a><\/span><\/div>\n<nav><ul class='ez-toc-list ez-toc-list-level-1 ' ><li class='ez-toc-page-1'><a class=\"ez-toc-link ez-toc-heading-1\" href=\"https:\/\/www.rotaseguros.com.br\/planosdesaude\/dia-nacional-do-combate-ao-cancer-e-os-seus-avancos\/#Combate_ao_cancer_%E2%80%93_uma_luta_antiga\" >Combate ao c\u00e2ncer &#8211; uma luta antiga\u00a0<\/a><\/li><li class='ez-toc-page-1'><a class=\"ez-toc-link ez-toc-heading-2\" href=\"https:\/\/www.rotaseguros.com.br\/planosdesaude\/dia-nacional-do-combate-ao-cancer-e-os-seus-avancos\/#A_doenca_e_alguns_numeros\" >A doen\u00e7a e alguns n\u00fameros\u00a0<\/a><\/li><li class='ez-toc-page-1'><a class=\"ez-toc-link ez-toc-heading-3\" href=\"https:\/\/www.rotaseguros.com.br\/planosdesaude\/dia-nacional-do-combate-ao-cancer-e-os-seus-avancos\/#Os_avancos_no_combate_aos_cancer\" >Os avan\u00e7os no combate aos c\u00e2ncer\u00a0<\/a><\/li><li class='ez-toc-page-1'><a class=\"ez-toc-link ez-toc-heading-4\" href=\"https:\/\/www.rotaseguros.com.br\/planosdesaude\/dia-nacional-do-combate-ao-cancer-e-os-seus-avancos\/#Os_avancos_tecnologicos\" >Os avan\u00e7os tecnol\u00f3gicos\u00a0<\/a><\/li><li class='ez-toc-page-1'><a class=\"ez-toc-link ez-toc-heading-5\" href=\"https:\/\/www.rotaseguros.com.br\/planosdesaude\/dia-nacional-do-combate-ao-cancer-e-os-seus-avancos\/#Combate_ao_cancer_um_ato_de_amor_proprio\" >Combate ao c\u00e2ncer : um ato de amor pr\u00f3prio\u00a0<\/a><\/li><li class='ez-toc-page-1'><a class=\"ez-toc-link ez-toc-heading-6\" href=\"https:\/\/www.rotaseguros.com.br\/planosdesaude\/dia-nacional-do-combate-ao-cancer-e-os-seus-avancos\/#Principais_atitudes_no_combate_ao_cancer\" >Principais atitudes no combate ao c\u00e2ncer\u00a0<\/a><\/li><li class='ez-toc-page-1'><a class=\"ez-toc-link ez-toc-heading-7\" href=\"https:\/\/www.rotaseguros.com.br\/planosdesaude\/dia-nacional-do-combate-ao-cancer-e-os-seus-avancos\/#Saude_em_dia\" >Sa\u00fade em dia!<\/a><\/li><\/ul><\/nav><\/div>\n\n<p><span style=\"font-weight: 400;\">Dessa maneira, o \u00faltimo domingo (27\/11) foi marcado como o <a href=\"https:\/\/www.inca.gov.br\/campanhas\/dia-nacional-de-combate-ao-c%C3%A2ncer#:~:text=Criado%20por%20meio%20da%20Portaria,principalmente%20sobre%20a%20sua%20preven%C3%A7%C3%A3o.\" target=\"_blank\" rel=\"noopener\">dia nacional do combate aos c\u00e2ncer<\/a>, luta genu\u00edna e que vem tomando for\u00e7a e conquistas com os grandes avan\u00e7os tecnol\u00f3gicos.<\/span><\/p>\n<p><img loading=\"lazy\" decoding=\"async\" class=\"alignnone wp-image-13992\" src=\"https:\/\/www.rotaseguros.com.br\/planosdesaude\/wp-content\/uploads\/2022\/11\/combate-ao-cancer-1-300x75.png\" alt=\"crian\u00e7a com cancer\" width=\"772\" height=\"193\" srcset=\"https:\/\/www.rotaseguros.com.br\/planosdesaude\/wp-content\/uploads\/2022\/11\/combate-ao-cancer-1-300x75.png 300w, https:\/\/www.rotaseguros.com.br\/planosdesaude\/wp-content\/uploads\/2022\/11\/combate-ao-cancer-1-1024x256.png 1024w, https:\/\/www.rotaseguros.com.br\/planosdesaude\/wp-content\/uploads\/2022\/11\/combate-ao-cancer-1-768x192.png 768w, https:\/\/www.rotaseguros.com.br\/planosdesaude\/wp-content\/uploads\/2022\/11\/combate-ao-cancer-1-980x245.png 980w, https:\/\/www.rotaseguros.com.br\/planosdesaude\/wp-content\/uploads\/2022\/11\/combate-ao-cancer-1-480x120.png 480w, https:\/\/www.rotaseguros.com.br\/planosdesaude\/wp-content\/uploads\/2022\/11\/combate-ao-cancer-1.png 1080w\" sizes=\"auto, (max-width: 772px) 100vw, 772px\" \/><\/p>\n<h2><span class=\"ez-toc-section\" id=\"Combate_ao_cancer_%E2%80%93_uma_luta_antiga\"><\/span><span style=\"font-weight: 400;\"><a id=\"combate\"><\/a>Combate ao c\u00e2ncer &#8211; uma luta antiga\u00a0<\/span><span class=\"ez-toc-section-end\"><\/span><\/h2>\n<p>&nbsp;<\/p>\n<p><span style=\"font-weight: 400;\">Definitivamente a batalha contra o c\u00e2ncer \u00e9 uma das lutas mais extensas da humanidade.\u00a0<\/span><\/p>\n<p><span style=\"font-weight: 400;\">Afinal de contas, o primeiro registro conhecido de um tumor \u00e9 de 2600 anos antes de Cristo, em um papiro eg\u00edpcio, que o descrevia como: \u201cmassas salientes no peito e que se espalharam pelo peito, frias, duras e densas como uma fruta.\u201d<\/span><\/p>\n<p><span style=\"font-weight: 400;\">Contudo, na p\u00e1gina: \u201cterapia\u201d a mensagem era ainda mais desanimadora: <\/span><span style=\"font-weight: 400;\"><br \/>\n<\/span><span style=\"font-weight: 400;\">\u201cN\u00e3o existe.\u201d<\/span><\/p>\n<p><span style=\"font-weight: 400;\">Desde ent\u00e3o, a busca da cura e combate ao c\u00e2ncer \u00e9 uma obsess\u00e3o da humanidade.\u00a0<\/span><\/p>\n<h2><img loading=\"lazy\" decoding=\"async\" class=\"alignnone  wp-image-13994\" src=\"https:\/\/www.rotaseguros.com.br\/planosdesaude\/wp-content\/uploads\/2022\/11\/combate-ao-cancer-7-300x75.png\" alt=\"combate ao cancer\" width=\"772\" height=\"193\" srcset=\"https:\/\/www.rotaseguros.com.br\/planosdesaude\/wp-content\/uploads\/2022\/11\/combate-ao-cancer-7-300x75.png 300w, https:\/\/www.rotaseguros.com.br\/planosdesaude\/wp-content\/uploads\/2022\/11\/combate-ao-cancer-7-1024x256.png 1024w, https:\/\/www.rotaseguros.com.br\/planosdesaude\/wp-content\/uploads\/2022\/11\/combate-ao-cancer-7-768x192.png 768w, https:\/\/www.rotaseguros.com.br\/planosdesaude\/wp-content\/uploads\/2022\/11\/combate-ao-cancer-7-980x245.png 980w, https:\/\/www.rotaseguros.com.br\/planosdesaude\/wp-content\/uploads\/2022\/11\/combate-ao-cancer-7-480x120.png 480w, https:\/\/www.rotaseguros.com.br\/planosdesaude\/wp-content\/uploads\/2022\/11\/combate-ao-cancer-7.png 1080w\" sizes=\"auto, (max-width: 772px) 100vw, 772px\" \/><\/h2>\n<h2><span class=\"ez-toc-section\" id=\"A_doenca_e_alguns_numeros\"><\/span><span style=\"font-weight: 400;\"><a id=\"number\"><\/a>A doen\u00e7a e alguns n\u00fameros\u00a0<\/span><span class=\"ez-toc-section-end\"><\/span><\/h2>\n<p><span style=\"font-weight: 400;\">\u00a0<\/span><\/p>\n<p><span style=\"font-weight: 400;\">O c\u00e2ncer \u00e9 a <\/span><b>segunda doen\u00e7a que mais mata no mundo<\/b><span style=\"font-weight: 400;\">, de acordo com a OMS.<\/span><\/p>\n<p><span style=\"font-weight: 400;\">Diante desse fato, n\u00e3o \u00e9 de se espantar o porqu\u00ea de ser t\u00e3o temida, a doen\u00e7a tem cerca de<\/span><b> 9,6 milh\u00f5es de \u00f3bitos por ano<\/b><span style=\"font-weight: 400;\"> e, nos pr\u00f3ximos 25 anos, passar\u00e1 a ser a primeira.<\/span><\/p>\n<p><span style=\"font-weight: 400;\">Assim, com um cen\u00e1rio nada otimista, a OMS projetou em seu \u00faltimo relat\u00f3rio de tumores o surgimento de <\/span><b>12,4 milh\u00f5es de novos casos por ano<\/b><span style=\"font-weight: 400;\">. <\/span><span style=\"font-weight: 400;\"><br \/>\n<\/span><span style=\"font-weight: 400;\"><br \/>\n<\/span><span style=\"font-weight: 400;\">No Brasil, segundo informa\u00e7\u00f5es do INCA (Instituto Nacional do C\u00e2ncer), esse n\u00famero \u00e9 de <\/span><b>mais de 600 mil.<\/b><\/p>\n<p><span style=\"font-weight: 400;\">Contudo, vale ressaltar e servir de alerta que cerca de <\/span><b>30% dos casos poderiam ser evitados com a ado\u00e7\u00e3o de um estilo de vida saud\u00e1vel.<\/b><span style=\"font-weight: 400;\"><br \/>\n<\/span><span style=\"font-weight: 400;\">No qual exclui fatores de risco como tabagismo, consumo de \u00e1lcool, sedentarismo, obesidade, alimenta\u00e7\u00e3o rica em gordura animal, entre outros.<\/span><\/p>\n<p><img loading=\"lazy\" decoding=\"async\" class=\"alignnone  wp-image-13995\" src=\"https:\/\/www.rotaseguros.com.br\/planosdesaude\/wp-content\/uploads\/2022\/11\/combate-ao-cancer-8-300x75.png\" alt=\"combate ao cancer\" width=\"780\" height=\"195\" srcset=\"https:\/\/www.rotaseguros.com.br\/planosdesaude\/wp-content\/uploads\/2022\/11\/combate-ao-cancer-8-300x75.png 300w, https:\/\/www.rotaseguros.com.br\/planosdesaude\/wp-content\/uploads\/2022\/11\/combate-ao-cancer-8-1024x256.png 1024w, https:\/\/www.rotaseguros.com.br\/planosdesaude\/wp-content\/uploads\/2022\/11\/combate-ao-cancer-8-768x192.png 768w, https:\/\/www.rotaseguros.com.br\/planosdesaude\/wp-content\/uploads\/2022\/11\/combate-ao-cancer-8-980x245.png 980w, https:\/\/www.rotaseguros.com.br\/planosdesaude\/wp-content\/uploads\/2022\/11\/combate-ao-cancer-8-480x120.png 480w, https:\/\/www.rotaseguros.com.br\/planosdesaude\/wp-content\/uploads\/2022\/11\/combate-ao-cancer-8.png 1080w\" sizes=\"auto, (max-width: 780px) 100vw, 780px\" \/><\/p>\n<h2><span class=\"ez-toc-section\" id=\"Os_avancos_no_combate_aos_cancer\"><\/span><span style=\"font-weight: 400;\"><a id=\"avanco\"><\/a>Os avan\u00e7os no combate aos c\u00e2ncer\u00a0<\/span><span class=\"ez-toc-section-end\"><\/span><\/h2>\n<p>&nbsp;<\/p>\n<p><span style=\"font-weight: 400;\">Foram v\u00e1rios os passos dados desde o primeiro caso at\u00e9 os dias de hoje, no combate ao c\u00e2ncer.<\/span><span style=\"font-weight: 400;\"><br \/>\n<\/span><span style=\"font-weight: 400;\">Entretanto, mesmo o enfrentamento \u00e0 doen\u00e7a sendo t\u00e3o complexo quanto desafiador, na \u00faltima d\u00e9cada houve uma evolu\u00e7\u00e3o impressionante tanto no diagn\u00f3stico, quanto no tratamento de casos oncol\u00f3gicos.\u00a0<\/span><\/p>\n<p><span style=\"font-weight: 400;\">Assim ganha destaque os avan\u00e7os cient\u00edficos e tecnol\u00f3gicos que marcaram uma nova perspectiva no combate ao c\u00e2ncer.<\/span><\/p>\n<p><span style=\"font-weight: 400;\">Afinal de contas, gra\u00e7as a eles que agora temos uma efic\u00e1cia cada vez melhor na\u00a0 identifica\u00e7\u00e3o precoce de tumores, detectando les\u00f5es cada vez menores.<\/span><span style=\"font-weight: 400;\"><br \/>\n<\/span><span style=\"font-weight: 400;\">Dessa forma,\u00a0 permitindo com t\u00e9cnicas espec\u00edficas detectar focos de comprometimento do c\u00e2ncer em est\u00e1gios iniciais.<\/span><\/p>\n<h3><span class=\"ez-toc-section\" id=\"Os_avancos_tecnologicos\"><\/span><span style=\"font-weight: 400;\"><a id=\"tec\"><\/a>Os avan\u00e7os tecnol\u00f3gicos\u00a0<\/span><span class=\"ez-toc-section-end\"><\/span><\/h3>\n<p><span style=\"font-weight: 400;\"><br \/>\n<\/span><span style=\"font-weight: 400;\">Entre os avan\u00e7os no combate ao c\u00e2ncer, a imunoterapia, tratamento que ajuda o sistema imunol\u00f3gico a atacar as c\u00e9lulas cancer\u00edgenas, desponta como uma alternativa promissora.\u00a0<\/span><\/p>\n<p><span style=\"font-weight: 400;\">O tratamento se baseia no uso de\u00a0 bloqueadores (anti PD1 e CTLA-4) e vem demonstrando excelentes resultados em pacientes com melanoma metast\u00e1tico e em outros tipos de c\u00e2ncer como de pulm\u00e3o, rim, bexiga, cabe\u00e7a e pesco\u00e7o, Linfomas de Hodgkin, entre outros.<\/span><\/p>\n<p><span style=\"font-weight: 400;\">Atualmente, o combate ao c\u00e2ncer \u00e9 realizado atrav\u00e9s de tratamento multidisciplinar, onde envolve diversas \u00e1reas como hematologia, radioterapia, patologistas, especialistas em fertilidade e aconselhamento gen\u00e9tico, al\u00e9m de psic\u00f3logos, nutricionistas e fisioterapeutas. <\/span><span style=\"font-weight: 400;\"><br \/>\n<\/span><span style=\"font-weight: 400;\"><br \/>\n<\/span><span style=\"font-weight: 400;\">Da mesma forma, a quimioterapia tradicional aliou-se \u00e0 terapia alvo-molecular, que tem o foco de combater as mol\u00e9culas espec\u00edficas, direcionando a a\u00e7\u00e3o de medicamentos, exclusivamente ou quase exclusivamente, \u00e0s c\u00e9lulas tumorais, reduzindo assim, suas atividades sobre as c\u00e9lulas saud\u00e1veis e os efeitos colaterais.\u00a0<\/span><\/p>\n<p><span style=\"font-weight: 400;\">Outro avan\u00e7o tecnol\u00f3gico se d\u00e1 aos novos aparelhos de radioterapia que permitem direcionar o feixe radioativo apenas aos tumores, muitas vezes menores que 1cm, desenhando o campo tumoral a ser irradiado. Assim, as c\u00e9lulas dos tecidos normais vizinhos ao tumor s\u00e3o poupadas dos efeitos da radia\u00e7\u00e3o.<\/span><\/p>\n<h2><img loading=\"lazy\" decoding=\"async\" class=\"alignnone wp-image-13989\" src=\"https:\/\/www.rotaseguros.com.br\/planosdesaude\/wp-content\/uploads\/2022\/11\/combate-ao-cancer-2-300x75.png\" alt=\"luta contra o cancer\" width=\"772\" height=\"193\" srcset=\"https:\/\/www.rotaseguros.com.br\/planosdesaude\/wp-content\/uploads\/2022\/11\/combate-ao-cancer-2-300x75.png 300w, https:\/\/www.rotaseguros.com.br\/planosdesaude\/wp-content\/uploads\/2022\/11\/combate-ao-cancer-2-1024x256.png 1024w, https:\/\/www.rotaseguros.com.br\/planosdesaude\/wp-content\/uploads\/2022\/11\/combate-ao-cancer-2-768x192.png 768w, https:\/\/www.rotaseguros.com.br\/planosdesaude\/wp-content\/uploads\/2022\/11\/combate-ao-cancer-2-980x245.png 980w, https:\/\/www.rotaseguros.com.br\/planosdesaude\/wp-content\/uploads\/2022\/11\/combate-ao-cancer-2-480x120.png 480w, https:\/\/www.rotaseguros.com.br\/planosdesaude\/wp-content\/uploads\/2022\/11\/combate-ao-cancer-2.png 1080w\" sizes=\"auto, (max-width: 772px) 100vw, 772px\" \/><\/h2>\n<h2><span class=\"ez-toc-section\" id=\"Combate_ao_cancer_um_ato_de_amor_proprio\"><\/span><span style=\"font-weight: 400;\"><a id=\"amor\"><\/a>Combate ao c\u00e2ncer : um ato de amor pr\u00f3prio\u00a0<\/span><span class=\"ez-toc-section-end\"><\/span><\/h2>\n<p>&nbsp;<\/p>\n<p><span style=\"font-weight: 400;\">As atitudes a serem tomadas contra o c\u00e2ncer est\u00e3o sempre em voga, al\u00e9m disso sempre surge uma nova vil\u00e3 alinhada \u00e0 doen\u00e7a.<\/span><\/p>\n<p><span style=\"font-weight: 400;\">Contudo, \u00e9 sempre bom repassar as principais atitudes e estar atento para segui-las:<\/span><\/p>\n<h3><span class=\"ez-toc-section\" id=\"Principais_atitudes_no_combate_ao_cancer\"><\/span><a id=\"atitu\"><\/a>Principais atitudes no combate ao c\u00e2ncer\u00a0<span class=\"ez-toc-section-end\"><\/span><\/h3>\n<p><b>N\u00e3o fumar<\/b><span style=\"font-weight: 400;\">, o tabagismo \u00e9 a principal causa de c\u00e2ncer evit\u00e1vel no mundo. Ao acender um cigarro, as consequ\u00eancias s\u00e3o sentidas n\u00e3o apenas por quem fuma, mas tamb\u00e9m por todos ao seu redor.<\/span><\/p>\n<p><b>Sem exageros com bebidas alco\u00f3licas<\/b><span style=\"font-weight: 400;\">, o \u00e1lcool potencializa os efeitos do tabaco e aumenta a chance de desenvolvimento de alguns tumores, como intestino, es\u00f4fago e f\u00edgado.\u00a0<\/span><\/p>\n<p><b>Sexo seguro<\/b><span style=\"font-weight: 400;\">, o uso de preservativo \u00e9 um dos melhores aliados para prevenir o papiloma v\u00edrus humano (HPV),\u00a0 o principal respons\u00e1vel por alguns tipos de c\u00e2ncer como, o c\u00e2ncer do colo do \u00fatero, vulva, p\u00eanis e orofaringe.<\/span><span style=\"font-weight: 400;\"><br \/>\n<\/span><span style=\"font-weight: 400;\">Al\u00e9m do mais, o sexo seguro tamb\u00e9m evita a hepatite B e C, principais causadores do c\u00e2ncer de f\u00edgado.<\/span><\/p>\n<p><b>Evite o consumo excessivo de a\u00e7\u00facares<\/b><span style=\"font-weight: 400;\">, o a\u00e7\u00facar n\u00e3o tem influ\u00eancia direta no sangue mas, seu consumo em excesso faz o organismo liberar muita insulina para metaboliza-lo, o que por sua vez, aumenta a produ\u00e7\u00e3o de uma subst\u00e2ncia chamada citocina pr\u00f3-inflamat\u00f3ria. E quanto maior a quantidade dessa subst\u00e2ncia, maiores as chances de c\u00e2ncer.\u00a0<\/span><\/p>\n<p><b>Evite o consumo de alimentos ricos em s\u00f3dio e\u00a0<\/b><span style=\"font-weight: 400;\"><b>conservantes, s\u00e3o<\/b>\u00a0alimentos que causam c\u00e2ncer pois s\u00e3o ricos em uma subst\u00e2ncia chamada nitrosamina, que \u00e9 cancer\u00edgena.<\/span><\/p>\n<p><b>Use filtro solar diariamente e evite a exposi\u00e7\u00e3o entre 10h e 16h<\/b><span style=\"font-weight: 400;\">, essas regrinhas j\u00e1 s\u00e3o senso comum, mas \u00e9 sempre bom relembrar!<\/span><\/p>\n<p><b>Pratique atividades f\u00edsicas<\/b><span style=\"font-weight: 400;\">, faz bem para todo o organismo, em especial o exerc\u00edcio aer\u00f3bico, onde sua pr\u00e1tica tem a capacidade\u00a0 de diminuir a circula\u00e7\u00e3o das citocinas pr\u00f3-inflamat\u00f3rias em nosso organismo.<\/span><\/p>\n<h3><span class=\"ez-toc-section\" id=\"Saude_em_dia\"><\/span><a id=\"dia\"><\/a>Sa\u00fade em dia!<span class=\"ez-toc-section-end\"><\/span><\/h3>\n<p><span style=\"font-weight: 400;\">Enfim, por \u00faltimo mas, n\u00e3o menos importante: <\/span><b>Fa\u00e7a check-up anual!<\/b><span style=\"font-weight: 400;\"><br \/>\n<\/span><span style=\"font-weight: 400;\">Dessa maneira , existem uma s\u00e9rie de exames fundamentais que diagnosticam c\u00e2ncer, <\/span><span style=\"font-weight: 400;\">\u00e9 importante<\/span><span style=\"font-weight: 400;\"> realizar todos os exames de diagn\u00f3stico precoce indicados pelo seu m\u00e9dico. <\/span><span style=\"font-weight: 400;\"><br \/>\n<\/span><span style=\"font-weight: 400;\">Assim, para realizar os exames e manter a sa\u00fade em dia, tenha sempre o plano de sa\u00fade em dia!\u00a0<\/span><\/p>\n<p><span style=\"font-weight: 400;\">A<a href=\"http:\/\/rotaseguros.com.br\"> Rota Seguros<\/a> possui o melhor plano de sa\u00fade para voc\u00ea, sua fam\u00edlia e sua empresa! Confira as nossas op\u00e7\u00f5es de plano de sa\u00fade e encontre o que se encaixa melhor ao seu perfil.<br \/>\n<\/span><\/p>\n<p>&nbsp;<\/p>\n<p>&nbsp;<\/p>\n","protected":false},"excerpt":{"rendered":"<p><span class=\"span-reading-time rt-reading-time\" style=\"display: block;\"><span class=\"rt-label rt-prefix\">Reading Time: <\/span> <span class=\"rt-time\"> 5<\/span> <span class=\"rt-label rt-postfix\">minutes<\/span><\/span>\u00a0\u00c9 uma das doen\u00e7as mais temidas, da qual muitas pessoas evitam at\u00e9 falar seu nome: c\u00e2ncer. Al\u00e9m de ser o diagn\u00f3stico que ningu\u00e9m gostaria de receber e que, muitas das &#8230;<\/p>\n","protected":false},"author":2,"featured_media":13996,"comment_status":"open","ping_status":"open","sticky":false,"template":"","format":"standard","meta":{"_monsterinsights_skip_tracking":false,"_monsterinsights_sitenote_active":false,"_monsterinsights_sitenote_note":"","_monsterinsights_sitenote_category":0,"footnotes":"","_links_to":"","_links_to_target":""},"categories":[1005],"tags":[1388,1389,269,1386,1387,1385,1390,1384,1127],"class_list":["post-13988","post","type-post","status-publish","format-standard","has-post-thumbnail","hentry","category-saude","tag-cancer-de-boca","tag-cancer-de-garganta","tag-cancer-de-mama","tag-cancer-de-proposta","tag-cancer-de-utero","tag-combate-ao-cancer","tag-llinfoma","tag-luta-contra-o-cancer","tag-saude"],"_links":{"self":[{"href":"https:\/\/www.rotaseguros.com.br\/planosdesaude\/wp-json\/wp\/v2\/posts\/13988","targetHints":{"allow":["GET"]}}],"collection":[{"href":"https:\/\/www.rotaseguros.com.br\/planosdesaude\/wp-json\/wp\/v2\/posts"}],"about":[{"href":"https:\/\/www.rotaseguros.com.br\/planosdesaude\/wp-json\/wp\/v2\/types\/post"}],"author":[{"embeddable":true,"href":"https:\/\/www.rotaseguros.com.br\/planosdesaude\/wp-json\/wp\/v2\/users\/2"}],"replies":[{"embeddable":true,"href":"https:\/\/www.rotaseguros.com.br\/planosdesaude\/wp-json\/wp\/v2\/comments?post=13988"}],"version-history":[{"count":0,"href":"https:\/\/www.rotaseguros.com.br\/planosdesaude\/wp-json\/wp\/v2\/posts\/13988\/revisions"}],"wp:featuredmedia":[{"embeddable":true,"href":"https:\/\/www.rotaseguros.com.br\/planosdesaude\/wp-json\/wp\/v2\/media\/13996"}],"wp:attachment":[{"href":"https:\/\/www.rotaseguros.com.br\/planosdesaude\/wp-json\/wp\/v2\/media?parent=13988"}],"wp:term":[{"taxonomy":"category","embeddable":true,"href":"https:\/\/www.rotaseguros.com.br\/planosdesaude\/wp-json\/wp\/v2\/categories?post=13988"},{"taxonomy":"post_tag","embeddable":true,"href":"https:\/\/www.rotaseguros.com.br\/planosdesaude\/wp-json\/wp\/v2\/tags?post=13988"}],"curies":[{"name":"wp","href":"https:\/\/api.w.org\/{rel}","templated":true}]}}