{"id":14005,"date":"2022-12-01T13:57:58","date_gmt":"2022-12-01T15:57:58","guid":{"rendered":"https:\/\/www.rotaseguros.com.br\/planosdesaude\/?p=14005"},"modified":"2023-03-17T10:53:33","modified_gmt":"2023-03-17T12:53:33","slug":"dia-mundial-do-combate-a-aids-a-esperanca-apos-o-diagnostico","status":"publish","type":"post","link":"https:\/\/www.rotaseguros.com.br\/planosdesaude\/dia-mundial-do-combate-a-aids-a-esperanca-apos-o-diagnostico\/","title":{"rendered":"Dia mundial do combate \u00e0 AIDS &#8211; a esperan\u00e7a ap\u00f3s o diagn\u00f3stico"},"content":{"rendered":"<span class=\"span-reading-time rt-reading-time\" style=\"display: block;\"><span class=\"rt-label rt-prefix\">Reading Time: <\/span> <span class=\"rt-time\"> 3<\/span> <span class=\"rt-label rt-postfix\">minutes<\/span><\/span><p><span style=\"font-weight: 400;\">O Dia Mundial do Combate \u00e0 AIDS \u00e9 uma data que traz \u00e0 tona a discuss\u00e3o sobre as evolu\u00e7\u00f5es e, claro, amplia o esfor\u00e7o mundial da luta contra a AIDS.\u00a0<\/span><\/p><div id=\"ez-toc-container\" class=\"ez-toc-v2_0_82_2 counter-flat ez-toc-counter ez-toc-grey ez-toc-container-direction\">\n<div class=\"ez-toc-title-container\">\n<p class=\"ez-toc-title\" style=\"cursor:inherit\">Aqui voc\u00ea encontra:<\/p>\n<span class=\"ez-toc-title-toggle\"><a href=\"#\" class=\"ez-toc-pull-right ez-toc-btn ez-toc-btn-xs ez-toc-btn-default ez-toc-toggle\" aria-label=\"Alternar tabela de conte\u00fado\"><span class=\"ez-toc-js-icon-con\"><span class=\"\"><span class=\"eztoc-hide\" style=\"display:none;\">Toggle<\/span><span class=\"ez-toc-icon-toggle-span\"><svg style=\"fill: #999;color:#999\" xmlns=\"http:\/\/www.w3.org\/2000\/svg\" class=\"list-377408\" width=\"20px\" height=\"20px\" viewBox=\"0 0 24 24\" fill=\"none\"><path d=\"M6 6H4v2h2V6zm14 0H8v2h12V6zM4 11h2v2H4v-2zm16 0H8v2h12v-2zM4 16h2v2H4v-2zm16 0H8v2h12v-2z\" fill=\"currentColor\"><\/path><\/svg><svg style=\"fill: #999;color:#999\" class=\"arrow-unsorted-368013\" xmlns=\"http:\/\/www.w3.org\/2000\/svg\" width=\"10px\" height=\"10px\" viewBox=\"0 0 24 24\" version=\"1.2\" baseProfile=\"tiny\"><path d=\"M18.2 9.3l-6.2-6.3-6.2 6.3c-.2.2-.3.4-.3.7s.1.5.3.7c.2.2.4.3.7.3h11c.3 0 .5-.1.7-.3.2-.2.3-.5.3-.7s-.1-.5-.3-.7zM5.8 14.7l6.2 6.3 6.2-6.3c.2-.2.3-.5.3-.7s-.1-.5-.3-.7c-.2-.2-.4-.3-.7-.3h-11c-.3 0-.5.1-.7.3-.2.2-.3.5-.3.7s.1.5.3.7z\"\/><\/svg><\/span><\/span><\/span><\/a><\/span><\/div>\n<nav><ul class='ez-toc-list ez-toc-list-level-1 ' ><li class='ez-toc-page-1'><a class=\"ez-toc-link ez-toc-heading-1\" href=\"https:\/\/www.rotaseguros.com.br\/planosdesaude\/dia-mundial-do-combate-a-aids-a-esperanca-apos-o-diagnostico\/#A_Data_como_simbolo_do_Combate_a_Aids\" >A Data como s\u00edmbolo do Combate \u00e0 Aids<\/a><\/li><li class='ez-toc-page-1'><a class=\"ez-toc-link ez-toc-heading-2\" href=\"https:\/\/www.rotaseguros.com.br\/planosdesaude\/dia-mundial-do-combate-a-aids-a-esperanca-apos-o-diagnostico\/#Mas_afinal_o_que_AIDS\" >Mas, afinal o que AIDS?<\/a><\/li><li class='ez-toc-page-1'><a class=\"ez-toc-link ez-toc-heading-3\" href=\"https:\/\/www.rotaseguros.com.br\/planosdesaude\/dia-mundial-do-combate-a-aids-a-esperanca-apos-o-diagnostico\/#Guerra_contra_o_virus\" >Guerra contra o v\u00edrus<\/a><\/li><li class='ez-toc-page-1'><a class=\"ez-toc-link ez-toc-heading-4\" href=\"https:\/\/www.rotaseguros.com.br\/planosdesaude\/dia-mundial-do-combate-a-aids-a-esperanca-apos-o-diagnostico\/#O_combate_a_AIDS_e_a_desigualdade\" >O combate \u00e0 AIDS e a desigualdade\u00a0<\/a><\/li><li class='ez-toc-page-1'><a class=\"ez-toc-link ez-toc-heading-5\" href=\"https:\/\/www.rotaseguros.com.br\/planosdesaude\/dia-mundial-do-combate-a-aids-a-esperanca-apos-o-diagnostico\/#Primeiro_passo_Garantir_a_equidade_para_as_mulheres_e_meninas_a_fim_de_reduzir_seus_riscos_para_o_HIV\" >Primeiro passo: Garantir a equidade para as mulheres e meninas a fim de reduzir seus riscos para o HIV.<\/a><\/li><li class='ez-toc-page-1'><a class=\"ez-toc-link ez-toc-heading-6\" href=\"https:\/\/www.rotaseguros.com.br\/planosdesaude\/dia-mundial-do-combate-a-aids-a-esperanca-apos-o-diagnostico\/#Segundo_passo_Garantir_equidade_para_todas_as_pessoas_marginalizadas\" >Segundo passo: Garantir equidade para todas as pessoas marginalizadas.<\/a><\/li><li class='ez-toc-page-1'><a class=\"ez-toc-link ez-toc-heading-7\" href=\"https:\/\/www.rotaseguros.com.br\/planosdesaude\/dia-mundial-do-combate-a-aids-a-esperanca-apos-o-diagnostico\/#Terceiro_passo_Diagnostico_e_tratamento_para_criancas\" >Terceiro passo: Diagn\u00f3stico e tratamento para crian\u00e7as<\/a><\/li><li class='ez-toc-page-1'><a class=\"ez-toc-link ez-toc-heading-8\" href=\"https:\/\/www.rotaseguros.com.br\/planosdesaude\/dia-mundial-do-combate-a-aids-a-esperanca-apos-o-diagnostico\/#Faca_sua_parte_no_combate_a_AIDS_Se_cuide\" >Fa\u00e7a sua parte no combate \u00e0 AIDS: Se cuide!<\/a><\/li><\/ul><\/nav><\/div>\n\n<p><span style=\"font-weight: 400;\">Al\u00e9m disso, \u00e9 o momento para homenagear as mais de 40 milh\u00f5es de vidas perdidas por doen\u00e7as relacionadas \u00e0 AIDS, fazer uma an\u00e1lise dos avan\u00e7os no tratamento e comprometer-se a acabar com a doen\u00e7a.<\/span><\/p>\n<p><span style=\"font-weight: 400;\">De antem\u00e3o, esse dia vem com o objetivo de estabelecer o v\u00ednculo da comunica\u00e7\u00e3o, promover troca de informa\u00e7\u00f5es e experi\u00eancias, e criar um esp\u00edrito de toler\u00e2ncia social.<\/span><\/p>\n<p><img loading=\"lazy\" decoding=\"async\" class=\"alignnone  wp-image-14007\" src=\"https:\/\/www.rotaseguros.com.br\/planosdesaude\/wp-content\/uploads\/2022\/12\/2-300x75.png\" alt=\"combate a AIDS\" width=\"780\" height=\"195\" srcset=\"https:\/\/www.rotaseguros.com.br\/planosdesaude\/wp-content\/uploads\/2022\/12\/2-300x75.png 300w, https:\/\/www.rotaseguros.com.br\/planosdesaude\/wp-content\/uploads\/2022\/12\/2-1024x256.png 1024w, https:\/\/www.rotaseguros.com.br\/planosdesaude\/wp-content\/uploads\/2022\/12\/2-768x192.png 768w, https:\/\/www.rotaseguros.com.br\/planosdesaude\/wp-content\/uploads\/2022\/12\/2-980x245.png 980w, https:\/\/www.rotaseguros.com.br\/planosdesaude\/wp-content\/uploads\/2022\/12\/2-480x120.png 480w, https:\/\/www.rotaseguros.com.br\/planosdesaude\/wp-content\/uploads\/2022\/12\/2.png 1080w\" sizes=\"auto, (max-width: 780px) 100vw, 780px\" \/><\/p>\n<h1><span class=\"ez-toc-section\" id=\"A_Data_como_simbolo_do_Combate_a_Aids\"><\/span><span style=\"font-weight: 400;\"><a id=\"simbolo\"><\/a>A Data como s\u00edmbolo do Combate \u00e0 Aids<\/span><span class=\"ez-toc-section-end\"><\/span><\/h1>\n<p>&nbsp;<\/p>\n<p><span style=\"font-weight: 400;\">No mundo j\u00e1 havia esfor\u00e7os e discuss\u00f5es sobre a AIDS.<\/span><span style=\"font-weight: 400;\"><br \/>\n<\/span><span style=\"font-weight: 400;\">Com isso, antes de ser estipulada uma data oficial para a luta, em 1987, durante uma confer\u00eancia sobre a doen\u00e7a, ativistas e portadores da doen\u00e7a se fizeram ouvir onde, at\u00e9 ent\u00e3o, eram velados pelo grande tabu da doen\u00e7a.<\/span><span style=\"font-weight: 400;\"><br \/>\n<\/span><span style=\"font-weight: 400;\"><br \/>\n<\/span><span style=\"font-weight: 400;\">Com o intuito de criar um maior entendimento sobre a doen\u00e7a que, at\u00e9 ent\u00e3o, n\u00e3o tinha tratamento e seu portador estava fadado a uma morte silenciosa.<\/span><\/p>\n<p><span style=\"font-weight: 400;\">Nesse sentido,no dia 27 de outubro de 1988, a Assembleia Geral da ONU e a Organiza\u00e7\u00e3o Mundial de Sa\u00fade (OMS) institu\u00edram o dia 1\u00ba de dezembro como o Dia Mundial de Luta contra a Aids.\u00a0<\/span><\/p>\n<p><span style=\"font-weight: 400;\">Do mesmo modo, o combate \u00e0 AIDS traz como s\u00edmbolo o la\u00e7o vermelho, escolhido por sua liga\u00e7\u00e3o \u00e0 cor do sangue e \u00e0 ideia de paix\u00e3o.<\/span><span style=\"font-weight: 400;\"><br \/>\n<\/span><span style=\"font-weight: 400;\">Assim como, vem como representa\u00e7\u00e3o da solidariedade e comprometimento na luta contra a doen\u00e7a.\u00a0<\/span><\/p>\n<p>&nbsp;<\/p>\n<h2><span class=\"ez-toc-section\" id=\"Mas_afinal_o_que_AIDS\"><\/span><span style=\"font-weight: 400;\"><a id=\"aids\"><\/a>Mas, afinal o que AIDS?<\/span><span class=\"ez-toc-section-end\"><\/span><\/h2>\n<p>&nbsp;<\/p>\n<p><span style=\"font-weight: 400;\">A AIDS,<\/span><span style=\"font-weight: 400;\"> s\u00edndrome da imunodefici\u00eancia adquirida(AIDS),<\/span><span style=\"font-weight: 400;\"> \u00e9 uma doen\u00e7a cr\u00f4nica causada pelo v\u00edrus HIV.<\/span><span style=\"font-weight: 400;\"><\/p>\n<p><\/span><\/p>\n<p><span style=\"font-weight: 400;\">Nesse sentido, o HIV \u00e9 um v\u00edrus que se espalha atrav\u00e9s de flu\u00eddos corporais e afeta c\u00e9lulas espec\u00edficas do sistema imunol\u00f3gico, conhecidas como c\u00e9lulas CD4, ou c\u00e9lulas T.<\/span><span style=\"font-weight: 400;\"><\/p>\n<p><\/span><\/p>\n<p><span style=\"font-weight: 400;\">Contudo, o corpo humano n\u00e3o consegue se livrar do HIV como, normalmente, faz com outros v\u00edrus. <\/span><span style=\"font-weight: 400;\"><\/p>\n<p><\/span><\/p>\n<p><span style=\"font-weight: 400;\">Assim, sem o tratamento antirretroviral (medicamento que age inibindo a multiplica\u00e7\u00e3o do v\u00edrus) o HIV afeta e destr\u00f3i essas c\u00e9lulas espec\u00edficas do sistema imunol\u00f3gico e torna o organismo incapaz de lutar contra infec\u00e7\u00f5es e doen\u00e7as. Quando isso acontece, a infec\u00e7\u00e3o por HIV leva \u00e0 AIDS.<\/span><\/p>\n<p><img loading=\"lazy\" decoding=\"async\" class=\"alignnone  wp-image-14008\" src=\"https:\/\/www.rotaseguros.com.br\/planosdesaude\/wp-content\/uploads\/2022\/12\/3-300x75.png\" alt=\"m\u00e3os entrela\u00e7adas \" width=\"772\" height=\"193\" srcset=\"https:\/\/www.rotaseguros.com.br\/planosdesaude\/wp-content\/uploads\/2022\/12\/3-300x75.png 300w, https:\/\/www.rotaseguros.com.br\/planosdesaude\/wp-content\/uploads\/2022\/12\/3-1024x256.png 1024w, https:\/\/www.rotaseguros.com.br\/planosdesaude\/wp-content\/uploads\/2022\/12\/3-768x192.png 768w, https:\/\/www.rotaseguros.com.br\/planosdesaude\/wp-content\/uploads\/2022\/12\/3-980x245.png 980w, https:\/\/www.rotaseguros.com.br\/planosdesaude\/wp-content\/uploads\/2022\/12\/3-480x120.png 480w, https:\/\/www.rotaseguros.com.br\/planosdesaude\/wp-content\/uploads\/2022\/12\/3.png 1080w\" sizes=\"auto, (max-width: 772px) 100vw, 772px\" \/><\/p>\n<h2><span class=\"ez-toc-section\" id=\"Guerra_contra_o_virus\"><\/span><span style=\"font-weight: 400;\"><a id=\"guerra\"><\/a>Guerra contra o v\u00edrus<\/span><span class=\"ez-toc-section-end\"><\/span><\/h2>\n<p>&nbsp;<\/p>\n<p><span style=\"font-weight: 400;\">H\u00e1 16 anos o Brasil \u00e9 refer\u00eancia mundial no enfrentamento ao HIV\/AIDS. <\/span><span style=\"font-weight: 400;\"><br \/>\n<\/span><span style=\"font-weight: 400;\">Para isso, o SUS garante acesso universal a todos os medicamentos necess\u00e1rios para o combate ao v\u00edrus HIV.<\/span><span style=\"font-weight: 400;\"><br \/>\n<\/span><span style=\"font-weight: 400;\"><br \/>\n<\/span><span style=\"font-weight: 400;\">Em prol do combate a AIDS, o sistema \u00fanico de sa\u00fade oferece exames e acompanhamento m\u00e9dico. <\/span><span style=\"font-weight: 400;\"><br \/>\n<\/span><span style=\"font-weight: 400;\">Al\u00e9m disso, oferece tratamento antirretroviral a 97% dos brasileiros diagnosticados com HIV.<\/span><\/p>\n<p>&nbsp;<\/p>\n<h2><span class=\"ez-toc-section\" id=\"O_combate_a_AIDS_e_a_desigualdade\"><\/span><span style=\"font-weight: 400;\"><a id=\"combate\"><\/a>O combate \u00e0 AIDS e a desigualdade\u00a0<\/span><span class=\"ez-toc-section-end\"><\/span><\/h2>\n<p>&nbsp;<\/p>\n<p><span style=\"font-weight: 400;\">A busca constante pela aniquila\u00e7\u00e3o do v\u00edrus da AIDS segue constante, entretanto ainda \u00e9 adversa.<\/span><span style=\"font-weight: 400;\"><br \/>\n<\/span><span style=\"font-weight: 400;\"><br \/>\n<\/span><span style=\"font-weight: 400;\">Assim como, a desigualdade, que \u00e9 umas das causas mais significativas de desvio do caminho para o combate \u00e0 AIDS de fato.<\/span><span style=\"font-weight: 400;\"><br \/>\n<\/span><span style=\"font-weight: 400;\">Al\u00e9m disso,a desigualdade tomou propor\u00e7\u00f5es maiores ap\u00f3s a pandemia de COVID-19 e ficando mais discrepante.<\/span><\/p>\n<p><span style=\"font-weight: 400;\">Dessa forma, a <\/span><a href=\"https:\/\/unaids.org.br\/\" target=\"_blank\" rel=\"noopener\"><span style=\"font-weight: 400;\">UNAIDS<\/span><\/a><span style=\"font-weight: 400;\">, Programa Conjunto das Na\u00e7\u00f5es Unidas sobre HIV\/AIDS, lan\u00e7a o relat\u00f3rio Desigualdades Perigosas, no qual salienta a realidade alarmante e distante de acabar com a AIDS e, em grande parte, em consequ\u00eancia da desigualdade.<\/span><\/p>\n<p><span style=\"font-weight: 400;\">Com isso, a diretora executiva da UNAIDS, Winnie Byanyima, apresenta 3 passos importantes para o combate \u00e0 AIDS e a garantia de equidade.<\/span><\/p>\n<p><img loading=\"lazy\" decoding=\"async\" class=\"alignnone wp-image-14012\" src=\"https:\/\/www.rotaseguros.com.br\/planosdesaude\/wp-content\/uploads\/2022\/12\/7-300x75.png\" alt=\"aids preservativos\" width=\"760\" height=\"190\" srcset=\"https:\/\/www.rotaseguros.com.br\/planosdesaude\/wp-content\/uploads\/2022\/12\/7-300x75.png 300w, https:\/\/www.rotaseguros.com.br\/planosdesaude\/wp-content\/uploads\/2022\/12\/7-1024x256.png 1024w, https:\/\/www.rotaseguros.com.br\/planosdesaude\/wp-content\/uploads\/2022\/12\/7-768x192.png 768w, https:\/\/www.rotaseguros.com.br\/planosdesaude\/wp-content\/uploads\/2022\/12\/7-980x245.png 980w, https:\/\/www.rotaseguros.com.br\/planosdesaude\/wp-content\/uploads\/2022\/12\/7-480x120.png 480w, https:\/\/www.rotaseguros.com.br\/planosdesaude\/wp-content\/uploads\/2022\/12\/7.png 1080w\" sizes=\"auto, (max-width: 760px) 100vw, 760px\" \/><\/p>\n<p><span style=\"font-weight: 400;\">S\u00e3o eles:<\/span><\/p>\n<ul>\n<li style=\"font-weight: 400;\" aria-level=\"1\">\n<h5><span class=\"ez-toc-section\" id=\"Primeiro_passo_Garantir_a_equidade_para_as_mulheres_e_meninas_a_fim_de_reduzir_seus_riscos_para_o_HIV\"><\/span><span style=\"font-weight: 400;\">Primeiro passo: Garantir a equidade para as mulheres e meninas a fim de reduzir seus riscos para o HIV.<\/span><span class=\"ez-toc-section-end\"><\/span><\/h5>\n<\/li>\n<li style=\"font-weight: 400;\" aria-level=\"1\">\n<h5><span class=\"ez-toc-section\" id=\"Segundo_passo_Garantir_equidade_para_todas_as_pessoas_marginalizadas\"><\/span><span style=\"font-weight: 400;\">Segundo passo: Garantir equidade para todas as pessoas marginalizadas.<\/span><span class=\"ez-toc-section-end\"><\/span><\/h5>\n<\/li>\n<li style=\"font-weight: 400;\" aria-level=\"1\">\n<h5><span class=\"ez-toc-section\" id=\"Terceiro_passo_Diagnostico_e_tratamento_para_criancas\"><\/span><span style=\"font-weight: 400;\">Terceiro passo: Diagn\u00f3stico e tratamento para crian\u00e7as<\/span><span class=\"ez-toc-section-end\"><\/span><\/h5>\n<\/li>\n<\/ul>\n<p><span style=\"font-weight: 400;\">Al\u00e9m disso, para acabar com a AIDS, tamb\u00e9m \u00e9 necess\u00e1rio enfrentar as desigualdades em termos de recursos.<\/span><\/p>\n<p>\n<img loading=\"lazy\" decoding=\"async\" class=\"alignnone wp-image-14008\" src=\"https:\/\/www.rotaseguros.com.br\/planosdesaude\/wp-content\/uploads\/2022\/12\/3-300x75.png\" alt=\"fita aids\" width=\"744\" height=\"186\" srcset=\"https:\/\/www.rotaseguros.com.br\/planosdesaude\/wp-content\/uploads\/2022\/12\/3-300x75.png 300w, https:\/\/www.rotaseguros.com.br\/planosdesaude\/wp-content\/uploads\/2022\/12\/3-1024x256.png 1024w, https:\/\/www.rotaseguros.com.br\/planosdesaude\/wp-content\/uploads\/2022\/12\/3-768x192.png 768w, https:\/\/www.rotaseguros.com.br\/planosdesaude\/wp-content\/uploads\/2022\/12\/3-980x245.png 980w, https:\/\/www.rotaseguros.com.br\/planosdesaude\/wp-content\/uploads\/2022\/12\/3-480x120.png 480w, https:\/\/www.rotaseguros.com.br\/planosdesaude\/wp-content\/uploads\/2022\/12\/3.png 1080w\" sizes=\"auto, (max-width: 744px) 100vw, 744px\" \/><\/p>\n<h2><span class=\"ez-toc-section\" id=\"Faca_sua_parte_no_combate_a_AIDS_Se_cuide\"><\/span><span style=\"font-weight: 400;\"><a id=\"cuide\"><\/a>Fa\u00e7a sua parte no combate \u00e0 AIDS: Se cuide!<\/span><span class=\"ez-toc-section-end\"><\/span><\/h2>\n<p>&nbsp;<\/p>\n<p><span style=\"font-weight: 400;\">O sexo seguro \u00e9 a principal preven\u00e7\u00e3o ao combate \u00e1 AIDS.<\/span><span style=\"font-weight: 400;\"><br \/>\n<\/span><span style=\"font-weight: 400;\">Com isso n\u00e3o se esque\u00e7a de usar sempre o preservativo!<\/span><span style=\"font-weight: 400;\"><\/p>\n<p><\/span><\/p>\n<p><span style=\"font-weight: 400;\">Al\u00e9m disso, manter as vacinas e o acompanhamento com a sa\u00fade em dia tamb\u00e9m \u00e9 primordial! Fa\u00e7a suas consultas e exames de rotina e cuide-se!<\/span><span style=\"font-weight: 400;\"><br \/>\n<\/span><span style=\"font-weight: 400;\"><br \/>\n<\/span><span style=\"font-weight: 400;\">A<\/span><a href=\"http:\/\/rotaseguros.com.br\"><span style=\"font-weight: 400;\"> Rota Seguros<\/span><\/a><span style=\"font-weight: 400;\"> tem os melhores planos de sa\u00fade para voc\u00ea, sua fam\u00edlia e sua empresa, manterem os cuidados em dia!\u00a0<\/span><\/p>\n","protected":false},"excerpt":{"rendered":"<p><span class=\"span-reading-time rt-reading-time\" style=\"display: block;\"><span class=\"rt-label rt-prefix\">Reading Time: <\/span> <span class=\"rt-time\"> 3<\/span> <span class=\"rt-label rt-postfix\">minutes<\/span><\/span>O Dia Mundial do Combate \u00e0 AIDS \u00e9 uma data que traz \u00e0 tona a discuss\u00e3o sobre as evolu\u00e7\u00f5es e, claro, amplia o esfor\u00e7o mundial da luta contra a AIDS.\u00a0 &#8230;<\/p>\n","protected":false},"author":2,"featured_media":14016,"comment_status":"open","ping_status":"open","sticky":false,"template":"","format":"standard","meta":{"_monsterinsights_skip_tracking":false,"_monsterinsights_sitenote_active":false,"_monsterinsights_sitenote_note":"","_monsterinsights_sitenote_category":0,"footnotes":"","_links_to":"","_links_to_target":""},"categories":[6],"tags":[1393,1391,1392,1394],"class_list":["post-14005","post","type-post","status-publish","format-standard","has-post-thumbnail","hentry","category-dicas","tag-aids","tag-dia-mundial-combate-a-aids","tag-hiv","tag-sexo-seguro"],"_links":{"self":[{"href":"https:\/\/www.rotaseguros.com.br\/planosdesaude\/wp-json\/wp\/v2\/posts\/14005","targetHints":{"allow":["GET"]}}],"collection":[{"href":"https:\/\/www.rotaseguros.com.br\/planosdesaude\/wp-json\/wp\/v2\/posts"}],"about":[{"href":"https:\/\/www.rotaseguros.com.br\/planosdesaude\/wp-json\/wp\/v2\/types\/post"}],"author":[{"embeddable":true,"href":"https:\/\/www.rotaseguros.com.br\/planosdesaude\/wp-json\/wp\/v2\/users\/2"}],"replies":[{"embeddable":true,"href":"https:\/\/www.rotaseguros.com.br\/planosdesaude\/wp-json\/wp\/v2\/comments?post=14005"}],"version-history":[{"count":0,"href":"https:\/\/www.rotaseguros.com.br\/planosdesaude\/wp-json\/wp\/v2\/posts\/14005\/revisions"}],"wp:featuredmedia":[{"embeddable":true,"href":"https:\/\/www.rotaseguros.com.br\/planosdesaude\/wp-json\/wp\/v2\/media\/14016"}],"wp:attachment":[{"href":"https:\/\/www.rotaseguros.com.br\/planosdesaude\/wp-json\/wp\/v2\/media?parent=14005"}],"wp:term":[{"taxonomy":"category","embeddable":true,"href":"https:\/\/www.rotaseguros.com.br\/planosdesaude\/wp-json\/wp\/v2\/categories?post=14005"},{"taxonomy":"post_tag","embeddable":true,"href":"https:\/\/www.rotaseguros.com.br\/planosdesaude\/wp-json\/wp\/v2\/tags?post=14005"}],"curies":[{"name":"wp","href":"https:\/\/api.w.org\/{rel}","templated":true}]}}