{"id":14086,"date":"2022-12-26T18:18:36","date_gmt":"2022-12-26T20:18:36","guid":{"rendered":"https:\/\/www.rotaseguros.com.br\/planosdesaude\/?p=14086"},"modified":"2023-03-17T11:03:59","modified_gmt":"2023-03-17T13:03:59","slug":"cancer-de-pele-um-alerta-para-o-verao","status":"publish","type":"post","link":"https:\/\/www.rotaseguros.com.br\/planosdesaude\/cancer-de-pele-um-alerta-para-o-verao\/","title":{"rendered":"C\u00e2ncer de pele &#8211; um alerta para o ver\u00e3o"},"content":{"rendered":"<span class=\"span-reading-time rt-reading-time\" style=\"display: block;\"><span class=\"rt-label rt-prefix\">Reading Time: <\/span> <span class=\"rt-time\"> 4<\/span> <span class=\"rt-label rt-postfix\">minutes<\/span><\/span><p><span style=\"font-weight: 400;\">O maior \u00f3rg\u00e3o do corpo humano: a pele. \u00c9 grande (literalmente grande!) respons\u00e1vel por proteger o nosso corpo contra calor, luz e infec\u00e7\u00f5es, al\u00e9m de regular a sua temperatura atrav\u00e9s da reserva de \u00e1gua, <a href=\"https:\/\/www.rotaseguros.com.br\/planosdesaude\/conheca-a-importancia-da-vitamina-d-como-manter-o-seu-corpo-saudavel\/\">vitamina D<\/a> e gordura.<\/span><\/p><div id=\"ez-toc-container\" class=\"ez-toc-v2_0_82_2 counter-flat ez-toc-counter ez-toc-grey ez-toc-container-direction\">\n<div class=\"ez-toc-title-container\">\n<p class=\"ez-toc-title\" style=\"cursor:inherit\">Aqui voc\u00ea encontra:<\/p>\n<span class=\"ez-toc-title-toggle\"><a href=\"#\" class=\"ez-toc-pull-right ez-toc-btn ez-toc-btn-xs ez-toc-btn-default ez-toc-toggle\" aria-label=\"Alternar tabela de conte\u00fado\"><span class=\"ez-toc-js-icon-con\"><span class=\"\"><span class=\"eztoc-hide\" style=\"display:none;\">Toggle<\/span><span class=\"ez-toc-icon-toggle-span\"><svg style=\"fill: #999;color:#999\" xmlns=\"http:\/\/www.w3.org\/2000\/svg\" class=\"list-377408\" width=\"20px\" height=\"20px\" viewBox=\"0 0 24 24\" fill=\"none\"><path d=\"M6 6H4v2h2V6zm14 0H8v2h12V6zM4 11h2v2H4v-2zm16 0H8v2h12v-2zM4 16h2v2H4v-2zm16 0H8v2h12v-2z\" fill=\"currentColor\"><\/path><\/svg><svg style=\"fill: #999;color:#999\" class=\"arrow-unsorted-368013\" xmlns=\"http:\/\/www.w3.org\/2000\/svg\" width=\"10px\" height=\"10px\" viewBox=\"0 0 24 24\" version=\"1.2\" baseProfile=\"tiny\"><path d=\"M18.2 9.3l-6.2-6.3-6.2 6.3c-.2.2-.3.4-.3.7s.1.5.3.7c.2.2.4.3.7.3h11c.3 0 .5-.1.7-.3.2-.2.3-.5.3-.7s-.1-.5-.3-.7zM5.8 14.7l6.2 6.3 6.2-6.3c.2-.2.3-.5.3-.7s-.1-.5-.3-.7c-.2-.2-.4-.3-.7-.3h-11c-.3 0-.5.1-.7.3-.2.2-.3.5-.3.7s.1.5.3.7z\"\/><\/svg><\/span><\/span><\/span><\/a><\/span><\/div>\n<nav><ul class='ez-toc-list ez-toc-list-level-1 ' ><li class='ez-toc-page-1'><a class=\"ez-toc-link ez-toc-heading-1\" href=\"https:\/\/www.rotaseguros.com.br\/planosdesaude\/cancer-de-pele-um-alerta-para-o-verao\/#O_que_e_o_Cancer_de_Pele\" >O que \u00e9 o C\u00e2ncer de Pele?<\/a><\/li><li class='ez-toc-page-1'><a class=\"ez-toc-link ez-toc-heading-2\" href=\"https:\/\/www.rotaseguros.com.br\/planosdesaude\/cancer-de-pele-um-alerta-para-o-verao\/#Quais_os_tipos_de_Cancer_de_Pele\" >Quais os tipos de C\u00e2ncer de Pele\u00a0<\/a><\/li><li class='ez-toc-page-1'><a class=\"ez-toc-link ez-toc-heading-3\" href=\"https:\/\/www.rotaseguros.com.br\/planosdesaude\/cancer-de-pele-um-alerta-para-o-verao\/#CARCINOMA_BASOCELULAR_CBC\" >CARCINOMA BASOCELULAR (CBC)\u00a0<\/a><\/li><li class='ez-toc-page-1'><a class=\"ez-toc-link ez-toc-heading-4\" href=\"https:\/\/www.rotaseguros.com.br\/planosdesaude\/cancer-de-pele-um-alerta-para-o-verao\/#Cancer_de_pele_tem_sintomas\" >C\u00e2ncer de pele tem sintomas?\u00a0<\/a><\/li><li class='ez-toc-page-1'><a class=\"ez-toc-link ez-toc-heading-5\" href=\"https:\/\/www.rotaseguros.com.br\/planosdesaude\/cancer-de-pele-um-alerta-para-o-verao\/#Qual_o_tratamento_do_cancer_de_pele\" >Qual o tratamento do c\u00e2ncer de pele?\u00a0<\/a><\/li><li class='ez-toc-page-1'><a class=\"ez-toc-link ez-toc-heading-6\" href=\"https:\/\/www.rotaseguros.com.br\/planosdesaude\/cancer-de-pele-um-alerta-para-o-verao\/#Cancer_de_pele_um_cuidado_diario\" >C\u00e2ncer de pele, um cuidado di\u00e1rio!<\/a><\/li><li class='ez-toc-page-1'><a class=\"ez-toc-link ez-toc-heading-7\" href=\"https:\/\/www.rotaseguros.com.br\/planosdesaude\/cancer-de-pele-um-alerta-para-o-verao\/#Na_Rota_da_saude\" >Na Rota da sa\u00fade!<\/a><\/li><\/ul><\/nav><\/div>\n\n<p><span style=\"font-weight: 400;\">Contudo, esse \u00f3rg\u00e3o t\u00e3o importante para a nossa sobreviv\u00eancia, nem sempre tem os devidos cuidados e acaba v\u00edtima do C\u00e2ncer de Pele.<\/span><span style=\"font-weight: 400;\"><br \/>\n<\/span><span style=\"font-weight: 400;\">Se voc\u00ea, como tantos outros, teme essa doen\u00e7a e quer entender um pouco mais sobre, esse artigo ser\u00e1 bem \u00fatil!\u00a0<\/span><\/p>\n<p><img loading=\"lazy\" decoding=\"async\" class=\"alignnone  wp-image-14091\" src=\"https:\/\/www.rotaseguros.com.br\/planosdesaude\/wp-content\/uploads\/2022\/12\/CANCER-DE-PELE-7-300x75.png\" alt=\"TONS DE PELE MULHER CANCER DE PELE\" width=\"784\" height=\"196\" srcset=\"https:\/\/www.rotaseguros.com.br\/planosdesaude\/wp-content\/uploads\/2022\/12\/CANCER-DE-PELE-7-300x75.png 300w, https:\/\/www.rotaseguros.com.br\/planosdesaude\/wp-content\/uploads\/2022\/12\/CANCER-DE-PELE-7-1024x256.png 1024w, https:\/\/www.rotaseguros.com.br\/planosdesaude\/wp-content\/uploads\/2022\/12\/CANCER-DE-PELE-7-768x192.png 768w, https:\/\/www.rotaseguros.com.br\/planosdesaude\/wp-content\/uploads\/2022\/12\/CANCER-DE-PELE-7-980x245.png 980w, https:\/\/www.rotaseguros.com.br\/planosdesaude\/wp-content\/uploads\/2022\/12\/CANCER-DE-PELE-7-480x120.png 480w, https:\/\/www.rotaseguros.com.br\/planosdesaude\/wp-content\/uploads\/2022\/12\/CANCER-DE-PELE-7.png 1080w\" sizes=\"auto, (max-width: 784px) 100vw, 784px\" \/><\/p>\n<h1><span class=\"ez-toc-section\" id=\"O_que_e_o_Cancer_de_Pele\"><\/span><span style=\"font-weight: 400;\"><a id=\"cancer\"><\/a>O que \u00e9 o C\u00e2ncer de Pele?<\/span><span class=\"ez-toc-section-end\"><\/span><\/h1>\n<p>&nbsp;<\/p>\n<p><span style=\"font-weight: 400;\">Em s\u00edntese, o c\u00e2ncer de pele \u00e9 o crescimento desordenado de c\u00e9lulas anormais na\u00a0 epiderme, camada mais superficial, e na derme, a camada intermedi\u00e1ria da pele.<\/span><span style=\"font-weight: 400;\"><br \/>\n<\/span><span style=\"font-weight: 400;\">\u00a0<\/span><\/p>\n<p><span style=\"font-weight: 400;\">Dessa maneira, os tumores t\u00eam origem a partir de muta\u00e7\u00f5es que fazem com que as c\u00e9lulas da pele se multipliquem r\u00e1pida e desordenadamente.\u00a0<br \/>\n<\/span><span style=\"font-weight: 400;\">O c\u00e2ncer de pele ( todos os tipos) \u00e9 o mais frequente no Brasil e, em mulheres, o c\u00e2ncer de mama fica em segundo lugar.\u00a0\u00a0\u00a0<\/span><\/p>\n<p>\n<img loading=\"lazy\" decoding=\"async\" class=\"alignnone  wp-image-14092\" src=\"https:\/\/www.rotaseguros.com.br\/planosdesaude\/wp-content\/uploads\/2022\/12\/CANCER-DE-PELE-1-300x75.png\" alt=\"PNTAS E CANCER DE PELE\" width=\"772\" height=\"193\" srcset=\"https:\/\/www.rotaseguros.com.br\/planosdesaude\/wp-content\/uploads\/2022\/12\/CANCER-DE-PELE-1-300x75.png 300w, https:\/\/www.rotaseguros.com.br\/planosdesaude\/wp-content\/uploads\/2022\/12\/CANCER-DE-PELE-1-1024x256.png 1024w, https:\/\/www.rotaseguros.com.br\/planosdesaude\/wp-content\/uploads\/2022\/12\/CANCER-DE-PELE-1-768x192.png 768w, https:\/\/www.rotaseguros.com.br\/planosdesaude\/wp-content\/uploads\/2022\/12\/CANCER-DE-PELE-1-980x245.png 980w, https:\/\/www.rotaseguros.com.br\/planosdesaude\/wp-content\/uploads\/2022\/12\/CANCER-DE-PELE-1-480x120.png 480w, https:\/\/www.rotaseguros.com.br\/planosdesaude\/wp-content\/uploads\/2022\/12\/CANCER-DE-PELE-1.png 1080w\" sizes=\"auto, (max-width: 772px) 100vw, 772px\" \/><\/p>\n<h2><span class=\"ez-toc-section\" id=\"Quais_os_tipos_de_Cancer_de_Pele\"><\/span><span style=\"font-weight: 400;\"><a id=\"tipos\"><\/a>Quais os tipos de C\u00e2ncer de Pele\u00a0<\/span><span class=\"ez-toc-section-end\"><\/span><\/h2>\n<p><span style=\"font-weight: 400;\">Com isso, existem tr\u00eas principais tipos de c\u00e2ncer de pele: Carcinoma basocelular (CBC), Carcinoma espinocelular (CEC) e Melanoma.\u00a0<\/span><\/p>\n<h3><span class=\"ez-toc-section\" id=\"CARCINOMA_BASOCELULAR_CBC\"><\/span><span style=\"font-size: 16px;\"><b>CARCINOMA BASOCELULAR (CBC)\u00a0<\/b><\/span><span class=\"ez-toc-section-end\"><\/span><\/h3>\n<p><span style=\"font-weight: 400;\">Esse \u00e9 o tipo de c\u00e2ncer de pele mais comum. Come\u00e7a nas c\u00e9lulas basais, que produzem novas c\u00e9lulas da pele conforme as antigas morrem.\u00a0<\/span><\/p>\n<p><span style=\"font-weight: 400;\">Dessa forma, \u00e9 reconhecido por seus n\u00f3dulos de cera brancos ou manchas escamosas marrons em \u00e1reas que est\u00e3o expostas ao sol.\u00a0<\/span><\/p>\n<p><span style=\"font-size: 16px;\"><span style=\"font-weight: 400;\">\u00a0<\/span><b>CARCINOMA ESPINOCELULAR (CEC)\u00a0<\/b><\/span><\/p>\n<p><span style=\"font-weight: 400;\">Segundo tipo de c\u00e2ncer de pele mais comum.<\/span><span style=\"font-weight: 400;\"><br \/>\n<\/span><span style=\"font-weight: 400;\">Com isso, geralmente tem sua origem nas c\u00e9lulas escamosas que est\u00e3o presentes na epiderme (camada mais superficial da pele).\u00a0<\/span><\/p>\n<p><span style=\"font-weight: 400;\">Como resultado, s\u00e3o desenvolvidas nas \u00e1reas da pele mais expostas ao sol, como a cabe\u00e7a, bra\u00e7os ou\u00a0<\/span><span style=\"font-weight: 400;\">pernas. No\u00a0entanto, tamb\u00e9m\u00a0 podem se desenvolver em \u00e1reas como a regi\u00e3o genital ou \u00e2nus.<\/span><\/p>\n<p><span style=\"font-weight: 400;\">\u00a0<\/span><span style=\"font-size: 16px;\"><b>MELANOMA\u00a0<\/b><\/span><\/p>\n<p><span style=\"font-weight: 400;\">Por \u00faltimo, o melanoma \u00e9 o tipo mais raro de c\u00e2ncer de pele e tem origem nas c\u00e9lulas produtoras de melanina, subst\u00e2ncia que determina a cor da pele (melan\u00f3citos).<\/span><span style=\"font-weight: 400;\">Pode surgir em qualquer \u00e1rea do corpo humano.\u00a0<\/span><\/p>\n<p><span style=\"font-weight: 400;\">Dessa forma, todos os tr\u00eas s\u00e3o mais frequentes a partir dos 50-60 anos, por\u00e9m podem surgir em qualquer idade, em especial se existir algum fator gen\u00e9tico envolvido.\u00a0<\/span><\/p>\n<p><img loading=\"lazy\" decoding=\"async\" class=\"alignnone wp-image-14090\" src=\"https:\/\/www.rotaseguros.com.br\/planosdesaude\/wp-content\/uploads\/2022\/12\/CANCER-DE-PELE-6-300x75.png\" alt=\"PELE DESCASCANDO \" width=\"792\" height=\"198\" srcset=\"https:\/\/www.rotaseguros.com.br\/planosdesaude\/wp-content\/uploads\/2022\/12\/CANCER-DE-PELE-6-300x75.png 300w, https:\/\/www.rotaseguros.com.br\/planosdesaude\/wp-content\/uploads\/2022\/12\/CANCER-DE-PELE-6-1024x256.png 1024w, https:\/\/www.rotaseguros.com.br\/planosdesaude\/wp-content\/uploads\/2022\/12\/CANCER-DE-PELE-6-768x192.png 768w, https:\/\/www.rotaseguros.com.br\/planosdesaude\/wp-content\/uploads\/2022\/12\/CANCER-DE-PELE-6-980x245.png 980w, https:\/\/www.rotaseguros.com.br\/planosdesaude\/wp-content\/uploads\/2022\/12\/CANCER-DE-PELE-6-480x120.png 480w, https:\/\/www.rotaseguros.com.br\/planosdesaude\/wp-content\/uploads\/2022\/12\/CANCER-DE-PELE-6.png 1080w\" sizes=\"auto, (max-width: 792px) 100vw, 792px\" \/><\/p>\n<h2><span class=\"ez-toc-section\" id=\"Cancer_de_pele_tem_sintomas\"><\/span><span style=\"font-weight: 400;\"><a id=\"sintomas\"><\/a>C\u00e2ncer de pele tem sintomas?\u00a0<\/span><span class=\"ez-toc-section-end\"><\/span><\/h2>\n<p><span style=\"font-weight: 400;\">Com sintomas que podem variar conforme o tipo e est\u00e1gio, o c\u00e2ncer de pele tem v\u00e1rios ind\u00edcios vis\u00edveis que facilitam a sua identifica\u00e7\u00e3o, confira alguns dos sintomas do c\u00e2ncer de pele:\u00a0<\/span><\/p>\n<ul>\n<li style=\"font-weight: 400;\" aria-level=\"1\"><span style=\"font-weight: 400;\">Les\u00e3o na pele de apar\u00eancia elevada e brilhante, transl\u00facida, avermelhada, castanha, r\u00f3sea ou multicolorida, com crosta central que sangra facilmente.<\/span><\/li>\n<li style=\"font-weight: 400;\" aria-level=\"1\"><span style=\"font-weight: 400;\">Pinta preta ou castanha que muda de cor, textura, torna-se irregular nas bordas e cresce de tamanho.<\/span><\/li>\n<li style=\"font-weight: 400;\" aria-level=\"1\"><span style=\"font-weight: 400;\">Mancha ou ferida que n\u00e3o cicatriza e continua a crescer, apresentando coceira, crostas, eros\u00f5es ou sangramento.<\/span><\/li>\n<li style=\"font-weight: 400;\" aria-level=\"1\"><span style=\"font-weight: 400;\">N\u00f3dulos na pele.<\/span><\/li>\n<li style=\"font-weight: 400;\" aria-level=\"1\"><span style=\"font-weight: 400;\">Incha\u00e7o nos g\u00e2nglios linf\u00e1ticos.<\/span><\/li>\n<li style=\"font-weight: 400;\" aria-level=\"1\"><span style=\"font-weight: 400;\">Falta de ar ou tosse.<\/span><\/li>\n<li style=\"font-weight: 400;\" aria-level=\"1\"><span style=\"font-weight: 400;\">Dores abdominais e de cabe\u00e7a.<\/span><\/li>\n<\/ul>\n<p><img loading=\"lazy\" decoding=\"async\" class=\"alignnone wp-image-14093\" src=\"https:\/\/www.rotaseguros.com.br\/planosdesaude\/wp-content\/uploads\/2022\/12\/CANCER-DE-PELE-2-300x75.png\" alt=\"PELE QUEIMADA\" width=\"760\" height=\"190\" srcset=\"https:\/\/www.rotaseguros.com.br\/planosdesaude\/wp-content\/uploads\/2022\/12\/CANCER-DE-PELE-2-300x75.png 300w, https:\/\/www.rotaseguros.com.br\/planosdesaude\/wp-content\/uploads\/2022\/12\/CANCER-DE-PELE-2-1024x256.png 1024w, https:\/\/www.rotaseguros.com.br\/planosdesaude\/wp-content\/uploads\/2022\/12\/CANCER-DE-PELE-2-768x192.png 768w, https:\/\/www.rotaseguros.com.br\/planosdesaude\/wp-content\/uploads\/2022\/12\/CANCER-DE-PELE-2-980x245.png 980w, https:\/\/www.rotaseguros.com.br\/planosdesaude\/wp-content\/uploads\/2022\/12\/CANCER-DE-PELE-2-480x120.png 480w, https:\/\/www.rotaseguros.com.br\/planosdesaude\/wp-content\/uploads\/2022\/12\/CANCER-DE-PELE-2.png 1080w\" sizes=\"auto, (max-width: 760px) 100vw, 760px\" \/><\/p>\n<h2><span class=\"ez-toc-section\" id=\"Qual_o_tratamento_do_cancer_de_pele\"><\/span><span style=\"font-weight: 400;\"><a id=\"tratamento\"><\/a>Qual o tratamento do c\u00e2ncer de pele?\u00a0<\/span><span class=\"ez-toc-section-end\"><\/span><\/h2>\n<p>&nbsp;<\/p>\n<p><span style=\"font-weight: 400;\">Felizmente, a maioria dos c\u00e2nceres de pele s\u00e3o diagnosticados no in\u00edcio e o principal tratamento consiste em cirurgia para retirada de les\u00e3o ou pinta. <\/span><span style=\"font-weight: 400;\"><br \/>\n<\/span><span style=\"font-weight: 400;\">Contudo, em alguns casos, especialmente o melanoma, al\u00e9m da cirurgia da pr\u00f3pria les\u00e3o, pode ser indicado a retirada de alguns g\u00e2nglios (linfonodos) pr\u00f3ximos \u00e0 les\u00e3o.\u00a0<\/span><\/p>\n<p><span style=\"font-weight: 400;\">Entretanto, nos casos em que a cirurgia n\u00e3o \u00e9 poss\u00edvel por diversos motivos, como les\u00f5es muito grandes, cirurgias de risco, ou, at\u00e9 mesmo, quando ap\u00f3s cirurgia ainda existe tumor residual, pode ser utilizada a radioterapia para aux\u00edlio do tratamento.\u00a0<\/span><\/p>\n<p><span style=\"font-weight: 400;\">J\u00e1 quando o tumor n\u00e3o \u00e9 mais localizado e apresenta met\u00e1stases, existem tratamentos com quimioterapia e imunoterapia, a depender do tipo de c\u00e2ncer de pele.\u00a0<\/span><\/p>\n<p><img loading=\"lazy\" decoding=\"async\" class=\"alignnone wp-image-14088\" src=\"https:\/\/www.rotaseguros.com.br\/planosdesaude\/wp-content\/uploads\/2022\/12\/CANCER-DE-PELE-4-300x75.png\" alt=\"MEDICO \" width=\"756\" height=\"189\" srcset=\"https:\/\/www.rotaseguros.com.br\/planosdesaude\/wp-content\/uploads\/2022\/12\/CANCER-DE-PELE-4-300x75.png 300w, https:\/\/www.rotaseguros.com.br\/planosdesaude\/wp-content\/uploads\/2022\/12\/CANCER-DE-PELE-4-1024x256.png 1024w, https:\/\/www.rotaseguros.com.br\/planosdesaude\/wp-content\/uploads\/2022\/12\/CANCER-DE-PELE-4-768x192.png 768w, https:\/\/www.rotaseguros.com.br\/planosdesaude\/wp-content\/uploads\/2022\/12\/CANCER-DE-PELE-4-980x245.png 980w, https:\/\/www.rotaseguros.com.br\/planosdesaude\/wp-content\/uploads\/2022\/12\/CANCER-DE-PELE-4-480x120.png 480w, https:\/\/www.rotaseguros.com.br\/planosdesaude\/wp-content\/uploads\/2022\/12\/CANCER-DE-PELE-4.png 1080w\" sizes=\"auto, (max-width: 756px) 100vw, 756px\" \/><\/p>\n<h2><span class=\"ez-toc-section\" id=\"Cancer_de_pele_um_cuidado_diario\"><\/span><span style=\"font-weight: 400;\"><a id=\"cuidado\"><\/a>C\u00e2ncer de pele, um cuidado di\u00e1rio!<\/span><span class=\"ez-toc-section-end\"><\/span><\/h2>\n<p><span style=\"font-weight: 400;\">A preven\u00e7\u00e3o \u00e9 a melhor medida a ser tomada contra o c\u00e2ncer de pele.<\/span><span style=\"font-weight: 400;\"><br \/>\n<\/span><span style=\"font-weight: 400;\">Assim com simples cuidados di\u00e1rios como, por exemplo, evitar exposi\u00e7\u00e3o solar, desde a inf\u00e2ncia. <\/span><span style=\"font-weight: 400;\"><br \/>\n<\/span><span style=\"font-weight: 400;\"><br \/>\n<\/span><span style=\"font-weight: 400;\">Entretanto \u00e9 importante lembrar que a exposi\u00e7\u00e3o controlada ao sol \u00e9 necess\u00e1ria para manter a vitamina D dentro de n\u00edveis adequados, mas nunca deve ser feita sem o uso de protetor solar, chap\u00e9us, bon\u00e9s e \u00f3culos de sol.\u00a0<\/span><\/p>\n<p><span style=\"font-weight: 400;\">Contudo, como j\u00e1 foi dito, o c\u00e2ncer de pele \u00e9\u00a0 vis\u00edvel e f\u00e1cil de ser observado, assim \u00e9 fundamental visitar o seu m\u00e9dico dermatologista pelo menos uma vez ao ano ou a qualquer sinal de alerta para um exame completo da sua pele.\u00a0 Esses cuidados simples diminuem os riscos do desenvolvimento da doen\u00e7a e prolongam a sua vida.<\/span><\/p>\n<p>&nbsp;<\/p>\n<h2><span class=\"ez-toc-section\" id=\"Na_Rota_da_saude\"><\/span><span style=\"font-weight: 400;\"><a id=\"rota\"><\/a>Na Rota da sa\u00fade!<\/span><span class=\"ez-toc-section-end\"><\/span><\/h2>\n<p>&nbsp;<\/p>\n<p><span style=\"font-weight: 400;\">Em conclus\u00e3o, a preven\u00e7\u00e3o \u00e9 a melhor escolha para evitar o c\u00e2ncer de pele, e parte importante dos cuidados \u00e9 ter um bom e constante acompanhamento m\u00e9dico!\u00a0<\/span><\/p>\n<p><span style=\"font-weight: 400;\">Dessa maneira, aqui na <a href=\"http:\/\/rotaseguros.com.br\">Rota Seguros<\/a> voc\u00ea conta com as melhores op\u00e7\u00f5es de plano de sa\u00fade e\u00a0 para voc\u00ea e sua fam\u00edlia!<\/span><span style=\"font-weight: 400;\"><br \/>\n<\/span><span style=\"font-weight: 400;\">Converse com um de nossos consultores e descubra qual plano se encaixa melhor no seu perfil!\u00a0<\/span><\/p>\n<p>Entre em contato com a Rota Seguros mais pr\u00f3xima de voc\u00ea:<\/p>\n<p>Grande BH \u2013 (31) 3279-8000<br \/>\nBom Despacho -(37) 99127-0087<br \/>\nColatina\/ES &#8211; (27) 3121-9393<br \/>\nDivin\u00f3polis \u2013 (37) 3511-3030<br \/>\nLondrina\/PR &#8211; (43) 99181-8100<br \/>\nMontes Claros \u2013 (38) 3216-8249<br \/>\nNova Serrana \u2013 (37) 3228-3131<br \/>\nPatos de Minas \u2013 (34) 3820-8080<br \/>\nPo\u00e7os de Caldas \u2013 (35) 3713-2531<br \/>\nPouso Alegre \u2013 (35) 3646-3334<br \/>\nUberl\u00e2ndia &#8211; (34) 3291-9300<br \/>\nVarginha &#8211; (35) 3113-0351 <br \/>\nVit\u00f3ria\/ES \u2013 (27) 2233-302<br \/>\nDemais Regi\u00f5es \u2013 0800 024 2424<\/p>\n<p>&nbsp;<\/p>\n","protected":false},"excerpt":{"rendered":"<p><span class=\"span-reading-time rt-reading-time\" style=\"display: block;\"><span class=\"rt-label rt-prefix\">Reading Time: <\/span> <span class=\"rt-time\"> 4<\/span> <span class=\"rt-label rt-postfix\">minutes<\/span><\/span>O maior \u00f3rg\u00e3o do corpo humano: a pele. \u00c9 grande (literalmente grande!) respons\u00e1vel por proteger o nosso corpo contra calor, luz e infec\u00e7\u00f5es, al\u00e9m de regular a sua temperatura atrav\u00e9s &#8230;<\/p>\n","protected":false},"author":2,"featured_media":14094,"comment_status":"open","ping_status":"open","sticky":false,"template":"","format":"standard","meta":{"_monsterinsights_skip_tracking":false,"_monsterinsights_sitenote_active":false,"_monsterinsights_sitenote_note":"","_monsterinsights_sitenote_category":0,"footnotes":"","_links_to":"","_links_to_target":""},"categories":[1005],"tags":[111,1025,1403],"class_list":["post-14086","post","type-post","status-publish","format-standard","has-post-thumbnail","hentry","category-saude","tag-cancer","tag-cancer-de-pele","tag-melanoma"],"_links":{"self":[{"href":"https:\/\/www.rotaseguros.com.br\/planosdesaude\/wp-json\/wp\/v2\/posts\/14086","targetHints":{"allow":["GET"]}}],"collection":[{"href":"https:\/\/www.rotaseguros.com.br\/planosdesaude\/wp-json\/wp\/v2\/posts"}],"about":[{"href":"https:\/\/www.rotaseguros.com.br\/planosdesaude\/wp-json\/wp\/v2\/types\/post"}],"author":[{"embeddable":true,"href":"https:\/\/www.rotaseguros.com.br\/planosdesaude\/wp-json\/wp\/v2\/users\/2"}],"replies":[{"embeddable":true,"href":"https:\/\/www.rotaseguros.com.br\/planosdesaude\/wp-json\/wp\/v2\/comments?post=14086"}],"version-history":[{"count":0,"href":"https:\/\/www.rotaseguros.com.br\/planosdesaude\/wp-json\/wp\/v2\/posts\/14086\/revisions"}],"wp:featuredmedia":[{"embeddable":true,"href":"https:\/\/www.rotaseguros.com.br\/planosdesaude\/wp-json\/wp\/v2\/media\/14094"}],"wp:attachment":[{"href":"https:\/\/www.rotaseguros.com.br\/planosdesaude\/wp-json\/wp\/v2\/media?parent=14086"}],"wp:term":[{"taxonomy":"category","embeddable":true,"href":"https:\/\/www.rotaseguros.com.br\/planosdesaude\/wp-json\/wp\/v2\/categories?post=14086"},{"taxonomy":"post_tag","embeddable":true,"href":"https:\/\/www.rotaseguros.com.br\/planosdesaude\/wp-json\/wp\/v2\/tags?post=14086"}],"curies":[{"name":"wp","href":"https:\/\/api.w.org\/{rel}","templated":true}]}}