{"id":14112,"date":"2023-01-10T12:57:58","date_gmt":"2023-01-10T14:57:58","guid":{"rendered":"https:\/\/www.rotaseguros.com.br\/planosdesaude\/?p=14112"},"modified":"2023-03-17T11:16:00","modified_gmt":"2023-03-17T13:16:00","slug":"lupus-a-doenca-que-tirou-selena-gomez-e-lady-gaga-dos-palcos","status":"publish","type":"post","link":"https:\/\/www.rotaseguros.com.br\/planosdesaude\/lupus-a-doenca-que-tirou-selena-gomez-e-lady-gaga-dos-palcos\/","title":{"rendered":"L\u00fapus: a doen\u00e7a que tirou Selena Gomez e Lady Gaga dos palcos"},"content":{"rendered":"<span class=\"span-reading-time rt-reading-time\" style=\"display: block;\"><span class=\"rt-label rt-prefix\">Reading Time: <\/span> <span class=\"rt-time\"> 3<\/span> <span class=\"rt-label rt-postfix\">minutes<\/span><\/span><p><span style=\"font-weight: 400;\">No Brasil, cerca de 65 mil pessoas sofrem com dores fortes causadas pelo <\/span><b>l\u00fapus<\/b><span style=\"font-weight: 400;\">. O crescimento da doen\u00e7a preocupa, tanto que a <\/span><span style=\"font-weight: 400;\">Sociedade Brasileira de Reumatologia (SBR) avalia esse aumento como preocupante e deixa claro que a maioria dos casos ocorrem em mulheres.<\/span><\/p><div id=\"ez-toc-container\" class=\"ez-toc-v2_0_82_2 counter-flat ez-toc-counter ez-toc-grey ez-toc-container-direction\">\n<div class=\"ez-toc-title-container\">\n<p class=\"ez-toc-title\" style=\"cursor:inherit\">Aqui voc\u00ea encontra:<\/p>\n<span class=\"ez-toc-title-toggle\"><a href=\"#\" class=\"ez-toc-pull-right ez-toc-btn ez-toc-btn-xs ez-toc-btn-default ez-toc-toggle\" aria-label=\"Alternar tabela de conte\u00fado\"><span class=\"ez-toc-js-icon-con\"><span class=\"\"><span class=\"eztoc-hide\" style=\"display:none;\">Toggle<\/span><span class=\"ez-toc-icon-toggle-span\"><svg style=\"fill: #999;color:#999\" xmlns=\"http:\/\/www.w3.org\/2000\/svg\" class=\"list-377408\" width=\"20px\" height=\"20px\" viewBox=\"0 0 24 24\" fill=\"none\"><path d=\"M6 6H4v2h2V6zm14 0H8v2h12V6zM4 11h2v2H4v-2zm16 0H8v2h12v-2zM4 16h2v2H4v-2zm16 0H8v2h12v-2z\" fill=\"currentColor\"><\/path><\/svg><svg style=\"fill: #999;color:#999\" class=\"arrow-unsorted-368013\" xmlns=\"http:\/\/www.w3.org\/2000\/svg\" width=\"10px\" height=\"10px\" viewBox=\"0 0 24 24\" version=\"1.2\" baseProfile=\"tiny\"><path d=\"M18.2 9.3l-6.2-6.3-6.2 6.3c-.2.2-.3.4-.3.7s.1.5.3.7c.2.2.4.3.7.3h11c.3 0 .5-.1.7-.3.2-.2.3-.5.3-.7s-.1-.5-.3-.7zM5.8 14.7l6.2 6.3 6.2-6.3c.2-.2.3-.5.3-.7s-.1-.5-.3-.7c-.2-.2-.4-.3-.7-.3h-11c-.3 0-.5.1-.7.3-.2.2-.3.5-.3.7s.1.5.3.7z\"\/><\/svg><\/span><\/span><\/span><\/a><\/span><\/div>\n<nav><ul class='ez-toc-list ez-toc-list-level-1 ' ><li class='ez-toc-page-1'><a class=\"ez-toc-link ez-toc-heading-1\" href=\"https:\/\/www.rotaseguros.com.br\/planosdesaude\/lupus-a-doenca-que-tirou-selena-gomez-e-lady-gaga-dos-palcos\/#Selena_Gomez_e_os_sintomas_do_lupus\" >Selena Gomez e os sintomas do l\u00fapus<\/a><\/li><li class='ez-toc-page-1'><a class=\"ez-toc-link ez-toc-heading-2\" href=\"https:\/\/www.rotaseguros.com.br\/planosdesaude\/lupus-a-doenca-que-tirou-selena-gomez-e-lady-gaga-dos-palcos\/#A_batalha_da_estrela_contra_o_lupus\" >A batalha da estrela contra o l\u00fapus\u00a0<\/a><\/li><li class='ez-toc-page-1'><a class=\"ez-toc-link ez-toc-heading-3\" href=\"https:\/\/www.rotaseguros.com.br\/planosdesaude\/lupus-a-doenca-que-tirou-selena-gomez-e-lady-gaga-dos-palcos\/#Lady_Gaga_e_as_dores_do_lupus\" >Lady Gaga e as dores do l\u00fapus\u00a0<\/a><\/li><li class='ez-toc-page-1'><a class=\"ez-toc-link ez-toc-heading-4\" href=\"https:\/\/www.rotaseguros.com.br\/planosdesaude\/lupus-a-doenca-que-tirou-selena-gomez-e-lady-gaga-dos-palcos\/#O_cuidado_com_a_saude_com_prevencao\" >O cuidado com a sa\u00fade com preven\u00e7\u00e3o<\/a><\/li><\/ul><\/nav><\/div>\n\n<p><span style=\"font-weight: 400;\">A <\/span><span style=\"font-weight: 400;\">doen\u00e7a \u00e9 inflamat\u00f3ria <\/span><span style=\"font-weight: 400;\">e leva a necessidade de interna\u00e7\u00e3o hospitalar. Conhecida cientificamente como L\u00fapus Eritematoso Sist\u00eamico, a enfermidade \u00e9 popularmente conhecida como<\/span><b> l\u00fapus<\/b><span style=\"font-weight: 400;\"> e os sintomas podem ter diferen\u00e7as em cada organismo.<\/span><\/p>\n<p><span style=\"font-weight: 400;\">Dessa forma, ela age diretamente no sistema imunol\u00f3gico com altera\u00e7\u00f5es no organismo que podem ser extremas. Apesar da manifesta\u00e7\u00e3o ocorrer de forma diferente em cada pessoa, \u00e9 muito comum entre os paciente os seguintes sintomas: <\/span><span style=\"font-weight: 400;\">febre, perda de peso, fraqueza, manchas avermelhadas na pele, queda de cabelo, dores nas articula\u00e7\u00f5es, altera\u00e7\u00f5es pulmonares, convuls\u00f5es, anemia<\/span><span style=\"font-weight: 400;\"> e at\u00e9, <\/span><span style=\"font-weight: 400;\">altera\u00e7\u00f5es de humor<\/span><span style=\"font-weight: 400;\">.\u00a0<\/span><\/p>\n<p><span style=\"font-weight: 400;\">Al\u00e9m disso, a doen\u00e7a pode atingir diretamente a pele, principalmente aquelas regi\u00f5es que ficam mais expostas ao sol. Contudo, \u00e9 importante dizer mais uma vez, que essa doen\u00e7a n\u00e3o tem regras de sintomas.<\/span><\/p>\n<p><img loading=\"lazy\" decoding=\"async\" class=\"alignnone wp-image-14116\" src=\"https:\/\/www.rotaseguros.com.br\/planosdesaude\/wp-content\/uploads\/2023\/01\/LUPUS_SELENAGOMES_LADYGAGA-4-300x75.png\" alt=\"tubo de ensaio_l\u00fapus\" width=\"768\" height=\"192\" srcset=\"https:\/\/www.rotaseguros.com.br\/planosdesaude\/wp-content\/uploads\/2023\/01\/LUPUS_SELENAGOMES_LADYGAGA-4-300x75.png 300w, https:\/\/www.rotaseguros.com.br\/planosdesaude\/wp-content\/uploads\/2023\/01\/LUPUS_SELENAGOMES_LADYGAGA-4-1024x256.png 1024w, https:\/\/www.rotaseguros.com.br\/planosdesaude\/wp-content\/uploads\/2023\/01\/LUPUS_SELENAGOMES_LADYGAGA-4-768x192.png 768w, https:\/\/www.rotaseguros.com.br\/planosdesaude\/wp-content\/uploads\/2023\/01\/LUPUS_SELENAGOMES_LADYGAGA-4-980x245.png 980w, https:\/\/www.rotaseguros.com.br\/planosdesaude\/wp-content\/uploads\/2023\/01\/LUPUS_SELENAGOMES_LADYGAGA-4-480x120.png 480w, https:\/\/www.rotaseguros.com.br\/planosdesaude\/wp-content\/uploads\/2023\/01\/LUPUS_SELENAGOMES_LADYGAGA-4.png 1080w\" sizes=\"auto, (max-width: 768px) 100vw, 768px\" \/><\/p>\n<h2><span class=\"ez-toc-section\" id=\"Selena_Gomez_e_os_sintomas_do_lupus\"><\/span><span style=\"font-weight: 400;\"><a id=\"selena\"><\/a>Selena Gomez e os sintomas do l\u00fapus<\/span><span class=\"ez-toc-section-end\"><\/span><\/h2>\n<p>&nbsp;<\/p>\n<p><span style=\"font-weight: 400;\">Sendo assim, cada pessoa pode ter uma rea\u00e7\u00e3o diferente \u00e0 manifesta\u00e7\u00e3o do l\u00fapus. Inclusive, em algumas pessoas h\u00e1 forte tend\u00eancia a problemas renais, com grave inflama\u00e7\u00e3o nos rins.<\/span><\/p>\n<p><span style=\"font-weight: 400;\">Mas a grande maioria das pessoas reclamam de viver com as dores fortes causadas pelo l\u00fapus. Um exemplo disso \u00e9 a atriz e cantora internacional Selena Gomez, que, h\u00e1 tempos, sofre com as manifesta\u00e7\u00f5es da doen\u00e7a.\u00a0<\/span><\/p>\n<p><span style=\"font-weight: 400;\">H\u00e1 pouco tempo Selena revelou em document\u00e1rio os problemas graves causados pela doen\u00e7a. Em 2016, no auge da carreira, a cantora cancelou a turn\u00ea do disco \u00e1lbum <\/span><i><span style=\"font-weight: 400;\">Revival <\/span><\/i><span style=\"font-weight: 400;\">que estava rodando o mundo com ingressos esgotados pelos f\u00e3s.\u00a0<\/span><\/p>\n<p><span style=\"font-weight: 400;\">Na \u00e9poca, ela relatou problemas de sa\u00fade e pessoais para justificar a motiva\u00e7\u00e3o do cancelamento. Nesse mesmo per\u00edodo ela se internou em um hospital nos Estados Unidos. Al\u00e9m das crises fortes causadas pelo l\u00fapus, alinhadas \u00e0s dores fortes e aos sintomas elevados de <a href=\"https:\/\/www.rotaseguros.com.br\/planosdesaude\/saiba-como-tratar-a-ansiedade-e-viver-com-equilibrio\/\">ansiedade<\/a>.<\/span><\/p>\n<p>&nbsp;<\/p>\n<h3><span class=\"ez-toc-section\" id=\"A_batalha_da_estrela_contra_o_lupus\"><\/span><span style=\"font-weight: 400;\"><a id=\"batalha\"><\/a>A batalha da estrela contra o l\u00fapus\u00a0<\/span><span class=\"ez-toc-section-end\"><\/span><\/h3>\n<p>&nbsp;<\/p>\n<p><span style=\"font-weight: 400;\">Selena j\u00e1 sofria h\u00e1 tempos com problemas ligados \u00e0 desestabilidade da sa\u00fade mental, como crises de p\u00e2nico, e os efeitos do l\u00fapus fomentar os transtornos generalizados de ansiedade.<\/span><\/p>\n<p><span style=\"font-weight: 400;\">Mas voc\u00ea deve se perguntar, como uma estrela mundial da pot\u00eancia de Selena deixou a doen\u00e7a chegar a esse n\u00edvel? A resposta \u00e9 sempre a mesma: falta de preven\u00e7\u00e3o regular. E no document\u00e1rio <\/span><i><span style=\"font-weight: 400;\">Selena Gomez: Minha Mente e Eu<\/span><\/i><span style=\"font-weight: 400;\">, a cantora deixou claro como a \u201cbatalha\u201d com a doen\u00e7a foi travada de forma intensa nos \u00faltimos anos.<\/span><\/p>\n<p><span style=\"font-weight: 400;\">Nesse sentido, o document\u00e1rio dirigido por Alek Keshishian mostrou parte dessa batalha e os desafios travados por Selena para controlar os efeitos da doen\u00e7a no corpo. As grava\u00e7\u00f5es tamb\u00e9m apresentam toda a vulnerabilidade mental da cantora durante o per\u00edodo.<\/span><\/p>\n<p><img loading=\"lazy\" decoding=\"async\" class=\"alignnone wp-image-14115\" src=\"https:\/\/www.rotaseguros.com.br\/planosdesaude\/wp-content\/uploads\/2023\/01\/LUPUS_SELENAGOMES_LADYGAGA-3-300x75.png\" alt=\"L\u00fapus_autoimune\" width=\"776\" height=\"194\" srcset=\"https:\/\/www.rotaseguros.com.br\/planosdesaude\/wp-content\/uploads\/2023\/01\/LUPUS_SELENAGOMES_LADYGAGA-3-300x75.png 300w, https:\/\/www.rotaseguros.com.br\/planosdesaude\/wp-content\/uploads\/2023\/01\/LUPUS_SELENAGOMES_LADYGAGA-3-1024x256.png 1024w, https:\/\/www.rotaseguros.com.br\/planosdesaude\/wp-content\/uploads\/2023\/01\/LUPUS_SELENAGOMES_LADYGAGA-3-768x192.png 768w, https:\/\/www.rotaseguros.com.br\/planosdesaude\/wp-content\/uploads\/2023\/01\/LUPUS_SELENAGOMES_LADYGAGA-3-980x245.png 980w, https:\/\/www.rotaseguros.com.br\/planosdesaude\/wp-content\/uploads\/2023\/01\/LUPUS_SELENAGOMES_LADYGAGA-3-480x120.png 480w, https:\/\/www.rotaseguros.com.br\/planosdesaude\/wp-content\/uploads\/2023\/01\/LUPUS_SELENAGOMES_LADYGAGA-3.png 1080w\" sizes=\"auto, (max-width: 776px) 100vw, 776px\" \/><\/p>\n<h2><span class=\"ez-toc-section\" id=\"Lady_Gaga_e_as_dores_do_lupus\"><\/span><span style=\"font-weight: 400;\"><a id=\"lady\"><\/a>Lady Gaga e as dores do l\u00fapus\u00a0<\/span><span class=\"ez-toc-section-end\"><\/span><\/h2>\n<p>&nbsp;<\/p>\n<p><span style=\"font-weight: 400;\">Selena foi lan\u00e7ada \u00e0 fama ainda na inf\u00e2ncia e cresceu com as mazelas de tentar controlar a exposi\u00e7\u00e3o &#8212; assim como aconteceu com outras celebridades. Falando em no mundo das estrelas, a cantora Lady Gaga foi a respons\u00e1vel por popularizar os efeitos do l\u00fapus.<\/span><\/p>\n<p><span style=\"font-weight: 400;\">A cantora revelou (tamb\u00e9m em document\u00e1rio) os efeitos da doen\u00e7a no corpo causados pela enfermidade. Em 2010, ela decidiu realizar um comunicado para falar com os f\u00e3s que tinha a doen\u00e7a, mesmo sem ter nenhum sintoma.<\/span><\/p>\n<p><span style=\"font-weight: 400;\">Contudo, em 2017, a doen\u00e7a ficou mais grave, as dores se tornaram insuport\u00e1veis e ela precisou cancelar uma turn\u00ea. Gaga tamb\u00e9m sofre com a fibromialgia e a combina\u00e7\u00e3o das duas fizeram com o que a estrela do POP parasse para focar na sa\u00fade por um per\u00edodo.<\/span><\/p>\n<p><span style=\"font-weight: 400;\">Os dois casos mostram que definitivamente nada \u00e9 mais importante do que cuidar da sa\u00fade. Al\u00e9m disso, a preven\u00e7\u00e3o da sa\u00fade continua segue como ponto fundamental para aqueles que desejam alcan\u00e7ar a longevidade e o bem-estar.<\/span><\/p>\n<p>&nbsp;<\/p>\n<h2><span class=\"ez-toc-section\" id=\"O_cuidado_com_a_saude_com_prevencao\"><\/span><span style=\"font-weight: 400;\"><a id=\"cuidado\"><\/a>O cuidado com a sa\u00fade com preven\u00e7\u00e3o<\/span><span class=\"ez-toc-section-end\"><\/span><\/h2>\n<p>&nbsp;<\/p>\n<p><span style=\"font-weight: 400;\">E o l\u00fapus \u00e9 um exemplo disso. De acordo com a Sociedade Brasileira de Reumatologia, 35% dos pacientes com a doen\u00e7a t\u00eam algum comprometimento dos rins no momento do diagn\u00f3stico. Portanto, quanto antes a doen\u00e7a for diagnosticada maiores s\u00e3o as chances de tratamento.\u00a0<\/span><\/p>\n<p><span style=\"font-weight: 400;\">Dessa maneira, o m\u00e9dico especialista respons\u00e1vel pelo diagn\u00f3stico \u00e9 o nefrologista. O diagn\u00f3stico \u00e9 realizado pela observa\u00e7\u00e3o dos sintomas, bem como pela an\u00e1lise de sintomas espec\u00edficos. Portanto, caso voc\u00ea apresente alguns dos sintomas citados, o fundamental \u00e9 buscar o m\u00e9dico especialista o mais r\u00e1pido poss\u00edvel.<\/span><\/p>\n<p><span style=\"font-weight: 400;\">O plano de sa\u00fade \u00e9 uma forma de realizar o controle da sa\u00fade e, ainda, contar com previsibilidade financeira. Na <a href=\"http:\/\/rotaseguros.com.br\">Rota Seguros<\/a>, voc\u00ea encontra as melhores op\u00e7\u00f5es de plano de sa\u00fade do mercado com a garantia de uma empresa que trabalha nesse segmento h\u00e1 mais de 20 anos.<\/span><\/p>\n<p>&nbsp;<\/p>\n","protected":false},"excerpt":{"rendered":"<p><span class=\"span-reading-time rt-reading-time\" style=\"display: block;\"><span class=\"rt-label rt-prefix\">Reading Time: <\/span> <span class=\"rt-time\"> 3<\/span> <span class=\"rt-label rt-postfix\">minutes<\/span><\/span>No Brasil, cerca de 65 mil pessoas sofrem com dores fortes causadas pelo l\u00fapus. O crescimento da doen\u00e7a preocupa, tanto que a Sociedade Brasileira de Reumatologia (SBR) avalia esse aumento &#8230;<\/p>\n","protected":false},"author":2,"featured_media":14118,"comment_status":"open","ping_status":"open","sticky":false,"template":"","format":"standard","meta":{"_monsterinsights_skip_tracking":false,"_monsterinsights_sitenote_active":false,"_monsterinsights_sitenote_note":"","_monsterinsights_sitenote_category":0,"footnotes":"","_links_to":"","_links_to_target":""},"categories":[1,1005],"tags":[1409,1407,1127,1408],"class_list":["post-14112","post","type-post","status-publish","format-standard","has-post-thumbnail","hentry","category-sem-categoria","category-saude","tag-doenca-autoimune","tag-lupus","tag-saude","tag-sistema-imunologico"],"_links":{"self":[{"href":"https:\/\/www.rotaseguros.com.br\/planosdesaude\/wp-json\/wp\/v2\/posts\/14112","targetHints":{"allow":["GET"]}}],"collection":[{"href":"https:\/\/www.rotaseguros.com.br\/planosdesaude\/wp-json\/wp\/v2\/posts"}],"about":[{"href":"https:\/\/www.rotaseguros.com.br\/planosdesaude\/wp-json\/wp\/v2\/types\/post"}],"author":[{"embeddable":true,"href":"https:\/\/www.rotaseguros.com.br\/planosdesaude\/wp-json\/wp\/v2\/users\/2"}],"replies":[{"embeddable":true,"href":"https:\/\/www.rotaseguros.com.br\/planosdesaude\/wp-json\/wp\/v2\/comments?post=14112"}],"version-history":[{"count":0,"href":"https:\/\/www.rotaseguros.com.br\/planosdesaude\/wp-json\/wp\/v2\/posts\/14112\/revisions"}],"wp:featuredmedia":[{"embeddable":true,"href":"https:\/\/www.rotaseguros.com.br\/planosdesaude\/wp-json\/wp\/v2\/media\/14118"}],"wp:attachment":[{"href":"https:\/\/www.rotaseguros.com.br\/planosdesaude\/wp-json\/wp\/v2\/media?parent=14112"}],"wp:term":[{"taxonomy":"category","embeddable":true,"href":"https:\/\/www.rotaseguros.com.br\/planosdesaude\/wp-json\/wp\/v2\/categories?post=14112"},{"taxonomy":"post_tag","embeddable":true,"href":"https:\/\/www.rotaseguros.com.br\/planosdesaude\/wp-json\/wp\/v2\/tags?post=14112"}],"curies":[{"name":"wp","href":"https:\/\/api.w.org\/{rel}","templated":true}]}}