{"id":2152,"date":"2020-07-20T15:32:19","date_gmt":"2020-07-20T17:32:19","guid":{"rendered":"http:\/\/www.rotaseguros.com.br\/planosdesaude\/?p=2152"},"modified":"2024-05-03T16:06:27","modified_gmt":"2024-05-03T18:06:27","slug":"melhores-planos-de-saude-para-criancas-e-recem-nascidos","status":"publish","type":"post","link":"https:\/\/www.rotaseguros.com.br\/planosdesaude\/melhores-planos-de-saude-para-criancas-e-recem-nascidos\/","title":{"rendered":"Melhores Planos de Sa\u00fade para Crian\u00e7as e Rec\u00e9m-Nascidos"},"content":{"rendered":"<span class=\"span-reading-time rt-reading-time\" style=\"display: block;\"><span class=\"rt-label rt-prefix\">Reading Time: <\/span> <span class=\"rt-time\"> 5<\/span> <span class=\"rt-label rt-postfix\">minutes<\/span><\/span><h1 style=\"text-align: left;\"><span class=\"ez-toc-section\" id=\"Esta_na_duvida_de_qual_o_melhor_Plano_de_Saude_para_Criancas_e_Recem-Nascidos\"><\/span><strong><span style=\"color: #000000;\">Est\u00e1 na d\u00favida de qual o melhor Plano de Sa\u00fade para Crian\u00e7as e Rec\u00e9m-Nascidos?<\/span><\/strong><span class=\"ez-toc-section-end\"><\/span><\/h1>\n<p>Com objetivo de facilitar a sua pesquisa, vamos relacionar os melhores planos de sa\u00fade infantis comercializados em Belo Horizonte e regi\u00e3o metropolitana de BH. Vamos tamb\u00e9m dar algumas dicas de contrata\u00e7\u00e3o para facilitar a sua an\u00e1lise e escolha do melhor plano de sa\u00fade com base no seu perfil.<\/p><div id=\"ez-toc-container\" class=\"ez-toc-v2_0_82_2 counter-flat ez-toc-counter ez-toc-grey ez-toc-container-direction\">\n<div class=\"ez-toc-title-container\">\n<p class=\"ez-toc-title\" style=\"cursor:inherit\">Aqui voc\u00ea encontra:<\/p>\n<span class=\"ez-toc-title-toggle\"><a href=\"#\" class=\"ez-toc-pull-right ez-toc-btn ez-toc-btn-xs ez-toc-btn-default ez-toc-toggle\" aria-label=\"Alternar tabela de conte\u00fado\"><span class=\"ez-toc-js-icon-con\"><span class=\"\"><span class=\"eztoc-hide\" style=\"display:none;\">Toggle<\/span><span class=\"ez-toc-icon-toggle-span\"><svg style=\"fill: #999;color:#999\" xmlns=\"http:\/\/www.w3.org\/2000\/svg\" class=\"list-377408\" width=\"20px\" height=\"20px\" viewBox=\"0 0 24 24\" fill=\"none\"><path d=\"M6 6H4v2h2V6zm14 0H8v2h12V6zM4 11h2v2H4v-2zm16 0H8v2h12v-2zM4 16h2v2H4v-2zm16 0H8v2h12v-2z\" fill=\"currentColor\"><\/path><\/svg><svg style=\"fill: #999;color:#999\" class=\"arrow-unsorted-368013\" xmlns=\"http:\/\/www.w3.org\/2000\/svg\" width=\"10px\" height=\"10px\" viewBox=\"0 0 24 24\" version=\"1.2\" baseProfile=\"tiny\"><path d=\"M18.2 9.3l-6.2-6.3-6.2 6.3c-.2.2-.3.4-.3.7s.1.5.3.7c.2.2.4.3.7.3h11c.3 0 .5-.1.7-.3.2-.2.3-.5.3-.7s-.1-.5-.3-.7zM5.8 14.7l6.2 6.3 6.2-6.3c.2-.2.3-.5.3-.7s-.1-.5-.3-.7c-.2-.2-.4-.3-.7-.3h-11c-.3 0-.5.1-.7.3-.2.2-.3.5-.3.7s.1.5.3.7z\"\/><\/svg><\/span><\/span><\/span><\/a><\/span><\/div>\n<nav><ul class='ez-toc-list ez-toc-list-level-1 ' ><li class='ez-toc-page-1'><a class=\"ez-toc-link ez-toc-heading-1\" href=\"https:\/\/www.rotaseguros.com.br\/planosdesaude\/melhores-planos-de-saude-para-criancas-e-recem-nascidos\/#Esta_na_duvida_de_qual_o_melhor_Plano_de_Saude_para_Criancas_e_Recem-Nascidos\" >Est\u00e1 na d\u00favida de qual o melhor Plano de Sa\u00fade para Crian\u00e7as e Rec\u00e9m-Nascidos?<\/a><\/li><li class='ez-toc-page-1'><a class=\"ez-toc-link ez-toc-heading-2\" href=\"https:\/\/www.rotaseguros.com.br\/planosdesaude\/melhores-planos-de-saude-para-criancas-e-recem-nascidos\/#Plano_de_saude_Individual_%E2%80%93_Pode_ser_contratado_inclusive_para_recem-nascidos\" >Plano de sa\u00fade Individual \u2013 Pode ser contratado inclusive para rec\u00e9m-nascidos<\/a><\/li><li class='ez-toc-page-1'><a class=\"ez-toc-link ez-toc-heading-3\" href=\"https:\/\/www.rotaseguros.com.br\/planosdesaude\/melhores-planos-de-saude-para-criancas-e-recem-nascidos\/#Plano_de_saude_Coletivo_por_adesao_%E2%80%93_Para_contratacao_sera_necessaria_apresentacao_da_declaracao_escolar_da_crianca\" >Plano de sa\u00fade Coletivo por ades\u00e3o \u2013 Para contrata\u00e7\u00e3o ser\u00e1 necess\u00e1ria apresenta\u00e7\u00e3o da declara\u00e7\u00e3o escolar da crian\u00e7a.<\/a><\/li><li class='ez-toc-page-1'><a class=\"ez-toc-link ez-toc-heading-4\" href=\"https:\/\/www.rotaseguros.com.br\/planosdesaude\/melhores-planos-de-saude-para-criancas-e-recem-nascidos\/#Planos_de_Saude\" >Planos de Sa\u00fade<\/a><\/li><li class='ez-toc-page-1'><a class=\"ez-toc-link ez-toc-heading-5\" href=\"https:\/\/www.rotaseguros.com.br\/planosdesaude\/melhores-planos-de-saude-para-criancas-e-recem-nascidos\/#Idade_minima_para_contratacao\" >Idade m\u00ednima para contrata\u00e7\u00e3o<\/a><\/li><li class='ez-toc-page-1'><a class=\"ez-toc-link ez-toc-heading-6\" href=\"https:\/\/www.rotaseguros.com.br\/planosdesaude\/melhores-planos-de-saude-para-criancas-e-recem-nascidos\/#Planos_de_saude_sem_coparticipacao_comercializados_para_criancas\" >Planos de sa\u00fade sem coparticipa\u00e7\u00e3o comercializados para crian\u00e7as<\/a><\/li><li class='ez-toc-page-1'><a class=\"ez-toc-link ez-toc-heading-7\" href=\"https:\/\/www.rotaseguros.com.br\/planosdesaude\/melhores-planos-de-saude-para-criancas-e-recem-nascidos\/#Planos_de_Saude-2\" >Planos de Sa\u00fade<\/a><\/li><li class='ez-toc-page-1'><a class=\"ez-toc-link ez-toc-heading-8\" href=\"https:\/\/www.rotaseguros.com.br\/planosdesaude\/melhores-planos-de-saude-para-criancas-e-recem-nascidos\/#Idade_minima_para_contratacao-2\" >Idade m\u00ednima para contrata\u00e7\u00e3o<\/a><\/li><li class='ez-toc-page-1'><a class=\"ez-toc-link ez-toc-heading-9\" href=\"https:\/\/www.rotaseguros.com.br\/planosdesaude\/melhores-planos-de-saude-para-criancas-e-recem-nascidos\/#Hospitais_com_Pronto_Socorro_Pediatrico\" >Hospitais com Pronto Socorro Pedi\u00e1trico<\/a><\/li><li class='ez-toc-page-1'><a class=\"ez-toc-link ez-toc-heading-10\" href=\"https:\/\/www.rotaseguros.com.br\/planosdesaude\/melhores-planos-de-saude-para-criancas-e-recem-nascidos\/#Comparativos_de_Precos_Ref_Julho2020\" >Comparativos de Pre\u00e7os (Ref.: Julho\/2020)<\/a><\/li><li class='ez-toc-page-1'><a class=\"ez-toc-link ez-toc-heading-11\" href=\"https:\/\/www.rotaseguros.com.br\/planosdesaude\/melhores-planos-de-saude-para-criancas-e-recem-nascidos\/#Ai_vem_a_pergunta_crucial_qual_o_melhor_plano_de_saude_para_criancas\" >A\u00ed vem a pergunta crucial, qual o melhor plano de sa\u00fade para crian\u00e7as?<\/a><\/li><li class='ez-toc-page-1'><a class=\"ez-toc-link ez-toc-heading-12\" href=\"https:\/\/www.rotaseguros.com.br\/planosdesaude\/melhores-planos-de-saude-para-criancas-e-recem-nascidos\/#Qual_e_a_diferenca_entre_o_plano_de_saude_individualfamiliar_e_coletivo_por_adesao\" >Qual \u00e9 a diferen\u00e7a entre o plano de sa\u00fade individual\/familiar e coletivo por ades\u00e3o?<\/a><\/li><\/ul><\/nav><\/div>\n\n<hr \/>\n<p><em>Fa\u00e7a seu coment\u00e1rio no final da p\u00e1gina com suas perguntas, sugest\u00f5es, elogios ou feedback para melhorar o nosso conte\u00fado. Assim voc\u00ea colabora com outras pessoas que acessarem nosso blog.<\/em><\/p>\n<hr \/>\n<p>Neste primeiro momento, vamos relacionar os planos de sa\u00fade que podem ser contratados para crian\u00e7as, diferenciando os produtos individuais e os coletivos por ades\u00e3o que s\u00e3o direcionados para estudantes.<\/p>\n<p>1 &#8211; <a href=\"#individual\">Plano de Sa\u00fade Individual para crian\u00e7a e rec\u00e9m-nascidos<\/a><br \/>\n2 &#8211; <a href=\"#coletivo\">Plano de Sa\u00fade Coletivo por Ades\u00e3o para crian\u00e7a<\/a><br \/>\n3 &#8211; <a href=\"#sem-coparticipacao\">Planos comercializados sem coparticipa\u00e7\u00e3o para crian\u00e7a e rec\u00e9m-nascidos<\/a><br \/>\n4 &#8211; <a href=\"#ps-pediatrico\">Hospitais com Pronto Socorro Pedi\u00e1trico<\/a><br \/>\n5 &#8211; <a href=\"#comparativo-precos\">Comparativo de Pre\u00e7os<\/a><br \/>\n6 &#8211; <a href=\"#melhor-plano\">Qual o melhor plano de sa\u00fade para crian\u00e7as e rec\u00e9m-nascidos?<\/a><br \/>\n7 &#8211; <a href=\"#diferenca\">Diferen\u00e7a entre Plano Individual\/Familiar e Coletivo por Ades\u00e3o<\/a><\/p>\n<p><a name=\"individual\"><\/a><\/p>\n<h3 style=\"text-align: left;\"><span class=\"ez-toc-section\" id=\"Plano_de_saude_Individual_%E2%80%93_Pode_ser_contratado_inclusive_para_recem-nascidos\"><\/span><span style=\"color: #000000;\">Plano de sa\u00fade Individual \u2013 Pode ser contratado inclusive para rec\u00e9m-nascidos<\/span><span class=\"ez-toc-section-end\"><\/span><\/h3>\n<p>&nbsp;<\/p>\n<p>\u2022 Good Life Sa\u00fade<br \/>\n\u2022 Premium Sa\u00fade (ambulatorial)<br \/>\n\u2022 Unimed BH<br \/>\n\u2022 Vitallis<\/p>\n<p><a name=\"coletivo\"><\/a><\/p>\n<h3 style=\"text-align: left;\"><span class=\"ez-toc-section\" id=\"Plano_de_saude_Coletivo_por_adesao_%E2%80%93_Para_contratacao_sera_necessaria_apresentacao_da_declaracao_escolar_da_crianca\"><\/span><span style=\"color: #000000;\">Plano de sa\u00fade Coletivo por ades\u00e3o \u2013 Para contrata\u00e7\u00e3o ser\u00e1 necess\u00e1ria apresenta\u00e7\u00e3o da declara\u00e7\u00e3o escolar da crian\u00e7a.<\/span><span class=\"ez-toc-section-end\"><\/span><\/h3>\n<p>&nbsp;<\/p>\n<table style=\"width: 55%; border-collapse: collapse; border-style: solid; border-color: #000000; height: 200px; margin: 0px auto;\">\n<tbody>\n<tr style=\"height: 39px; background-color: #1a4385;\">\n<td style=\"width: 40.2532%; border-style: solid; border-color: #000000; height: 39px; text-align: center;\">\n<h4><span class=\"ez-toc-section\" id=\"Planos_de_Saude\"><\/span><span style=\"color: #ffffff;\">Planos de Sa\u00fade<\/span><span class=\"ez-toc-section-end\"><\/span><\/h4>\n<\/td>\n<td style=\"width: 81.4296%; border-style: solid; border-color: #000000; height: 39px; text-align: center;\">\n<h4><span class=\"ez-toc-section\" id=\"Idade_minima_para_contratacao\"><\/span><span style=\"color: #ffffff;\">Idade m\u00ednima para contrata\u00e7\u00e3o<\/span><span class=\"ez-toc-section-end\"><\/span><\/h4>\n<\/td>\n<\/tr>\n<tr style=\"height: 23px;\">\n<td style=\"width: 40.2532%; border-style: solid; border-color: #000000; height: 23px; text-align: center;\"><span style=\"color: #000000;\">Amil<\/span><\/td>\n<td style=\"width: 81.4296%; border-style: solid; border-color: #000000; height: 23px; text-align: center;\"><span style=\"color: #000000;\">A partir de 6 anos (ensino fundamental)<\/span><\/td>\n<\/tr>\n<tr style=\"height: 23px;\">\n<td style=\"width: 40.2532%; border-style: solid; border-color: #000000; height: 23px; text-align: center;\"><span style=\"color: #000000;\">Premium Sa\u00fade<\/span><\/td>\n<td style=\"width: 81.4296%; border-style: solid; border-color: #000000; height: 23px; text-align: center;\"><span style=\"color: #000000;\">A partir de 2 anos<\/span><\/td>\n<\/tr>\n<tr style=\"height: 23px;\">\n<td style=\"width: 40.2532%; border-style: solid; border-color: #000000; height: 23px; text-align: center;\"><span style=\"color: #000000;\">Promed<\/span><\/td>\n<td style=\"width: 81.4296%; border-style: solid; border-color: #000000; height: 23px; text-align: center;\"><span style=\"color: #000000;\">A partir de 2 anos<\/span><\/td>\n<\/tr>\n<tr style=\"height: 23px;\">\n<td style=\"width: 40.2532%; border-style: solid; border-color: #000000; height: 23px; text-align: center;\"><span style=\"color: #000000;\">Promed Brasil<\/span><\/td>\n<td style=\"width: 81.4296%; border-style: solid; border-color: #000000; height: 23px; text-align: center;\"><span style=\"color: #000000;\">A partir de 2 anos<\/span><\/td>\n<\/tr>\n<tr style=\"height: 23px;\">\n<td style=\"width: 40.2532%; border-style: solid; border-color: #000000; height: 23px; text-align: center;\"><span style=\"color: #000000;\">SAUDE Sistema<\/span><\/td>\n<td style=\"width: 81.4296%; border-style: solid; border-color: #000000; height: 23px; text-align: center;\"><span style=\"color: #000000;\">A partir de 2 anos<\/span><\/td>\n<\/tr>\n<tr style=\"height: 23px;\">\n<td style=\"width: 40.2532%; border-style: solid; border-color: #000000; height: 23px; text-align: center;\"><span style=\"color: #000000;\">SulAm\u00e9rica Sa\u00fade<\/span><\/td>\n<td style=\"width: 81.4296%; border-style: solid; border-color: #000000; height: 23px; text-align: center;\"><span style=\"color: #000000;\">A partir de 6 anos (ensino fundamental)<\/span><\/td>\n<\/tr>\n<tr style=\"height: 23px;\">\n<td style=\"width: 40.2532%; border-style: solid; border-color: #000000; height: 23px; text-align: center;\"><span style=\"color: #000000;\">Vitallis<\/span><\/td>\n<td style=\"width: 81.4296%; border-style: solid; border-color: #000000; height: 23px; text-align: center;\"><span style=\"color: #000000;\">A partir de 2 anos<\/span><\/td>\n<\/tr>\n<\/tbody>\n<\/table>\n<p><span style=\"font-size: 12px;\">*Para comprovar a elegibilidade dever\u00e1 ser apresentada a declara\u00e7\u00e3o da creche ou escola. A filia\u00e7\u00e3o da entidade de classe estudantil realizada no momento da efetiva\u00e7\u00e3o do contrato.<\/span><\/p>\n<p><a name=\"sem-coparticipacao\"><\/a><\/p>\n<h3 style=\"text-align: left;\"><span class=\"ez-toc-section\" id=\"Planos_de_saude_sem_coparticipacao_comercializados_para_criancas\"><\/span><span style=\"color: #000000;\">Planos de sa\u00fade sem coparticipa\u00e7\u00e3o comercializados para crian\u00e7as<\/span><span class=\"ez-toc-section-end\"><\/span><\/h3>\n<p>&nbsp;<\/p>\n<p>Como \u00e9 uma preocupa\u00e7\u00e3o recorrente no momento de contratar o plano de sa\u00fade, principalmente quando se trata de rec\u00e9m-nascidos e crian\u00e7as com at\u00e9 3 anos, que geralmente utilizam o conv\u00eanio m\u00e9dico com maior frequ\u00eancia, vamos relacionar os planos de sa\u00fade que possuem op\u00e7\u00f5es de contrata\u00e7\u00e3o de produtos sem coparticipa\u00e7\u00e3o.<\/p>\n<p>&nbsp;<\/p>\n<table style=\"border-collapse: collapse; border-style: solid; border-color: #000000; width: 55%; height: 138px; margin: 0 auto;\">\n<tbody>\n<tr style=\"height: 23px; background-color: #1a4385;\">\n<td style=\"width: 40.2532%; border-style: solid; border-color: #000000; height: 39px; text-align: center;\">\n<h4><span class=\"ez-toc-section\" id=\"Planos_de_Saude-2\"><\/span><span style=\"color: #ffffff;\">Planos de Sa\u00fade<\/span><span class=\"ez-toc-section-end\"><\/span><\/h4>\n<\/td>\n<td style=\"width: 81.4296%; border-style: solid; border-color: #000000; height: 39px; text-align: center;\">\n<h4><span class=\"ez-toc-section\" id=\"Idade_minima_para_contratacao-2\"><\/span><span style=\"color: #ffffff;\">Idade m\u00ednima para contrata\u00e7\u00e3o<\/span><span class=\"ez-toc-section-end\"><\/span><\/h4>\n<\/td>\n<\/tr>\n<tr style=\"height: 23px;\">\n<td style=\"height: 23px; border-style: solid; border-color: #000000; text-align: center;\">Amil<\/td>\n<td style=\"height: 23px; border-style: solid; border-color: #000000; text-align: center;\">Coletivo por ades\u00e3o<\/td>\n<\/tr>\n<tr style=\"height: 23px;\">\n<td style=\"height: 23px; border-style: solid; border-color: #000000; text-align: center;\">Good Life<\/td>\n<td style=\"height: 23px; border-style: solid; border-color: #000000; text-align: center;\">Plano de Sa\u00fade Individual<\/td>\n<\/tr>\n<tr style=\"height: 23px;\">\n<td style=\"height: 23px; border-style: solid; border-color: #000000; text-align: center;\">Promed<\/td>\n<td style=\"height: 23px; border-style: solid; border-color: #000000; text-align: center;\">Coletivo por ades\u00e3o<\/td>\n<\/tr>\n<tr style=\"height: 23px;\">\n<td style=\"height: 23px; border-style: solid; border-color: #000000; text-align: center;\">Premium Sa\u00fade<\/td>\n<td style=\"height: 23px; border-style: solid; border-color: #000000; text-align: center;\">Plano de Sa\u00fade Individual (ambulatorial)<\/td>\n<\/tr>\n<tr style=\"height: 23px;\">\n<td style=\"height: 23px; border-style: solid; border-color: #000000; text-align: center;\">SulAm\u00e9rica Sa\u00fade<\/td>\n<td style=\"height: 23px; border-style: solid; border-color: #000000; text-align: center;\">Coletivo por ades\u00e3o<\/td>\n<\/tr>\n<\/tbody>\n<\/table>\n<p>Aproveite e leia o Artigo: <span style=\"text-decoration: underline;\"><a href=\"https:\/\/www.rotaseguros.com.br\/planosdesaude\/devo-fazer-um-plano-de-saude-completo-ou-co-participativo\/\">Devo fazer um Plano de Sa\u00fade Completo ou Coparticipativo?<\/a><\/span><\/p>\n<p>&nbsp;<\/p>\n<p>Sempre que for avaliar a viabilidade de contratar o plano com coparticipa\u00e7\u00e3o, multiplique a economia mensal por 12 (um ano). Com base no hist\u00f3rico de utiliza\u00e7\u00e3o anual, calcule a perspectiva de pagamento de coparticipa\u00e7\u00f5es no per\u00edodo para identificar a melhor a melhor op\u00e7\u00e3o.<\/p>\n<p><a name=\"ps-pediatrico\"><\/a><\/p>\n<h3 style=\"text-align: left;\"><span class=\"ez-toc-section\" id=\"Hospitais_com_Pronto_Socorro_Pediatrico\"><\/span><span style=\"color: #000000;\">Hospitais com Pronto Socorro Pedi\u00e1trico<\/span><span class=\"ez-toc-section-end\"><\/span><\/h3>\n<p>&nbsp;<\/p>\n<p>Veja os planos de sa\u00fade que possuem credenciadas nos hospitais de sua prefer\u00eancia, identificando facilmente os produtos que adequem as suas necessidades. Acesse a rede credenciada completa acessando o link: <a href=\"https:\/\/www.rotaseguros.com.br\/amil\/rede-credenciada.html\">Amil Sa\u00fade<\/a>, <a href=\"https:\/\/www.rotaseguros.com.br\/good_life\/rede-credenciada.html\">Good Life<\/a>, <a href=\"https:\/\/www.rotaseguros.com.br\/premium\/rede-credenciada.html\">Premium Sa\u00fade<\/a>, <a href=\"https:\/\/www.rotaseguros.com.br\/promed\/rede-credenciada.html\">Promed Sa\u00fade,<\/a> <a href=\"https:\/\/www.rotaseguros.com.br\/promed-brasil\/rede-credenciada.html\">Promed Brasil<\/a>, <a href=\"https:\/\/www.rotaseguros.com.br\/saude_sistema\/rede-credenciada.html\">SAUDE Sistema<\/a>, <a href=\"https:\/\/www.rotaseguros.com.br\/sul_america\/rede-credenciada.html\">SulAm\u00e9rica Sa\u00fade<\/a> e\u00a0<a href=\"https:\/\/www.rotaseguros.com.br\/unimed\/rede-credenciada.html\">Unimed BH<\/a>.<\/p>\n<p>\u2022 Hospital Belo Horizonte<br \/>\nPlanos de Sa\u00fade Credenciados: Amil Sa\u00fade, SAUDE Sistema, SulAm\u00e9rica Sa\u00fade e Vitallis.<br \/>\n\u2022 Hospital Fel\u00edcio Rocho<br \/>\nPlanos de Sa\u00fade Credenciados: Amil Sa\u00fade, Premium Sa\u00fade, SulAm\u00e9rica Sa\u00fade, Unimed BH e Vitallis.<br \/>\n\u2022 Hospital Padre Anchieta<br \/>\nPlanos de Sa\u00fade Credenciados: Amil Sa\u00fade, Good Life, Premium Sa\u00fade, Promed Sa\u00fade, Promed Brasil, SAUDE Sistema, SulAm\u00e9rica Sa\u00fade e Unimed BH.<br \/>\n\u2022 Hospital Mater Dei Contorno<br \/>\nPlanos de Sa\u00fade Credenciados: Amil Sa\u00fade, SulAm\u00e9rica Sa\u00fade e Vitallis;<br \/>\n\u2022 Hospital Mater Dei Betim-Contagem<br \/>\nPlanos de Sa\u00fade Credenciados: Premium Sa\u00fade, SulAm\u00e9rica Sa\u00fade e Vitallis;<br \/>\n\u2022 Hospital S\u00e3o Camilo<br \/>\nPlanos de Sa\u00fade Credenciados: SulAm\u00e9rica Sa\u00fade e Unimed BH;<br \/>\n\u2022 Hospital da Crian\u00e7a S\u00e3o Jos\u00e9<br \/>\nPlanos de Sa\u00fade Credenciados: Amil Sa\u00fade, Good Life, Promed Sa\u00fade, Promed Brasil, SAUDE Sistema, SulAm\u00e9rica Sa\u00fade e Unimed BH.<br \/>\n\u2022 Hospital S\u00e3o Lucas<br \/>\nPlanos de Sa\u00fade Credenciados: Amil Sa\u00fade, Promed Sa\u00fade, Promed Brasil, SAUDE Sistema, Unimed BH e Vitallis;<br \/>\n\u2022 Hospital Vila da Serra<br \/>\nPlanos de Sa\u00fade Credenciados: Amil Sa\u00fade e Unimed BH;<\/p>\n<p><a name=\"comparativo-precos\"><\/a><\/p>\n<h3 style=\"text-align: left;\"><span class=\"ez-toc-section\" id=\"Comparativos_de_Precos_Ref_Julho2020\"><\/span><strong>Comparativos de Pre\u00e7os (Ref.: Julho\/2020)<\/strong><span class=\"ez-toc-section-end\"><\/span><\/h3>\n<p>&nbsp;<\/p>\n<p><strong>Plano de Sa\u00fade Individual<\/strong> &#8211; Poder\u00e1 ser contratado para qualquer idade, inclusive rec\u00e9m-nascido, n\u00e3o sendo necess\u00e1ria a apresenta\u00e7\u00e3o do v\u00ednculo escolar.<br \/>\nComparativo entre os Planos Good Life, Unimed e Vitallis com cobertura ambulatorial e hospitalar, coparticipativo e acomoda\u00e7\u00e3o enfermaria.<\/p>\n<p><img loading=\"lazy\" decoding=\"async\" class=\"alignnone size-full wp-image-8739\" src=\"https:\/\/www.rotaseguros.com.br\/planosdesaude\/wp-content\/uploads\/2017\/12\/2.jpg\" alt=\"\" width=\"1579\" height=\"404\" srcset=\"https:\/\/www.rotaseguros.com.br\/planosdesaude\/wp-content\/uploads\/2017\/12\/2.jpg 1579w, https:\/\/www.rotaseguros.com.br\/planosdesaude\/wp-content\/uploads\/2017\/12\/2-300x77.jpg 300w, https:\/\/www.rotaseguros.com.br\/planosdesaude\/wp-content\/uploads\/2017\/12\/2-1024x262.jpg 1024w, https:\/\/www.rotaseguros.com.br\/planosdesaude\/wp-content\/uploads\/2017\/12\/2-768x196.jpg 768w, https:\/\/www.rotaseguros.com.br\/planosdesaude\/wp-content\/uploads\/2017\/12\/2-1536x393.jpg 1536w, https:\/\/www.rotaseguros.com.br\/planosdesaude\/wp-content\/uploads\/2017\/12\/2-1080x276.jpg 1080w, https:\/\/www.rotaseguros.com.br\/planosdesaude\/wp-content\/uploads\/2017\/12\/2-1280x327.jpg 1280w, https:\/\/www.rotaseguros.com.br\/planosdesaude\/wp-content\/uploads\/2017\/12\/2-980x251.jpg 980w, https:\/\/www.rotaseguros.com.br\/planosdesaude\/wp-content\/uploads\/2017\/12\/2-480x123.jpg 480w\" sizes=\"auto, (max-width: 1579px) 100vw, 1579px\" \/><\/p>\n<p><strong>Plano de Sa\u00fade Coletivo por ades\u00e3o<\/strong> \u2013 Ser\u00e1 necess\u00e1rio a comprova\u00e7\u00e3o do v\u00ednculo escolar para filia\u00e7\u00e3o junto a entidade de classe estudantil. Veja a idade m\u00ednima para contrata\u00e7\u00e3o.<br \/>\nComparativo de pre\u00e7os entre os Planos Amil, Premium Sa\u00fade, Promed Sa\u00fade e SulAm\u00e9rica com cobertura ambulatorial e hospitalar, com coparticipa\u00e7\u00e3o e acomoda\u00e7\u00e3o enfermaria.<\/p>\n<table style=\"border-collapse: collapse; border-style: solid; border-color: #000000; width: 82.0813%; margin: 0 auto;\">\n<tbody>\n<tr style=\"background-color: #1a4385;\">\n<td style=\"border-style: solid; border-color: #000000; width: 17.2249%; text-align: center;\"><span style=\"color: #ffffff;\"><strong>AMIL | 400 (E)<\/strong><\/span><\/td>\n<td style=\"border-style: solid; border-color: #000000; width: 24.9503%; text-align: center;\"><span style=\"color: #ffffff;\"><strong>Sul Am\u00e9rica | Exato (E)<\/strong><\/span><\/td>\n<td style=\"border-style: solid; border-color: #000000; width: 34.8908%; text-align: center;\"><span style=\"color: #ffffff;\"><strong>Premium Sa\u00fade | Personnalit\u00e9 [E]<\/strong><\/span><\/td>\n<td style=\"border-style: solid; border-color: #000000; width: 34.7403%; text-align: center;\"><span style=\"color: #ffffff;\"><strong>Promed | Select [E]<\/strong><\/span><\/td>\n<\/tr>\n<tr>\n<td style=\"border-style: solid; border-color: #000000; width: 17.2249%; text-align: center;\"><span style=\"color: #000000;\">\u00a0R$ 421,42<\/span><\/td>\n<td style=\"border-style: solid; border-color: #000000; width: 24.9503%; text-align: center;\"><span style=\"color: #000000;\">\u00a0R$ 249,10<\/span><\/td>\n<td style=\"border-style: solid; border-color: #000000; width: 34.8908%; text-align: center;\"><span style=\"color: #000000;\">\u00a0R$ 103,91<\/span><\/td>\n<td style=\"border-style: solid; border-color: #000000; width: 34.7403%; text-align: center;\"><span style=\"color: #000000;\">\u00a0R$ 107,75<\/span><\/td>\n<\/tr>\n<\/tbody>\n<\/table>\n<p><span style=\"font-size: 12px;\"><em>Os comparativos foram realizados com base na tabela de pre\u00e7os de julho\/2020, podendo sofrer altera\u00e7\u00f5es sem aviso pr\u00e9vio.<\/em><\/span><\/p>\n<hr \/>\n<p><strong>Entre em contato com um dos nossos corretores e solicite uma cota\u00e7\u00e3o atualizada.<\/strong><\/p>\n<p>&nbsp;<\/p>\n<div style=\"width: 25%; border-radius: 5px; background-color: orangered; color: white; height: 50px; text-align: center; line-height: 50px; float: left; position: relative; margin-left: 5%;\"><a style=\"color: white;\">Cota\u00e7\u00e3o Online <\/a><\/div>\n<div style=\"width: 25%; border-radius: 5px; background-color: green; color: white; height: 50px; text-align: center; line-height: 50px; float: left; position: relative; margin-left: 5%;\"><a style=\"color: white;\" href=\"https:\/\/api.whatsapp.com\/send?phone=5531996989576\" target=\"_blank\" rel=\"noopener noreferrer\">Whatsapp <i class=\"fab fa-whatsapp\"><\/i><\/a><\/div>\n<div style=\"width: 25%; border-radius: 5px; background-color: #1a4385; color: white; height: 50px; text-align: center; line-height: 50px; float: left; position: relative; margin-left: 5%;\"><a style=\"color: white;\" href=\"tel:3138798000\">(31) 3279-8000 <i class=\"fas fa-phone\"><\/i><\/a><\/div>\n<p>&nbsp;<\/p>\n<p>&nbsp;<\/p>\n<hr \/>\n<p><a name=\"melhor-plano\"><\/a><\/p>\n<h3 style=\"text-align: left;\"><span class=\"ez-toc-section\" id=\"Ai_vem_a_pergunta_crucial_qual_o_melhor_plano_de_saude_para_criancas\"><\/span>A\u00ed vem a pergunta crucial, qual o melhor plano de sa\u00fade para crian\u00e7as?<span class=\"ez-toc-section-end\"><\/span><\/h3>\n<p>&nbsp;<\/p>\n<p>Sempre digo que o melhor plano de sa\u00fade para voc\u00ea nem sempre ser\u00e1 o melhor para seu vizinho, amigo, irm\u00e3o etc. Feito o cruzamento das condi\u00e7\u00f5es de comercializa\u00e7\u00e3o com base no seu perfil, ser\u00e1 identificado facilmente o plano de sa\u00fade que atenda suas expectativas. Contudo, precisamos analisar as suas necessidades para indicarmos o melhor plano de sa\u00fade de acordo com o seu perfil.<br \/>\nNeste ponto a nossa equipe comercial entrar\u00e1 em a\u00e7\u00e3o, avaliando seu or\u00e7amento ou pretens\u00e3o de pagamento, rede credenciada, cobertura regional ou nacional, aproveitamento de car\u00eancias, op\u00e7\u00f5es de plano sem ou com coparticipa\u00e7\u00e3o etc.<\/p>\n<p><a name=\"diferenca\"><\/a><\/p>\n<h3 style=\"text-align: left;\"><span class=\"ez-toc-section\" id=\"Qual_e_a_diferenca_entre_o_plano_de_saude_individualfamiliar_e_coletivo_por_adesao\"><\/span><span style=\"color: #000000;\">Qual \u00e9 a diferen\u00e7a entre o plano de sa\u00fade individual\/familiar e coletivo por ades\u00e3o?<\/span><span class=\"ez-toc-section-end\"><\/span><\/h3>\n<p>&nbsp;<\/p>\n<p>a) Plano de Sa\u00fade Individual\/familiar- O contrato de plano individual ou familiar \u00e9 aquele assinado entre uma operadora de planos de sa\u00fade e uma pessoa f\u00edsica para a assist\u00eancia do titular e\/ou do seu grupo familiar. Os reajustes s\u00e3o anuais, com percentuais determinados pela ANS (Ag\u00eancia Nacional de Sa\u00fade), com data base da assinatura do seu contrato junto ao plano de sa\u00fade.<\/p>\n<p>b) Plano de Sa\u00fade Coletivo por ades\u00e3o &#8211; O contrato de plano coletivo por ades\u00e3o \u00e9 firmado entre o Plano de Sa\u00fade e uma Administradora de Benef\u00edcios, que ser\u00e1 respons\u00e1vel pela gest\u00e3o do contrato. O plano poder\u00e1 ser contratado por pessoas f\u00edsicas vinculadas as entendidas parcerias desta administrara. Algumas atividades que podem contratar o produto coletivo por ades\u00e3o: Comerci\u00e1rios, Estudantes, Profissionais Liberais, Servidores P\u00fablicos etc. Os reajustes s\u00e3o aplicados anualmente, com data base da assinatura do contrato entre a Operadora e Administradora. Ent\u00e3o \u00e9 muito comum contratar o produto e ter o primeiro reajuste com prazo inferior a 12 meses. Os \u00edndices de reajustes s\u00e3o aplicados com base na avalia\u00e7\u00e3o de utiliza\u00e7\u00e3o (sinistralidade) da carteira de associados, al\u00e9m de outras avalia\u00e7\u00f5es como IGPM e reajustes de hor\u00e1rios m\u00e9dicos.<br \/>\n<script>\n            function botaoFuncao() {\n            jivo_api.open();\n            var x = document.getElementById(\"jcont\");\n            if (x.style.display == \"block\") {\n            jivo_api.close();\n            }\n            }\n            <\/script><\/p>\n<hr \/>\n<p><strong>Estamos sempre prontos e dispon\u00edveis para prestar uma consultoria personalizada sobre o que voc\u00ea realmente necessita e qual plano ir\u00e1 lhe atender melhor.<\/strong><\/p>\n<ul>\n<li>Grande BH \u2013\u00a0<a href=\"tel:3132798000\"><strong>(31) 3279-8000<\/strong><\/a><\/li>\n<li>Montes Claros \u2013\u00a0<strong><a href=\"tel:3832168249\" target=\"_blank\" rel=\"noopener noreferrer\">(38) 3216-8249<\/a><\/strong><\/li>\n<li>Patos de Minas, Uberaba e Uberl\u00e2ndia \u2013\u00a0<a href=\"tel:08009400809\"><strong>0800 940 0809<\/strong><\/a><\/li>\n<li>Pouso Alegre, Itajub\u00e1 (Sul de Minas) \u2013\u00a0<b>\u00a0<a href=\"tel:3530128201\">(35) 3012-8201<\/a><\/b><\/li>\n<li>Vit\u00f3ria\/ES \u2013\u00a0<strong><span class=\"telefone\"><a href=\"tel:2722333020\">(27) 2233-302<\/a><\/span><\/strong><\/li>\n<li>Demais Regi\u00f5es \u2013<a href=\"tel:08000242424\"><strong>\u00a00800 024 2424<\/strong><\/a><\/li>\n<\/ul>\n<hr \/>\n<p>Colabore com o blog! Deixe seu coment\u00e1rio com d\u00favida, reclama\u00e7\u00e3o e\/ou elogio.<\/p>\n","protected":false},"excerpt":{"rendered":"<p><span class=\"span-reading-time rt-reading-time\" style=\"display: block;\"><span class=\"rt-label rt-prefix\">Reading Time: <\/span> <span class=\"rt-time\"> 5<\/span> <span class=\"rt-label rt-postfix\">minutes<\/span><\/span>Est\u00e1 na d\u00favida de qual o melhor Plano de Sa\u00fade para Crian\u00e7as e Rec\u00e9m-Nascidos? Com objetivo de facilitar a sua pesquisa, vamos relacionar os melhores planos de sa\u00fade infantis comercializados &#8230;<\/p>\n","protected":false},"author":2,"featured_media":8083,"comment_status":"open","ping_status":"open","sticky":false,"template":"","format":"standard","meta":{"_monsterinsights_skip_tracking":false,"_monsterinsights_sitenote_active":false,"_monsterinsights_sitenote_note":"","_monsterinsights_sitenote_category":0,"footnotes":"","_links_to":"","_links_to_target":""},"categories":[528,33],"tags":[532,530,529,533,531],"class_list":["post-2152","post","type-post","status-publish","format-standard","has-post-thumbnail","hentry","category-plano-de-saude-para-criancas","category-rota-seguros","tag-plano-de-saude-crianca","tag-plano-de-saude-infantil","tag-plano-de-saude-para-crianca","tag-plano-de-saude-para-recem-nascido","tag-plano-de-saude-recem-nascido"],"_links":{"self":[{"href":"https:\/\/www.rotaseguros.com.br\/planosdesaude\/wp-json\/wp\/v2\/posts\/2152","targetHints":{"allow":["GET"]}}],"collection":[{"href":"https:\/\/www.rotaseguros.com.br\/planosdesaude\/wp-json\/wp\/v2\/posts"}],"about":[{"href":"https:\/\/www.rotaseguros.com.br\/planosdesaude\/wp-json\/wp\/v2\/types\/post"}],"author":[{"embeddable":true,"href":"https:\/\/www.rotaseguros.com.br\/planosdesaude\/wp-json\/wp\/v2\/users\/2"}],"replies":[{"embeddable":true,"href":"https:\/\/www.rotaseguros.com.br\/planosdesaude\/wp-json\/wp\/v2\/comments?post=2152"}],"version-history":[{"count":0,"href":"https:\/\/www.rotaseguros.com.br\/planosdesaude\/wp-json\/wp\/v2\/posts\/2152\/revisions"}],"wp:featuredmedia":[{"embeddable":true,"href":"https:\/\/www.rotaseguros.com.br\/planosdesaude\/wp-json\/wp\/v2\/media\/8083"}],"wp:attachment":[{"href":"https:\/\/www.rotaseguros.com.br\/planosdesaude\/wp-json\/wp\/v2\/media?parent=2152"}],"wp:term":[{"taxonomy":"category","embeddable":true,"href":"https:\/\/www.rotaseguros.com.br\/planosdesaude\/wp-json\/wp\/v2\/categories?post=2152"},{"taxonomy":"post_tag","embeddable":true,"href":"https:\/\/www.rotaseguros.com.br\/planosdesaude\/wp-json\/wp\/v2\/tags?post=2152"}],"curies":[{"name":"wp","href":"https:\/\/api.w.org\/{rel}","templated":true}]}}