{"id":22,"date":"2009-03-05T00:37:00","date_gmt":"2009-03-05T00:37:00","guid":{"rendered":"http:\/\/bhplanosdesaude.wordpress.com\/2009\/03\/05\/ans-determina-alienacao-compulsoria-de-carteira-da-aviccena"},"modified":"2018-09-20T08:23:36","modified_gmt":"2018-09-20T10:23:36","slug":"ans-determina-alienacao-compulsoria-de-carteira-da-aviccena","status":"publish","type":"post","link":"https:\/\/www.rotaseguros.com.br\/planosdesaude\/ans-determina-alienacao-compulsoria-de-carteira-da-aviccena\/","title":{"rendered":"ANS determina aliena\u00e7\u00e3o compuls\u00f3ria de carteira da Aviccena"},"content":{"rendered":"<span class=\"span-reading-time rt-reading-time\" style=\"display: block;\"><span class=\"rt-label rt-prefix\">Reading Time: <\/span> <span class=\"rt-time\"> 2<\/span> <span class=\"rt-label rt-postfix\">minutes<\/span><\/span><p><span style=\"font-family: verdana; font-size: 78%;\">A Ag\u00eancia Nacional de Sa\u00fade Suplementar (ANS) decretou a aliena\u00e7\u00e3o compuls\u00f3ria da carteira de benefici\u00e1rios da operadora Aviccena Assist\u00eancia M\u00e9dica Ltda, conhecida tamb\u00e9m como Avimed. A medida consta da Resolu\u00e7\u00e3o Operacional n\u00ba 599, publicada no Di\u00e1rio Oficial da Uni\u00e3o desta sexta-feira. Com isso, a partir da data de recebimento do of\u00edcio, a operadora ter\u00e1 30 dias corridos para transferir para outra empresa sua carteira de cerca de 215 mil benefici\u00e1rios, distribu\u00eddos na cidade de S\u00e3o Paulo, Baixada Santista e ABC paulista.<\/span><\/p>\n<p>Em regime de dire\u00e7\u00e3o fiscal e dire\u00e7\u00e3o t\u00e9cnica desde abril de 2008, a Aviccena n\u00e3o foi capaz de se recuperar de graves problemas assistenciais e econ\u00f4mico-financeiros. Os administradores da operadora encontram-se com seus bens indispon\u00edveis e continuam respons\u00e1veis pela cobertura assistencial dos benefici\u00e1rios at\u00e9 que seja conclu\u00edda a transfer\u00eancia da carteira. A partir de ent\u00e3o, a operadora ser\u00e1 submetida ao processo de liquida\u00e7\u00e3o extrajudicial.<br \/>\n<span id=\"fullpost\" style=\"font-family: verdana; font-size: 78%;\"><br \/>\nOs benefici\u00e1rios que encontrarem dificuldades devem registrar suas reclama\u00e7\u00f5es no Disque ANS (0800 701 9656), nos N\u00facleos Regionais de Atendimento e Fiscaliza\u00e7\u00e3o de S\u00e3o Paulo, ou atrav\u00e9s do Fale Conosco no site da <a href=\"http:\/\/www.ans.gov.br\/\" target=\"_blank\" rel=\"noopener\">http:\/\/www.ans.gov.br\/<\/a>.<\/span><\/p>\n<p>N\u00facleo Regional de Atendimento e Fiscaliza\u00e7\u00e3o da ANS &#8211; S\u00e3o PauloAv. Bela Cintra, 986 &#8211; 4\u00ba andar &#8211; Ed. Rachid SalibaBairro: Jardim Paulista &#8211; CEP: 01415-000Tel.: (11) 3218.3757Fax.: (11) 3218-3861<\/p>\n<p><strong>Veja como acontece o processo de aliena\u00e7\u00e3o compuls\u00f3ria de carteira:<\/strong><\/p>\n<p>&#8211; Publica\u00e7\u00e3o da RO n\u00ba599 no D.O.U em 20de fevereiro de 2009.- Recebimento do of\u00edcio por parte da operadora (come\u00e7am a contar os 30 dias corridos). Esse prazo pode ser prorrogado por 15 dias uma \u00fanica vez, conforme decis\u00e3o da Diretoria Colegiada da ANS.<\/p>\n<p>&#8211; Operadora procura o mercado e negocia sua carteira.- ANS avalia as propostas de outras operadoras interessadas em adquirir a carteira. A ANS analisar\u00e1 a operadora adiquirente quanto a suas condi\u00e7\u00f5es assistencias, estrutura e opera\u00e7\u00e3o e condi\u00e7\u00f5es econ\u00f4mico-financeiras.<\/p>\n<p>&#8211; A partir da aprova\u00e7\u00e3o da ANS, a tranfer\u00eancia da carteira \u00e0 operadora adquirente ocorre sem qualquer interrup\u00e7\u00e3o da cobertura contratada pelos benefici\u00e1rios. A operadora adquirente tem a obriga\u00e7\u00e3o de oferecer as mesmas condi\u00e7\u00f5es j\u00e1 contratadas pelos benefici\u00e1rios.<\/p>\n<p>&#8211; Os recursos provenientes da venda da carteira n\u00e3o poder\u00e3o ser movimentados pela Aviccena, que dever\u00e1 utilizar o dinheiro para amortizar d\u00edvidas na pra\u00e7a.<\/p>\n<p>&#8211; Quando a operadora j\u00e1 estiver sem benefici\u00e1rios, ser\u00e1 poss\u00edvel cancelar seu registro, caso n\u00e3o haja d\u00edvidas, ou decretar a liquida\u00e7\u00e3o extrajudicial.<\/p>\n<p>Todo o processo, est\u00e1 de acordo com o que prev\u00ea a legisla\u00e7\u00e3o de sa\u00fade suplementar: &#8220;Caso a operadora n\u00e3o consiga negociar sua carteira no prazo definido, a ANS publicar\u00e1 edital de convoca\u00e7\u00e3o \u00e0 pra\u00e7a e far\u00e1 oferta p\u00fablica. Nossa inten\u00e7\u00e3o \u00e9 evitar que o benefici\u00e1rio fique sem assist\u00eancia e faremos o que for poss\u00edvel para que a transfer\u00eancia da carteira seja feita para outra empresa que ofere\u00e7a condi\u00e7\u00f5es similares de cobertura assistencial, mensalidades e absor\u00e7\u00e3o das car\u00eancias j\u00e1 cumpridas&#8221;, afirma o Diretor de Normas e Habilita\u00e7\u00e3o de Operadoras, Alfredo Cardoso.<\/p>\n<p>Fonte: <a href=\"http:\/\/www.ans.gov.br\/\" target=\"_blank\" rel=\"noopener\">ANS<\/a><\/p>\n","protected":false},"excerpt":{"rendered":"<p><span class=\"span-reading-time rt-reading-time\" style=\"display: block;\"><span class=\"rt-label rt-prefix\">Reading Time: <\/span> <span class=\"rt-time\"> 2<\/span> <span class=\"rt-label rt-postfix\">minutes<\/span><\/span>A Ag\u00eancia Nacional de Sa\u00fade Suplementar (ANS) decretou a aliena\u00e7\u00e3o compuls\u00f3ria da carteira de benefici\u00e1rios da operadora Aviccena Assist\u00eancia M\u00e9dica Ltda, conhecida tamb\u00e9m como Avimed. A medida consta da Resolu\u00e7\u00e3o &#8230;<\/p>\n","protected":false},"author":2,"featured_media":0,"comment_status":"open","ping_status":"open","sticky":false,"template":"","format":"standard","meta":{"_monsterinsights_skip_tracking":false,"_monsterinsights_sitenote_active":false,"_monsterinsights_sitenote_note":"","_monsterinsights_sitenote_category":0,"footnotes":"","_links_to":"","_links_to_target":""},"categories":[13],"tags":[],"class_list":["post-22","post","type-post","status-publish","format-standard","hentry","category-noticias-ans"],"_links":{"self":[{"href":"https:\/\/www.rotaseguros.com.br\/planosdesaude\/wp-json\/wp\/v2\/posts\/22","targetHints":{"allow":["GET"]}}],"collection":[{"href":"https:\/\/www.rotaseguros.com.br\/planosdesaude\/wp-json\/wp\/v2\/posts"}],"about":[{"href":"https:\/\/www.rotaseguros.com.br\/planosdesaude\/wp-json\/wp\/v2\/types\/post"}],"author":[{"embeddable":true,"href":"https:\/\/www.rotaseguros.com.br\/planosdesaude\/wp-json\/wp\/v2\/users\/2"}],"replies":[{"embeddable":true,"href":"https:\/\/www.rotaseguros.com.br\/planosdesaude\/wp-json\/wp\/v2\/comments?post=22"}],"version-history":[{"count":0,"href":"https:\/\/www.rotaseguros.com.br\/planosdesaude\/wp-json\/wp\/v2\/posts\/22\/revisions"}],"wp:attachment":[{"href":"https:\/\/www.rotaseguros.com.br\/planosdesaude\/wp-json\/wp\/v2\/media?parent=22"}],"wp:term":[{"taxonomy":"category","embeddable":true,"href":"https:\/\/www.rotaseguros.com.br\/planosdesaude\/wp-json\/wp\/v2\/categories?post=22"},{"taxonomy":"post_tag","embeddable":true,"href":"https:\/\/www.rotaseguros.com.br\/planosdesaude\/wp-json\/wp\/v2\/tags?post=22"}],"curies":[{"name":"wp","href":"https:\/\/api.w.org\/{rel}","templated":true}]}}