{"id":2246,"date":"2024-11-12T17:10:36","date_gmt":"2024-11-12T19:10:36","guid":{"rendered":"http:\/\/www.rotaseguros.com.br\/planosdesaude\/?p=2246"},"modified":"2024-11-12T18:11:00","modified_gmt":"2024-11-12T20:11:00","slug":"o-plano-de-saude-medsenior-e-bom-conheca-aqui","status":"publish","type":"post","link":"https:\/\/www.rotaseguros.com.br\/planosdesaude\/o-plano-de-saude-medsenior-e-bom-conheca-aqui\/","title":{"rendered":"O Plano de Sa\u00fade MedS\u00eanior \u00e9 bom? Conhe\u00e7a aqui!"},"content":{"rendered":"<span class=\"span-reading-time rt-reading-time\" style=\"display: block;\"><span class=\"rt-label rt-prefix\">Reading Time: <\/span> <span class=\"rt-time\"> 8<\/span> <span class=\"rt-label rt-postfix\">minutes<\/span><\/span><p><span style=\"font-weight: 400;\">A busca pelo plano de sa\u00fade ideal gera muitas d\u00favidas e desgastes aos benefici\u00e1rios.<\/span><span style=\"font-weight: 400;\"><br \/>\n<\/span><span style=\"font-weight: 400;\">Afinal de contas, para a escolha do melhor plano de sa\u00fade, \u00e9 fundamental compreender as necessidades individuais de cada pessoa. <\/span><span style=\"font-weight: 400;\"><br \/>\n<\/span><span style=\"font-weight: 400;\">Nesse cen\u00e1rio de indaga\u00e7\u00f5es, entender as vantagens de cada plano de sa\u00fade \u00e9 recorrente. Tanto que muita gente deseja saber se <\/span><b>o plano de sa\u00fade MedS\u00eanior \u00e9 bom<\/b><span style=\"font-weight: 400;\">.<\/span><\/p><div id=\"ez-toc-container\" class=\"ez-toc-v2_0_82_2 counter-flat ez-toc-counter ez-toc-grey ez-toc-container-direction\">\n<div class=\"ez-toc-title-container\">\n<p class=\"ez-toc-title\" style=\"cursor:inherit\">Aqui voc\u00ea encontra:<\/p>\n<span class=\"ez-toc-title-toggle\"><a href=\"#\" class=\"ez-toc-pull-right ez-toc-btn ez-toc-btn-xs ez-toc-btn-default ez-toc-toggle\" aria-label=\"Alternar tabela de conte\u00fado\"><span class=\"ez-toc-js-icon-con\"><span class=\"\"><span class=\"eztoc-hide\" style=\"display:none;\">Toggle<\/span><span class=\"ez-toc-icon-toggle-span\"><svg style=\"fill: #999;color:#999\" xmlns=\"http:\/\/www.w3.org\/2000\/svg\" class=\"list-377408\" width=\"20px\" height=\"20px\" viewBox=\"0 0 24 24\" fill=\"none\"><path d=\"M6 6H4v2h2V6zm14 0H8v2h12V6zM4 11h2v2H4v-2zm16 0H8v2h12v-2zM4 16h2v2H4v-2zm16 0H8v2h12v-2z\" fill=\"currentColor\"><\/path><\/svg><svg style=\"fill: #999;color:#999\" class=\"arrow-unsorted-368013\" xmlns=\"http:\/\/www.w3.org\/2000\/svg\" width=\"10px\" height=\"10px\" viewBox=\"0 0 24 24\" version=\"1.2\" baseProfile=\"tiny\"><path d=\"M18.2 9.3l-6.2-6.3-6.2 6.3c-.2.2-.3.4-.3.7s.1.5.3.7c.2.2.4.3.7.3h11c.3 0 .5-.1.7-.3.2-.2.3-.5.3-.7s-.1-.5-.3-.7zM5.8 14.7l6.2 6.3 6.2-6.3c.2-.2.3-.5.3-.7s-.1-.5-.3-.7c-.2-.2-.4-.3-.7-.3h-11c-.3 0-.5.1-.7.3-.2.2-.3.5-.3.7s.1.5.3.7z\"\/><\/svg><\/span><\/span><\/span><\/a><\/span><\/div>\n<nav><ul class='ez-toc-list ez-toc-list-level-1 ' ><li class='ez-toc-page-1'><a class=\"ez-toc-link ez-toc-heading-1\" href=\"https:\/\/www.rotaseguros.com.br\/planosdesaude\/o-plano-de-saude-medsenior-e-bom-conheca-aqui\/#A_historia_do_plano_de_saude_MedSenior\" >A hist\u00f3ria do plano de sa\u00fade MedS\u00eanior<\/a><\/li><li class='ez-toc-page-1'><a class=\"ez-toc-link ez-toc-heading-2\" href=\"https:\/\/www.rotaseguros.com.br\/planosdesaude\/o-plano-de-saude-medsenior-e-bom-conheca-aqui\/#Unidades_proprias\" >Unidades pr\u00f3prias<\/a><\/li><li class='ez-toc-page-1'><a class=\"ez-toc-link ez-toc-heading-3\" href=\"https:\/\/www.rotaseguros.com.br\/planosdesaude\/o-plano-de-saude-medsenior-e-bom-conheca-aqui\/#Sede_Administrativa_MedSenior_Vitoria_ES\" >Sede Administrativa MedS\u00eanior: Vit\u00f3ria ES<\/a><\/li><li class='ez-toc-page-1'><a class=\"ez-toc-link ez-toc-heading-4\" href=\"https:\/\/www.rotaseguros.com.br\/planosdesaude\/o-plano-de-saude-medsenior-e-bom-conheca-aqui\/#Unidade_Belo_Horizonte_MG_Funcionarios\" >Unidade Belo Horizonte MG: Funcion\u00e1rios<\/a><\/li><li class='ez-toc-page-1'><a class=\"ez-toc-link ez-toc-heading-5\" href=\"https:\/\/www.rotaseguros.com.br\/planosdesaude\/o-plano-de-saude-medsenior-e-bom-conheca-aqui\/#Unidade_Brasilia_DF_SIG\" >Unidade Bras\u00edlia DF: SIG<\/a><\/li><li class='ez-toc-page-1'><a class=\"ez-toc-link ez-toc-heading-6\" href=\"https:\/\/www.rotaseguros.com.br\/planosdesaude\/o-plano-de-saude-medsenior-e-bom-conheca-aqui\/#Unidade_Brasilia_Asa_Sul_DF\" >Unidade Bras\u00edlia: Asa Sul DF<\/a><\/li><li class='ez-toc-page-1'><a class=\"ez-toc-link ez-toc-heading-7\" href=\"https:\/\/www.rotaseguros.com.br\/planosdesaude\/o-plano-de-saude-medsenior-e-bom-conheca-aqui\/#Unidade_Centro_de_Diagnostico_Vitoria_ES\" >Unidade Centro de Diagn\u00f3stico: Vit\u00f3ria ES<\/a><\/li><li class='ez-toc-page-1'><a class=\"ez-toc-link ez-toc-heading-8\" href=\"https:\/\/www.rotaseguros.com.br\/planosdesaude\/o-plano-de-saude-medsenior-e-bom-conheca-aqui\/#Unidade_Centro_de_Oncologia_MedSenior_Vitoria_ES\" >Unidade Centro de Oncologia MedS\u00eanior: Vit\u00f3ria ES<\/a><\/li><li class='ez-toc-page-1'><a class=\"ez-toc-link ez-toc-heading-9\" href=\"https:\/\/www.rotaseguros.com.br\/planosdesaude\/o-plano-de-saude-medsenior-e-bom-conheca-aqui\/#Unidade_Centro_de_Terapia_da_Dor_Vitoria_ES\" >Unidade Centro de Terapia da Dor: Vit\u00f3ria ES<\/a><\/li><li class='ez-toc-page-1'><a class=\"ez-toc-link ez-toc-heading-10\" href=\"https:\/\/www.rotaseguros.com.br\/planosdesaude\/o-plano-de-saude-medsenior-e-bom-conheca-aqui\/#Unidade_Contagem_MG_Eldorado\" >Unidade Contagem MG: Eldorado<\/a><\/li><li class='ez-toc-page-1'><a class=\"ez-toc-link ez-toc-heading-11\" href=\"https:\/\/www.rotaseguros.com.br\/planosdesaude\/o-plano-de-saude-medsenior-e-bom-conheca-aqui\/#Unidade_Curitiba_Batel\" >Unidade Curitiba: Batel<\/a><\/li><li class='ez-toc-page-1'><a class=\"ez-toc-link ez-toc-heading-12\" href=\"https:\/\/www.rotaseguros.com.br\/planosdesaude\/o-plano-de-saude-medsenior-e-bom-conheca-aqui\/#Unidade_DF_Taguatinga\" >Unidade DF: Taguatinga<\/a><\/li><li class='ez-toc-page-1'><a class=\"ez-toc-link ez-toc-heading-13\" href=\"https:\/\/www.rotaseguros.com.br\/planosdesaude\/o-plano-de-saude-medsenior-e-bom-conheca-aqui\/#Unidade_Porto_Alegre_RS\" >Unidade Porto Alegre RS<\/a><\/li><li class='ez-toc-page-1'><a class=\"ez-toc-link ez-toc-heading-14\" href=\"https:\/\/www.rotaseguros.com.br\/planosdesaude\/o-plano-de-saude-medsenior-e-bom-conheca-aqui\/#Unidade_Rio_de_Janeiro_Barra_da_Tijuca\" >Unidade Rio de Janeiro: Barra da Tijuca<\/a><\/li><li class='ez-toc-page-1'><a class=\"ez-toc-link ez-toc-heading-15\" href=\"https:\/\/www.rotaseguros.com.br\/planosdesaude\/o-plano-de-saude-medsenior-e-bom-conheca-aqui\/#Unidade_Rio_de_Janeiro_Botafogo\" >Unidade Rio de Janeiro: Botafogo<\/a><\/li><li class='ez-toc-page-1'><a class=\"ez-toc-link ez-toc-heading-16\" href=\"https:\/\/www.rotaseguros.com.br\/planosdesaude\/o-plano-de-saude-medsenior-e-bom-conheca-aqui\/#Unidade_Rio_de_Janeiro_Niteroi\" >Unidade Rio de Janeiro: Niter\u00f3i<\/a><\/li><li class='ez-toc-page-1'><a class=\"ez-toc-link ez-toc-heading-17\" href=\"https:\/\/www.rotaseguros.com.br\/planosdesaude\/o-plano-de-saude-medsenior-e-bom-conheca-aqui\/#Unidade_Rio_de_Janeiro_Tijuca\" >Unidade Rio de Janeiro: Tijuca<\/a><\/li><li class='ez-toc-page-1'><a class=\"ez-toc-link ez-toc-heading-18\" href=\"https:\/\/www.rotaseguros.com.br\/planosdesaude\/o-plano-de-saude-medsenior-e-bom-conheca-aqui\/#Unidade_Sao_Paulo_Av_Paulista\" >Unidade S\u00e3o Paulo: Av. Paulista<\/a><\/li><li class='ez-toc-page-1'><a class=\"ez-toc-link ez-toc-heading-19\" href=\"https:\/\/www.rotaseguros.com.br\/planosdesaude\/o-plano-de-saude-medsenior-e-bom-conheca-aqui\/#Unidade_Sao_Paulo_Santana\" >Unidade S\u00e3o Paulo: Santana<\/a><\/li><li class='ez-toc-page-1'><a class=\"ez-toc-link ez-toc-heading-20\" href=\"https:\/\/www.rotaseguros.com.br\/planosdesaude\/o-plano-de-saude-medsenior-e-bom-conheca-aqui\/#Unidade_Sao_Paulo_Sumarezinho\" >Unidade S\u00e3o Paulo: Sumarezinho<\/a><\/li><li class='ez-toc-page-1'><a class=\"ez-toc-link ez-toc-heading-21\" href=\"https:\/\/www.rotaseguros.com.br\/planosdesaude\/o-plano-de-saude-medsenior-e-bom-conheca-aqui\/#Unidade_Serra_Jardim_Limoeiro\" >Unidade Serra: Jardim Limoeiro<\/a><\/li><li class='ez-toc-page-1'><a class=\"ez-toc-link ez-toc-heading-22\" href=\"https:\/\/www.rotaseguros.com.br\/planosdesaude\/o-plano-de-saude-medsenior-e-bom-conheca-aqui\/#Unidade_Vila_Velha_Centro_Jeronimo_Monteiro\" >Unidade Vila Velha: Centro Jer\u00f4nimo Monteiro<\/a><\/li><li class='ez-toc-page-1'><a class=\"ez-toc-link ez-toc-heading-23\" href=\"https:\/\/www.rotaseguros.com.br\/planosdesaude\/o-plano-de-saude-medsenior-e-bom-conheca-aqui\/#Unidade_Vila_Velha_Gloria_ES\" >Unidade Vila Velha: Gl\u00f3ria ES<\/a><\/li><li class='ez-toc-page-1'><a class=\"ez-toc-link ez-toc-heading-24\" href=\"https:\/\/www.rotaseguros.com.br\/planosdesaude\/o-plano-de-saude-medsenior-e-bom-conheca-aqui\/#Medicina_Preventiva\" >Medicina Preventiva<\/a><\/li><li class='ez-toc-page-1'><a class=\"ez-toc-link ez-toc-heading-25\" href=\"https:\/\/www.rotaseguros.com.br\/planosdesaude\/o-plano-de-saude-medsenior-e-bom-conheca-aqui\/#Oficinas_de_saude_%E2%80%93_Terceira_Idade_%E2%80%93_MedSenior\" >Oficinas de sa\u00fade &#8211; Terceira Idade &#8211; MedS\u00eanior<\/a><\/li><li class='ez-toc-page-1'><a class=\"ez-toc-link ez-toc-heading-26\" href=\"https:\/\/www.rotaseguros.com.br\/planosdesaude\/o-plano-de-saude-medsenior-e-bom-conheca-aqui\/#O_que_e_o_MedSenior_Black\" >O que \u00e9 o MedS\u00eanior Black?<\/a><\/li><li class='ez-toc-page-1'><a class=\"ez-toc-link ez-toc-heading-27\" href=\"https:\/\/www.rotaseguros.com.br\/planosdesaude\/o-plano-de-saude-medsenior-e-bom-conheca-aqui\/#Acessibilidade\" >Acessibilidade<\/a><\/li><li class='ez-toc-page-1'><a class=\"ez-toc-link ez-toc-heading-28\" href=\"https:\/\/www.rotaseguros.com.br\/planosdesaude\/o-plano-de-saude-medsenior-e-bom-conheca-aqui\/#Centros_de_Diagnosticos_MedSenior\" >Centros de Diagn\u00f3sticos MedS\u00eanior<\/a><\/li><li class='ez-toc-page-1'><a class=\"ez-toc-link ez-toc-heading-29\" href=\"https:\/\/www.rotaseguros.com.br\/planosdesaude\/o-plano-de-saude-medsenior-e-bom-conheca-aqui\/#Inovacoes_para_a_terceira_idade\" >Inova\u00e7\u00f5es para a terceira idade\u00a0<\/a><\/li><li class='ez-toc-page-1'><a class=\"ez-toc-link ez-toc-heading-30\" href=\"https:\/\/www.rotaseguros.com.br\/planosdesaude\/o-plano-de-saude-medsenior-e-bom-conheca-aqui\/#Qualidade_MedSenior\" >Qualidade MedS\u00eanior<\/a><\/li><\/ul><\/nav><\/div>\n\n<p><span style=\"font-weight: 400;\">As d\u00favidas sobre o plano podem ser motivadas por in\u00fameros processos. Tanto que nos canais de busca do Google o nome da operadora <\/span><b>MedS\u00eanior<\/b><span style=\"font-weight: 400;\"> \u00e9 constantemente procurado.<\/span><span style=\"font-weight: 400;\"><br \/>\n<\/span><span style=\"font-weight: 400;\"><br \/>\n<\/span><span style=\"font-weight: 400;\">Bem como os servi\u00e7os prestados por ela. Por isso, decidimos fazer este conte\u00fado explicando mais sobre a empresa e respondendo aos questionamentos.<\/span><\/p>\n<p><span style=\"font-weight: 400;\"><img loading=\"lazy\" decoding=\"async\" class=\"alignnone  wp-image-28700\" src=\"https:\/\/www.rotaseguros.com.br\/planosdesaude\/wp-content\/uploads\/2022\/04\/8-300x75.png\" alt=\"medsenior\" width=\"780\" height=\"195\" srcset=\"https:\/\/www.rotaseguros.com.br\/planosdesaude\/wp-content\/uploads\/2022\/04\/8-300x75.png 300w, https:\/\/www.rotaseguros.com.br\/planosdesaude\/wp-content\/uploads\/2022\/04\/8-1024x256.png 1024w, https:\/\/www.rotaseguros.com.br\/planosdesaude\/wp-content\/uploads\/2022\/04\/8-768x192.png 768w, https:\/\/www.rotaseguros.com.br\/planosdesaude\/wp-content\/uploads\/2022\/04\/8-980x245.png 980w, https:\/\/www.rotaseguros.com.br\/planosdesaude\/wp-content\/uploads\/2022\/04\/8-480x120.png 480w, https:\/\/www.rotaseguros.com.br\/planosdesaude\/wp-content\/uploads\/2022\/04\/8.png 1080w\" sizes=\"auto, (max-width: 780px) 100vw, 780px\" \/><br \/>\n<\/span><\/p>\n<h2><span class=\"ez-toc-section\" id=\"A_historia_do_plano_de_saude_MedSenior\"><\/span><span style=\"font-weight: 400;\">A hist\u00f3ria do plano de sa\u00fade MedS\u00eanior<\/span><span class=\"ez-toc-section-end\"><\/span><\/h2>\n<p><span style=\"font-weight: 400;\">Criada pelo Grupo Samedil, que conta com mais de 20 anos de mercado, A MedSenior nasce com o intuito de gerar solu\u00e7\u00f5es de sa\u00fade para a terceira idade. Todo esse hist\u00f3rico do grupo, garante respaldo e solidez, o que j\u00e1 podemos contar pontos importante para chegar \u00e0 resposta se <\/span><b>o plano de sa\u00fade MedS\u00eanior \u00e9 bom<\/b><span style=\"font-weight: 400;\">, n\u00e3o \u00e9 mesmo?<\/span><\/p>\n<p><span style=\"font-weight: 400;\">Al\u00e9m disso, o n\u00famero crescente de benefici\u00e1rios tamb\u00e9m sinaliza a tend\u00eancia de efici\u00eancia do plano de sa\u00fade. Ao todo, s\u00e3o mais de 20 mil vidas atendidas, que, na grande maioria, avaliam muito bem os servi\u00e7os prestados.<\/span><\/p>\n<p><span style=\"font-weight: 400;\">Tanto que segundo o resultado da pesquisa aplicada seguindo as regras estipuladas pela Ag\u00eancia Nacional de Sa\u00fade Suplementar (ANS), 92% dos benefici\u00e1rios aprovaram os servi\u00e7os da MedS\u00eanior.<\/span><\/p>\n<p><span style=\"font-weight: 400;\">Nesse sentido, um dos fatores para a satisfa\u00e7\u00e3o dos benefici\u00e1rios est\u00e1 na estrutura pr\u00f3pria idealizada pela MedS\u00eanior, assim como a rede credenciada para atendimentos preparados aos benefici\u00e1rios da terceira idade. Sendo que no processo preventivo h\u00e1 programas exclusivos desenvolvidos para o acolhimento dos idosos.<\/span><\/p>\n<p>&nbsp;<\/p>\n<h2><span class=\"ez-toc-section\" id=\"Unidades_proprias\"><\/span><span style=\"font-weight: 400;\">Unidades pr\u00f3prias<\/span><span class=\"ez-toc-section-end\"><\/span><\/h2>\n<p>&nbsp;<\/p>\n<p><span style=\"font-weight: 400;\">Quando o assunto \u00e9 atendimento de qualidade para a melhor idade, a MedS\u00eanior n\u00e3o brinca em servi\u00e7o!<\/span><span style=\"font-weight: 400;\"><br \/>\n<\/span><span style=\"font-weight: 400;\">Hoje a operadora conta com 24 unidades pr\u00f3prias de atendimento exclusivo para a terceira idade.<\/span><span style=\"font-weight: 400;\"><\/p>\n<p><\/span><span style=\"font-weight: 400;\">Al\u00e9m disso, a operadora tamb\u00e9m possui o primeiro hospital geri\u00e1trico do Brasil: O Hospital MedS\u00eanior em Vit\u00f3ria -ES.<\/span><span style=\"font-weight: 400;\"><br \/>\n<\/span><span style=\"font-weight: 400;\">A Unidade tem capacidade para atendimentos de urg\u00eancia e emerg\u00eancia e 8 mil consultas mensais, al\u00e9m de 107 leitos, tr\u00eas centros cir\u00fargicos para procedimentos de alta complexidade, centro de diagn\u00f3sticos com espa\u00e7o para tomografia, ecocardiograma, endoscopia e ultrassonografia.\u00a0<\/span><\/p>\n<p><span style=\"font-weight: 400;\">Presente em v\u00e1rias regi\u00f5es do pa\u00eds, confira abaixo a lista de unidades pr\u00f3prias da MedS\u00eanior:<\/span><\/p>\n<ul>\n<li style=\"font-weight: 400;\" aria-level=\"1\">\n<h4><span class=\"ez-toc-section\" id=\"Sede_Administrativa_MedSenior_Vitoria_ES\"><\/span><span style=\"font-weight: 400;\">Sede Administrativa MedS\u00eanior: Vit\u00f3ria ES<\/span><span class=\"ez-toc-section-end\"><\/span><\/h4>\n<\/li>\n<\/ul>\n<p><span style=\"font-weight: 400;\">Telefone: 4007-2001<br \/>\nRua Pedro Fonseca, 170 &#8211; Monte Belo &#8211; Vit\u00f3ria-ES CEP 29.053-280<\/span><\/p>\n<p><span style=\"font-weight: 400;\">Servi\u00e7os oferecidos nessa unidade:<\/span><\/p>\n<ul>\n<li><span style=\"font-weight: 400;\">\u2013 Consultas eletivas<\/span><\/li>\n<li><span style=\"font-weight: 400;\">\u2013 Cl\u00ednica m\u00e9dica<\/span><\/li>\n<li><span style=\"font-weight: 400;\">\u2013 Geriatria<\/span><\/li>\n<li><span style=\"font-weight: 400;\">\u2013 Oftalmologia<\/span><\/li>\n<li style=\"font-weight: 400;\" aria-level=\"1\">\n<h4><span class=\"ez-toc-section\" id=\"Unidade_Belo_Horizonte_MG_Funcionarios\"><\/span><span style=\"font-weight: 400;\">Unidade Belo Horizonte MG: Funcion\u00e1rios<\/span><span class=\"ez-toc-section-end\"><\/span><\/h4>\n<\/li>\n<\/ul>\n<p><span style=\"font-weight: 400;\">Telefone: 4007-2001<br \/>\n<\/span><span style=\"font-weight: 400;\">Avenida do Contorno, 4.125 &#8211; Funcion\u00e1rios &#8211; Belo Horizonte-MG &#8211; CEP: 30.110-021<\/p>\n<p><\/span><span style=\"font-weight: 400;\">Servi\u00e7os oferecidos nessa unidade:<\/span><\/p>\n<ul>\n<li><span style=\"font-weight: 400;\">\u2013 Geriatria<\/span><\/li>\n<li><span style=\"font-weight: 400;\">\u2013 Cl\u00ednico geral<\/span><\/li>\n<li><span style=\"font-weight: 400;\">\u2013 Nutricionista<\/span><\/li>\n<li><span style=\"font-weight: 400;\">\u2013 Oftalmologia<\/span><\/li>\n<li><span style=\"font-weight: 400;\">\u2013 N\u00facleo de Autonomia e Independ\u00eancia<\/span><\/li>\n<li><span style=\"font-weight: 400;\">\u2013 Oficinas de Sa\u00fade<\/span><\/li>\n<li><span style=\"font-weight: 400;\">\u2013\u00a0 Cl\u00ednica da Dor\n<p><\/span><\/li>\n<li><span style=\"color: #333333; font-size: 18px;\">Unidade Belo Horizonte MG: Gutierrez\n<p><\/span><\/p>\n<p><span style=\"font-weight: 400;\">Telefone:4007-2001<br \/>\n<\/span><span style=\"font-weight: 400;\">Av do Contorno, 8477, Gutierrez, Belo Horizonte<\/span><\/p>\n<\/li>\n<\/ul>\n<p><span style=\"font-weight: 400;\">Servi\u00e7os oferecidos nessa unidade:<\/span><\/p>\n<ul>\n<li><span style=\"font-weight: 400;\">&#8211; Consultas\u00a0<\/span><\/li>\n<li><span style=\"font-weight: 400;\">&#8211; Atendimentos de urg\u00eancia e emerg\u00eancia<\/span><\/li>\n<li><span style=\"font-weight: 400;\">&#8211; Pronto-socorro<\/span><\/li>\n<li><span style=\"font-weight: 400;\">&#8211; Exames cl\u00ednicos<\/span><\/li>\n<li><span style=\"font-weight: 400;\">&#8211; Tomografia computadorizada<\/span><\/li>\n<li><span style=\"font-weight: 400;\">&#8211; Radiografia\u00a0<\/span><\/li>\n<li><span style=\"font-weight: 400;\">&#8211; Eletrocardiograma<\/span><\/li>\n<li><span style=\"font-weight: 400;\">&#8211; Centro de Oncologia MedS\u00eanior<br \/>\n<\/span><\/li>\n<li>\n<h4><span class=\"ez-toc-section\" id=\"Unidade_Brasilia_DF_SIG\"><\/span><span style=\"font-weight: 400;\">Unidade Bras\u00edlia DF: SIG<\/span><span class=\"ez-toc-section-end\"><\/span><\/h4>\n<\/li>\n<\/ul>\n<p><span style=\"font-weight: 400;\">Telefone:4007-2001<br \/>\n<\/span>Centro Empresarial Capital Financial Center SIG 04, Lot 83, Bras\u00edlia &#8211; DF<\/p>\n<p><span style=\"font-weight: 400;\">Servi\u00e7os oferecidos nessa unidade:<\/span><\/p>\n<ul>\n<li><span style=\"font-weight: 400;\">\u2013 Ultrassonografia<\/span><\/li>\n<li><span style=\"font-weight: 400;\">\u2013 Mamografia<\/span><\/li>\n<li><span style=\"font-weight: 400;\">\u2013 Desintometria<\/span><\/li>\n<li><span style=\"font-weight: 400;\">\u2013 Tomografia<\/span><\/li>\n<li><span style=\"font-weight: 400;\">\u2013 Raio X<\/span><\/li>\n<li><span style=\"font-weight: 400;\">\u2013 Endoscopia<\/span><\/li>\n<li><span style=\"font-weight: 400;\">\u2013 Colonoscopia<\/span><\/li>\n<li><span style=\"font-weight: 400;\">\u2013 Teste ergom\u00e9trico<\/span><\/li>\n<li><span style=\"font-weight: 400;\">\u2013 Eletrocardiograma<\/span><\/li>\n<li><span style=\"font-weight: 400;\">\u2013 M.A.P.A<\/span><\/li>\n<li><span style=\"font-weight: 400;\">\u2013 Holter<\/span><\/li>\n<li><span style=\"font-weight: 400;\">\u2013 Eletroencefalograma<\/span><\/li>\n<li><span style=\"font-weight: 400;\">\u2013 Polissonografia<\/span><\/li>\n<li><span style=\"font-weight: 400;\">\u2013 Ecocardiograma<\/span><\/li>\n<li style=\"font-weight: 400;\" aria-level=\"1\">\n<h4><span class=\"ez-toc-section\" id=\"Unidade_Brasilia_Asa_Sul_DF\"><\/span><span style=\"font-weight: 400;\">Unidade Bras\u00edlia: Asa Sul DF<\/span><span class=\"ez-toc-section-end\"><\/span><\/h4>\n<\/li>\n<li><span style=\"font-weight: 400;\">Telefone: 4007-2001<br \/>\n<\/span>SHS QUADRA 04 BLOCO G S\/N &#8211; ASA SUL, Bras\u00edlia &#8211; DF<\/li>\n<\/ul>\n<p><span style=\"font-weight: 400;\">Servi\u00e7os oferecidos nessa unidade:<\/span><\/p>\n<ul>\n<li><span style=\"font-weight: 400;\">\u2013 Geriatria<\/span><\/li>\n<li><span style=\"font-weight: 400;\">\u2013 Cl\u00ednico geral<\/span><\/li>\n<li><span style=\"font-weight: 400;\">\u2013 Oftalmologista<\/span><\/li>\n<li style=\"font-weight: 400;\" aria-level=\"1\">\n<h4><span class=\"ez-toc-section\" id=\"Unidade_Centro_de_Diagnostico_Vitoria_ES\"><\/span><span style=\"font-weight: 400;\">Unidade Centro de Diagn\u00f3stico: Vit\u00f3ria ES<\/span><span class=\"ez-toc-section-end\"><\/span><\/h4>\n<\/li>\n<\/ul>\n<p><span style=\"font-weight: 400;\">Telefone: 4007-2001<br \/>\n<\/span><span style=\"font-weight: 400;\">Rua Eug\u00eanio Netto, 30 &#8211; Praia do Canto\/Vit\u00f3ria<\/span><\/p>\n<p><span style=\"font-weight: 400;\">Servi\u00e7os oferecidos nessa unidade:<\/span><\/p>\n<ul>\n<li><span style=\"font-weight: 400;\">\u2013 Coleta laboratorial<\/span><\/li>\n<li><span style=\"font-weight: 400;\">\u2013 Holter<\/span><\/li>\n<li><span style=\"font-weight: 400;\">\u2013 M.A.P.A<\/span><\/li>\n<li><span style=\"font-weight: 400;\">\u2013 Eletrocardiograma<\/span><\/li>\n<li><span style=\"font-weight: 400;\">\u2013 Ecocardiograma<\/span><\/li>\n<li><span style=\"font-weight: 400;\">\u2013 Ultrassonografia<\/span><\/li>\n<li><span style=\"font-weight: 400;\">\u2013 Ultrassom com Doppler<\/span><\/li>\n<li><span style=\"font-weight: 400;\">\u2013 Mamografia<\/span><\/li>\n<li><span style=\"font-weight: 400;\">\u2013 Raio-x<\/span><\/li>\n<li><span style=\"font-weight: 400;\">\u2013Teste Ergom\u00e9trico<\/span><\/li>\n<li><span style=\"font-weight: 400;\">\u2013 Densitometria \u00d3ssea<\/span><\/li>\n<li><span style=\"font-weight: 400;\">\u2013 Ultrassonografia<\/span><\/li>\n<li style=\"font-weight: 400;\" aria-level=\"1\">\n<h4><span class=\"ez-toc-section\" id=\"Unidade_Centro_de_Oncologia_MedSenior_Vitoria_ES\"><\/span><span style=\"font-weight: 400;\">Unidade Centro de Oncologia MedS\u00eanior: Vit\u00f3ria ES<\/span><span class=\"ez-toc-section-end\"><\/span><\/h4>\n<\/li>\n<\/ul>\n<p><span style=\"font-weight: 400;\">Telefone: 4007-2001<br \/>\n<\/span>Rua Aleixo Netto, 1648 &#8211; 2\u00b0 Pavimento &#8211; Praia do Canto &#8211; Vit\u00f3ria &#8211; ES<\/p>\n<p><span style=\"font-weight: 400;\">Servi\u00e7os oferecidos nessa unidade:<\/span><\/p>\n<ul>\n<li><span style=\"font-weight: 400;\">\u2013 Consult\u00f3rios Oncologia<\/span><\/li>\n<li><span style=\"font-weight: 400;\">\u2013 Quimioterapia<\/span><\/li>\n<li style=\"font-weight: 400;\" aria-level=\"1\">\n<h4><span class=\"ez-toc-section\" id=\"Unidade_Centro_de_Terapia_da_Dor_Vitoria_ES\"><\/span><span style=\"font-weight: 400;\">Unidade Centro de Terapia da Dor: Vit\u00f3ria ES<\/span><span class=\"ez-toc-section-end\"><\/span><\/h4>\n<\/li>\n<\/ul>\n<p><span style=\"font-weight: 400;\">Telefone: 4007-2001<br \/>\n<\/span><span style=\"font-weight: 400;\">Rua Aleixo Netto, 1648 &#8211; 1\u00b0 Pavimento &#8211; Praia do Canto &#8211; Vit\u00f3ria &#8211; ES<\/span><\/p>\n<p><span style=\"font-weight: 400;\">Servi\u00e7os oferecidos nessa unidade:<\/span><\/p>\n<ul>\n<li><span style=\"font-weight: 400;\">\u2013 Tratamento para dores agudas ou cr\u00f4nicas nos ombros, coluna, quadril, joelhos e dores difusas\/fibromialgias.<\/span><\/li>\n<li><span style=\"font-weight: 400;\">\u2013 Atendimento psicol\u00f3gico e fisioterap\u00eautico\u00a0<\/span><\/li>\n<li><span style=\"font-weight: 400;\">&#8211; Centro de Terapia da Dor<\/span><\/li>\n<li><span style=\"font-weight: 400;\">&#8211; Realiza\u00e7\u00e3o de procedimentos como infiltra\u00e7\u00f5es articulares, bloqueios e aplica\u00e7\u00e3o de toxina botul\u00ednica.<\/span><\/li>\n<li style=\"font-weight: 400;\" aria-level=\"1\">\n<h4><span class=\"ez-toc-section\" id=\"Unidade_Contagem_MG_Eldorado\"><\/span><span style=\"font-weight: 400;\">Unidade Contagem MG: Eldorado<\/span><span class=\"ez-toc-section-end\"><\/span><\/h4>\n<\/li>\n<\/ul>\n<p><span style=\"font-weight: 400;\">Telefone: 4007-2001<br \/>\n<\/span><span style=\"font-weight: 400;\">Av Jo\u00e3o C\u00e9sar de Oliveira, 1046 &#8211; Eldorado &#8211; Contagem-MG &#8211; CEP: 32310-000<\/span><\/p>\n<p><span style=\"font-weight: 400;\">Servi\u00e7os oferecidos nessa unidade:<\/span><\/p>\n<ul>\n<li><span style=\"font-weight: 400;\">\u2013 Geriatria<\/span><\/li>\n<li><span style=\"font-weight: 400;\">\u2013 Cl\u00ednico geral<\/span><\/li>\n<li><span style=\"font-weight: 400;\">\u2013 Nutricionista<\/span><\/li>\n<li><span style=\"font-weight: 400;\">\u2013 Oftalmologia<\/span><\/li>\n<li style=\"font-weight: 400;\" aria-level=\"1\">\n<h4><span class=\"ez-toc-section\" id=\"Unidade_Curitiba_Batel\"><\/span><span style=\"font-weight: 400;\">Unidade Curitiba: Batel<\/span><span class=\"ez-toc-section-end\"><\/span><\/h4>\n<\/li>\n<\/ul>\n<p><span style=\"font-weight: 400;\">Telefone: 4007-2001<br \/>\n<\/span><span style=\"font-weight: 400;\">Av. do Batel, 1693 &#8211; Batel, Curitiba-PR &#8211; CEP: 80420-090<\/span><\/p>\n<p><span style=\"font-weight: 400;\">Servi\u00e7os oferecidos nessa unidade:<\/span><\/p>\n<ul>\n<li><span style=\"font-weight: 400;\">\u2013 Medicina preventiva<\/span><\/li>\n<li><span style=\"font-weight: 400;\">\u2013 N\u00facleo de Autonomia e Independ\u00eancia (NAI)<\/span><\/li>\n<li><span style=\"font-weight: 400;\">\u2013 Oficinas de sa\u00fade<\/span><\/li>\n<li><span style=\"font-weight: 400;\">\u2013 Centro de Terapia da Dor<\/span><\/li>\n<li style=\"font-weight: 400;\" aria-level=\"1\">\n<h4><span class=\"ez-toc-section\" id=\"Unidade_DF_Taguatinga\"><\/span><span style=\"font-weight: 400;\">Unidade DF: Taguatinga<\/span><span class=\"ez-toc-section-end\"><\/span><\/h4>\n<\/li>\n<\/ul>\n<p><span style=\"font-weight: 400;\">Telefone: 4007-2001<br \/>\n<\/span><span style=\"font-weight: 400;\">Setor C norte, TAGUATINGA &#8211; DF<\/span><\/p>\n<p><span style=\"font-weight: 400;\">Servi\u00e7os oferecidos nessa unidade:<\/span><\/p>\n<ul>\n<li><span style=\"font-weight: 400;\">\u2013 Geriatria<\/span><\/li>\n<li><span style=\"font-weight: 400;\">\u2013 Cl\u00ednico geral<\/span><\/li>\n<li><span style=\"font-weight: 400;\">\u2013 Oftalmologista<\/span><\/li>\n<li style=\"font-weight: 400;\" aria-level=\"1\">\n<h4><span class=\"ez-toc-section\" id=\"Unidade_Porto_Alegre_RS\"><\/span><span style=\"font-weight: 400;\">Unidade Porto Alegre RS<\/span><span class=\"ez-toc-section-end\"><\/span><\/h4>\n<\/li>\n<\/ul>\n<p><span style=\"font-weight: 400;\">Telefone:4007-2001<br \/>\n<\/span><span style=\"font-weight: 400;\">Av. Crist\u00f3v\u00e3o Colombo, 813 &#8211; Floresta, Porto Alegre, RS<\/span><\/p>\n<p><span style=\"font-weight: 400;\">Servi\u00e7os oferecidos nessa unidade:<\/span><\/p>\n<ul>\n<li><span style=\"font-weight: 400;\">\u2013 Atendimento m\u00e9dico (Consultas)<\/span><\/li>\n<li><span style=\"font-weight: 400;\">\u2013 Medicina preventiva ( M\u00e9dico fam\u00edlia e comunidade, cl\u00ednica m\u00e9dica e geriatria)\u00a0<\/span><\/li>\n<li><span style=\"font-weight: 400;\">\u2013 N\u00facleo de Autonomia e Independ\u00eancia (NAI)<\/span><\/li>\n<li><span style=\"font-weight: 400;\">\u2013 Oficinas de sa\u00fade (apenas NAI)<\/span><\/li>\n<li><span style=\"font-weight: 400;\">\u2013 Oftalmologia (subespecialidades: retina e catarata)\u00a0<\/span><\/li>\n<li><span style=\"font-weight: 400;\">\u2013 Paquimetria<\/span><\/li>\n<li><span style=\"font-weight: 400;\">\u2013 Gonioscopia<\/span><\/li>\n<li><span style=\"font-weight: 400;\">\u2013 Mapeamento de retina<\/span><\/li>\n<li><span style=\"font-weight: 400;\">\u2013 Tonometria<\/span><\/li>\n<li><span style=\"font-weight: 400;\">\u2013 Potencial de acuidade visual<\/span><\/li>\n<li><span style=\"font-weight: 400;\">\u2013 Avalia\u00e7\u00e3o de vias l\u00e1grimas (teste de schimer)<\/span><\/li>\n<li><span style=\"font-weight: 400;\">\u2013 Curva tensional<\/span><\/li>\n<li style=\"font-weight: 400;\" aria-level=\"1\">\n<h4><span class=\"ez-toc-section\" id=\"Unidade_Rio_de_Janeiro_Barra_da_Tijuca\"><\/span><span style=\"font-weight: 400;\">Unidade Rio de Janeiro: Barra da Tijuca<\/span><span class=\"ez-toc-section-end\"><\/span><\/h4>\n<\/li>\n<\/ul>\n<p><span style=\"font-weight: 400;\">Telefone: 4007-2001<br \/>\n<\/span><span style=\"font-weight: 400;\">Av. das Am\u00e9ricas, 700 &#8211; Shopping Citta, Bloco 8, 3\u00ba andar &#8211; Barra da Tijuca, RJ<\/span><\/p>\n<p><span style=\"font-weight: 400;\">Servi\u00e7os oferecidos nessa unidade:<\/span><\/p>\n<ul>\n<li><span style=\"font-weight: 400;\">\u2013 Geriatria<\/span><\/li>\n<li><span style=\"font-weight: 400;\">\u2013 Medicina da fam\u00edlia<\/span><\/li>\n<li><span style=\"font-weight: 400;\">\u2013 Cardiologia<\/span><\/li>\n<li><span style=\"font-weight: 400;\">\u2013 Nutricionista<\/span><\/li>\n<li><span style=\"font-weight: 400;\">\u2013 Endocrinologista (Prime Diabetes)<\/span><\/li>\n<li><span style=\"font-weight: 400;\">\u2013 Oficinas de sa\u00fade<\/span><\/li>\n<li><span style=\"font-weight: 400;\">\u2013 Neurologista<\/span><\/li>\n<li><span style=\"font-weight: 400;\">\u2013 M.A.P.A<\/span><\/li>\n<li><span style=\"font-weight: 400;\">\u2013 Holter<\/span><\/li>\n<li><span style=\"font-weight: 400;\">\u2013 Eletrocardiograma<\/span><\/li>\n<li style=\"font-weight: 400;\" aria-level=\"1\">\n<h4><span class=\"ez-toc-section\" id=\"Unidade_Rio_de_Janeiro_Botafogo\"><\/span><span style=\"font-weight: 400;\">Unidade Rio de Janeiro: Botafogo<\/span><span class=\"ez-toc-section-end\"><\/span><\/h4>\n<\/li>\n<\/ul>\n<p><span style=\"font-weight: 400;\">Telefone: 4007-2001<br \/>\n<\/span>Praia de Botafogo, 501 &#8211; Botafogo, Rio de Janeiro-RJ &#8211; Centro Empresarial Mourisco<\/p>\n<p><span style=\"font-weight: 400;\">Servi\u00e7os oferecidos nessa unidade:<\/span><\/p>\n<ul>\n<li><span style=\"font-weight: 400;\">\u2013 Geriatria<\/span><\/li>\n<li><span style=\"font-weight: 400;\">\u2013 Medicina da fam\u00edlia<\/span><\/li>\n<li><span style=\"font-weight: 400;\">\u2013 Cardiologia<\/span><\/li>\n<li><span style=\"font-weight: 400;\">\u2013 Pneumologia<\/span><\/li>\n<li><span style=\"font-weight: 400;\">\u2013 Nutricionista<\/span><\/li>\n<li><span style=\"font-weight: 400;\">\u2013 Endocrinologista<\/span><\/li>\n<li><span style=\"font-weight: 400;\">\u2013 Oficinas de sa\u00fade<\/span><\/li>\n<li><span style=\"font-weight: 400;\">\u2013 M.A.P.A<\/span><\/li>\n<li><span style=\"font-weight: 400;\">\u2013 Holter<\/span><\/li>\n<li><span style=\"font-weight: 400;\">\u2013 Eletrocardiograma<\/span><\/li>\n<li><span style=\"font-weight: 400;\">\u2013 Polissonografia<\/span><\/li>\n<li><span style=\"font-weight: 400;\">\u2013 Ultrassonografia<\/span><\/li>\n<li><span style=\"font-weight: 400;\">\u2013 Doppler<\/span><\/li>\n<li style=\"font-weight: 400;\" aria-level=\"1\">\n<h4><span class=\"ez-toc-section\" id=\"Unidade_Rio_de_Janeiro_Niteroi\"><\/span><span style=\"font-weight: 400;\">Unidade Rio de Janeiro: Niter\u00f3i<\/span><span class=\"ez-toc-section-end\"><\/span><\/h4>\n<\/li>\n<\/ul>\n<p><span style=\"font-weight: 400;\">Telefone: 4007-2001<br \/>\n<\/span><span style=\"font-weight: 400;\">Av. Roberto Silveira, 483 &#8211; Icara\u00ed &#8211; Niter\u00f3i-RJ<\/span><\/p>\n<p><span style=\"font-weight: 400;\">Servi\u00e7os oferecidos nessa unidade:<\/span><\/p>\n<ul>\n<li><span style=\"font-weight: 400;\">\u2013 Medicina da fam\u00edlia<\/span><\/li>\n<li><span style=\"font-weight: 400;\">\u2013 Geriatria<\/span><\/li>\n<li><span style=\"font-weight: 400;\">\u2013 Cardiologia<\/span><\/li>\n<li><span style=\"font-weight: 400;\">\u2013 Nutricionista<\/span><\/li>\n<li><span style=\"font-weight: 400;\">\u2013 Oftalmologista<\/span><\/li>\n<li><span style=\"font-weight: 400;\">\u2013 Oficinas de sa\u00fade<\/span><\/li>\n<li><span style=\"font-weight: 400;\">\u2013 M.A.P.A<\/span><\/li>\n<li><span style=\"font-weight: 400;\">\u2013 Holter<\/span><\/li>\n<li><span style=\"font-weight: 400;\">\u2013 Eletrocardiograma<\/span><\/li>\n<li style=\"font-weight: 400;\" aria-level=\"1\">\n<h4><span class=\"ez-toc-section\" id=\"Unidade_Rio_de_Janeiro_Tijuca\"><\/span><span style=\"font-weight: 400;\">Unidade Rio de Janeiro: Tijuca<\/span><span class=\"ez-toc-section-end\"><\/span><\/h4>\n<\/li>\n<\/ul>\n<p><span style=\"font-weight: 400;\">Telefone: 4007-2001<br \/>\n<\/span><span style=\"font-weight: 400;\">Av. Maracan\u00e3, 987 &#8211; Tijuca, Rio de Janeiro-RJ &#8211; Shopping Tijuca Bloco 3<\/span><\/p>\n<p><span style=\"font-weight: 400;\">Servi\u00e7os oferecidos nessa unidade:<\/span><\/p>\n<ul>\n<li><span style=\"font-weight: 400;\">\u2013 Geriatria<\/span><\/li>\n<li><span style=\"font-weight: 400;\">\u2013 Medicina da fam\u00edlia<\/span><\/li>\n<li><span style=\"font-weight: 400;\">\u2013 Cardiologia<\/span><\/li>\n<li><span style=\"font-weight: 400;\">\u2013 Nutricionista<\/span><\/li>\n<li><span style=\"font-weight: 400;\">\u2013 Hepatologista<\/span><\/li>\n<li><span style=\"font-weight: 400;\">\u2013 Endocrinologista (Prime Diabetes)<\/span><\/li>\n<li><span style=\"font-weight: 400;\">\u2013 Oficinas de sa\u00fade<\/span><\/li>\n<li><span style=\"font-weight: 400;\">\u2013 M.A.P.A<\/span><\/li>\n<li><span style=\"font-weight: 400;\">\u2013 Holter<\/span><\/li>\n<li><span style=\"font-weight: 400;\">\u2013 Eletrocardiograma<\/span><\/li>\n<li><span style=\"font-weight: 400;\">\u2013 Ultrassonografia<\/span><\/li>\n<li><span style=\"font-weight: 400;\">\u2013 Doppler<\/span><\/li>\n<li style=\"font-weight: 400;\" aria-level=\"1\">\n<h4><span class=\"ez-toc-section\" id=\"Unidade_Sao_Paulo_Av_Paulista\"><\/span><span style=\"font-weight: 400;\">Unidade S\u00e3o Paulo: Av. Paulista<\/span><span class=\"ez-toc-section-end\"><\/span><\/h4>\n<\/li>\n<\/ul>\n<p><span style=\"font-weight: 400;\">Telefone: 4007-2001<br \/>\n<\/span><span style=\"font-weight: 400;\">Edif\u00edcio: Bar\u00e3o do Amparo &#8211; Avenida Paulista, n\u00ba 2006 \u2013 15\u00ba andar \/ bairro: bela vista\u00a0<\/span><\/p>\n<p><span style=\"font-weight: 400;\">Servi\u00e7os oferecidos nessa unidade:<\/span><\/p>\n<ul>\n<li><span style=\"font-weight: 400;\">\u2013 Consultas m\u00e9dicas eletivas (presenciais)<\/span><\/li>\n<li><span style=\"font-weight: 400;\">\u2013 Cl\u00ednico geral<\/span><\/li>\n<li><span style=\"font-weight: 400;\">\u2013 Geriatria<\/span><\/li>\n<li><span style=\"font-weight: 400;\">\u2013 Medicina da Fam\u00edlia\u00a0<\/span><\/li>\n<li><span style=\"font-weight: 400;\">\u2013 Consulta de enfermagem\u00a0<\/span><\/li>\n<li><span style=\"font-weight: 400;\">\u2013 Avalia\u00e7\u00e3o e realiza\u00e7\u00e3o de curativo<\/span><\/li>\n<li><span style=\"font-weight: 400;\">\u2013 Realiza\u00e7\u00e3o do PEC<\/span><\/li>\n<li><span style=\"font-weight: 400;\">\u2013 Avalia\u00e7\u00e3o de medicina preventiva<\/span><\/li>\n<li style=\"font-weight: 400;\" aria-level=\"1\">\n<h4><span class=\"ez-toc-section\" id=\"Unidade_Sao_Paulo_Santana\"><\/span><span style=\"font-weight: 400;\">Unidade S\u00e3o Paulo: Santana<\/span><span class=\"ez-toc-section-end\"><\/span><\/h4>\n<\/li>\n<\/ul>\n<p><span style=\"font-weight: 400;\">Telefone: 4007-2001<br \/>\n<\/span><span style=\"font-weight: 400;\">rua Volunt\u00e1rios da P\u00e1tria, n\u00ba 2239\/2247 \u2013 bairro: Santana<\/span><\/p>\n<p><span style=\"font-weight: 400;\">Servi\u00e7os oferecidos nessa unidade:<\/span><\/p>\n<ul>\n<li><span style=\"font-weight: 400;\">\u2013 Consultas m\u00e9dicas eletivas (presenciais)<\/span><\/li>\n<li><span style=\"font-weight: 400;\">\u2013 Cl\u00ednico geral<\/span><\/li>\n<li><span style=\"font-weight: 400;\">\u2013 Geriatria<\/span><\/li>\n<li><span style=\"font-weight: 400;\">\u2013 Medicina da Fam\u00edlia\u00a0<\/span><\/li>\n<li><span style=\"font-weight: 400;\">\u2013 Consulta de enfermagem\u00a0<\/span><\/li>\n<li><span style=\"font-weight: 400;\">\u2013 Avalia\u00e7\u00e3o e realiza\u00e7\u00e3o de curativo<\/span><\/li>\n<li><span style=\"font-weight: 400;\">\u2013 Realiza\u00e7\u00e3o do PEC<\/span><\/li>\n<li><span style=\"font-weight: 400;\">\u2013 Avalia\u00e7\u00e3o de medicina preventiva<\/span><\/li>\n<li style=\"font-weight: 400;\" aria-level=\"1\">\n<h4><span class=\"ez-toc-section\" id=\"Unidade_Sao_Paulo_Sumarezinho\"><\/span><span style=\"font-weight: 400;\">Unidade S\u00e3o Paulo: Sumarezinho<\/span><span class=\"ez-toc-section-end\"><\/span><\/h4>\n<\/li>\n<\/ul>\n<p><span style=\"font-weight: 400;\">Telefone:4007-2001<br \/>\n<\/span><span style=\"font-weight: 400;\">Rua Heitor Penteado 1589 Sumarezinho\u00a0<\/span><\/p>\n<p><span style=\"font-weight: 400;\">Servi\u00e7os oferecidos nessa unidade:<\/span><\/p>\n<ul>\n<li><span style=\"font-weight: 400;\">\u2013 Consultas m\u00e9dicas eletivas (presenciais)<\/span><\/li>\n<li><span style=\"font-weight: 400;\">\u2013 Cl\u00ednico geral<\/span><\/li>\n<li><span style=\"font-weight: 400;\">\u2013 Geriatria<\/span><\/li>\n<li><span style=\"font-weight: 400;\">\u2013 Medicina da Fam\u00edlia\u00a0<\/span><\/li>\n<li><span style=\"font-weight: 400;\">\u2013 Consulta de enfermagem\u00a0<\/span><\/li>\n<li><span style=\"font-weight: 400;\">\u2013 Avalia\u00e7\u00e3o e realiza\u00e7\u00e3o de curativo<\/span><\/li>\n<li><span style=\"font-weight: 400;\">\u2013 Realiza\u00e7\u00e3o do PEC<\/span><\/li>\n<li><span style=\"font-weight: 400;\">\u2013 Avalia\u00e7\u00e3o de medicina preventiva<\/span><\/li>\n<li style=\"font-weight: 400;\" aria-level=\"1\">\n<h4><span class=\"ez-toc-section\" id=\"Unidade_Serra_Jardim_Limoeiro\"><\/span><span style=\"font-weight: 400;\">Unidade Serra: Jardim Limoeiro<\/span><span class=\"ez-toc-section-end\"><\/span><\/h4>\n<\/li>\n<\/ul>\n<p><span style=\"font-weight: 400;\">Telefone: (27) 3025-5500<br \/>\n<\/span><span style=\"font-weight: 400;\">Trevo Rodovia Norte Sul | ES 010<\/span><\/p>\n<p><span style=\"font-weight: 400;\">Servi\u00e7os oferecidos nessa unidade:<\/span><\/p>\n<ul>\n<li><span style=\"font-weight: 400;\">\u2013 Cl\u00ednica m\u00e9dica<\/span><\/li>\n<li><span style=\"font-weight: 400;\">\u2013 Geriatria<\/span><\/li>\n<li><span style=\"font-weight: 400;\">\u2013 Coleta de exames laboratoriais<\/span><\/li>\n<li style=\"font-weight: 400;\" aria-level=\"1\">\n<h4><span class=\"ez-toc-section\" id=\"Unidade_Vila_Velha_Centro_Jeronimo_Monteiro\"><\/span><span style=\"font-weight: 400;\">Unidade Vila Velha: Centro Jer\u00f4nimo Monteiro<\/span><span class=\"ez-toc-section-end\"><\/span><\/h4>\n<\/li>\n<\/ul>\n<p><span style=\"font-weight: 400;\">Telefone: 4007-2001<br \/>\n<\/span><span style=\"font-weight: 400;\">Avenida Jer\u00f4nimo Monteiro, 18 &#8211; Vila Velha<\/span><\/p>\n<p><span style=\"font-weight: 400;\">Servi\u00e7os oferecidos nessa unidade:<\/span><\/p>\n<ul>\n<li><span style=\"font-weight: 400;\">\u2013 Geriatria<\/span><\/li>\n<li><span style=\"font-weight: 400;\">\u2013 Cl\u00ednico geral<\/span><\/li>\n<li><span style=\"font-weight: 400;\">\u2013 Nutricionista<\/span><\/li>\n<li><span style=\"font-weight: 400;\">\u2013 Enfermagem (realiza\u00e7\u00e3o de curativo)<\/span><\/li>\n<li><span style=\"font-weight: 400;\">\u2013 Centro cir\u00fargico (para a realiza\u00e7\u00e3o de pequenas cirurgias e procedimentos oftalmol\u00f3gicos, como catarata)<\/span><\/li>\n<li><span style=\"font-weight: 400;\">\u2013 Procedimento oftalmol\u00f3gico: aplica\u00e7\u00e3o de antiangiog\u00eanico<\/span><\/li>\n<li><span style=\"font-weight: 400;\">\u2013 Oncologia (quimioterapia e aplica\u00e7\u00e3o de medicamentos)<\/span><\/li>\n<li><span style=\"font-weight: 400;\">\u2013 Oficinas de Sa\u00fade como Nutrisaber, Arte Terapia, Cabe\u00e7a Boa, Dan\u00e7a S\u00eanior, Centro de Autonomia e Independ\u00eancia<\/span><\/li>\n<li style=\"font-weight: 400;\" aria-level=\"1\">\n<h4><span class=\"ez-toc-section\" id=\"Unidade_Vila_Velha_Gloria_ES\"><\/span><span style=\"font-weight: 400;\">Unidade Vila Velha: Gl\u00f3ria ES<\/span><span class=\"ez-toc-section-end\"><\/span><\/h4>\n<\/li>\n<\/ul>\n<p><span style=\"font-weight: 400;\">Telefone: 4007-2001<br \/>\n<\/span><span style=\"font-weight: 400;\">Av. Carlos Lindemberg, 415 &#8211; Gl\u00f3ria, Vila Velha-ES<br \/>\n<\/span><\/p>\n<p>Servi\u00e7os oferecidos nessa unidade:<\/p>\n<ul>\n<li><span style=\"font-weight: 400;\">\u2013 Raio X<\/span><\/li>\n<li><span style=\"font-weight: 400;\">\u2013 Tomografia<\/span><\/li>\n<li><span style=\"font-weight: 400;\">\u2013 Eletrocardiograma<\/span><\/li>\n<li><span style=\"font-weight: 400;\">\u2013 Ecocardiograma<\/span><\/li>\n<li><span style=\"font-weight: 400;\">\u2013 Ultrassonografia<\/span><\/li>\n<li><span style=\"font-weight: 400;\">\u2013 Holter<\/span><\/li>\n<li><span style=\"font-weight: 400;\">\u2013 M.A.P.A<\/span><\/li>\n<li><span style=\"font-weight: 400;\">\u2013 An\u00e1lises Cl\u00ednicas<\/span><\/li>\n<li><span style=\"font-weight: 400;\">\u2013 Oftalmologia<br \/>\n<\/span><\/li>\n<\/ul>\n<h2><span class=\"ez-toc-section\" id=\"Medicina_Preventiva\"><\/span><span style=\"font-weight: 400;\">Medicina Preventiva<\/span><span class=\"ez-toc-section-end\"><\/span><\/h2>\n<p><span style=\"font-weight: 400;\">A medicina preventiva tem como objetivo prevenir doen\u00e7as em vez de apenas trat\u00e1-las. Na terceira idade, essa abordagem se torna ainda mais importante, uma vez que o corpo se torna mais vulner\u00e1vel a diversas enfermidades.<\/p>\n<p><\/span><span style=\"font-weight: 400;\">Portanto, adotar um estilo de vida saud\u00e1vel, realizar exames preventivos com regularidade e cuidar da sa\u00fade mental s\u00e3o algumas das maneiras mais eficazes de prevenir doen\u00e7as e garantir uma qualidade de vida melhor na terceira idade.<\/span><\/p>\n<p><span style=\"font-weight: 400;\">Nesse sentido, a preven\u00e7\u00e3o envolve v\u00e1rios pequenos atos e algumas mudan\u00e7as de h\u00e1bito. Como, por exemplo, seguir uma dieta saud\u00e1vel e equilibrada, com alimentos ricos em nutrientes.<\/span><span style=\"font-weight: 400;\"><br \/>\n<\/span><span style=\"font-weight: 400;\">Al\u00e9m disso, \u00e9 importante evitar alimentos prejudiciais \u00e0 sa\u00fade, como alimentos processados, a\u00e7\u00facar e gorduras saturadas. <\/span><span style=\"font-weight: 400;\"><br \/>\n<\/span><span style=\"font-weight: 400;\">Ah e \u00e9 claro, n\u00e3o podemos esquecer de praticar exerc\u00edcios f\u00edsicos regularmente para fortalecer o corpo e prevenir problemas como osteoporose e problemas card\u00edacos.<\/span><span style=\"font-weight: 400;\"><\/p>\n<p><\/span><span style=\"font-weight: 400;\">Pensando nisso a MedS\u00eanior, n\u00e3o tem seu foco apenas nos atendimentos ambulatoriais e hospitalares. Ela tamb\u00e9m cuida da sa\u00fade de seus benefici\u00e1rios de forma preventiva.<\/span><\/p>\n<p><span style=\"font-weight: 400;\">Para tanto, todos os benefici\u00e1rios de planos MedS\u00eanior contam com O Programa de Medicina Preventiva, que possui n\u00facleos exclusivos e equipe multidisciplinar.<\/span><\/p>\n<p>&nbsp;<\/p>\n<h2><span class=\"ez-toc-section\" id=\"Oficinas_de_saude_%E2%80%93_Terceira_Idade_%E2%80%93_MedSenior\"><\/span><span style=\"font-weight: 400;\">Oficinas de sa\u00fade &#8211; Terceira Idade &#8211; MedS\u00eanior<\/span><span class=\"ez-toc-section-end\"><\/span><\/h2>\n<p><img loading=\"lazy\" decoding=\"async\" class=\"alignnone  wp-image-28698\" src=\"https:\/\/www.rotaseguros.com.br\/planosdesaude\/wp-content\/uploads\/2022\/04\/Arte-Terapia-Incentiva-o-bem-estar-e-a-inclusao-social-alem-de-promover-interacoes-e-fortalecimento-emocional-por-meio-da-pratica-de-atividades-criativas-135x300.jpg\" alt=\"oficins medsenior\" width=\"768\" height=\"1707\" srcset=\"https:\/\/www.rotaseguros.com.br\/planosdesaude\/wp-content\/uploads\/2022\/04\/Arte-Terapia-Incentiva-o-bem-estar-e-a-inclusao-social-alem-de-promover-interacoes-e-fortalecimento-emocional-por-meio-da-pratica-de-atividades-criativas-135x300.jpg 135w, https:\/\/www.rotaseguros.com.br\/planosdesaude\/wp-content\/uploads\/2022\/04\/Arte-Terapia-Incentiva-o-bem-estar-e-a-inclusao-social-alem-de-promover-interacoes-e-fortalecimento-emocional-por-meio-da-pratica-de-atividades-criativas-900x2000.jpg 900w, https:\/\/www.rotaseguros.com.br\/planosdesaude\/wp-content\/uploads\/2022\/04\/Arte-Terapia-Incentiva-o-bem-estar-e-a-inclusao-social-alem-de-promover-interacoes-e-fortalecimento-emocional-por-meio-da-pratica-de-atividades-criativas-768x1707.jpg 768w, https:\/\/www.rotaseguros.com.br\/planosdesaude\/wp-content\/uploads\/2022\/04\/Arte-Terapia-Incentiva-o-bem-estar-e-a-inclusao-social-alem-de-promover-interacoes-e-fortalecimento-emocional-por-meio-da-pratica-de-atividades-criativas-691x1536.jpg 691w, https:\/\/www.rotaseguros.com.br\/planosdesaude\/wp-content\/uploads\/2022\/04\/Arte-Terapia-Incentiva-o-bem-estar-e-a-inclusao-social-alem-de-promover-interacoes-e-fortalecimento-emocional-por-meio-da-pratica-de-atividades-criativas-922x2048.jpg 922w, https:\/\/www.rotaseguros.com.br\/planosdesaude\/wp-content\/uploads\/2022\/04\/Arte-Terapia-Incentiva-o-bem-estar-e-a-inclusao-social-alem-de-promover-interacoes-e-fortalecimento-emocional-por-meio-da-pratica-de-atividades-criativas-980x2178.jpg 980w, https:\/\/www.rotaseguros.com.br\/planosdesaude\/wp-content\/uploads\/2022\/04\/Arte-Terapia-Incentiva-o-bem-estar-e-a-inclusao-social-alem-de-promover-interacoes-e-fortalecimento-emocional-por-meio-da-pratica-de-atividades-criativas-480x1067.jpg 480w, https:\/\/www.rotaseguros.com.br\/planosdesaude\/wp-content\/uploads\/2022\/04\/Arte-Terapia-Incentiva-o-bem-estar-e-a-inclusao-social-alem-de-promover-interacoes-e-fortalecimento-emocional-por-meio-da-pratica-de-atividades-criativas.jpg 1080w\" sizes=\"auto, (max-width: 768px) 100vw, 768px\" \/><\/p>\n<p>&nbsp;<\/p>\n<h2><span class=\"ez-toc-section\" id=\"O_que_e_o_MedSenior_Black\"><\/span><span style=\"font-weight: 400;\">O que \u00e9 o MedS\u00eanior Black?<\/span><span class=\"ez-toc-section-end\"><\/span><\/h2>\n<p><span style=\"font-weight: 400;\">A MedS\u00eanior tem unidades em sete estados (Esp\u00edrito Santo, Rio de Janeiro, Distrito Federal, Rio Grande do Sul, Minas Gerais, S\u00e3o Paulo\u00a0 e Rio de Janeiro), com mais de 20 unidades pr\u00f3prias de atendimento. A estrutura robusta \u00e9 outro ponto de destaque que valida a efici\u00eancia da plataforma.<\/span><\/p>\n<p><span style=\"font-weight: 400;\">O grau elevado tamb\u00e9m fez com o que a operadora criasse uma nova categoria de atendimento:<\/span><b> Plano MedS\u00eanior Black.<\/b><span style=\"font-weight: 400;\"> Esse modelo n\u00e3o conta com coparticipa\u00e7\u00e3o (assim como ocorre nos planos MG1 e MG2).\u00a0<\/span><\/p>\n<p><span style=\"font-weight: 400;\">Desse modo, a cobran\u00e7a da mensalidade tem valor fixo e os reajustes s\u00e3o anuais de acordo com as regras da ANS. O MedS\u00eanior Black tamb\u00e9m tem atendimento de excel\u00eancia nos principais hospitais do Brasil (por exemplo: Materdei, Hospital S\u00edrio-Liban\u00eas).<\/span><\/p>\n<p>Al\u00e9m do Black a MedS\u00eanior comercializa em MInas Gerais os planos:<\/p>\n<p>&nbsp;<\/p>\n<p><img loading=\"lazy\" decoding=\"async\" class=\"alignnone  wp-image-28697\" src=\"https:\/\/www.rotaseguros.com.br\/planosdesaude\/wp-content\/uploads\/2022\/04\/MedSenior-Essencial-Sem-coparticipacao-Acomodacao-Enfermaria-Programa-de-Medicina-Preventiva-Oficinas-de-Saude-e-Bem-estar-Atendimento-em-Belo-Horizonte-Betim-e-Contagem-300x300.jpg\" alt=\"med senior\" width=\"780\" height=\"780\" srcset=\"https:\/\/www.rotaseguros.com.br\/planosdesaude\/wp-content\/uploads\/2022\/04\/MedSenior-Essencial-Sem-coparticipacao-Acomodacao-Enfermaria-Programa-de-Medicina-Preventiva-Oficinas-de-Saude-e-Bem-estar-Atendimento-em-Belo-Horizonte-Betim-e-Contagem-300x300.jpg 300w, https:\/\/www.rotaseguros.com.br\/planosdesaude\/wp-content\/uploads\/2022\/04\/MedSenior-Essencial-Sem-coparticipacao-Acomodacao-Enfermaria-Programa-de-Medicina-Preventiva-Oficinas-de-Saude-e-Bem-estar-Atendimento-em-Belo-Horizonte-Betim-e-Contagem-1024x1024.jpg 1024w, https:\/\/www.rotaseguros.com.br\/planosdesaude\/wp-content\/uploads\/2022\/04\/MedSenior-Essencial-Sem-coparticipacao-Acomodacao-Enfermaria-Programa-de-Medicina-Preventiva-Oficinas-de-Saude-e-Bem-estar-Atendimento-em-Belo-Horizonte-Betim-e-Contagem-150x150.jpg 150w, https:\/\/www.rotaseguros.com.br\/planosdesaude\/wp-content\/uploads\/2022\/04\/MedSenior-Essencial-Sem-coparticipacao-Acomodacao-Enfermaria-Programa-de-Medicina-Preventiva-Oficinas-de-Saude-e-Bem-estar-Atendimento-em-Belo-Horizonte-Betim-e-Contagem-768x768.jpg 768w, https:\/\/www.rotaseguros.com.br\/planosdesaude\/wp-content\/uploads\/2022\/04\/MedSenior-Essencial-Sem-coparticipacao-Acomodacao-Enfermaria-Programa-de-Medicina-Preventiva-Oficinas-de-Saude-e-Bem-estar-Atendimento-em-Belo-Horizonte-Betim-e-Contagem-980x980.jpg 980w, https:\/\/www.rotaseguros.com.br\/planosdesaude\/wp-content\/uploads\/2022\/04\/MedSenior-Essencial-Sem-coparticipacao-Acomodacao-Enfermaria-Programa-de-Medicina-Preventiva-Oficinas-de-Saude-e-Bem-estar-Atendimento-em-Belo-Horizonte-Betim-e-Contagem-480x480.jpg 480w, https:\/\/www.rotaseguros.com.br\/planosdesaude\/wp-content\/uploads\/2022\/04\/MedSenior-Essencial-Sem-coparticipacao-Acomodacao-Enfermaria-Programa-de-Medicina-Preventiva-Oficinas-de-Saude-e-Bem-estar-Atendimento-em-Belo-Horizonte-Betim-e-Contagem.jpg 1080w\" sizes=\"auto, (max-width: 780px) 100vw, 780px\" \/><\/p>\n<h2><span class=\"ez-toc-section\" id=\"Acessibilidade\"><\/span><span style=\"font-weight: 400;\">Acessibilidade<\/span><span class=\"ez-toc-section-end\"><\/span><\/h2>\n<p><span style=\"font-weight: 400;\">Al\u00e9m \u00e9 claro da acessibilidade aos centros de sa\u00fade, hospitais e cl\u00ednicas, a MedS\u00eanior tamb\u00e9m direciona sua aten\u00e7\u00e3o para a acessibilidade digital.<\/span><\/p>\n<p><span style=\"font-weight: 400;\">Afinal de contas, \u00e9 importante lembrar que a inclus\u00e3o digital ainda \u00e9 um desafio para muitos idosos. Dificuldades de vis\u00e3o, audi\u00e7\u00e3o e destreza podem tornar a navega\u00e7\u00e3o na internet uma tarefa complexa e at\u00e9 mesmo imposs\u00edvel para alguns. <\/span><span style=\"font-weight: 400;\"><br \/>\n<\/span><span style=\"font-weight: 400;\">Nesse sentido, todos os meios digitais da MedS\u00eanior s\u00e3o adaptados para otimizar a navega\u00e7\u00e3o e acessibilidade para idosos .<\/span><\/p>\n<h2><span class=\"ez-toc-section\" id=\"Centros_de_Diagnosticos_MedSenior\"><\/span><span style=\"font-weight: 400;\">Centros de Diagn\u00f3sticos MedS\u00eanior<\/span><span class=\"ez-toc-section-end\"><\/span><\/h2>\n<p><span style=\"font-weight: 400;\">Outro ponto destacado pelos benefici\u00e1rios \u00e9 a estrutura t\u00e9cnica para a realiza\u00e7\u00e3o de exames. Os Centros de Diagn\u00f3sticos MedS\u00eanior foram idealizados com estruturas modernas e prestam atendimentos de excel\u00eancia.<\/span><\/p>\n<p><span style=\"font-weight: 400;\">Essa tecnologia \u00e9 focada no atendimento acolhedor, direcionado \u00e0 preven\u00e7\u00e3o da sa\u00fade e excel\u00eancia nos tratamentos aos benefici\u00e1rios da terceira idade. <\/span><span style=\"font-weight: 400;\"><br \/>\n<\/span><span style=\"font-weight: 400;\">Para isso, a\u00a0 MedS\u00eanior conta com unidades pr\u00f3prias muito modernas em v\u00e1rias cidades do Brasil.<\/span><\/p>\n<p><span style=\"font-weight: 400;\"> <img loading=\"lazy\" decoding=\"async\" class=\"alignnone  wp-image-28701\" src=\"https:\/\/www.rotaseguros.com.br\/planosdesaude\/wp-content\/uploads\/2022\/04\/9-300x75.png\" alt=\"medsenior\n\" width=\"772\" height=\"193\" srcset=\"https:\/\/www.rotaseguros.com.br\/planosdesaude\/wp-content\/uploads\/2022\/04\/9-300x75.png 300w, https:\/\/www.rotaseguros.com.br\/planosdesaude\/wp-content\/uploads\/2022\/04\/9-1024x256.png 1024w, https:\/\/www.rotaseguros.com.br\/planosdesaude\/wp-content\/uploads\/2022\/04\/9-768x192.png 768w, https:\/\/www.rotaseguros.com.br\/planosdesaude\/wp-content\/uploads\/2022\/04\/9-980x245.png 980w, https:\/\/www.rotaseguros.com.br\/planosdesaude\/wp-content\/uploads\/2022\/04\/9-480x120.png 480w, https:\/\/www.rotaseguros.com.br\/planosdesaude\/wp-content\/uploads\/2022\/04\/9.png 1080w\" sizes=\"auto, (max-width: 772px) 100vw, 772px\" \/><\/span><\/p>\n<h2><span class=\"ez-toc-section\" id=\"Inovacoes_para_a_terceira_idade\"><\/span><span style=\"font-weight: 400;\">Inova\u00e7\u00f5es para a terceira idade\u00a0<\/span><span class=\"ez-toc-section-end\"><\/span><\/h2>\n<p><span style=\"font-weight: 400;\">A Oficina de Sa\u00fade tamb\u00e9m \u00e9 outro destaque positivo do MedS\u00eanior. O espa\u00e7o criado como forma de equil\u00edbrio da sa\u00fade mental, tornou-se uma refer\u00eancia em todo pa\u00eds. E hoje \u00e9 um canal de transforma\u00e7\u00e3o na vida dos idosos, com autonomia aos idosos, intera\u00e7\u00e3o social, mem\u00f3ria, equil\u00edbrio e alimenta\u00e7\u00e3o saud\u00e1vel.<\/span><\/p>\n<p><span style=\"font-weight: 400;\">O MedS\u00eanior recebeu ainda nota m\u00e1xima no \u00cdndice de Desempenho da Sa\u00fade Suplementar (IDSS), segundo os dados do Desempenho das Operadoras de Sa\u00fade no Brasil e divulgados pela ANS.<\/span><\/p>\n<p>&nbsp;<\/p>\n<p><img loading=\"lazy\" decoding=\"async\" class=\"aligncenter wp-image-8414 size-full\" title=\"MedS\u00eanior obteve nota m\u00e1xima no IDSS da ANS\" src=\"https:\/\/www.rotaseguros.com.br\/planosdesaude\/wp-content\/uploads\/2018\/06\/medsenior-nota-maxima-idss.jpg\" alt=\"MedS\u00eanior obteve nota m\u00e1xima no IDSS da ANS\" width=\"718\" height=\"816\" srcset=\"https:\/\/www.rotaseguros.com.br\/planosdesaude\/wp-content\/uploads\/2018\/06\/medsenior-nota-maxima-idss.jpg 718w, https:\/\/www.rotaseguros.com.br\/planosdesaude\/wp-content\/uploads\/2018\/06\/medsenior-nota-maxima-idss-264x300.jpg 264w, https:\/\/www.rotaseguros.com.br\/planosdesaude\/wp-content\/uploads\/2018\/06\/medsenior-nota-maxima-idss-480x546.jpg 480w\" sizes=\"auto, (max-width: 718px) 100vw, 718px\" \/><\/p>\n<p>&nbsp;<\/p>\n<h2><span class=\"ez-toc-section\" id=\"Qualidade_MedSenior\"><\/span><span style=\"font-weight: 400;\">Qualidade MedS\u00eanior<\/span><span class=\"ez-toc-section-end\"><\/span><\/h2>\n<p>A MedS\u00eanior \u00e9 uma das operadoras mais procuradas e continua ganhando destaque no mercado.<\/p>\n<p>Recentemente, a empresa subiu sete posi\u00e7\u00f5es no ranking nacional, alcan\u00e7ando o 27\u00ba lugar em 2023. Em 2022, ocupava a 33\u00aa posi\u00e7\u00e3o. Esse avan\u00e7o foi impulsionado por um aumento de 47,9% nas contrapresta\u00e7\u00f5es efetivas e pr\u00eamios ganhos, somando R$ 1,2 bilh\u00e3o.<\/p>\n<p>Al\u00e9m disso, houve um crescimento de 29,4% nos eventos de indeniza\u00e7\u00e3o l\u00edquidos e sinistros retidos, que totalizaram R$ 734,1 milh\u00f5es.<\/p>\n<hr \/>\n<p><strong><em><span style=\"font-size: 20px;\">Atendimento especializado na busca pelo plano de sa\u00fade<\/span><\/em><em><span style=\"font-size: 20px;\">.<\/span><\/em><\/strong><\/p>\n<p><strong>O plano n\u00e3o tem limite de idade, estudo de car\u00eancia, programa de medicina preventiva e cuidado assistencial. Gostou dos par\u00e2metros de atendimento da MedS\u00eanior? O que acha de procurar um executivo especializado para buscar a melhor solu\u00e7\u00e3o para a sua necessidade? A Rota Seguros est\u00e1 pronta e dispon\u00edvel para prestar uma consultoria personalizada sobre o que voc\u00ea realmente necessita e qual plano ir\u00e1 lhe atender melhor.<\/strong><\/p>\n<p><b>Grande BH \u2013\u00a0<\/b><strong><a href=\"tel:3132798000\"><b>(31) 3279-8000<\/b><\/a><\/strong><\/p>\n<p><b>Vit\u00f3ria\/ES \u2013\u00a0<\/b><strong><a href=\"tel:2722333020\"><b>(27) 2233-3020<\/b><\/a><\/strong><\/p>\n<p>Curitiba\/PR &#8211; \u00a0<a href=\"tel:(41) 3596-0365\">(41) 3596-0365<\/a><\/p>\n","protected":false},"excerpt":{"rendered":"<p><span class=\"span-reading-time rt-reading-time\" style=\"display: block;\"><span class=\"rt-label rt-prefix\">Reading Time: <\/span> <span class=\"rt-time\"> 8<\/span> <span class=\"rt-label rt-postfix\">minutes<\/span><\/span>A busca pelo plano de sa\u00fade ideal gera muitas d\u00favidas e desgastes aos benefici\u00e1rios. Afinal de contas, para a escolha do melhor plano de sa\u00fade, \u00e9 fundamental compreender as necessidades &#8230;<\/p>\n","protected":false},"author":2,"featured_media":12744,"comment_status":"open","ping_status":"open","sticky":false,"template":"","format":"standard","meta":{"_monsterinsights_skip_tracking":false,"_monsterinsights_sitenote_active":false,"_monsterinsights_sitenote_note":"","_monsterinsights_sitenote_category":0,"footnotes":"","_links_to":"","_links_to_target":""},"categories":[15,6,514],"tags":[515,553,519,517,516],"class_list":["post-2246","post","type-post","status-publish","format-standard","has-post-thumbnail","hentry","category-plano-de-saude-para-idosos","category-dicas","category-medsenior","tag-medsenior","tag-plano-de-saude-idosos","tag-plano-de-saude-medsenior","tag-plano-de-saude-melhor-idade","tag-plano-de-saude-para-idosos"],"_links":{"self":[{"href":"https:\/\/www.rotaseguros.com.br\/planosdesaude\/wp-json\/wp\/v2\/posts\/2246","targetHints":{"allow":["GET"]}}],"collection":[{"href":"https:\/\/www.rotaseguros.com.br\/planosdesaude\/wp-json\/wp\/v2\/posts"}],"about":[{"href":"https:\/\/www.rotaseguros.com.br\/planosdesaude\/wp-json\/wp\/v2\/types\/post"}],"author":[{"embeddable":true,"href":"https:\/\/www.rotaseguros.com.br\/planosdesaude\/wp-json\/wp\/v2\/users\/2"}],"replies":[{"embeddable":true,"href":"https:\/\/www.rotaseguros.com.br\/planosdesaude\/wp-json\/wp\/v2\/comments?post=2246"}],"version-history":[{"count":0,"href":"https:\/\/www.rotaseguros.com.br\/planosdesaude\/wp-json\/wp\/v2\/posts\/2246\/revisions"}],"wp:featuredmedia":[{"embeddable":true,"href":"https:\/\/www.rotaseguros.com.br\/planosdesaude\/wp-json\/wp\/v2\/media\/12744"}],"wp:attachment":[{"href":"https:\/\/www.rotaseguros.com.br\/planosdesaude\/wp-json\/wp\/v2\/media?parent=2246"}],"wp:term":[{"taxonomy":"category","embeddable":true,"href":"https:\/\/www.rotaseguros.com.br\/planosdesaude\/wp-json\/wp\/v2\/categories?post=2246"},{"taxonomy":"post_tag","embeddable":true,"href":"https:\/\/www.rotaseguros.com.br\/planosdesaude\/wp-json\/wp\/v2\/tags?post=2246"}],"curies":[{"name":"wp","href":"https:\/\/api.w.org\/{rel}","templated":true}]}}