{"id":2634,"date":"2018-10-10T19:37:38","date_gmt":"2018-10-10T21:37:38","guid":{"rendered":"http:\/\/www.rotaseguros.com.br\/planosdesaude\/?p=2634"},"modified":"2018-10-10T19:37:38","modified_gmt":"2018-10-10T21:37:38","slug":"planos-de-saude-unimed-vitoria-com-carencia-zero","status":"publish","type":"post","link":"https:\/\/www.rotaseguros.com.br\/planosdesaude\/planos-de-saude-unimed-vitoria-com-carencia-zero\/","title":{"rendered":"Planos de Sa\u00fade UNIMED Vit\u00f3ria com car\u00eancia ZERO"},"content":{"rendered":"<span class=\"span-reading-time rt-reading-time\" style=\"display: block;\"><span class=\"rt-label rt-prefix\">Reading Time: <\/span> <span class=\"rt-time\"> &lt; 1<\/span> <span class=\"rt-label rt-postfix\">minute<\/span><\/span><p><strong>Planos de Sa\u00fade UNIMED Vit\u00f3ria com car\u00eancia ZERO!<\/strong><\/p>\n<p>Foi prorrogada a campanha de car\u00eancia ZERO (exceto partos e doen\u00e7as preexistentes)\u00a0 para clientes que contratarem planos da UNIMED VIT\u00d3RIA coletivo por ades\u00e3o*, at\u00e9 a vig\u00eancia 01\/11\/2018.<\/p>\n<p>Todos os benefici\u00e1rios que contratarem o plano at\u00e9 essa vig\u00eancia poder\u00e3o utilizar consultas, exames, interna\u00e7\u00f5es etc, a partir da vig\u00eancia contratual.<\/p>\n<p>\u00c9 importante entrar em contato com seu consultor para conhecer as condi\u00e7\u00f5es e saber se a sua entidade de classe est\u00e1 contemplada para essa promo\u00e7\u00e3o.<\/p>\n<p>&nbsp;<\/p>\n<p>\u2026\u2026\u2026\u2026\u2026\u2026\u2026\u2026\u2026\u2026\u2026\u2026\u2026\u2026\u2026\u2026\u2026\u2026\u2026\u2026\u2026\u2026\u2026\u2026\u2026\u2026\u2026\u2026\u2026\u2026\u2026\u2026\u2026\u2026\u2026\u2026\u2026\u2026\u2026\u2026\u2026\u2026\u2026\u2026\u2026\u2026\u2026\u2026\u2026\u2026\u2026\u2026\u2026\u2026\u2026\u2026\u2026\u2026\u2026<\/p>\n<p><strong>Estamos sempre prontos e dispon\u00edveis para prestar uma consultoria personalizada sobre o que voc\u00ea realmente necessita e qual plano ir\u00e1 lhe atender melhor.<\/strong><\/p>\n<p><a href=\"https:\/\/www.rotaseguros.com.br\/vitoria\/cotacao\/cotacao.html\" target=\"_blank\" rel=\"noopener\"><img loading=\"lazy\" decoding=\"async\" class=\"aligncenter wp-image-1352 size-full\" src=\"https:\/\/www.rotaseguros.com.br\/planosdesaude\/wp-content\/uploads\/2016\/11\/solicite-cotacao.jpg\" sizes=\"auto, (max-width: 424px) 100vw, 424px\" srcset=\"https:\/\/www.rotaseguros.com.br\/planosdesaude\/wp-content\/uploads\/2016\/11\/solicite-cotacao.jpg 424w, https:\/\/www.rotaseguros.com.br\/planosdesaude\/wp-content\/uploads\/2016\/11\/solicite-cotacao-300x54.jpg 300w\" alt=\"\" width=\"424\" height=\"77\" \/><\/a><\/p>\n<p>&nbsp;<\/p>\n<p><strong>Rota Seguro Vit\u00f3ria<\/strong><\/p>\n<p><span class=\"telefone\"><a href=\"tel:2722333020\">(27) 2233-3020 |\u00a0<\/a><\/span><a href=\"tel:27981412763\">(27) 98141-2763<\/a><\/p>\n<p>\u2026\u2026\u2026\u2026\u2026\u2026\u2026\u2026\u2026\u2026\u2026\u2026\u2026\u2026\u2026\u2026\u2026\u2026\u2026\u2026\u2026\u2026\u2026\u2026\u2026\u2026\u2026\u2026\u2026\u2026\u2026\u2026\u2026\u2026\u2026\u2026\u2026\u2026\u2026\u2026\u2026\u2026\u2026\u2026\u2026\u2026\u2026\u2026\u2026\u2026\u2026\u2026\u2026\u2026\u2026\u2026\u2026\u2026\u2026<\/p>\n<p>Colabore com o blog! Deixe seu coment\u00e1rio com d\u00favida, reclama\u00e7\u00e3o e\/ou elogio.<\/p>\n","protected":false},"excerpt":{"rendered":"<p><span class=\"span-reading-time rt-reading-time\" style=\"display: block;\"><span class=\"rt-label rt-prefix\">Reading Time: <\/span> <span class=\"rt-time\"> &lt; 1<\/span> <span class=\"rt-label rt-postfix\">minute<\/span><\/span>Planos de Sa\u00fade UNIMED Vit\u00f3ria com car\u00eancia ZERO! Foi prorrogada a campanha de car\u00eancia ZERO (exceto partos e doen\u00e7as preexistentes)\u00a0 para clientes que contratarem planos da UNIMED VIT\u00d3RIA coletivo por &#8230;<\/p>\n","protected":false},"author":2,"featured_media":0,"comment_status":"open","ping_status":"open","sticky":false,"template":"","format":"standard","meta":{"_monsterinsights_skip_tracking":false,"_monsterinsights_sitenote_active":false,"_monsterinsights_sitenote_note":"","_monsterinsights_sitenote_category":0,"footnotes":"","_links_to":"","_links_to_target":""},"categories":[12,548],"tags":[414,575,551,576],"class_list":["post-2634","post","type-post","status-publish","format-standard","hentry","category-noticias","category-unimed-vitoria","tag-plano-de-saude-unimed","tag-unimed-sem-carencia","tag-unimed-vitoria","tag-unimed-vitoria-carencia-zero"],"_links":{"self":[{"href":"https:\/\/www.rotaseguros.com.br\/planosdesaude\/wp-json\/wp\/v2\/posts\/2634","targetHints":{"allow":["GET"]}}],"collection":[{"href":"https:\/\/www.rotaseguros.com.br\/planosdesaude\/wp-json\/wp\/v2\/posts"}],"about":[{"href":"https:\/\/www.rotaseguros.com.br\/planosdesaude\/wp-json\/wp\/v2\/types\/post"}],"author":[{"embeddable":true,"href":"https:\/\/www.rotaseguros.com.br\/planosdesaude\/wp-json\/wp\/v2\/users\/2"}],"replies":[{"embeddable":true,"href":"https:\/\/www.rotaseguros.com.br\/planosdesaude\/wp-json\/wp\/v2\/comments?post=2634"}],"version-history":[{"count":0,"href":"https:\/\/www.rotaseguros.com.br\/planosdesaude\/wp-json\/wp\/v2\/posts\/2634\/revisions"}],"wp:attachment":[{"href":"https:\/\/www.rotaseguros.com.br\/planosdesaude\/wp-json\/wp\/v2\/media?parent=2634"}],"wp:term":[{"taxonomy":"category","embeddable":true,"href":"https:\/\/www.rotaseguros.com.br\/planosdesaude\/wp-json\/wp\/v2\/categories?post=2634"},{"taxonomy":"post_tag","embeddable":true,"href":"https:\/\/www.rotaseguros.com.br\/planosdesaude\/wp-json\/wp\/v2\/tags?post=2634"}],"curies":[{"name":"wp","href":"https:\/\/api.w.org\/{rel}","templated":true}]}}