{"id":28,"date":"2009-03-27T17:42:00","date_gmt":"2009-03-27T17:42:00","guid":{"rendered":"http:\/\/bhplanosdesaude.wordpress.com\/2009\/03\/27\/idosos-enfrentam-dificuldades-para-aderir-a-planos-de-saude"},"modified":"2010-02-19T18:00:55","modified_gmt":"2010-02-19T20:00:55","slug":"idosos-enfrentam-dificuldades-para-aderir-a-planos-de-saude","status":"publish","type":"post","link":"https:\/\/www.rotaseguros.com.br\/planosdesaude\/idosos-enfrentam-dificuldades-para-aderir-a-planos-de-saude\/","title":{"rendered":"Idosos enfrentam dificuldades para aderir a planos de sa\u00fade"},"content":{"rendered":"<span class=\"span-reading-time rt-reading-time\" style=\"display: block;\"><span class=\"rt-label rt-prefix\">Reading Time: <\/span> <span class=\"rt-time\"> 2<\/span> <span class=\"rt-label rt-postfix\">minutes<\/span><\/span><p><span style=\"color: #666666; font-family: verdana; font-size: 78%;\">Venda de planos para quem tem mais de 60 anos \u00e9 desencorajada.Associa\u00e7\u00e3o diz que associados idosos aumentam custos das empresas.<\/span><span style=\"font-family: verdana; font-size: 78%;\"><br \/>\n<\/span><span style=\"font-family: verdana; font-size: 78%;\"><br \/>\nQuem procura um plano de sa\u00fade para o idoso sabe como \u00e9 dif\u00edcil fechar um contrato. O custo geralmente \u00e9 alto e as empresas fazem v\u00e1rias exig\u00eancias &#8211; isso quando conseguem comprar um plano.<\/span><\/p>\n<p>O engenheiro Luiz Henrique Ferreira Spingarn procura um plano de sa\u00fade para a m\u00e3e, de 84 anos. E enfrenta todos os tipos de dificuldade. \u201cSempre tentam me desestimular dizendo que precisa fazer um monte de exames, precisa fazer avalia\u00e7\u00f5es periciais. Ou seja, hoje em dia uma pessoa idosa n\u00e3o tem direito \u00e0 sa\u00fade\u201d, diz ele. Como \u00e9 mais suscet\u00edvel a doen\u00e7as e frequenta mais consult\u00f3rios e hospitais, o idoso enfrenta mesmo muitas dificuldades para conseguir um bom plano de sa\u00fade. Paga mais caro e, muitas vezes, ele pr\u00f3prio tem que ir atr\u00e1s das empresas para contratar o servi\u00e7o, j\u00e1 que os corretores s\u00e3o desestimulados a vender planos para homens e mulheres de mais idade.<br \/>\n<span id=\"fullpost\"><span style=\"font-family: verdana; font-size: 78%;\"><br \/>\nUm corretor, que pediu para n\u00e3o ser identificado, mostra uma tabela feita com informa\u00e7\u00f5es fornecidas pelas operadoras de sa\u00fade. Nove das treze empresas que aparecem na lista n\u00e3o pagam comiss\u00e3o a corretores que vendem planos a clientes a partir de certa idade. Em algumas, a restri\u00e7\u00e3o come\u00e7a j\u00e1 aos 58 anos.<\/span><\/span><\/p>\n<p>O motivo, segundo o corretor, \u00e9 econ\u00f4mico: \u201cEles simplesmente n\u00e3o querem que esses clientes entrem no plano de sa\u00fade, porque acreditam que financeiramente dar\u00e3o preju\u00edzo para essas empresas devido ao alto risco desses clientes utilizarem frequentemente esses planos.\u201d<\/p>\n<p><span style=\"color: #cc0000;\">Pr\u00e1tica de mercado<\/span><\/p>\n<p>O presidente da federa\u00e7\u00e3o que re\u00fane os corretores de seguro (Fenacor), Robert Bittar, confirma que este comportamento existe no mercado. \u201cObviamente que essa pr\u00e1tica de n\u00e3o remunerar os corretores nos casos de gente mais velha \u00e9 um subterf\u00fagio que se utilize para restringir a oferta\u201d, diz.<br \/>\nO presidente da Associa\u00e7\u00e3o Brasileira de Medicina de Grupo (Abramge), Arlindo de Almeida, entidade que representa as operadoras, afirma que as empresas s\u00e3o obrigadas a atender a todos, n\u00e3o importa a idade. Mas, segundo ele, o idoso custa mais caro para o plano.<br \/>\n\u201cQuanto mais idosos (a empresa) tem, mais dificil \u00e9 manter o equilibrio dessa carteira. O que a operadora recebe e o que ela dispende tem que estar mais ou menos equilibrado\u201d, diz Almeida. A<\/p>\n<p>Fenasa\u00fade, que tamb\u00e9m representa algumas operadoras, declarou em nota que desconhece qualquer pr\u00e1tica discriminat\u00f3ria por parte de suas afiliadas.<\/p>\n","protected":false},"excerpt":{"rendered":"<p><span class=\"span-reading-time rt-reading-time\" style=\"display: block;\"><span class=\"rt-label rt-prefix\">Reading Time: <\/span> <span class=\"rt-time\"> 2<\/span> <span class=\"rt-label rt-postfix\">minutes<\/span><\/span>Venda de planos para quem tem mais de 60 anos \u00e9 desencorajada.Associa\u00e7\u00e3o diz que associados idosos aumentam custos das empresas. Quem procura um plano de sa\u00fade para o idoso sabe &#8230;<\/p>\n","protected":false},"author":2,"featured_media":0,"comment_status":"open","ping_status":"open","sticky":false,"template":"","format":"standard","meta":{"_monsterinsights_skip_tracking":false,"_monsterinsights_sitenote_active":false,"_monsterinsights_sitenote_note":"","_monsterinsights_sitenote_category":0,"footnotes":"","_links_to":"","_links_to_target":""},"categories":[15],"tags":[],"class_list":["post-28","post","type-post","status-publish","format-standard","hentry","category-plano-de-saude-para-idosos"],"_links":{"self":[{"href":"https:\/\/www.rotaseguros.com.br\/planosdesaude\/wp-json\/wp\/v2\/posts\/28","targetHints":{"allow":["GET"]}}],"collection":[{"href":"https:\/\/www.rotaseguros.com.br\/planosdesaude\/wp-json\/wp\/v2\/posts"}],"about":[{"href":"https:\/\/www.rotaseguros.com.br\/planosdesaude\/wp-json\/wp\/v2\/types\/post"}],"author":[{"embeddable":true,"href":"https:\/\/www.rotaseguros.com.br\/planosdesaude\/wp-json\/wp\/v2\/users\/2"}],"replies":[{"embeddable":true,"href":"https:\/\/www.rotaseguros.com.br\/planosdesaude\/wp-json\/wp\/v2\/comments?post=28"}],"version-history":[{"count":0,"href":"https:\/\/www.rotaseguros.com.br\/planosdesaude\/wp-json\/wp\/v2\/posts\/28\/revisions"}],"wp:attachment":[{"href":"https:\/\/www.rotaseguros.com.br\/planosdesaude\/wp-json\/wp\/v2\/media?parent=28"}],"wp:term":[{"taxonomy":"category","embeddable":true,"href":"https:\/\/www.rotaseguros.com.br\/planosdesaude\/wp-json\/wp\/v2\/categories?post=28"},{"taxonomy":"post_tag","embeddable":true,"href":"https:\/\/www.rotaseguros.com.br\/planosdesaude\/wp-json\/wp\/v2\/tags?post=28"}],"curies":[{"name":"wp","href":"https:\/\/api.w.org\/{rel}","templated":true}]}}