{"id":282,"date":"2010-08-24T12:52:08","date_gmt":"2010-08-24T14:52:08","guid":{"rendered":"http:\/\/www.rotaseguros.com.br\/planosdesaude\/?p=282"},"modified":"2024-05-07T17:02:13","modified_gmt":"2024-05-07T19:02:13","slug":"como-continuar-com-o-plano-de-saude-apos-a-demissao-ou-aposentadoria","status":"publish","type":"post","link":"https:\/\/www.rotaseguros.com.br\/planosdesaude\/como-continuar-com-o-plano-de-saude-apos-a-demissao-ou-aposentadoria\/","title":{"rendered":"Como continuar com o plano de sa\u00fade ap\u00f3s a demiss\u00e3o ou aposentadoria"},"content":{"rendered":"<span class=\"span-reading-time rt-reading-time\" style=\"display: block;\"><span class=\"rt-label rt-prefix\">Reading Time: <\/span> <span class=\"rt-time\"> 2<\/span> <span class=\"rt-label rt-postfix\">minutes<\/span><\/span><p><span style=\"color: #ff0000;\"><em>Atualizando | Janeiro de 2016: A ANS lan\u00e7ou uma cartilha\u00a0com informa\u00e7\u00f5es importantes para os consumidores que desejarem manter o plano de sa\u00fade oferecido pela empresa quando forem se aposentar ou nos casos de demiss\u00e3o sem justa causa. <span style=\"text-decoration: underline;\"><a style=\"color: #ff0000; text-decoration: underline;\" href=\"https:\/\/www.rotaseguros.com.br\/planosdesaude\/como-continuar-com-o-plano-de-saude-apos-a-demissao-ou-aposentadoria\/\">Clique aqui<\/a><\/span> e confira!<\/em> <\/span><\/p>\n<p>Devido ao grande acesso e a quantidade de duvidas no post como manter o plano de sa\u00fade ap\u00f3s demiss\u00e3o ou aposentadoria. Para facilitar o entendimento dos leitores, decidi criar um novo post, incluindo o artigo 30 e 31 da lei 9656\/98, que aborda o assunto em quest\u00e3o.<\/p>\n<p><span style=\"color: #94949d;\"><span style=\"color: #000080;\">Dica: Fique de olho no prazo de solicita\u00e7\u00e3o, que \u00e9 de 30 dias ap\u00f3s a data demiss\u00e3o. Fa\u00e7a a mesma por escrito e solicite o protocolo de recebimento.<\/span><\/span><\/p>\n<p><span style=\"color: #94949d;\"><span style=\"color: #000080;\">Se houver desrespeito \u00e0 esta norma, procure defensoria p\u00fablica ou um profissional jur\u00eddico. Seu direito deve ser respeitado.<\/span><\/span><\/p>\n<p><span style=\"color: #94949d;\"><span style=\"color: #000080;\">Segue o artigo 30 e 31 da lei 9656\/98.<\/span><\/span><\/p>\n<blockquote>\n<p><strong>Art. 30. <\/strong>Ao consumidor que contribuir para produtos de que tratam o inciso I e o \u00a7 1\u00ba do art. 1\u00ba desta Lei, em decorr\u00eancia de v\u00ednculo empregat\u00edcio, no caso de rescis\u00e3o ou exonera\u00e7\u00e3o do contrato de trbalho sem justa causa, \u00e9 assegurado o direito de manter sua condi\u00e7\u00e3o de benefici\u00e1rio, nas mesmas condi\u00e7\u00f5es de cobertuira asistencial de que gozava quando da vig\u00eancia do contrato de trabalho, desde que assuma o seu pagamento integral.<\/p>\n<\/blockquote>\n<blockquote>\n<p>\u00a7 1<span style=\"text-decoration: underline;\"><sup>o<\/sup><\/span> O per\u00edodo de manuten\u00e7\u00e3o da condi\u00e7\u00e3o de benefici\u00e1rio a que se refere o <strong>caput<\/strong> ser\u00e1 de um ter\u00e7o do tempo de perman\u00eancia nos produtos de que tratam o inciso I e o \u00a7 1\u00ba do art. 1\u00ba desta Lei, ou sucessores, com um m\u00ednimo assegurado de seis meses e um m\u00e1ximo de vinte e quatro meses.<\/p>\n<\/blockquote>\n<blockquote>\n<p>\u00a7 2<span style=\"text-decoration: underline;\"><sup>o<\/sup><\/span> A manuten\u00e7\u00e3o de que trata este artigo \u00e9 extensiva, obrigatoriamente, a todo o grupo familiar inscrito quando da vig\u00eancia do contrato de trabalho.<\/p>\n<\/blockquote>\n<blockquote>\n<p>\u00a7 3<span style=\"text-decoration: underline;\"><sup>o<\/sup><\/span> Em caso de morte do titular, o direito de perman\u00eancia \u00e9 assegurado aos dependentes cobertos pelo plano ou seguro privado coletivo de assist\u00eancia \u00e0 sa\u00fade, nos termos do disposto neste artigo.<\/p>\n<\/blockquote>\n<blockquote>\n<p>\u00a7 4<span style=\"text-decoration: underline;\"><sup>o<\/sup><\/span> O direito assegurado neste artigo n\u00e3o exclui vantagens obtidas pelos empregados decorrentes de negocia\u00e7\u00f5es coletivas de trabalho.<\/p>\n<\/blockquote>\n<blockquote>\n<p>\u00a7 5<sup>\u00ba<\/sup> A condi\u00e7\u00e3o prevista no <strong>caput<\/strong> deste artigo deixar\u00e1 de existir quando da admiss\u00e3o do consumidor titular em novo emprego.<\/p>\n<\/blockquote>\n<blockquote>\n<p>\u00a7 6<sup>\u00ba<\/sup> Nos planos coletivos custeados integralmente pela empresa, n\u00e3o \u00e9 considerada contribui\u00e7\u00e3o a co-participa\u00e7\u00e3o do consumidor, \u00fanica e exclusivamente, em procedimentos, como fator de modera\u00e7\u00e3o, na utiliza\u00e7\u00e3o dos servi\u00e7os de assist\u00eancia m\u00e9dica ou hospitalar.<\/p>\n<\/blockquote>\n<blockquote>\n<p><strong>Art. 31. <\/strong>Ao aposentado que contribuir para produtos de que tratam o inciso I e o \u00a7 1\u00ba do art. 1\u00ba desta Lei, em decorr\u00eancia de v\u00ednculo empregat\u00edcio, pelo prazo m\u00ednimo de dez anos, \u00e9 assegurado o direito de manuten\u00e7\u00e3o como benefici\u00e1rio, nas mesmas condi\u00e7\u00f5es de cobertura assistencial de que gozava quando da vig\u00eancia do contrato de trabalho, desde que assuma o seu pagamento integral.<\/p>\n<\/blockquote>\n<blockquote>\n<p>\u00a7 1<span style=\"text-decoration: underline;\"><sup>o<\/sup><\/span> Ao aposentado que contribuir para planos coletivos de assist\u00eancia \u00e0 sa\u00fade por per\u00edodo inferior ao estabelecido no <strong>caput<\/strong> \u00e9 assegurado o direito de manuten\u00e7\u00e3o como benefici\u00e1rio, \u00e0 raz\u00e3o de um ano para cada ano de contribui\u00e7\u00e3o, desde que assuma o pagamento integral do mesmo.<\/p>\n<\/blockquote>\n<blockquote>\n<p>\u00a7 2<span style=\"text-decoration: underline;\"><sup>o<\/sup><\/span> Para gozo do direito assegurado neste artigo, observar-se-\u00e3o as mesmas condi\u00e7\u00f5es estabelecidas nos \u00a7\u00a7 2\u00ba, 3\u00ba, 4\u00ba, 5\u00ba e 6\u00ba do artigo anterior.<\/p>\n<\/blockquote>\n<blockquote>\n<p>Fonte: <span class=\"removed_link\" title=\"http:\/\/www.ans.gov.br\/portal\/site\/legislacao\/legislacao_integra.asp?id=425&amp;id_original=455\">ANS<\/span><\/p>\n<\/blockquote>\n<blockquote>\n<p>N\u00e3o deixe de fazer o seu coment\u00e1rio. A sua duvida ou seu esclarecimento a respeito, pode ajudar outras pessoas.<\/p>\n<\/blockquote>\n","protected":false},"excerpt":{"rendered":"<p><span class=\"span-reading-time rt-reading-time\" style=\"display: block;\"><span class=\"rt-label rt-prefix\">Reading Time: <\/span> <span class=\"rt-time\"> 2<\/span> <span class=\"rt-label rt-postfix\">minutes<\/span><\/span>Atualizando | Janeiro de 2016: A ANS lan\u00e7ou uma cartilha\u00a0com informa\u00e7\u00f5es importantes para os consumidores que desejarem manter o plano de sa\u00fade oferecido pela empresa quando forem se aposentar ou &#8230;<\/p>\n","protected":false},"author":1,"featured_media":7333,"comment_status":"open","ping_status":"closed","sticky":false,"template":"","format":"standard","meta":{"_monsterinsights_skip_tracking":false,"_monsterinsights_sitenote_active":false,"_monsterinsights_sitenote_note":"","_monsterinsights_sitenote_category":0,"footnotes":"","_links_to":"","_links_to_target":""},"categories":[12,13,17],"tags":[715,714,716,718,717],"class_list":["post-282","post","type-post","status-publish","format-standard","has-post-thumbnail","hentry","category-noticias","category-noticias-ans","category-regulamentacao","tag-continuar-com-plano-apos-aposentadoria","tag-continuar-com-plano-apos-demissao","tag-plano-de-saude-apos-demissao","tag-plano-de-saude-aposentadoria","tag-plano-de-saude-demissao"],"_links":{"self":[{"href":"https:\/\/www.rotaseguros.com.br\/planosdesaude\/wp-json\/wp\/v2\/posts\/282","targetHints":{"allow":["GET"]}}],"collection":[{"href":"https:\/\/www.rotaseguros.com.br\/planosdesaude\/wp-json\/wp\/v2\/posts"}],"about":[{"href":"https:\/\/www.rotaseguros.com.br\/planosdesaude\/wp-json\/wp\/v2\/types\/post"}],"author":[{"embeddable":true,"href":"https:\/\/www.rotaseguros.com.br\/planosdesaude\/wp-json\/wp\/v2\/users\/1"}],"replies":[{"embeddable":true,"href":"https:\/\/www.rotaseguros.com.br\/planosdesaude\/wp-json\/wp\/v2\/comments?post=282"}],"version-history":[{"count":0,"href":"https:\/\/www.rotaseguros.com.br\/planosdesaude\/wp-json\/wp\/v2\/posts\/282\/revisions"}],"wp:featuredmedia":[{"embeddable":true,"href":"https:\/\/www.rotaseguros.com.br\/planosdesaude\/wp-json\/wp\/v2\/media\/7333"}],"wp:attachment":[{"href":"https:\/\/www.rotaseguros.com.br\/planosdesaude\/wp-json\/wp\/v2\/media?parent=282"}],"wp:term":[{"taxonomy":"category","embeddable":true,"href":"https:\/\/www.rotaseguros.com.br\/planosdesaude\/wp-json\/wp\/v2\/categories?post=282"},{"taxonomy":"post_tag","embeddable":true,"href":"https:\/\/www.rotaseguros.com.br\/planosdesaude\/wp-json\/wp\/v2\/tags?post=282"}],"curies":[{"name":"wp","href":"https:\/\/api.w.org\/{rel}","templated":true}]}}