{"id":28490,"date":"2023-03-31T16:45:24","date_gmt":"2023-03-31T18:45:24","guid":{"rendered":"https:\/\/www.rotaseguros.com.br\/planosdesaude\/?p=28490"},"modified":"2023-03-31T16:45:24","modified_gmt":"2023-03-31T18:45:24","slug":"31-de-marco-dia-mundial-da-saude-e-nutricao","status":"publish","type":"post","link":"https:\/\/www.rotaseguros.com.br\/planosdesaude\/31-de-marco-dia-mundial-da-saude-e-nutricao\/","title":{"rendered":"31 de mar\u00e7o &#8211; Dia Mundial da Sa\u00fade e Nutri\u00e7\u00e3o"},"content":{"rendered":"<span class=\"span-reading-time rt-reading-time\" style=\"display: block;\"><span class=\"rt-label rt-prefix\">Reading Time: <\/span> <span class=\"rt-time\"> 2<\/span> <span class=\"rt-label rt-postfix\">minutes<\/span><\/span><p><span style=\"font-weight: 400;\">O Dia da Sa\u00fade e da Nutri\u00e7\u00e3o, celebrado em 31 de mar\u00e7o, \u00e9 uma ocasi\u00e3o para discutir e avaliar pr\u00e1ticas alimentares e a import\u00e2ncia de pol\u00edticas p\u00fablicas realistas e preventivas, como a redu\u00e7\u00e3o do consumo de sal e a\u00e7\u00facar e a melhoria da rotulagem dos alimentos.\u00a0<\/span><\/p>\n<p><span style=\"font-weight: 400;\">Com isso, a OMS recomenda que os governos desenvolvam diretrizes nacionais sobre alimenta\u00e7\u00e3o e nutri\u00e7\u00e3o, com base em mudan\u00e7as nos h\u00e1bitos alimentares e nas condi\u00e7\u00f5es de sa\u00fade da popula\u00e7\u00e3o e no progresso cient\u00edfico.\u00a0<\/span><\/p>\n<p><img loading=\"lazy\" decoding=\"async\" class=\"alignnone size-full wp-image-28494\" src=\"https:\/\/www.rotaseguros.com.br\/planosdesaude\/wp-content\/uploads\/2023\/03\/9-3.png\" alt=\" Dia Mundial da Sa\u00fade e Nutri\u00e7\u00e3o\n\" width=\"1080\" height=\"270\" \/><\/p>\n<p><span style=\"font-weight: 400;\">Assim, essas diretrizes t\u00eam como objetivo apoiar a educa\u00e7\u00e3o alimentar e nutricional e orientar pol\u00edticas e programas nacionais de alimenta\u00e7\u00e3o e nutri\u00e7\u00e3o.<\/span><\/p>\n<p><span style=\"font-weight: 400;\">Para que isso funcione, a pr\u00e1tica de uma alimenta\u00e7\u00e3o saud\u00e1vel tem que come\u00e7ar cedo, desde o nascimento.<\/span><span style=\"font-weight: 400;\"><br \/>\n<\/span><span style=\"font-weight: 400;\">Afinal de contas, o aleitamento materno exclusivo at\u00e9 os seis meses de idade \u00e9 imprescind\u00edvel.\u00a0<\/span><\/p>\n<p><span style=\"font-weight: 400;\">Depois, a amamenta\u00e7\u00e3o pode ser complementada at\u00e9 os dois anos de idade. Em cada fase da vida, desde a inf\u00e2ncia at\u00e9 a idade avan\u00e7ada, as necessidades nutricionais do indiv\u00edduo mudam.<\/span><span style=\"font-weight: 400;\"><\/p>\n<p><\/span><\/p>\n<p><img loading=\"lazy\" decoding=\"async\" class=\"alignnone size-full wp-image-28493\" src=\"https:\/\/www.rotaseguros.com.br\/planosdesaude\/wp-content\/uploads\/2023\/03\/8-5.png\" alt=\" Dia Mundial da Sa\u00fade e Nutri\u00e7\u00e3o\n\" width=\"1080\" height=\"270\" \/><\/p>\n<p><span style=\"font-weight: 400;\">Assim, essa rotina saud\u00e1vel desde os primeiros dias de vida \u00e9 importante pois muitos adultos obesos foram crian\u00e7as obesas. E \u00e9 senso comum, que o excesso de peso pode levar a problemas de sa\u00fade como diabetes, hipertens\u00e3o, doen\u00e7as cardiovasculares e obesidade m\u00f3rbida.<\/span><span style=\"font-weight: 400;\"><br \/>\n<\/span><span style=\"font-weight: 400;\"><br \/>\n<\/span><span style=\"font-weight: 400;\">Al\u00e9m disso, ter uma alimenta\u00e7\u00e3o adequada e saud\u00e1vel \u00e9 um direito humano b\u00e1sico que envolve o acesso regular e justo a uma alimenta\u00e7\u00e3o adequada para cada indiv\u00edduo, levando em conta as necessidades alimentares especiais, a cultura, g\u00eanero, ra\u00e7a e etnia, al\u00e9m de ser acess\u00edvel e sustent\u00e1vel.<\/span><span style=\"font-weight: 400;\"><\/p>\n<p><\/span><\/p>\n<p><img loading=\"lazy\" decoding=\"async\" class=\"alignnone size-full wp-image-28496\" src=\"https:\/\/www.rotaseguros.com.br\/planosdesaude\/wp-content\/uploads\/2023\/03\/11-1.png\" alt=\" Dia Mundial da Sa\u00fade e Nutri\u00e7\u00e3o\n\" width=\"1080\" height=\"270\" \/><\/p>\n<p><span style=\"font-weight: 400;\">Nesse sentido, no Brasil, o Minist\u00e9rio da Sa\u00fade publicou o <\/span><a href=\"https:\/\/bvsms.saude.gov.br\/bvs\/publicacoes\/guia_alimentar_populacao_brasileira_2ed.pdf\" target=\"_blank\" rel=\"noopener\"><span style=\"font-weight: 400;\">Guia Alimentar para a Popula\u00e7\u00e3o Brasileira<\/span><\/a><span style=\"font-weight: 400;\">, que estabelece as primeiras diretrizes alimentares oficiais para a popula\u00e7\u00e3o brasileira. O guia \u00e9 uma refer\u00eancia para indiv\u00edduos, fam\u00edlias, governos e profissionais de sa\u00fade em rela\u00e7\u00e3o \u00e0 promo\u00e7\u00e3o da alimenta\u00e7\u00e3o adequada e saud\u00e1vel.\u00a0<\/span><\/p>\n<p><span style=\"font-weight: 400;\"><br \/>\n<\/span><span style=\"font-weight: 400;\">Assim, para garantir uma nutri\u00e7\u00e3o adequada, \u00e9 necess\u00e1rio manter uma dieta regular e equilibrada, fornecendo a quantidade e variedade adequadas de nutrientes para o corpo.<\/span><\/p>\n<p>&nbsp;<\/p>\n<h1><span style=\"font-weight: 400;\">6 h\u00e1bitos saud\u00e1veis de alimenta\u00e7\u00e3o de acordo com o\u00a0 Guia Alimentar para a Popula\u00e7\u00e3o Brasileira<\/span><\/h1>\n<p>&nbsp;<\/p>\n<p><span style=\"font-weight: 400;\">Refer\u00eancia para uma alimenta\u00e7\u00e3o saud\u00e1vel e equilibrada, o Guia Alimentar para a Popula\u00e7\u00e3o Brasileira recomenda uma s\u00e9rie de h\u00e1bitos que podem ajudar a manter uma boa sa\u00fade e prevenir doen\u00e7as. <\/span><span style=\"font-weight: 400;\"><br \/>\n<\/span><span style=\"font-weight: 400;\">Seguem abaixo 6 h\u00e1bitos saud\u00e1veis de acordo com o Guia:<\/span><\/p>\n<p><img loading=\"lazy\" decoding=\"async\" class=\"alignnone size-full wp-image-28492\" src=\"https:\/\/www.rotaseguros.com.br\/planosdesaude\/wp-content\/uploads\/2023\/03\/Fazer-pelo-menos-3-refeicoes-por-dia-e-evitar-pular-refeicoes.png\" alt=\"Alimenta\u00e7\u00e3o saudavel \" width=\"1080\" height=\"1080\" \/><\/p>\n","protected":false},"excerpt":{"rendered":"<p><span class=\"span-reading-time rt-reading-time\" style=\"display: block;\"><span class=\"rt-label rt-prefix\">Reading Time: <\/span> <span class=\"rt-time\"> 2<\/span> <span class=\"rt-label rt-postfix\">minutes<\/span><\/span>O Dia da Sa\u00fade e da Nutri\u00e7\u00e3o, celebrado em 31 de mar\u00e7o, \u00e9 uma ocasi\u00e3o para discutir e avaliar pr\u00e1ticas alimentares e a import\u00e2ncia de pol\u00edticas p\u00fablicas realistas e preventivas, &#8230;<\/p>\n","protected":false},"author":2,"featured_media":28491,"comment_status":"open","ping_status":"open","sticky":false,"template":"","format":"standard","meta":{"_monsterinsights_skip_tracking":false,"_monsterinsights_sitenote_active":false,"_monsterinsights_sitenote_note":"","_monsterinsights_sitenote_category":0,"footnotes":"","_links_to":"","_links_to_target":""},"categories":[1],"tags":[1344,1127],"class_list":["post-28490","post","type-post","status-publish","format-standard","has-post-thumbnail","hentry","category-sem-categoria","tag-alimentacao-saudavel","tag-saude"],"_links":{"self":[{"href":"https:\/\/www.rotaseguros.com.br\/planosdesaude\/wp-json\/wp\/v2\/posts\/28490","targetHints":{"allow":["GET"]}}],"collection":[{"href":"https:\/\/www.rotaseguros.com.br\/planosdesaude\/wp-json\/wp\/v2\/posts"}],"about":[{"href":"https:\/\/www.rotaseguros.com.br\/planosdesaude\/wp-json\/wp\/v2\/types\/post"}],"author":[{"embeddable":true,"href":"https:\/\/www.rotaseguros.com.br\/planosdesaude\/wp-json\/wp\/v2\/users\/2"}],"replies":[{"embeddable":true,"href":"https:\/\/www.rotaseguros.com.br\/planosdesaude\/wp-json\/wp\/v2\/comments?post=28490"}],"version-history":[{"count":0,"href":"https:\/\/www.rotaseguros.com.br\/planosdesaude\/wp-json\/wp\/v2\/posts\/28490\/revisions"}],"wp:featuredmedia":[{"embeddable":true,"href":"https:\/\/www.rotaseguros.com.br\/planosdesaude\/wp-json\/wp\/v2\/media\/28491"}],"wp:attachment":[{"href":"https:\/\/www.rotaseguros.com.br\/planosdesaude\/wp-json\/wp\/v2\/media?parent=28490"}],"wp:term":[{"taxonomy":"category","embeddable":true,"href":"https:\/\/www.rotaseguros.com.br\/planosdesaude\/wp-json\/wp\/v2\/categories?post=28490"},{"taxonomy":"post_tag","embeddable":true,"href":"https:\/\/www.rotaseguros.com.br\/planosdesaude\/wp-json\/wp\/v2\/tags?post=28490"}],"curies":[{"name":"wp","href":"https:\/\/api.w.org\/{rel}","templated":true}]}}