{"id":28499,"date":"2023-04-03T16:30:24","date_gmt":"2023-04-03T18:30:24","guid":{"rendered":"https:\/\/www.rotaseguros.com.br\/planosdesaude\/?p=28499"},"modified":"2023-04-03T16:30:24","modified_gmt":"2023-04-03T18:30:24","slug":"gengivite-a-inflamacao-mais-comum-que-voce-imagina","status":"publish","type":"post","link":"https:\/\/www.rotaseguros.com.br\/planosdesaude\/gengivite-a-inflamacao-mais-comum-que-voce-imagina\/","title":{"rendered":"Gengivite a inflama\u00e7\u00e3o mais comum que voc\u00ea imagina"},"content":{"rendered":"<span class=\"span-reading-time rt-reading-time\" style=\"display: block;\"><span class=\"rt-label rt-prefix\">Reading Time: <\/span> <span class=\"rt-time\"> 4<\/span> <span class=\"rt-label rt-postfix\">minutes<\/span><\/span><p><span style=\"font-weight: 400;\">Os cuidados bucais frequentemente caem em descuido com a correria da vida.<\/span><span style=\"font-weight: 400;\"><br \/>\n<\/span><span style=\"font-weight: 400;\">Nesse meio tempo, as coisas saem um pouco do controle e aparece uma inflama\u00e7\u00e3o aqui, uma dorzinha ali. E a cl\u00e1ssica gengivite!<\/span><span style=\"font-weight: 400;\"><br \/>\n<\/span><span style=\"font-weight: 400;\"><br \/>\n<\/span><span style=\"font-weight: 400;\">Causada pela placa bacteriana, a gengivite se caracteriza por ser uma fina pel\u00edcula que adere \u00e0 superf\u00edcie dos dentes e deposita-se no sulco gengival\u00a0<\/span><\/p><div id=\"ez-toc-container\" class=\"ez-toc-v2_0_82_2 counter-flat ez-toc-counter ez-toc-grey ez-toc-container-direction\">\n<div class=\"ez-toc-title-container\">\n<p class=\"ez-toc-title\" style=\"cursor:inherit\">Aqui voc\u00ea encontra:<\/p>\n<span class=\"ez-toc-title-toggle\"><a href=\"#\" class=\"ez-toc-pull-right ez-toc-btn ez-toc-btn-xs ez-toc-btn-default ez-toc-toggle\" aria-label=\"Alternar tabela de conte\u00fado\"><span class=\"ez-toc-js-icon-con\"><span class=\"\"><span class=\"eztoc-hide\" style=\"display:none;\">Toggle<\/span><span class=\"ez-toc-icon-toggle-span\"><svg style=\"fill: #999;color:#999\" xmlns=\"http:\/\/www.w3.org\/2000\/svg\" class=\"list-377408\" width=\"20px\" height=\"20px\" viewBox=\"0 0 24 24\" fill=\"none\"><path d=\"M6 6H4v2h2V6zm14 0H8v2h12V6zM4 11h2v2H4v-2zm16 0H8v2h12v-2zM4 16h2v2H4v-2zm16 0H8v2h12v-2z\" fill=\"currentColor\"><\/path><\/svg><svg style=\"fill: #999;color:#999\" class=\"arrow-unsorted-368013\" xmlns=\"http:\/\/www.w3.org\/2000\/svg\" width=\"10px\" height=\"10px\" viewBox=\"0 0 24 24\" version=\"1.2\" baseProfile=\"tiny\"><path d=\"M18.2 9.3l-6.2-6.3-6.2 6.3c-.2.2-.3.4-.3.7s.1.5.3.7c.2.2.4.3.7.3h11c.3 0 .5-.1.7-.3.2-.2.3-.5.3-.7s-.1-.5-.3-.7zM5.8 14.7l6.2 6.3 6.2-6.3c.2-.2.3-.5.3-.7s-.1-.5-.3-.7c-.2-.2-.4-.3-.7-.3h-11c-.3 0-.5.1-.7.3-.2.2-.3.5-.3.7s.1.5.3.7z\"\/><\/svg><\/span><\/span><\/span><\/a><\/span><\/div>\n<nav><ul class='ez-toc-list ez-toc-list-level-1 ' ><li class='ez-toc-page-1'><a class=\"ez-toc-link ez-toc-heading-1\" href=\"https:\/\/www.rotaseguros.com.br\/planosdesaude\/gengivite-a-inflamacao-mais-comum-que-voce-imagina\/#O_que_e_Gengivite\" >O que \u00e9 Gengivite?<\/a><\/li><li class='ez-toc-page-1'><a class=\"ez-toc-link ez-toc-heading-2\" href=\"https:\/\/www.rotaseguros.com.br\/planosdesaude\/gengivite-a-inflamacao-mais-comum-que-voce-imagina\/#Quais_as_causas_da_gengivite\" >Quais as causas da gengivite?<\/a><\/li><li class='ez-toc-page-1'><a class=\"ez-toc-link ez-toc-heading-3\" href=\"https:\/\/www.rotaseguros.com.br\/planosdesaude\/gengivite-a-inflamacao-mais-comum-que-voce-imagina\/#Qual_o_tratamento_para_gengivite\" >Qual o tratamento para gengivite?<\/a><\/li><li class='ez-toc-page-1'><a class=\"ez-toc-link ez-toc-heading-4\" href=\"https:\/\/www.rotaseguros.com.br\/planosdesaude\/gengivite-a-inflamacao-mais-comum-que-voce-imagina\/#Dicas_para_manter_a_saude_bucal_em_dia\" >Dicas para manter a sa\u00fade bucal em dia\u00a0<\/a><\/li><\/ul><\/nav><\/div>\n\n<p><span style=\"font-weight: 400;\">Contudo, a inflama\u00e7\u00e3o possui v\u00e1rios est\u00e1gios, e pode ocasionar, sim, maiores complica\u00e7\u00f5es. Se voc\u00ea est\u00e1 notando uma vermelhid\u00e3o na sua gengiva ou anda pecando na sua higiene bucal, \u00e9 bem prov\u00e1vel que esteja com gengivite.<\/span><span style=\"font-weight: 400;\"><br \/>\n<\/span><span style=\"font-weight: 400;\">Confira esse artigo para descobrir qual o est\u00e1gio e o tratamento.<\/span><\/p>\n<h1><span class=\"ez-toc-section\" id=\"O_que_e_Gengivite\"><\/span><span style=\"font-weight: 400;\"><br \/>\n<\/span><span style=\"font-weight: 400;\">O que \u00e9 Gengivite?<\/span><span style=\"font-weight: 400;\"><\/p>\n<p><\/span><span class=\"ez-toc-section-end\"><\/span><\/h1>\n<p><span style=\"font-weight: 400;\"><br \/>\n<\/span><span style=\"font-weight: 400;\">A gengivite \u00e9 uma condi\u00e7\u00e3o inflamat\u00f3ria da gengiva, que \u00e9 a mucosa que reveste os dentes. Bem como, a inflama\u00e7\u00e3o \u00e9 causada pela presen\u00e7a de placa bacteriana, que \u00e9 uma pel\u00edcula pegajosa de bact\u00e9rias e restos de alimentos que se acumulam nos dentes e gengivas.<\/span><span style=\"font-weight: 400;\"><br \/>\n<\/span><span style=\"font-weight: 400;\"><br \/>\n<\/span><span style=\"font-weight: 400;\">Se n\u00e3o for removida com a escova\u00e7\u00e3o e o uso do fio dental diariamente, a placa bacteriana pode irritar a gengiva e causar inflama\u00e7\u00e3o.<\/span><\/p>\n<p><span style=\"font-weight: 400;\">Nesse sentido, no est\u00e1gio inicial da doen\u00e7a, o osso e o tecido alveolar onde se fixam os dentes n\u00e3o s\u00e3o afetados.<\/span><\/p>\n<p><span style=\"font-weight: 400;\">Entretanto, se a higiene bucal continuar sendo negligenciada a gengivite pode evoluir para a periodontite, uma forma mais grave da doen\u00e7a que compromete todos os tecidos ao redor do dente. Podendo ocasionar a perda dos dentes.<\/span><span style=\"font-weight: 400;\"><br \/>\n<\/span><\/p>\n<p><span style=\"font-weight: 400;\">Nesses casos, a inflama\u00e7\u00e3o da gengiva progride e determinadas subst\u00e2ncias presentes na saliva fixam-se na placa bacteriana intensificando o processo inflamat\u00f3rio e criando condi\u00e7\u00f5es favor\u00e1veis para a forma\u00e7\u00e3o da bolsa periodontal, que afasta a gengiva dos dentes, favorece a contamina\u00e7\u00e3o por bact\u00e9rias e o desenvolvimento de t\u00e1rtaro (c\u00e1lculo gengival).<\/span><\/p>\n<p><span style=\"font-weight: 400;\">Assim, podendo levar a uma complica\u00e7\u00e3o grave da periodontite, a endocardite bacteriana. Onde, estudos mostram que as bact\u00e9rias instaladas nas bolsas periodontais podem disseminar-se na corrente sangu\u00ednea, alojar-se nas v\u00e1lvulas card\u00edacas e comprometer a circula\u00e7\u00e3o do sangue e o funcionamento do cora\u00e7\u00e3o.<\/span><\/p>\n<p><img loading=\"lazy\" decoding=\"async\" class=\"alignnone size-full wp-image-28505\" src=\"https:\/\/www.rotaseguros.com.br\/planosdesaude\/wp-content\/uploads\/2023\/04\/12.png\" alt=\"gengivite\" width=\"1080\" height=\"270\" \/><\/p>\n<h2><span class=\"ez-toc-section\" id=\"Quais_as_causas_da_gengivite\"><\/span><span style=\"font-weight: 400;\">Quais as causas da gengivite?<\/span><span class=\"ez-toc-section-end\"><\/span><\/h2>\n<p><span style=\"font-weight: 400;\">A causa mais comum da gengivite, \u00e9 sem sombra de d\u00favidas, a falta de higiene bucal adequada! Esse mau h\u00e1bito, permite o ac\u00famulo da placa bacteriana nos dentes e na gengiva. <\/span><span style=\"font-weight: 400;\"><br \/>\n<\/span><span style=\"font-weight: 400;\"><br \/>\nEm contrapartida, existem outras causas poss\u00edveis. Como a m\u00e1 oclus\u00e3o, t\u00e1rtaro, c\u00e1ries, aus\u00eancia de restaura\u00e7\u00f5es, baixa produ\u00e7\u00e3o de saliva, cigarro, certos medicamentos e a exposi\u00e7\u00e3o a metais pesados, por exemplo, o chumbo e o bismuto.<\/span><\/p>\n<p><img loading=\"lazy\" decoding=\"async\" class=\"alignnone size-full wp-image-28504\" src=\"https:\/\/www.rotaseguros.com.br\/planosdesaude\/wp-content\/uploads\/2023\/04\/11.png\" alt=\"tartaro \" width=\"1080\" height=\"270\" \/><\/p>\n<p><span style=\"font-weight: 400;\">Entretanto, epis\u00f3dios de gengivite que se instalam durante per\u00edodos como puberdade, menstrua\u00e7\u00e3o, na gravidez e menopausa s\u00e3o provavelmente explicados por altera\u00e7\u00f5es hormonais. Por isso, exigem acompanhamento odontol\u00f3gico e cuidados de higiene bucal especiais e redobrados.<\/span><\/p>\n<p><span style=\"font-weight: 400;\">Ainda sim, a gengivite pode ser uma manifesta\u00e7\u00e3o associada a doen\u00e7as, como herpes labial, diabetes, epilepsia, aids, leucemia, hipovitaminose, ou ser provocada por rea\u00e7\u00e3o al\u00e9rgica.<\/span><\/p>\n<p><img loading=\"lazy\" decoding=\"async\" class=\"alignnone size-full wp-image-28501\" src=\"https:\/\/www.rotaseguros.com.br\/planosdesaude\/wp-content\/uploads\/2023\/04\/8.png\" alt=\"gengivite inflamada\" width=\"1080\" height=\"270\" \/><\/p>\n<h2><span class=\"ez-toc-section\" id=\"Qual_o_tratamento_para_gengivite\"><\/span><span style=\"font-weight: 400;\">Qual o tratamento para gengivite?<\/span><span class=\"ez-toc-section-end\"><\/span><\/h2>\n<p><span style=\"font-weight: 400;\">\u00a0<\/span><\/p>\n<p><span style=\"font-weight: 400;\">O tratamento da gengivite trata-se do controle da infec\u00e7\u00e3o e a remo\u00e7\u00e3o do t\u00e1rtaro. <\/span><span style=\"font-weight: 400;\"><br \/>\n<\/span><span style=\"font-weight: 400;\">Isto \u00e9, da placa bacteriana endurecida que separa a gengiva dos dentes.<\/span><\/p>\n<p><span style=\"font-weight: 400;\"><br \/>\n<\/span><span style=\"font-weight: 400;\">Dessa maneira, \u00e9 feita uma raspagem acima e abaixo do contorno da gengiva .<\/span><span style=\"font-weight: 400;\"><br \/>\n<\/span><span style=\"font-weight: 400;\">Para isso, \u00e9 utilizado ultrassom ou aplicado um spray com l\u00edquido composto por alguns sais. <\/span><span style=\"font-weight: 400;\"><br \/>\n<\/span><span style=\"font-weight: 400;\">Ap\u00f3s a raspagem \u00e9 feito o alisamento da raiz e polimento dos dentes para eliminar os focos de infec\u00e7\u00e3o.\u00a0<\/span><\/p>\n<p><span style=\"font-weight: 400;\"> <img loading=\"lazy\" decoding=\"async\" class=\"alignnone size-full wp-image-28503\" src=\"https:\/\/www.rotaseguros.com.br\/planosdesaude\/wp-content\/uploads\/2023\/04\/10.png\" alt=\"tartaro \" width=\"1080\" height=\"270\" \/><\/span><\/p>\n<h2><span class=\"ez-toc-section\" id=\"Dicas_para_manter_a_saude_bucal_em_dia\"><\/span><span style=\"font-weight: 400;\">Dicas para manter a sa\u00fade bucal em dia\u00a0<\/span><span class=\"ez-toc-section-end\"><\/span><\/h2>\n<p>&nbsp;<\/p>\n<ul>\n<li style=\"font-weight: 400;\" aria-level=\"1\"><span style=\"font-weight: 400;\">Boa escova\u00e7\u00e3o e o uso do fio dental s\u00e3o essenciais para manter a sa\u00fade bucal;<\/span><\/li>\n<li style=\"font-weight: 400;\" aria-level=\"1\"><span style=\"font-weight: 400;\">Monitore a escova\u00e7\u00e3o dos dentes das crian\u00e7as pequenas.\u00a0<\/span><\/li>\n<li style=\"font-weight: 400;\" aria-level=\"1\"><span style=\"font-weight: 400;\">Evite alimentos e bebidas doces, especialmente se n\u00e3o tiver a chance de escovar logo os dentes;<\/span><\/li>\n<li style=\"font-weight: 400;\" aria-level=\"1\"><span style=\"font-weight: 400;\">Escove sempre os dentes antes de deitar, mesmo que j\u00e1 os tenha escovado depois das refei\u00e7\u00f5es;<\/span><\/li>\n<li style=\"font-weight: 400;\" aria-level=\"1\"><span style=\"font-weight: 400;\">O cigarro \u00e9 um grande inimigo\u00a0 para a gengiva e os dentes;<\/span><\/li>\n<li style=\"font-weight: 400;\" aria-level=\"1\"><span style=\"font-weight: 400;\">V\u00e1 ao dentista regularmente e sempre que notar mudan\u00e7as no aspecto de sua gengiva.<\/span><\/li>\n<\/ul>\n<p><img loading=\"lazy\" decoding=\"async\" class=\"alignnone size-full wp-image-28502\" src=\"https:\/\/www.rotaseguros.com.br\/planosdesaude\/wp-content\/uploads\/2023\/04\/9.png\" alt=\"inflama\u00e7\u00e3o na gengiva\" width=\"1080\" height=\"270\" \/><\/p>\n<p><span style=\"font-weight: 400;\">A <a href=\"http:\/\/rotaseguros.com.br\">Rota seguros<\/a> conta com as melhores operadoras de planos odontol\u00f3gicos com in\u00fameras coberturas, clica aqui e converse com um de nossos consultores e contrate o melhor plano para manter sua sa\u00fade bucal em dia .<\/span><\/p>\n","protected":false},"excerpt":{"rendered":"<p><span class=\"span-reading-time rt-reading-time\" style=\"display: block;\"><span class=\"rt-label rt-prefix\">Reading Time: <\/span> <span class=\"rt-time\"> 4<\/span> <span class=\"rt-label rt-postfix\">minutes<\/span><\/span>Os cuidados bucais frequentemente caem em descuido com a correria da vida. Nesse meio tempo, as coisas saem um pouco do controle e aparece uma inflama\u00e7\u00e3o aqui, uma dorzinha ali. &#8230;<\/p>\n","protected":false},"author":2,"featured_media":28500,"comment_status":"open","ping_status":"open","sticky":false,"template":"","format":"standard","meta":{"_monsterinsights_skip_tracking":false,"_monsterinsights_sitenote_active":false,"_monsterinsights_sitenote_note":"","_monsterinsights_sitenote_category":0,"footnotes":"","_links_to":"","_links_to_target":""},"categories":[1],"tags":[277],"class_list":["post-28499","post","type-post","status-publish","format-standard","has-post-thumbnail","hentry","category-sem-categoria","tag-saude-bucal"],"_links":{"self":[{"href":"https:\/\/www.rotaseguros.com.br\/planosdesaude\/wp-json\/wp\/v2\/posts\/28499","targetHints":{"allow":["GET"]}}],"collection":[{"href":"https:\/\/www.rotaseguros.com.br\/planosdesaude\/wp-json\/wp\/v2\/posts"}],"about":[{"href":"https:\/\/www.rotaseguros.com.br\/planosdesaude\/wp-json\/wp\/v2\/types\/post"}],"author":[{"embeddable":true,"href":"https:\/\/www.rotaseguros.com.br\/planosdesaude\/wp-json\/wp\/v2\/users\/2"}],"replies":[{"embeddable":true,"href":"https:\/\/www.rotaseguros.com.br\/planosdesaude\/wp-json\/wp\/v2\/comments?post=28499"}],"version-history":[{"count":0,"href":"https:\/\/www.rotaseguros.com.br\/planosdesaude\/wp-json\/wp\/v2\/posts\/28499\/revisions"}],"wp:featuredmedia":[{"embeddable":true,"href":"https:\/\/www.rotaseguros.com.br\/planosdesaude\/wp-json\/wp\/v2\/media\/28500"}],"wp:attachment":[{"href":"https:\/\/www.rotaseguros.com.br\/planosdesaude\/wp-json\/wp\/v2\/media?parent=28499"}],"wp:term":[{"taxonomy":"category","embeddable":true,"href":"https:\/\/www.rotaseguros.com.br\/planosdesaude\/wp-json\/wp\/v2\/categories?post=28499"},{"taxonomy":"post_tag","embeddable":true,"href":"https:\/\/www.rotaseguros.com.br\/planosdesaude\/wp-json\/wp\/v2\/tags?post=28499"}],"curies":[{"name":"wp","href":"https:\/\/api.w.org\/{rel}","templated":true}]}}