{"id":28630,"date":"2023-05-03T16:39:06","date_gmt":"2023-05-03T18:39:06","guid":{"rendered":"https:\/\/www.rotaseguros.com.br\/planosdesaude\/?p=28630"},"modified":"2023-05-03T16:53:09","modified_gmt":"2023-05-03T18:53:09","slug":"beber-muito-cafe-faz-mal","status":"publish","type":"post","link":"https:\/\/www.rotaseguros.com.br\/planosdesaude\/beber-muito-cafe-faz-mal\/","title":{"rendered":"Beber muito caf\u00e9 faz mal?"},"content":{"rendered":"<span class=\"span-reading-time rt-reading-time\" style=\"display: block;\"><span class=\"rt-label rt-prefix\">Reading Time: <\/span> <span class=\"rt-time\"> 7<\/span> <span class=\"rt-label rt-postfix\">minutes<\/span><\/span><p><span style=\"font-weight: 400;\">O caf\u00e9 \u00e9 uma das bebidas mais apreciadas ao redor do mundo. Seja para come\u00e7ar o dia ou acompanhar um doce ou salgado, \u00e9 dif\u00edcil resistir ao seu aroma e sabor caracter\u00edsticos.\u00a0<\/span><\/p><div id=\"ez-toc-container\" class=\"ez-toc-v2_0_82_2 counter-flat ez-toc-counter ez-toc-grey ez-toc-container-direction\">\n<div class=\"ez-toc-title-container\">\n<p class=\"ez-toc-title\" style=\"cursor:inherit\">Aqui voc\u00ea encontra:<\/p>\n<span class=\"ez-toc-title-toggle\"><a href=\"#\" class=\"ez-toc-pull-right ez-toc-btn ez-toc-btn-xs ez-toc-btn-default ez-toc-toggle\" aria-label=\"Alternar tabela de conte\u00fado\"><span class=\"ez-toc-js-icon-con\"><span class=\"\"><span class=\"eztoc-hide\" style=\"display:none;\">Toggle<\/span><span class=\"ez-toc-icon-toggle-span\"><svg style=\"fill: #999;color:#999\" xmlns=\"http:\/\/www.w3.org\/2000\/svg\" class=\"list-377408\" width=\"20px\" height=\"20px\" viewBox=\"0 0 24 24\" fill=\"none\"><path d=\"M6 6H4v2h2V6zm14 0H8v2h12V6zM4 11h2v2H4v-2zm16 0H8v2h12v-2zM4 16h2v2H4v-2zm16 0H8v2h12v-2z\" fill=\"currentColor\"><\/path><\/svg><svg style=\"fill: #999;color:#999\" class=\"arrow-unsorted-368013\" xmlns=\"http:\/\/www.w3.org\/2000\/svg\" width=\"10px\" height=\"10px\" viewBox=\"0 0 24 24\" version=\"1.2\" baseProfile=\"tiny\"><path d=\"M18.2 9.3l-6.2-6.3-6.2 6.3c-.2.2-.3.4-.3.7s.1.5.3.7c.2.2.4.3.7.3h11c.3 0 .5-.1.7-.3.2-.2.3-.5.3-.7s-.1-.5-.3-.7zM5.8 14.7l6.2 6.3 6.2-6.3c.2-.2.3-.5.3-.7s-.1-.5-.3-.7c-.2-.2-.4-.3-.7-.3h-11c-.3 0-.5.1-.7.3-.2.2-.3.5-.3.7s.1.5.3.7z\"\/><\/svg><\/span><\/span><\/span><\/a><\/span><\/div>\n<nav><ul class='ez-toc-list ez-toc-list-level-1 ' ><li class='ez-toc-page-1'><a class=\"ez-toc-link ez-toc-heading-1\" href=\"https:\/\/www.rotaseguros.com.br\/planosdesaude\/beber-muito-cafe-faz-mal\/#Qual_a_quantidade_segura_de_cafe\" >Qual a quantidade segura de caf\u00e9?<\/a><\/li><li class='ez-toc-page-1'><a class=\"ez-toc-link ez-toc-heading-2\" href=\"https:\/\/www.rotaseguros.com.br\/planosdesaude\/beber-muito-cafe-faz-mal\/#Vale_beber_cafe_requentado_ou_velho\" >Vale beber caf\u00e9 requentado ou velho?<\/a><\/li><li class='ez-toc-page-1'><a class=\"ez-toc-link ez-toc-heading-3\" href=\"https:\/\/www.rotaseguros.com.br\/planosdesaude\/beber-muito-cafe-faz-mal\/#O_cafe_realmente_vicia\" >O caf\u00e9 realmente vicia?<\/a><\/li><li class='ez-toc-page-1'><a class=\"ez-toc-link ez-toc-heading-4\" href=\"https:\/\/www.rotaseguros.com.br\/planosdesaude\/beber-muito-cafe-faz-mal\/#Cafe_emagrece\" >Caf\u00e9 emagrece?<\/a><\/li><li class='ez-toc-page-1'><a class=\"ez-toc-link ez-toc-heading-5\" href=\"https:\/\/www.rotaseguros.com.br\/planosdesaude\/beber-muito-cafe-faz-mal\/#Crianca_pode_beber_cafe\" >Crian\u00e7a pode beber caf\u00e9?<\/a><\/li><li class='ez-toc-page-1'><a class=\"ez-toc-link ez-toc-heading-6\" href=\"https:\/\/www.rotaseguros.com.br\/planosdesaude\/beber-muito-cafe-faz-mal\/#O_cafe_nao_e_um_vilao_10_beneficios_de_consumir_cafe\" >O caf\u00e9 n\u00e3o \u00e9 um vil\u00e3o, 10 benef\u00edcios de consumir caf\u00e9!<\/a><\/li><\/ul><\/nav><\/div>\n\n<p><span style=\"font-weight: 400;\">No entanto, muitas pessoas se perguntam se beber muito caf\u00e9 faz mal \u00e0 sa\u00fade. Afinal, enquanto alguns estudos apontam para seus benef\u00edcios, outros alertam sobre os poss\u00edveis riscos do consumo excessivo. Neste artigo, vamos explorar os efeitos do consumo excessivo de caf\u00e9 na sa\u00fade e o que a ci\u00eancia diz sobre isso. Ent\u00e3o, se voc\u00ea \u00e9 um amante de caf\u00e9 e quer saber se \u00e9 seguro consumir grandes quantidades, continue lendo para descobrir.<\/span><\/p>\n<p><img loading=\"lazy\" decoding=\"async\" class=\"alignnone  wp-image-28634\" src=\"https:\/\/www.rotaseguros.com.br\/planosdesaude\/wp-content\/uploads\/2023\/05\/11-300x75.png\" alt=\"bEBER CAF\u00c9\" width=\"784\" height=\"196\" srcset=\"https:\/\/www.rotaseguros.com.br\/planosdesaude\/wp-content\/uploads\/2023\/05\/11-300x75.png 300w, https:\/\/www.rotaseguros.com.br\/planosdesaude\/wp-content\/uploads\/2023\/05\/11-1024x256.png 1024w, https:\/\/www.rotaseguros.com.br\/planosdesaude\/wp-content\/uploads\/2023\/05\/11-768x192.png 768w, https:\/\/www.rotaseguros.com.br\/planosdesaude\/wp-content\/uploads\/2023\/05\/11-980x245.png 980w, https:\/\/www.rotaseguros.com.br\/planosdesaude\/wp-content\/uploads\/2023\/05\/11-480x120.png 480w, https:\/\/www.rotaseguros.com.br\/planosdesaude\/wp-content\/uploads\/2023\/05\/11.png 1080w\" sizes=\"auto, (max-width: 784px) 100vw, 784px\" \/><\/p>\n<h1><span class=\"ez-toc-section\" id=\"Qual_a_quantidade_segura_de_cafe\"><\/span><span style=\"font-weight: 400;\">Qual a quantidade segura de caf\u00e9?<\/span><span class=\"ez-toc-section-end\"><\/span><\/h1>\n<p><span style=\"font-weight: 400;\">O caf\u00e9 \u00e9 uma bebida amplamente consumida em todo o mundo.<\/span><span style=\"font-weight: 400;\"><br \/>\n<\/span><span style=\"font-weight: 400;\">Obviamente cont\u00e9m cafe\u00edna, que \u00e9 um estimulante que pode melhorar o humor, aumentar o alerta e melhorar o desempenho cognitivo. <\/span><span style=\"font-weight: 400;\"><br \/>\n<\/span><span style=\"font-weight: 400;\">No entanto, a ingest\u00e3o excessiva de caf\u00e9 pode causar efeitos colaterais indesejados, como ins\u00f4nia, nervosismo e dores de cabe\u00e7a.<\/span><\/p>\n<p><span style=\"font-weight: 400;\">Primeiramente, \u00e9 importante destacar que a quantidade segura de caf\u00e9 que pode ser consumida varia de acordo com diversos fatores, como idade, peso, metabolismo e sensibilidade \u00e0 cafe\u00edna.\u00a0<\/span><\/p>\n<p><span style=\"font-weight: 400;\">Contudo, para a maioria dos adultos saud\u00e1veis, a Food and Drug Administration (FDA) considera seguro o consumo de at\u00e9 400 miligramas de cafe\u00edna por dia. Isso equivale a cerca de 4 x\u00edcaras de caf\u00e9 coado.<\/span><\/p>\n<p><img loading=\"lazy\" decoding=\"async\" class=\"alignnone  wp-image-28638\" src=\"https:\/\/www.rotaseguros.com.br\/planosdesaude\/wp-content\/uploads\/2023\/05\/14-300x75.png\" alt=\"CAFEINA\" width=\"780\" height=\"195\" srcset=\"https:\/\/www.rotaseguros.com.br\/planosdesaude\/wp-content\/uploads\/2023\/05\/14-300x75.png 300w, https:\/\/www.rotaseguros.com.br\/planosdesaude\/wp-content\/uploads\/2023\/05\/14-1024x256.png 1024w, https:\/\/www.rotaseguros.com.br\/planosdesaude\/wp-content\/uploads\/2023\/05\/14-768x192.png 768w, https:\/\/www.rotaseguros.com.br\/planosdesaude\/wp-content\/uploads\/2023\/05\/14-980x245.png 980w, https:\/\/www.rotaseguros.com.br\/planosdesaude\/wp-content\/uploads\/2023\/05\/14-480x120.png 480w, https:\/\/www.rotaseguros.com.br\/planosdesaude\/wp-content\/uploads\/2023\/05\/14.png 1080w\" sizes=\"auto, (max-width: 780px) 100vw, 780px\" \/><\/p>\n<p><span style=\"font-weight: 400;\">Entretanto, se considerarmos o caf\u00e9 expresso o n\u00edvel de cafe\u00edna triplica. <\/span><span style=\"font-weight: 400;\"><br \/>\n<\/span><span style=\"font-weight: 400;\">Com o\u00a0 triplo de cafe\u00edna que o coado, \u00e9 importante atentar e fazer o c\u00e1lculo de quantas x\u00edcaras tomar, levando em conta que:<\/span><\/p>\n<p><span style=\"font-weight: 400;\">125 ml (meia x\u00edcara) de caf\u00e9 coado tem 85 mg de cafe\u00edna<br \/>\n<\/span><span style=\"font-weight: 400;\">Apenas 30 ml de caf\u00e9 expresso tem 60 mg de cafe\u00edna<\/span><\/p>\n<p><span style=\"font-weight: 400;\">Bem como, algumas pessoas s\u00e3o mais sens\u00edveis \u00e0 cafe\u00edna e podem sentir efeitos colaterais indesejados, mesmo com uma quantidade moderada de caf\u00e9. Para essas pessoas, \u00e9 recomendado limitar a ingest\u00e3o de cafe\u00edna a 200 miligramas por dia ou menos, o que equivale a cerca de 2 x\u00edcaras de caf\u00e9.<\/span><\/p>\n<p><span style=\"font-weight: 400;\">Vale ressaltar que a quantidade de cafe\u00edna presente em uma x\u00edcara de caf\u00e9 pode variar amplamente, dependendo do tipo de gr\u00e3o, m\u00e9todo de preparo e tamanho da x\u00edcara.\u00a0<\/span><\/p>\n<p><span style=\"font-weight: 400;\">Portanto, \u00e9 importante prestar aten\u00e7\u00e3o \u00e0 quantidade de cafe\u00edna que voc\u00ea consome e monitorar os efeitos colaterais. Se voc\u00ea estiver consumindo mais de 400 miligramas de cafe\u00edna por dia e sentir sintomas como nervosismo, tremores, palpita\u00e7\u00f5es card\u00edacas ou ins\u00f4nia, \u00e9 recomendado reduzir a ingest\u00e3o de caf\u00e9 ou conversar com um profissional de sa\u00fade.<\/span><\/p>\n<p><img loading=\"lazy\" decoding=\"async\" class=\"alignnone  wp-image-28637\" src=\"https:\/\/www.rotaseguros.com.br\/planosdesaude\/wp-content\/uploads\/2023\/05\/8-300x75.png\" alt=\"QUAL A QUANTIDADE CERTA DE CAF\u00c9?\" width=\"772\" height=\"193\" srcset=\"https:\/\/www.rotaseguros.com.br\/planosdesaude\/wp-content\/uploads\/2023\/05\/8-300x75.png 300w, https:\/\/www.rotaseguros.com.br\/planosdesaude\/wp-content\/uploads\/2023\/05\/8-1024x256.png 1024w, https:\/\/www.rotaseguros.com.br\/planosdesaude\/wp-content\/uploads\/2023\/05\/8-768x192.png 768w, https:\/\/www.rotaseguros.com.br\/planosdesaude\/wp-content\/uploads\/2023\/05\/8-980x245.png 980w, https:\/\/www.rotaseguros.com.br\/planosdesaude\/wp-content\/uploads\/2023\/05\/8-480x120.png 480w, https:\/\/www.rotaseguros.com.br\/planosdesaude\/wp-content\/uploads\/2023\/05\/8.png 1080w\" sizes=\"auto, (max-width: 772px) 100vw, 772px\" \/><\/p>\n<h2><span class=\"ez-toc-section\" id=\"Vale_beber_cafe_requentado_ou_velho\"><\/span><span style=\"font-weight: 400;\">Vale beber caf\u00e9 requentado ou velho?<\/span><span class=\"ez-toc-section-end\"><\/span><\/h2>\n<p>&nbsp;<\/p>\n<p><span style=\"font-weight: 400;\">Antes de mais nada: Melhor n\u00e3o.<\/span><span style=\"font-weight: 400;\"><br \/>\n<\/span><span style=\"font-weight: 400;\">O ideal \u00e9 consumir o caf\u00e9 em at\u00e9 30 minutos ap\u00f3s o seu preparo.<\/span><span style=\"font-weight: 400;\"><br \/>\n<\/span><span style=\"font-weight: 400;\">Al\u00e9m do sabor mudar ap\u00f3s esse per\u00edodo, que ocorre justamente por que o caf\u00e9 inicia o processo de oxida\u00e7\u00e3o.<\/span><span style=\"font-weight: 400;\"><br \/>\n<\/span><span style=\"font-weight: 400;\">Dessa maneira, levando a degrada\u00e7\u00e3o das subst\u00e2ncias da bebida, alterando com isso o paladar e o aroma.<\/span><\/p>\n<p><span style=\"font-weight: 400;\">Contudo, o\u00a0 consumo de caf\u00e9 oxidado, vai al\u00e9m do paladar,\u00a0 pode provocar efeitos prejudiciais na sa\u00fade, como problemas gastrointestinais e n\u00e1useas<\/span><\/p>\n<p><span style=\"font-weight: 400;\">Nesse mesmo sentido segue o consumo de caf\u00e9 requentado.<\/span><span style=\"font-weight: 400;\"><br \/>\n<\/span><span style=\"font-weight: 400;\">Que tem seu sabor ainda mais alterado do que o caf\u00e9 velho,tornando-se ran\u00e7oso ou queimado e, consequentemente, desagrad\u00e1vel de beber. Al\u00e9m disso, se o caf\u00e9 foi deixado em uma cafeteira por muito tempo, pode ter um sabor ainda pior ap\u00f3s ser aquecido novamente.<\/span><\/p>\n<p><span style=\"font-weight: 400;\">Outra raz\u00e3o para evitar o caf\u00e9 requentado \u00e9 a perda de nutrientes. O caf\u00e9 cont\u00e9m muitos nutrientes ben\u00e9ficos para o nosso corpo, como antioxidantes e cafe\u00edna. No entanto, quando o caf\u00e9 \u00e9 aquecido repetidamente, muitos desses nutrientes s\u00e3o perdidos, tornando-o menos ben\u00e9fico para a nossa sa\u00fade.<\/span><\/p>\n<p><span style=\"font-weight: 400;\">H\u00e1 tamb\u00e9m um risco potencial de intoxica\u00e7\u00e3o alimentar associado ao consumo de caf\u00e9 requentado. Quando o caf\u00e9 \u00e9 deixado em uma cafeteira por um longo per\u00edodo de tempo, as bact\u00e9rias podem se desenvolver na bebida. Se voc\u00ea beber o caf\u00e9 requentado, pode estar em risco de intoxica\u00e7\u00e3o alimentar.<\/span><\/p>\n<p><span style=\"font-weight: 400;\">Seja como for, se voc\u00ea n\u00e3o puder beber todo o caf\u00e9 imediatamente, \u00e9 melhor deix\u00e1-lo esfriar e beber frio em vez de aquec\u00ea-lo novamente. O caf\u00e9 frio pode ser uma op\u00e7\u00e3o deliciosa e refrescante, al\u00e9m de manter muitos dos nutrientes ben\u00e9ficos.<\/span><\/p>\n<p><img loading=\"lazy\" decoding=\"async\" class=\"alignnone  wp-image-28632\" src=\"https:\/\/www.rotaseguros.com.br\/planosdesaude\/wp-content\/uploads\/2023\/05\/9-300x75.png\" alt=\"CAF\u00c9 EMAGRECE?\" width=\"788\" height=\"197\" srcset=\"https:\/\/www.rotaseguros.com.br\/planosdesaude\/wp-content\/uploads\/2023\/05\/9-300x75.png 300w, https:\/\/www.rotaseguros.com.br\/planosdesaude\/wp-content\/uploads\/2023\/05\/9-1024x256.png 1024w, https:\/\/www.rotaseguros.com.br\/planosdesaude\/wp-content\/uploads\/2023\/05\/9-768x192.png 768w, https:\/\/www.rotaseguros.com.br\/planosdesaude\/wp-content\/uploads\/2023\/05\/9-980x245.png 980w, https:\/\/www.rotaseguros.com.br\/planosdesaude\/wp-content\/uploads\/2023\/05\/9-480x120.png 480w, https:\/\/www.rotaseguros.com.br\/planosdesaude\/wp-content\/uploads\/2023\/05\/9.png 1080w\" sizes=\"auto, (max-width: 788px) 100vw, 788px\" \/><\/p>\n<h2><span class=\"ez-toc-section\" id=\"O_cafe_realmente_vicia\"><\/span><span style=\"font-weight: 400;\">O caf\u00e9 realmente vicia?<\/span><span class=\"ez-toc-section-end\"><\/span><\/h2>\n<p>&nbsp;<\/p>\n<p><span style=\"font-weight: 400;\">A cafe\u00edna \u00e9 uma subst\u00e2ncia psicoativa que pode causar depend\u00eancia em algumas pessoas. Aumenta a atividade do neurotransmissor dopamina no c\u00e9rebro, que est\u00e1 associado ao prazer e \u00e0 recompensa, o que pode levar \u00e0 sensa\u00e7\u00e3o de bem-estar e euforia que muitos consumidores de caf\u00e9 experimentam.\u00a0<\/span><\/p>\n<p><span style=\"font-weight: 400;\">Embora algumas pessoas possam se sentir dependentes do caf\u00e9 e experimentar sintomas de abstin\u00eancia quando param de consumi-lo, a maioria dos usu\u00e1rios de caf\u00e9 n\u00e3o apresenta problemas graves de depend\u00eancia.<\/span><\/p>\n<p><span style=\"font-weight: 400;\">Um estudo analisou a rela\u00e7\u00e3o entre o consumo de caf\u00e9 e a depend\u00eancia em mais de 1700 adultos e descobriu que apenas uma pequena porcentagem dos participantes apresentava sinais de depend\u00eancia do caf\u00e9. A maioria dos participantes relatou consumir caf\u00e9 por prazer e n\u00e3o por necessidade. <br \/>\n<\/span><span style=\"font-weight: 400;\"><br \/>\n<\/span><span style=\"font-weight: 400;\">No entanto, algumas pessoas podem ser mais suscet\u00edveis \u00e0 depend\u00eancia do caf\u00e9 do que outras, especialmente aquelas que consomem grandes quantidades de cafe\u00edna regularmente. A toler\u00e2ncia \u00e0 cafe\u00edna tamb\u00e9m pode aumentar com o tempo, o que significa que algumas pessoas precisam de quantidades cada vez maiores de caf\u00e9 para experimentar os mesmos efeitos.<\/span><\/p>\n<p><span style=\"font-weight: 400;\">Embora a depend\u00eancia do caf\u00e9 seja rara, \u00e9 importante estar ciente dos efeitos da cafe\u00edna e limitar o consumo de caf\u00e9 para garantir uma ingest\u00e3o saud\u00e1vel e segura. Algumas pessoas podem experimentar sintomas de abstin\u00eancia quando param de consumir caf\u00e9, como dores de cabe\u00e7a, fadiga e irritabilidade. Esses sintomas geralmente desaparecem ap\u00f3s alguns dias sem cafe\u00edna, mas podem ser um sinal de que o consumo de caf\u00e9 est\u00e1 causando problemas de depend\u00eancia.<\/span><\/p>\n<p><img loading=\"lazy\" decoding=\"async\" class=\"alignnone  wp-image-28636\" src=\"https:\/\/www.rotaseguros.com.br\/planosdesaude\/wp-content\/uploads\/2023\/05\/13-300x75.png\" alt=\"CAF\u00c9\" width=\"780\" height=\"195\" srcset=\"https:\/\/www.rotaseguros.com.br\/planosdesaude\/wp-content\/uploads\/2023\/05\/13-300x75.png 300w, https:\/\/www.rotaseguros.com.br\/planosdesaude\/wp-content\/uploads\/2023\/05\/13-1024x256.png 1024w, https:\/\/www.rotaseguros.com.br\/planosdesaude\/wp-content\/uploads\/2023\/05\/13-768x192.png 768w, https:\/\/www.rotaseguros.com.br\/planosdesaude\/wp-content\/uploads\/2023\/05\/13-980x245.png 980w, https:\/\/www.rotaseguros.com.br\/planosdesaude\/wp-content\/uploads\/2023\/05\/13-480x120.png 480w, https:\/\/www.rotaseguros.com.br\/planosdesaude\/wp-content\/uploads\/2023\/05\/13.png 1080w\" sizes=\"auto, (max-width: 780px) 100vw, 780px\" \/><\/p>\n<h2><span class=\"ez-toc-section\" id=\"Cafe_emagrece\"><\/span><span style=\"font-weight: 400;\">Caf\u00e9 emagrece?<\/span><span class=\"ez-toc-section-end\"><\/span><\/h2>\n<p>&nbsp;<\/p>\n<p><span style=\"font-weight: 400;\">O caf\u00e9 \u00e9 uma bebida muito popular em todo o mundo e seria \u00f3timo se um dos seus princ\u00edpios ativos auxiliassem no emagrecimento, n\u00e3o \u00e9 mesmo?<br \/>\n<\/span><\/p>\n<p><span style=\"font-weight: 400;\">Mas essa ideia n\u00e3o est\u00e1 nada distante da realidade.<\/span><span style=\"font-weight: 400;\"><br \/>\n<\/span><span style=\"font-weight: 400;\">J\u00e1 que um dos principais compostos do caf\u00e9, a cafe\u00edna, \u00e9 conhecida por ter um efeito termog\u00eanico, o que significa que pode ajudar a aumentar o metabolismo e a queima de gordura.<\/span><span style=\"font-weight: 400;\"><\/p>\n<p><\/span><span style=\"font-weight: 400;\">\u00a0Al\u00e9m disso, a cafe\u00edna pode ser um \u00f3timo assistente para reduzir o apetite e diminuir a ingest\u00e3o de alimentos.<\/span><span style=\"font-weight: 400;\"><br \/>\n<\/span><span style=\"font-weight: 400;\">Estudos mostram que o consumo de caf\u00e9 pode estar associado a uma diminui\u00e7\u00e3o no risco de ganho de peso e obesidade em alguns indiv\u00edduos.<\/span><\/p>\n<p><span style=\"font-weight: 400;\">No entanto, \u00e9 importante lembrar que o caf\u00e9 por si s\u00f3 n\u00e3o \u00e9 uma solu\u00e7\u00e3o m\u00e1gica para a perda de peso.<br \/>\n<\/span><span style=\"font-weight: 400;\">Nesse sentido, para aqueles que desejam usar o caf\u00e9 como um complemento para seus esfor\u00e7os de perda de peso, \u00e9 importante consumi-lo com modera\u00e7\u00e3o e acompanhado de uma dieta saud\u00e1vel e equilibrada. <\/span><span style=\"font-weight: 400;\"><br \/>\n<\/span><span style=\"font-weight: 400;\"><br \/>\n<\/span><span style=\"font-weight: 400;\">Importante tamb\u00e9m atentar em como ser\u00e1 ado\u00e7ado!<\/span><span style=\"font-weight: 400;\"><br \/>\n<\/span><span style=\"font-weight: 400;\">N\u00e3o adianta us\u00e1-lo no auxilio do emagrecimento e abusar do a\u00e7\u00facar para ado\u00e7ar.<\/span><span style=\"font-weight: 400;\"><br \/>\n<\/span><span style=\"font-weight: 400;\">Fa\u00e7a op\u00e7\u00f5es mais saud\u00e1veis como ado\u00e7antes naturais, como o mel ou a stevia, para ado\u00e7ar o caf\u00e9.<\/span><\/p>\n<p><span style=\"font-weight: 400;\">Vale\u00a0 considerar tamb\u00e9m a qualidade do caf\u00e9 que est\u00e1 sendo consumido. O caf\u00e9 org\u00e2nico e de alta qualidade pode fornecer mais benef\u00edcios \u00e0 sa\u00fade do que o caf\u00e9 convencional.<\/span><\/p>\n<p><img loading=\"lazy\" decoding=\"async\" class=\"alignnone  wp-image-28635\" src=\"https:\/\/www.rotaseguros.com.br\/planosdesaude\/wp-content\/uploads\/2023\/05\/12-300x75.png\" alt=\"CRIAN\u00c7A PODE BEBER CAF\u00c9\" width=\"780\" height=\"195\" srcset=\"https:\/\/www.rotaseguros.com.br\/planosdesaude\/wp-content\/uploads\/2023\/05\/12-300x75.png 300w, https:\/\/www.rotaseguros.com.br\/planosdesaude\/wp-content\/uploads\/2023\/05\/12-1024x256.png 1024w, https:\/\/www.rotaseguros.com.br\/planosdesaude\/wp-content\/uploads\/2023\/05\/12-768x192.png 768w, https:\/\/www.rotaseguros.com.br\/planosdesaude\/wp-content\/uploads\/2023\/05\/12-980x245.png 980w, https:\/\/www.rotaseguros.com.br\/planosdesaude\/wp-content\/uploads\/2023\/05\/12-480x120.png 480w, https:\/\/www.rotaseguros.com.br\/planosdesaude\/wp-content\/uploads\/2023\/05\/12.png 1080w\" sizes=\"auto, (max-width: 780px) 100vw, 780px\" \/><\/p>\n<h2><span class=\"ez-toc-section\" id=\"Crianca_pode_beber_cafe\"><\/span><span style=\"font-weight: 400;\">Crian\u00e7a pode beber caf\u00e9?<\/span><span style=\"font-weight: 400;\"><\/p>\n<p><\/span><span class=\"ez-toc-section-end\"><\/span><\/h2>\n<p><span style=\"font-weight: 400;\">Em primeiro lugar, \u00e9 importante entender que o caf\u00e9 \u00e9 um estimulante do sistema nervoso central. A cafe\u00edna pode aumentar a frequ\u00eancia card\u00edaca e a press\u00e3o arterial, bem como causar irritabilidade, nervosismo e problemas para dormir em algumas pessoas.<\/span><\/p>\n<p><span style=\"font-weight: 400;\">Embora a cafe\u00edna em doses moderadas possa ser segura para a maioria dos adultos, o mesmo n\u00e3o pode ser dito para crian\u00e7as. As crian\u00e7as t\u00eam um sistema nervoso central ainda em desenvolvimento e, portanto, podem ser mais sens\u00edveis aos efeitos da cafe\u00edna. Al\u00e9m disso, as crian\u00e7as geralmente pesam menos do que os adultos, o que significa que mesmo pequenas quantidades de cafe\u00edna podem ter um efeito maior sobre elas.<\/span><\/p>\n<p><span style=\"font-weight: 400;\">Ent\u00e3o, a pergunta permanece: crian\u00e7as podem beber caf\u00e9? A resposta simples \u00e9 que n\u00e3o h\u00e1 uma resposta \u00fanica e certa. Algumas crian\u00e7as podem tolerar pequenas quantidades de caf\u00e9 sem problemas, enquanto outras podem apresentar efeitos colaterais indesejados.<\/span><\/p>\n<p><span style=\"font-weight: 400;\">Em geral, \u00e9 recomendado que as crian\u00e7as evitem o consumo de cafe\u00edna, incluindo caf\u00e9, refrigerantes e ch\u00e1s. Se as crian\u00e7as mostrarem interesse em experimentar caf\u00e9, os pais devem considerar limitar a quantidade e observar cuidadosamente quaisquer efeitos colaterais. Al\u00e9m disso, os pais devem consultar um pediatra antes de permitir que seus filhos bebam caf\u00e9 ou qualquer outra bebida com cafe\u00edna.<\/span><\/p>\n<p><img loading=\"lazy\" decoding=\"async\" class=\"alignnone  wp-image-28633\" src=\"https:\/\/www.rotaseguros.com.br\/planosdesaude\/wp-content\/uploads\/2023\/05\/10-300x75.png\" alt=\"CAF\u00c9\" width=\"784\" height=\"196\" srcset=\"https:\/\/www.rotaseguros.com.br\/planosdesaude\/wp-content\/uploads\/2023\/05\/10-300x75.png 300w, https:\/\/www.rotaseguros.com.br\/planosdesaude\/wp-content\/uploads\/2023\/05\/10-1024x256.png 1024w, https:\/\/www.rotaseguros.com.br\/planosdesaude\/wp-content\/uploads\/2023\/05\/10-768x192.png 768w, https:\/\/www.rotaseguros.com.br\/planosdesaude\/wp-content\/uploads\/2023\/05\/10-980x245.png 980w, https:\/\/www.rotaseguros.com.br\/planosdesaude\/wp-content\/uploads\/2023\/05\/10-480x120.png 480w, https:\/\/www.rotaseguros.com.br\/planosdesaude\/wp-content\/uploads\/2023\/05\/10.png 1080w\" sizes=\"auto, (max-width: 784px) 100vw, 784px\" \/><\/p>\n<h2><span class=\"ez-toc-section\" id=\"O_cafe_nao_e_um_vilao_10_beneficios_de_consumir_cafe\"><\/span><span style=\"font-weight: 400;\">O caf\u00e9 n\u00e3o \u00e9 um vil\u00e3o, 10 benef\u00edcios de consumir caf\u00e9!<\/span><span class=\"ez-toc-section-end\"><\/span><\/h2>\n<p>&nbsp;<\/p>\n<ol>\n<li><span style=\"font-weight: 400;\">Aumenta a energia: o caf\u00e9 \u00e9 conhecido por seu efeito estimulante devido \u00e0 presen\u00e7a de cafe\u00edna, que pode ajudar a aumentar a energia e melhorar o estado de alerta.<br \/>\n<\/span><\/li>\n<li><span style=\"font-weight: 400;\">Melhora o desempenho f\u00edsico: a cafe\u00edna presente no caf\u00e9 tamb\u00e9m pode ajudar a melhorar o desempenho f\u00edsico, estimulando o sistema nervoso central e aumentando a queima de gordura.<br \/>\n<\/span><\/li>\n<li><span style=\"font-weight: 400;\">Protege contra doen\u00e7as: estudos t\u00eam mostrado que o consumo de caf\u00e9 pode ajudar a proteger contra v\u00e1rias doen\u00e7as, incluindo diabetes tipo 2, doen\u00e7as card\u00edacas, doen\u00e7a de Parkinson e Alzheimer.\n<p><\/span><\/li>\n<li><span style=\"font-weight: 400;\">Melhora a fun\u00e7\u00e3o cerebral: a cafe\u00edna tamb\u00e9m pode melhorar a fun\u00e7\u00e3o cerebral, ajudando a aumentar o estado de alerta, melhorar o humor e a mem\u00f3ria de curto prazo.\n<p><\/span><\/li>\n<li><span style=\"font-weight: 400;\">Reduz o risco de depress\u00e3o: o consumo de caf\u00e9 tamb\u00e9m pode ajudar a reduzir o risco de depress\u00e3o, com estudos mostrando que as pessoas que bebem caf\u00e9 regularmente t\u00eam um risco menor de desenvolver a doen\u00e7a.\n<p><\/span><\/li>\n<li><span style=\"font-weight: 400;\">Fonte de antioxidantes: o caf\u00e9 \u00e9 uma fonte rica de antioxidantes, que ajudam a proteger o corpo contra os danos dos radicais livres e reduzir o risco de doen\u00e7as cr\u00f4nicas.\n<p><\/span><\/li>\n<li><span style=\"font-weight: 400;\">Reduz o risco de c\u00e2ncer: estudos t\u00eam mostrado que o consumo de caf\u00e9 pode ajudar a reduzir o risco de v\u00e1rios tipos de c\u00e2ncer, incluindo c\u00e2ncer de f\u00edgado e c\u00f3lon.\n<p><\/span><\/li>\n<li><span style=\"font-weight: 400;\">Reduz o risco de doen\u00e7as hep\u00e1ticas: o caf\u00e9 tamb\u00e9m pode ajudar a proteger o f\u00edgado, reduzindo o risco de doen\u00e7as hep\u00e1ticas, como cirrose e c\u00e2ncer de f\u00edgado.\n<p><\/span><\/li>\n<li><span style=\"font-weight: 400;\">Ajuda na perda de peso: a cafe\u00edna presente no caf\u00e9 pode ajudar a suprimir o apetite e aumentar o metabolismo, o que pode levar a uma perda de peso saud\u00e1vel.\n<p><\/span><\/li>\n<li><span style=\"font-weight: 400;\">Aumenta a longevidade: estudos t\u00eam mostrado que o consumo de caf\u00e9 pode estar associado a uma vida mais longa e saud\u00e1vel, com um risco reduzido de doen\u00e7as cr\u00f4nicas e morte prematura.<\/span><\/li>\n<\/ol>\n","protected":false},"excerpt":{"rendered":"<p><span class=\"span-reading-time rt-reading-time\" style=\"display: block;\"><span class=\"rt-label rt-prefix\">Reading Time: <\/span> <span class=\"rt-time\"> 7<\/span> <span class=\"rt-label rt-postfix\">minutes<\/span><\/span>O caf\u00e9 \u00e9 uma das bebidas mais apreciadas ao redor do mundo. Seja para come\u00e7ar o dia ou acompanhar um doce ou salgado, \u00e9 dif\u00edcil resistir ao seu aroma e &#8230;<\/p>\n","protected":false},"author":2,"featured_media":28631,"comment_status":"open","ping_status":"open","sticky":false,"template":"","format":"standard","meta":{"_monsterinsights_skip_tracking":false,"_monsterinsights_sitenote_active":false,"_monsterinsights_sitenote_note":"","_monsterinsights_sitenote_category":0,"footnotes":"","_links_to":"","_links_to_target":""},"categories":[1],"tags":[1188],"class_list":["post-28630","post","type-post","status-publish","format-standard","has-post-thumbnail","hentry","category-sem-categoria","tag-cafeina"],"_links":{"self":[{"href":"https:\/\/www.rotaseguros.com.br\/planosdesaude\/wp-json\/wp\/v2\/posts\/28630","targetHints":{"allow":["GET"]}}],"collection":[{"href":"https:\/\/www.rotaseguros.com.br\/planosdesaude\/wp-json\/wp\/v2\/posts"}],"about":[{"href":"https:\/\/www.rotaseguros.com.br\/planosdesaude\/wp-json\/wp\/v2\/types\/post"}],"author":[{"embeddable":true,"href":"https:\/\/www.rotaseguros.com.br\/planosdesaude\/wp-json\/wp\/v2\/users\/2"}],"replies":[{"embeddable":true,"href":"https:\/\/www.rotaseguros.com.br\/planosdesaude\/wp-json\/wp\/v2\/comments?post=28630"}],"version-history":[{"count":0,"href":"https:\/\/www.rotaseguros.com.br\/planosdesaude\/wp-json\/wp\/v2\/posts\/28630\/revisions"}],"wp:featuredmedia":[{"embeddable":true,"href":"https:\/\/www.rotaseguros.com.br\/planosdesaude\/wp-json\/wp\/v2\/media\/28631"}],"wp:attachment":[{"href":"https:\/\/www.rotaseguros.com.br\/planosdesaude\/wp-json\/wp\/v2\/media?parent=28630"}],"wp:term":[{"taxonomy":"category","embeddable":true,"href":"https:\/\/www.rotaseguros.com.br\/planosdesaude\/wp-json\/wp\/v2\/categories?post=28630"},{"taxonomy":"post_tag","embeddable":true,"href":"https:\/\/www.rotaseguros.com.br\/planosdesaude\/wp-json\/wp\/v2\/tags?post=28630"}],"curies":[{"name":"wp","href":"https:\/\/api.w.org\/{rel}","templated":true}]}}