{"id":28669,"date":"2023-05-09T12:38:34","date_gmt":"2023-05-09T14:38:34","guid":{"rendered":"https:\/\/www.rotaseguros.com.br\/planosdesaude\/?p=28669"},"modified":"2023-05-09T12:38:34","modified_gmt":"2023-05-09T14:38:34","slug":"aftas-quando-se-preocupar","status":"publish","type":"post","link":"https:\/\/www.rotaseguros.com.br\/planosdesaude\/aftas-quando-se-preocupar\/","title":{"rendered":"Aftas, quando se preocupar?!"},"content":{"rendered":"<span class=\"span-reading-time rt-reading-time\" style=\"display: block;\"><span class=\"rt-label rt-prefix\">Reading Time: <\/span> <span class=\"rt-time\"> 5<\/span> <span class=\"rt-label rt-postfix\">minutes<\/span><\/span><p><span style=\"font-weight: 400;\">As aftas s\u00e3o uma das condi\u00e7\u00f5es mais comuns que afetam a boca. Elas s\u00e3o les\u00f5es dolorosas que podem surgir em qualquer lugar da boca, incluindo a l\u00edngua, as gengivas, as bochechas e o c\u00e9u da boca. Apesar de serem inofensivas na maioria das vezes, as aftas podem ser desconfort\u00e1veis e interferir na qualidade de vida das pessoas. Neste artigo, vamos explorar as causas, tipos, sintomas e tratamento das aftas para que voc\u00ea possa entender melhor essa condi\u00e7\u00e3o e saber o que fazer caso seja afetado por ela.<\/span><\/p><div id=\"ez-toc-container\" class=\"ez-toc-v2_0_82_2 counter-flat ez-toc-counter ez-toc-grey ez-toc-container-direction\">\n<div class=\"ez-toc-title-container\">\n<p class=\"ez-toc-title\" style=\"cursor:inherit\">Aqui voc\u00ea encontra:<\/p>\n<span class=\"ez-toc-title-toggle\"><a href=\"#\" class=\"ez-toc-pull-right ez-toc-btn ez-toc-btn-xs ez-toc-btn-default ez-toc-toggle\" aria-label=\"Alternar tabela de conte\u00fado\"><span class=\"ez-toc-js-icon-con\"><span class=\"\"><span class=\"eztoc-hide\" style=\"display:none;\">Toggle<\/span><span class=\"ez-toc-icon-toggle-span\"><svg style=\"fill: #999;color:#999\" xmlns=\"http:\/\/www.w3.org\/2000\/svg\" class=\"list-377408\" width=\"20px\" height=\"20px\" viewBox=\"0 0 24 24\" fill=\"none\"><path d=\"M6 6H4v2h2V6zm14 0H8v2h12V6zM4 11h2v2H4v-2zm16 0H8v2h12v-2zM4 16h2v2H4v-2zm16 0H8v2h12v-2z\" fill=\"currentColor\"><\/path><\/svg><svg style=\"fill: #999;color:#999\" class=\"arrow-unsorted-368013\" xmlns=\"http:\/\/www.w3.org\/2000\/svg\" width=\"10px\" height=\"10px\" viewBox=\"0 0 24 24\" version=\"1.2\" baseProfile=\"tiny\"><path d=\"M18.2 9.3l-6.2-6.3-6.2 6.3c-.2.2-.3.4-.3.7s.1.5.3.7c.2.2.4.3.7.3h11c.3 0 .5-.1.7-.3.2-.2.3-.5.3-.7s-.1-.5-.3-.7zM5.8 14.7l6.2 6.3 6.2-6.3c.2-.2.3-.5.3-.7s-.1-.5-.3-.7c-.2-.2-.4-.3-.7-.3h-11c-.3 0-.5.1-.7.3-.2.2-.3.5-.3.7s.1.5.3.7z\"\/><\/svg><\/span><\/span><\/span><\/a><\/span><\/div>\n<nav><ul class='ez-toc-list ez-toc-list-level-1 ' ><li class='ez-toc-page-1'><a class=\"ez-toc-link ez-toc-heading-1\" href=\"https:\/\/www.rotaseguros.com.br\/planosdesaude\/aftas-quando-se-preocupar\/#O_que_e_afta\" >O que \u00e9 afta?<\/a><\/li><li class='ez-toc-page-1'><a class=\"ez-toc-link ez-toc-heading-2\" href=\"https:\/\/www.rotaseguros.com.br\/planosdesaude\/aftas-quando-se-preocupar\/#Quais_sao_as_causas_da_aftas\" >Quais s\u00e3o as causas da aftas?<\/a><\/li><li class='ez-toc-page-1'><a class=\"ez-toc-link ez-toc-heading-3\" href=\"https:\/\/www.rotaseguros.com.br\/planosdesaude\/aftas-quando-se-preocupar\/#Tipos_de_aftas\" >Tipos de aftas<\/a><\/li><li class='ez-toc-page-1'><a class=\"ez-toc-link ez-toc-heading-4\" href=\"https:\/\/www.rotaseguros.com.br\/planosdesaude\/aftas-quando-se-preocupar\/#Quando_se_preocupar\" >Quando se preocupar?<\/a><\/li><li class='ez-toc-page-1'><a class=\"ez-toc-link ez-toc-heading-5\" href=\"https:\/\/www.rotaseguros.com.br\/planosdesaude\/aftas-quando-se-preocupar\/#Tratamento_para_aftas\" >Tratamento para aftas<\/a><\/li><li class='ez-toc-page-1'><a class=\"ez-toc-link ez-toc-heading-6\" href=\"https:\/\/www.rotaseguros.com.br\/planosdesaude\/aftas-quando-se-preocupar\/#Cuide_da_sua_saude_com_a_Rota_Seguros\" >Cuide da sua sa\u00fade com a Rota Seguros<\/a><\/li><\/ul><\/nav><\/div>\n\n<p><img loading=\"lazy\" decoding=\"async\" class=\"alignnone  wp-image-28672\" src=\"https:\/\/www.rotaseguros.com.br\/planosdesaude\/wp-content\/uploads\/2023\/05\/9-3-300x75.png\" alt=\"aftas\" width=\"780\" height=\"195\" srcset=\"https:\/\/www.rotaseguros.com.br\/planosdesaude\/wp-content\/uploads\/2023\/05\/9-3-300x75.png 300w, https:\/\/www.rotaseguros.com.br\/planosdesaude\/wp-content\/uploads\/2023\/05\/9-3-1024x256.png 1024w, https:\/\/www.rotaseguros.com.br\/planosdesaude\/wp-content\/uploads\/2023\/05\/9-3-768x192.png 768w, https:\/\/www.rotaseguros.com.br\/planosdesaude\/wp-content\/uploads\/2023\/05\/9-3-980x245.png 980w, https:\/\/www.rotaseguros.com.br\/planosdesaude\/wp-content\/uploads\/2023\/05\/9-3-480x120.png 480w, https:\/\/www.rotaseguros.com.br\/planosdesaude\/wp-content\/uploads\/2023\/05\/9-3.png 1080w\" sizes=\"auto, (max-width: 780px) 100vw, 780px\" \/><\/p>\n<h1><span class=\"ez-toc-section\" id=\"O_que_e_afta\"><\/span><span style=\"font-weight: 400;\">O que \u00e9 afta?<\/span><span class=\"ez-toc-section-end\"><\/span><\/h1>\n<p>&nbsp;<\/p>\n<p><span style=\"font-weight: 400;\">As aftas s\u00e3o uma condi\u00e7\u00e3o bucal comum que pode causar desconforto e dor.<\/span><span style=\"font-weight: 400;\"><br \/>\n<\/span><span style=\"font-weight: 400;\">Tamb\u00e9m chamada de \u00falcera aftosa, estomatite aftosa ou \u00falcera de Mikulicz, s\u00e3o les\u00f5es pequenas, redondas e brancas que podem aparecer na l\u00edngua, bochechas, l\u00e1bios e garganta.\u00a0<\/span><\/p>\n<p><span style=\"font-weight: 400;\">Com isso, as causas das aftas s\u00e3o bem variadas e dependem de alguns fatores, como estresse, trauma na boca, defici\u00eancias nutricionais, alergias alimentares, entre outros.<\/span><\/p>\n<p><span style=\"font-weight: 400;\">Dessa maneira, as aftas podem ser bem dolorosas e frequentemente atrapalham atividades simples,como falar, comer e beijar. Felizmente, as les\u00f5es s\u00e3o benignas e n\u00e3o costumam causar maiores problemas al\u00e9m desse desconforto.<\/span><\/p>\n<p><span style=\"font-weight: 400;\">No entanto, cabe salientar que algumas doen\u00e7as mais graves da cavidade oral podem se manifestar com les\u00f5es ulceradas muito semelhantes \u00e0s aftas, o que pode causar alguma confus\u00e3o. Um exemplo \u00e9 o c\u00e2ncer da cavidade oral, que nas fases inicias pode se parecer com uma afta comum. A dica para distinguir ambas as les\u00f5es \u00e9 o tempo de evolu\u00e7\u00e3o, que costuma ser curto nas aftas simples, mas n\u00e3o melhora nas les\u00f5es malignas.<\/span><\/p>\n<p><span style=\"font-weight: 400;\">A maioria das aftas dura, em m\u00e9dia, de uma a duas semanas e costuma curar sem deixar cicatriz. As aftas que demoram mais tempo para curar s\u00e3o aquelas que surgem em locais onde h\u00e1 contato constante com os dentes ou com alimentos, sofrendo traumatismos repetidos ao longo do dia.<\/span><\/p>\n<p><img loading=\"lazy\" decoding=\"async\" class=\"alignnone  wp-image-28673\" src=\"https:\/\/www.rotaseguros.com.br\/planosdesaude\/wp-content\/uploads\/2023\/05\/10-3-300x75.png\" alt=\"aftas\" width=\"764\" height=\"191\" srcset=\"https:\/\/www.rotaseguros.com.br\/planosdesaude\/wp-content\/uploads\/2023\/05\/10-3-300x75.png 300w, https:\/\/www.rotaseguros.com.br\/planosdesaude\/wp-content\/uploads\/2023\/05\/10-3-1024x256.png 1024w, https:\/\/www.rotaseguros.com.br\/planosdesaude\/wp-content\/uploads\/2023\/05\/10-3-768x192.png 768w, https:\/\/www.rotaseguros.com.br\/planosdesaude\/wp-content\/uploads\/2023\/05\/10-3-980x245.png 980w, https:\/\/www.rotaseguros.com.br\/planosdesaude\/wp-content\/uploads\/2023\/05\/10-3-480x120.png 480w, https:\/\/www.rotaseguros.com.br\/planosdesaude\/wp-content\/uploads\/2023\/05\/10-3.png 1080w\" sizes=\"auto, (max-width: 764px) 100vw, 764px\" \/><\/p>\n<h2><span class=\"ez-toc-section\" id=\"Quais_sao_as_causas_da_aftas\"><\/span><span style=\"font-weight: 400;\">Quais s\u00e3o as causas da aftas?<\/span><span class=\"ez-toc-section-end\"><\/span><\/h2>\n<p>&nbsp;<\/p>\n<p><span style=\"font-weight: 400;\">S\u00e3o v\u00e1rias causas de afta, e muitas vezes n\u00e3o \u00e9 poss\u00edvel identificar exatamente o que as desencadeou. No entanto, alguns dos fatores mais comuns que podem contribuir para o surgimento das aftas incluem traumas na boca, estresse, defici\u00eancias nutricionais, alergias alimentares, infec\u00e7\u00f5es virais ou bacterianas e altera\u00e7\u00f5es hormonais.<\/span><\/p>\n<p><img loading=\"lazy\" decoding=\"async\" class=\"alignnone  wp-image-28671\" src=\"https:\/\/www.rotaseguros.com.br\/planosdesaude\/wp-content\/uploads\/2023\/05\/8-3-300x75.png\" alt=\"aparelho\" width=\"772\" height=\"193\" srcset=\"https:\/\/www.rotaseguros.com.br\/planosdesaude\/wp-content\/uploads\/2023\/05\/8-3-300x75.png 300w, https:\/\/www.rotaseguros.com.br\/planosdesaude\/wp-content\/uploads\/2023\/05\/8-3-1024x256.png 1024w, https:\/\/www.rotaseguros.com.br\/planosdesaude\/wp-content\/uploads\/2023\/05\/8-3-768x192.png 768w, https:\/\/www.rotaseguros.com.br\/planosdesaude\/wp-content\/uploads\/2023\/05\/8-3-980x245.png 980w, https:\/\/www.rotaseguros.com.br\/planosdesaude\/wp-content\/uploads\/2023\/05\/8-3-480x120.png 480w, https:\/\/www.rotaseguros.com.br\/planosdesaude\/wp-content\/uploads\/2023\/05\/8-3.png 1080w\" sizes=\"auto, (max-width: 772px) 100vw, 772px\" \/><\/p>\n<p><span style=\"font-weight: 400;\">Traumas na boca, como escova\u00e7\u00e3o agressiva, mordidas acidentais, uso de aparelhos ortod\u00f4nticos e at\u00e9 mesmo alimentos muito duros podem danificar a mucosa oral e desencadear o aparecimento das aftas.<\/span><\/p>\n<p><span style=\"font-weight: 400;\">Nesse sentido, o estresse tamb\u00e9m pode ser um fator contribuinte. Quando estamos estressados, nosso sistema imunol\u00f3gico fica comprometido, tornando-nos mais propensos a infec\u00e7\u00f5es e inflama\u00e7\u00f5es, incluindo as aftas.<\/span><\/p>\n<p><img loading=\"lazy\" decoding=\"async\" class=\"alignnone  wp-image-28677\" src=\"https:\/\/www.rotaseguros.com.br\/planosdesaude\/wp-content\/uploads\/2023\/05\/14-2-300x75.png\" alt=\"escova\u00e7\u00e3o\" width=\"776\" height=\"194\" srcset=\"https:\/\/www.rotaseguros.com.br\/planosdesaude\/wp-content\/uploads\/2023\/05\/14-2-300x75.png 300w, https:\/\/www.rotaseguros.com.br\/planosdesaude\/wp-content\/uploads\/2023\/05\/14-2-1024x256.png 1024w, https:\/\/www.rotaseguros.com.br\/planosdesaude\/wp-content\/uploads\/2023\/05\/14-2-768x192.png 768w, https:\/\/www.rotaseguros.com.br\/planosdesaude\/wp-content\/uploads\/2023\/05\/14-2-980x245.png 980w, https:\/\/www.rotaseguros.com.br\/planosdesaude\/wp-content\/uploads\/2023\/05\/14-2-480x120.png 480w, https:\/\/www.rotaseguros.com.br\/planosdesaude\/wp-content\/uploads\/2023\/05\/14-2.png 1080w\" sizes=\"auto, (max-width: 776px) 100vw, 776px\" \/><\/p>\n<p><span style=\"font-weight: 400;\">Al\u00e9m disso,defici\u00eancias nutricionais tamb\u00e9m podem causar aftas, especialmente a falta de vitaminas B12, ferro e \u00e1cido f\u00f3lico. Estes nutrientes s\u00e3o importantes para a sa\u00fade das c\u00e9lulas da boca, e sua defici\u00eancia pode levar \u00e0 forma\u00e7\u00e3o de aftas.<\/span><\/p>\n<p><span style=\"font-weight: 400;\">Juntamente com alergias alimentares, como intoler\u00e2ncia ao gl\u00faten, que tamb\u00e9m podem ser respons\u00e1veis pelo surgimento das aftas. Nestes casos, a retirada do alimento alerg\u00eanico da dieta \u00e9 essencial para prevenir a recorr\u00eancia das aftas.<\/span><\/p>\n<p><span style=\"font-weight: 400;\">Bem como, infec\u00e7\u00f5es virais ou bacterianas, como herpes ou gengivite, que s\u00e3o em grande parte os motivo de forma\u00e7\u00e3o de aftas, assim como altera\u00e7\u00f5es hormonais que podem ocorrer durante o ciclo menstrual.<\/span><\/p>\n<h2><img loading=\"lazy\" decoding=\"async\" class=\"alignnone  wp-image-28674\" src=\"https:\/\/www.rotaseguros.com.br\/planosdesaude\/wp-content\/uploads\/2023\/05\/11-2-300x75.png\" alt=\"\" width=\"768\" height=\"192\" srcset=\"https:\/\/www.rotaseguros.com.br\/planosdesaude\/wp-content\/uploads\/2023\/05\/11-2-300x75.png 300w, https:\/\/www.rotaseguros.com.br\/planosdesaude\/wp-content\/uploads\/2023\/05\/11-2-1024x256.png 1024w, https:\/\/www.rotaseguros.com.br\/planosdesaude\/wp-content\/uploads\/2023\/05\/11-2-768x192.png 768w, https:\/\/www.rotaseguros.com.br\/planosdesaude\/wp-content\/uploads\/2023\/05\/11-2-980x245.png 980w, https:\/\/www.rotaseguros.com.br\/planosdesaude\/wp-content\/uploads\/2023\/05\/11-2-480x120.png 480w, https:\/\/www.rotaseguros.com.br\/planosdesaude\/wp-content\/uploads\/2023\/05\/11-2.png 1080w\" sizes=\"auto, (max-width: 768px) 100vw, 768px\" \/><\/h2>\n<h2><span class=\"ez-toc-section\" id=\"Tipos_de_aftas\"><\/span><span style=\"font-weight: 400;\">Tipos de aftas<\/span><span class=\"ez-toc-section-end\"><\/span><\/h2>\n<p><span style=\"font-weight: 400;\">Existem tr\u00eas tipos de aftas: aftas menores, aftas maiores e aftas herpetiformes.<\/span><\/p>\n<p><b>Estomatite aftosa menor: <\/b><span style=\"font-weight: 400;\">As aftas menores s\u00e3o as mais comuns e afetam cerca de 80% das pessoas que t\u00eam aftas. Elas s\u00e3o pequenas les\u00f5es redondas ou ovais, com menos de 1cm de di\u00e2metro, que geralmente desaparecem em uma ou duas semanas sem deixar cicatrizes. As aftas menores po<\/span><span style=\"font-weight: 400;\">dem ser dolorosas, mas s\u00e3o menos graves do que os outros tipos de aftas.<\/span><\/p>\n<p><b>Estomatite aftosa maior: <\/b><span style=\"font-weight: 400;\">As aftas maiores s\u00e3o menos comuns e afetam cerca de 10% das pessoas com aftas. Elas t\u00eam mais de 1cm de di\u00e2metro e podem demorar at\u00e9 seis semanas para cicatrizar completamente. As aftas maiores s\u00e3o mais dolorosas do que as aftas menores e podem deixar cicatrizes.<\/span><\/p>\n<p><b>Estomatite aftosa herp<\/b><\/p>\n<p><b>etiforme :<\/b><span style=\"font-weight: 400;\"> As aftas herpetiformes s\u00e3o o tipo menos comum de afta, afetando apenas cerca de 5% das pessoas com aftas. Elas s\u00e3o pequenas les\u00f5es m\u00faltiplas, geralmente agrupadas, que podem se fundir para formar uma grande afta. Elas s\u00e3o muito dolorosas e podem levar v\u00e1rias semanas para cicatrizar completamente.<\/span><\/p>\n<h2><span class=\"ez-toc-section\" id=\"Quando_se_preocupar\"><\/span><span style=\"font-weight: 400;\">Quando se preocupar?<\/span><span class=\"ez-toc-section-end\"><\/span><\/h2>\n<h2><img loading=\"lazy\" decoding=\"async\" class=\"alignnone  wp-image-28679\" style=\"color: #666666; font-size: 14px;\" src=\"https:\/\/www.rotaseguros.com.br\/planosdesaude\/wp-content\/uploads\/2023\/05\/KK-300x300.jpg\" alt=\"AFTAS\" width=\"756\" height=\"756\" srcset=\"https:\/\/www.rotaseguros.com.br\/planosdesaude\/wp-content\/uploads\/2023\/05\/KK-300x300.jpg 300w, https:\/\/www.rotaseguros.com.br\/planosdesaude\/wp-content\/uploads\/2023\/05\/KK-1024x1024.jpg 1024w, https:\/\/www.rotaseguros.com.br\/planosdesaude\/wp-content\/uploads\/2023\/05\/KK-150x150.jpg 150w, https:\/\/www.rotaseguros.com.br\/planosdesaude\/wp-content\/uploads\/2023\/05\/KK-768x768.jpg 768w, https:\/\/www.rotaseguros.com.br\/planosdesaude\/wp-content\/uploads\/2023\/05\/KK-980x980.jpg 980w, https:\/\/www.rotaseguros.com.br\/planosdesaude\/wp-content\/uploads\/2023\/05\/KK-480x480.jpg 480w, https:\/\/www.rotaseguros.com.br\/planosdesaude\/wp-content\/uploads\/2023\/05\/KK.jpg 1080w\" sizes=\"auto, (max-width: 756px) 100vw, 756px\" \/><\/h2>\n<h2><span class=\"ez-toc-section\" id=\"Tratamento_para_aftas\"><\/span><span style=\"font-weight: 400;\">Tratamento para aftas<\/span><span class=\"ez-toc-section-end\"><\/span><\/h2>\n<p>&nbsp;<\/p>\n<p><span style=\"font-weight: 400;\">O tratamento para aftas varia dependendo do tipo e da gravidade da les\u00e3o. A maioria das aftas menores n\u00e3o requer tratamento espec\u00edfico e desaparece sozinha dentro de uma ou duas semanas. No entanto, para aliviar os sintomas, \u00e9 poss\u00edvel fazer uso de analg\u00e9sicos t\u00f3picos, como pomadas ou g\u00e9is, e enxaguantes bucais com propriedades antiss\u00e9pticas.<\/span><\/p>\n<p><span style=\"font-weight: 400;\">J\u00e1 as aftas maiores e herpetiformes podem ser mais dif\u00edceis de tratar e requerem cuidados mais espec\u00edficos. Nesses casos, \u00e9 poss\u00edvel fazer uso de medicamentos anti-inflamat\u00f3rios e corticosteroides t\u00f3picos ou orais, prescritos por um m\u00e9dico ou dentista.<\/span><\/p>\n<p><span style=\"font-weight: 400;\">Al\u00e9m disso, \u00e9 importante evitar alimentos e bebidas \u00e1cidas ou picantes que possam irritar ainda mais a les\u00e3o, bem como manter uma boa higiene bucal para evitar infec\u00e7\u00f5es secund\u00e1rias.<\/span><\/p>\n<h2><span style=\"font-weight: 400;\"><img loading=\"lazy\" decoding=\"async\" class=\"alignnone  wp-image-28678\" src=\"https:\/\/www.rotaseguros.com.br\/planosdesaude\/wp-content\/uploads\/2023\/05\/15-300x75.png\" alt=\"\" width=\"780\" height=\"195\" srcset=\"https:\/\/www.rotaseguros.com.br\/planosdesaude\/wp-content\/uploads\/2023\/05\/15-300x75.png 300w, https:\/\/www.rotaseguros.com.br\/planosdesaude\/wp-content\/uploads\/2023\/05\/15-1024x256.png 1024w, https:\/\/www.rotaseguros.com.br\/planosdesaude\/wp-content\/uploads\/2023\/05\/15-768x192.png 768w, https:\/\/www.rotaseguros.com.br\/planosdesaude\/wp-content\/uploads\/2023\/05\/15-980x245.png 980w, https:\/\/www.rotaseguros.com.br\/planosdesaude\/wp-content\/uploads\/2023\/05\/15-480x120.png 480w, https:\/\/www.rotaseguros.com.br\/planosdesaude\/wp-content\/uploads\/2023\/05\/15.png 1080w\" sizes=\"auto, (max-width: 780px) 100vw, 780px\" \/><\/span><\/h2>\n<h2><span class=\"ez-toc-section\" id=\"Cuide_da_sua_saude_com_a_Rota_Seguros\"><\/span><span style=\"font-weight: 400;\">Cuide da sua sa\u00fade com a Rota Seguros<\/span><span class=\"ez-toc-section-end\"><\/span><\/h2>\n<p>&nbsp;<\/p>\n<p><span style=\"font-weight: 400;\">As aftas s\u00e3o uma condi\u00e7\u00e3o comum que afeta muitas pessoas, mas com o conhecimento sobre suas causas, tipos, sintomas e tratamento, \u00e9 poss\u00edvel lidar com essa condi\u00e7\u00e3o de maneira mais eficaz e minimizar o impacto em sua qualidade de vida. <\/span><span style=\"font-weight: 400;\"><br \/>\n<\/span><span style=\"font-weight: 400;\">Se voc\u00ea est\u00e1 sofrendo de aftas persistentes ou graves, n\u00e3o hesite em consultar um m\u00e9dico especialista, estomatologista,ou dentista para obter um diagn\u00f3stico preciso e um tratamento adequado.<\/span><\/p>\n<p><span style=\"font-weight: 400;\">A Rota Seguros possui os melhores planos para voc\u00ea e sua fam\u00edlia se cuidarem com qualidade e custo benef\u00edcio.<\/span><\/p>\n<p>&nbsp;<\/p>\n","protected":false},"excerpt":{"rendered":"<p><span class=\"span-reading-time rt-reading-time\" style=\"display: block;\"><span class=\"rt-label rt-prefix\">Reading Time: <\/span> <span class=\"rt-time\"> 5<\/span> <span class=\"rt-label rt-postfix\">minutes<\/span><\/span>As aftas s\u00e3o uma das condi\u00e7\u00f5es mais comuns que afetam a boca. Elas s\u00e3o les\u00f5es dolorosas que podem surgir em qualquer lugar da boca, incluindo a l\u00edngua, as gengivas, as &#8230;<\/p>\n","protected":false},"author":2,"featured_media":28670,"comment_status":"open","ping_status":"open","sticky":false,"template":"","format":"standard","meta":{"_monsterinsights_skip_tracking":false,"_monsterinsights_sitenote_active":false,"_monsterinsights_sitenote_note":"","_monsterinsights_sitenote_category":0,"footnotes":"","_links_to":"","_links_to_target":""},"categories":[1005],"tags":[],"class_list":["post-28669","post","type-post","status-publish","format-standard","has-post-thumbnail","hentry","category-saude"],"_links":{"self":[{"href":"https:\/\/www.rotaseguros.com.br\/planosdesaude\/wp-json\/wp\/v2\/posts\/28669","targetHints":{"allow":["GET"]}}],"collection":[{"href":"https:\/\/www.rotaseguros.com.br\/planosdesaude\/wp-json\/wp\/v2\/posts"}],"about":[{"href":"https:\/\/www.rotaseguros.com.br\/planosdesaude\/wp-json\/wp\/v2\/types\/post"}],"author":[{"embeddable":true,"href":"https:\/\/www.rotaseguros.com.br\/planosdesaude\/wp-json\/wp\/v2\/users\/2"}],"replies":[{"embeddable":true,"href":"https:\/\/www.rotaseguros.com.br\/planosdesaude\/wp-json\/wp\/v2\/comments?post=28669"}],"version-history":[{"count":0,"href":"https:\/\/www.rotaseguros.com.br\/planosdesaude\/wp-json\/wp\/v2\/posts\/28669\/revisions"}],"wp:featuredmedia":[{"embeddable":true,"href":"https:\/\/www.rotaseguros.com.br\/planosdesaude\/wp-json\/wp\/v2\/media\/28670"}],"wp:attachment":[{"href":"https:\/\/www.rotaseguros.com.br\/planosdesaude\/wp-json\/wp\/v2\/media?parent=28669"}],"wp:term":[{"taxonomy":"category","embeddable":true,"href":"https:\/\/www.rotaseguros.com.br\/planosdesaude\/wp-json\/wp\/v2\/categories?post=28669"},{"taxonomy":"post_tag","embeddable":true,"href":"https:\/\/www.rotaseguros.com.br\/planosdesaude\/wp-json\/wp\/v2\/tags?post=28669"}],"curies":[{"name":"wp","href":"https:\/\/api.w.org\/{rel}","templated":true}]}}