{"id":287,"date":"2010-08-24T16:15:51","date_gmt":"2010-08-24T18:15:51","guid":{"rendered":"http:\/\/www.rotaseguros.com.br\/planosdesaude\/?p=287"},"modified":"2010-08-24T16:15:51","modified_gmt":"2010-08-24T18:15:51","slug":"cartao-do-sus-para-obter-repasses-dos-planos-de-saude","status":"publish","type":"post","link":"https:\/\/www.rotaseguros.com.br\/planosdesaude\/cartao-do-sus-para-obter-repasses-dos-planos-de-saude\/","title":{"rendered":"Cart\u00e3o do Sus para obter repasses dos planos de sa\u00fade"},"content":{"rendered":"<span class=\"span-reading-time rt-reading-time\" style=\"display: block;\"><span class=\"rt-label rt-prefix\">Reading Time: <\/span> <span class=\"rt-time\"> 2<\/span> <span class=\"rt-label rt-postfix\">minutes<\/span><\/span><p>O governo federal quer usar o relan\u00e7amento do Cart\u00e3o SUS &#8211; um  programa criado em 1999, mas que nunca deslanchou &#8211; como estrat\u00e9gia para  garantir que operadoras de sa\u00fade paguem o que devem aos servi\u00e7os  p\u00fablicos.<\/p>\n<p>A a\u00e7\u00e3o prev\u00ea que as empresas, ao renovar a carteira de seus  associados, inscrevam no documento tamb\u00e9m o n\u00famero do cart\u00e3o do governo.  Para quem n\u00e3o tiver o Cart\u00e3o Nacional de Sa\u00fade, a inscri\u00e7\u00e3o ser\u00e1  autom\u00e1tica. &#8220;Estamos estudando os \u00faltimos detalhes com a Ag\u00eancia  Nacional de Sa\u00fade Suplementar, mas a ideia \u00e9 que tudo esteja pronto at\u00e9 o  fim do ano&#8221;, afirmou a secret\u00e1ria-executiva do Minist\u00e9rio da Sa\u00fade,  M\u00e1rcia Bassit.<\/p>\n<p>As operadoras t\u00eam de ressarcir o governo todas as vezes em que seus  clientes forem atendidos no sistema p\u00fablico de sa\u00fade. Entre 2001 e 2009,  o governo conseguiu receber R$ 495 mil. A estimativa \u00e9 a de que  deixaram de ser arrecadados R$ 10 bilh\u00f5es entre 2001 e 2008. Em 2009, a  ANS criou um sistema espec\u00edfico para fazer a cobran\u00e7a, mas ele foi  suspenso logo em seguida, por problemas t\u00e9cnicos.<\/p>\n<p>Com o n\u00famero do Cart\u00e3o SUS na carteira de plano, o Minist\u00e9rio da  Sa\u00fade acredita que ficar\u00e1 mais f\u00e1cil evitar erros nos registros, algo  que dificulta a cobran\u00e7a dos procedimentos feitos em clientes de planos  de sa\u00fade nos servi\u00e7os p\u00fablicos. Al\u00e9m disso, seria uma forma de  incentivar o registro de uma parcela da popula\u00e7\u00e3o que provavelmente n\u00e3o  possui o Cart\u00e3o SUS, os usu\u00e1rios de planos. A estimativa \u00e9 a de que 35  milh\u00f5es de pessoas tenham plano de sa\u00fade.<\/p>\n<p><strong>Justificativas<\/strong><\/p>\n<p>Para n\u00e3o ressarcir o SUS, operadoras podem argumentar, por exemplo,  que o paciente atendido estava em per\u00edodo de car\u00eancia, que o  procedimento em quest\u00e3o n\u00e3o era coberto pelo plano ou que o atendimento  havia sido feito fora da regi\u00e3o de cobertura. Al\u00e9m disso, muitas d\u00edvidas  deixam de ser pagas por for\u00e7a de liminares. As informa\u00e7\u00f5es s\u00e3o do  jornal <strong>O Estado de S. Paulo.<\/strong><\/p>\n<p><strong>Nota do corretora:<\/strong> Isso para mim \u00e9 um absurdo, de acordo com a constitui\u00e7\u00e3o, \u00e9 obriga\u00e7\u00e3o do estado oferecer assist\u00eancia a sa\u00fade a toda popula\u00e7\u00e3o Brasileira. Para isso pagamos impostos sobre impostos, que n\u00e3o s\u00e3o poucos. Ainda sim n\u00e3o temos nenhuma qualidade no atendimento pelo SUS e precisamos pagar um plano de sa\u00fade particular.<\/p>\n<p>Quando ocorre algum atendimento de urg\u00eancia ou outro tipo de procedimento pelo SUS, quem paga a conta? O plano de sa\u00fade \u00e9 claro. Se temos direito de atendimento pelo sistema \u00fanico de sa\u00fade e pagamos um pre\u00e7o alto para isso, ent\u00e3o por que os planos de sa\u00fade n\u00e3o podem pedir ressarcimento de atendimento realizado por ele?<\/p>\n<p>Se eu pago um plano de sa\u00fade, automaticamente estou deixando de usar o SUS e n\u00e3o dou despesas para o governo. Al\u00e9m de n\u00e3o dar despesas, dou lucro, pois a carga tribut\u00e1ria paga pelos planos de sa\u00fade \u00e9 alt\u00edssima e ainda quando utilizo o SUS o plano de sa\u00fade \u00e9 quem paga a conta. Resumindo, o governo ganha para n\u00e3o ter gastos.<\/p>\n<p><strong>E no final quem sai prejudicado???<\/strong><\/p>\n<p><strong>Nos \u00faltimos anos, quantas operadoras de planos de sa\u00fade fecharam as portas??<\/strong><\/p>\n<p><strong>Qual a m\u00e9dia de reajuste dos planos de sa\u00fade nos \u00faltimos anos?<\/strong><\/p>\n","protected":false},"excerpt":{"rendered":"<p><span class=\"span-reading-time rt-reading-time\" style=\"display: block;\"><span class=\"rt-label rt-prefix\">Reading Time: <\/span> <span class=\"rt-time\"> 2<\/span> <span class=\"rt-label rt-postfix\">minutes<\/span><\/span>O governo federal quer usar o relan\u00e7amento do Cart\u00e3o SUS &#8211; um programa criado em 1999, mas que nunca deslanchou &#8211; como estrat\u00e9gia para garantir que operadoras de sa\u00fade paguem &#8230;<\/p>\n","protected":false},"author":1,"featured_media":0,"comment_status":"open","ping_status":"closed","sticky":false,"template":"","format":"standard","meta":{"_monsterinsights_skip_tracking":false,"_monsterinsights_sitenote_active":false,"_monsterinsights_sitenote_note":"","_monsterinsights_sitenote_category":0,"footnotes":"","_links_to":"","_links_to_target":""},"categories":[12],"tags":[],"class_list":["post-287","post","type-post","status-publish","format-standard","hentry","category-noticias"],"_links":{"self":[{"href":"https:\/\/www.rotaseguros.com.br\/planosdesaude\/wp-json\/wp\/v2\/posts\/287","targetHints":{"allow":["GET"]}}],"collection":[{"href":"https:\/\/www.rotaseguros.com.br\/planosdesaude\/wp-json\/wp\/v2\/posts"}],"about":[{"href":"https:\/\/www.rotaseguros.com.br\/planosdesaude\/wp-json\/wp\/v2\/types\/post"}],"author":[{"embeddable":true,"href":"https:\/\/www.rotaseguros.com.br\/planosdesaude\/wp-json\/wp\/v2\/users\/1"}],"replies":[{"embeddable":true,"href":"https:\/\/www.rotaseguros.com.br\/planosdesaude\/wp-json\/wp\/v2\/comments?post=287"}],"version-history":[{"count":0,"href":"https:\/\/www.rotaseguros.com.br\/planosdesaude\/wp-json\/wp\/v2\/posts\/287\/revisions"}],"wp:attachment":[{"href":"https:\/\/www.rotaseguros.com.br\/planosdesaude\/wp-json\/wp\/v2\/media?parent=287"}],"wp:term":[{"taxonomy":"category","embeddable":true,"href":"https:\/\/www.rotaseguros.com.br\/planosdesaude\/wp-json\/wp\/v2\/categories?post=287"},{"taxonomy":"post_tag","embeddable":true,"href":"https:\/\/www.rotaseguros.com.br\/planosdesaude\/wp-json\/wp\/v2\/tags?post=287"}],"curies":[{"name":"wp","href":"https:\/\/api.w.org\/{rel}","templated":true}]}}