{"id":29018,"date":"2023-07-12T17:16:46","date_gmt":"2023-07-12T19:16:46","guid":{"rendered":"https:\/\/www.rotaseguros.com.br\/planosdesaude\/?p=29018"},"modified":"2023-07-12T18:35:21","modified_gmt":"2023-07-12T20:35:21","slug":"alergia-e-frio-qual-a-relacao","status":"publish","type":"post","link":"https:\/\/www.rotaseguros.com.br\/planosdesaude\/alergia-e-frio-qual-a-relacao\/","title":{"rendered":"Alergia e Frio! Qual a rela\u00e7\u00e3o?"},"content":{"rendered":"<span class=\"span-reading-time rt-reading-time\" style=\"display: block;\"><span class=\"rt-label rt-prefix\">Reading Time: <\/span> <span class=\"rt-time\"> 4<\/span> <span class=\"rt-label rt-postfix\">minutes<\/span><\/span><p>A chegada das esta\u00e7\u00f5es de outono e inverno, trazem a oportunidade de usar aquelas roupas aconchegantes que adoramos, festivais gastron\u00f4micos, passeios, viagens e muito mais&#8230;<br \/>\nEntretanto, para pessoas que sofrem de alergias, as baixas temperaturas trazem consigo uma temporada de desconfortos.<br \/>\nMas afinal, qual a rela\u00e7\u00e3o entre o frio e as alergias? Quais s\u00e3o os sintomas? Como se prevenir?<\/p>\n<p>Estas entre muitas outras d\u00favidas, \u00e9 o que abordaremos agora em nosso blog!<\/p>\n<p>Fique com a gente, este artigo foi criado para voc\u00ea &#x1f60a;<\/p>\n<p><img loading=\"lazy\" decoding=\"async\" class=\"alignnone wp-image-29019 size-full\" title=\"Alergias de inverno\" src=\"https:\/\/www.rotaseguros.com.br\/planosdesaude\/wp-content\/uploads\/2023\/07\/202.jpg\" alt=\"\" width=\"1080\" height=\"270\" srcset=\"https:\/\/www.rotaseguros.com.br\/planosdesaude\/wp-content\/uploads\/2023\/07\/202.jpg 1080w, https:\/\/www.rotaseguros.com.br\/planosdesaude\/wp-content\/uploads\/2023\/07\/202-300x75.jpg 300w, https:\/\/www.rotaseguros.com.br\/planosdesaude\/wp-content\/uploads\/2023\/07\/202-1024x256.jpg 1024w, https:\/\/www.rotaseguros.com.br\/planosdesaude\/wp-content\/uploads\/2023\/07\/202-768x192.jpg 768w, https:\/\/www.rotaseguros.com.br\/planosdesaude\/wp-content\/uploads\/2023\/07\/202-980x245.jpg 980w, https:\/\/www.rotaseguros.com.br\/planosdesaude\/wp-content\/uploads\/2023\/07\/202-480x120.jpg 480w\" sizes=\"auto, (max-width: 1080px) 100vw, 1080px\" \/><\/p>\n<p><span style=\"color: #000000; font-size: 28px;\"><strong>O que \u00e9 a alergia?<\/strong><\/span><\/p>\n<p>A\u00a0alergia\u00a0\u00e9 uma resposta exagerada e excessiva do sistema imunol\u00f3gico contra subst\u00e2ncias diversas que entram em contato com o organismo, seja pela via respirat\u00f3ria, pela via cut\u00e2nea ou at\u00e9 mesmo por ingest\u00e3o.\u00a0<\/p>\n<p>&nbsp;<\/p>\n<p><span style=\"color: #000000; font-size: 28px;\"><strong>Alergia e frio &#8211; Rela\u00e7\u00e3o<\/strong><\/span><\/p>\n<p>Segundo a Organiza\u00e7\u00e3o Mundial de Sa\u00fade, 40% da popula\u00e7\u00e3o mundial sofre com algum tipo de alergia, entre elas as respirat\u00f3rias. E \u00e9 justamente nesta esta\u00e7\u00e3o que as crises se apresentam mais severas nestes indiv\u00edduos.<\/p>\n<p>A altern\u00e2ncia de temperaturas, al\u00e9m de quedas de imunidade promovem um ambiente mais prop\u00edcio para a prolifera\u00e7\u00e3o e circula\u00e7\u00e3o de v\u00edrus, o que ocasiona um aumento na quantidade de pessoas doentes.<\/p>\n<p>Isso acontece porque o ar fica mais seco, o que resseca as mucosas do aparelho respirat\u00f3rio. Esse ressecamento por sua vez, afeta a produ\u00e7\u00e3o de secre\u00e7\u00f5es com anticorpos para a defesa do organismo.<\/p>\n<p>Al\u00e9m disso, nos dias frios as pessoas costumam ficar aglomeradas e em lugares fechados, o que colabora na r\u00e1pida transmiss\u00e3o e dissemina\u00e7\u00e3o de casos.<\/p>\n<p><img loading=\"lazy\" decoding=\"async\" class=\"alignnone wp-image-29020 size-full\" title=\"doen\u00e7as de inverno\" src=\"https:\/\/www.rotaseguros.com.br\/planosdesaude\/wp-content\/uploads\/2023\/07\/203.jpg\" alt=\"\" width=\"1080\" height=\"270\" srcset=\"https:\/\/www.rotaseguros.com.br\/planosdesaude\/wp-content\/uploads\/2023\/07\/203.jpg 1080w, https:\/\/www.rotaseguros.com.br\/planosdesaude\/wp-content\/uploads\/2023\/07\/203-300x75.jpg 300w, https:\/\/www.rotaseguros.com.br\/planosdesaude\/wp-content\/uploads\/2023\/07\/203-1024x256.jpg 1024w, https:\/\/www.rotaseguros.com.br\/planosdesaude\/wp-content\/uploads\/2023\/07\/203-768x192.jpg 768w, https:\/\/www.rotaseguros.com.br\/planosdesaude\/wp-content\/uploads\/2023\/07\/203-980x245.jpg 980w, https:\/\/www.rotaseguros.com.br\/planosdesaude\/wp-content\/uploads\/2023\/07\/203-480x120.jpg 480w\" sizes=\"auto, (max-width: 1080px) 100vw, 1080px\" \/><\/p>\n<p><span style=\"color: #000000; font-size: 28px;\"><strong>Conhe\u00e7a os principais tipos de alergias de inverno<\/strong><\/span><\/p>\n<p>A <strong><span style=\"color: #000000;\">asma<\/span><\/strong> \u00e9 uma doen\u00e7a inflamat\u00f3ria cr\u00f4nica que ataca o sistema respirat\u00f3rio, em especial, os br\u00f4nquios. J\u00e1 a <strong>rinite<\/strong> \u00e9 uma inflama\u00e7\u00e3o ocasionada pelas crises al\u00e9rgicas e que acomete o nariz. Estima-se que 78% das pessoas asm\u00e1ticas apresentam rinite. Apesar de associadas, a asma e a rinite apresentam sintomas diferentes, conhe\u00e7a alguns deles:<\/p>\n<p>-Rinite: Nariz entupido, coriza, espirros e coceira, que aparecem com frequ\u00eancia no nariz, garganta e olhos.<\/p>\n<p>-Asma: Falta de ar ou dificuldade para respirar, sensa\u00e7\u00e3o de aperto no peito ou peito pesado, chiado no peito e tosse.<\/p>\n<p>-A <span style=\"color: #000000;\"><strong>alergia ao frio<\/strong><\/span>, cientificamente chamada de urtic\u00e1ria ao frio, \u00e9 um tipo de rea\u00e7\u00e3o al\u00e9rgica que ocorre imediatamente ap\u00f3s o contato da pele com baixas temperaturas, como por exemplo, \u00e1gua e objetos gelados. Esta rea\u00e7\u00e3o al\u00e9rgica envolve erup\u00e7\u00f5es avermelhadas na pele, muita coceira e, \u00e0s vezes, at\u00e9 incha\u00e7o corporal. A urtic\u00e1ria tamb\u00e9m pode surgir do contato com objetos e l\u00edquidos gelados.<\/p>\n<p>-A<strong><span style=\"color: #000000;\"> bronquite<\/span><\/strong> \u00e9 uma inflama\u00e7\u00e3o dos br\u00f4nquios, canais que conduzem o ar inalado at\u00e9 os alv\u00e9olos pulmonares. Essa doen\u00e7a \u00e9 caracterizada pela inflama\u00e7\u00e3o nas vias a\u00e9reas, que levam o ar at\u00e9 os pulm\u00f5es. Existem dois tipos de bronquite: a aguda e a cr\u00f4nica. A bronquite aguda \u00e9 a mais comum, causada, principalmente, por infec\u00e7\u00f5es virais, como gripe e resfriados \u2013 por isso, \u00e9 mais frequente no inverno.\u00a0<\/p>\n<p>Os sintomas principais, tanto da bronquite aguda quanto da cr\u00f4nica, s\u00e3o: Tosse com muco, falta de ar, chiado e desconforto no peito, febre baixa e cansa\u00e7o.<\/p>\n<p>&nbsp;<\/p>\n<p><span style=\"font-size: 28px; color: #000000;\"><strong>Como diferenciar alergias de inverno de sintomas de resfriado ou gripe?<\/strong><\/span><\/p>\n<p>Quando os sintomas surgem durante o inverno, pode ser dif\u00edcil distinguir se eles s\u00e3o causados por alergias de inverno, gripe ou um resfriado comum. Entretanto, entender as diferen\u00e7as entre essas condi\u00e7\u00f5es \u00e9 fundamental para identificar o diagn\u00f3stico correto e para a escolha do tratamento eficaz.<\/p>\n<p>Uma das principais diferen\u00e7as \u00e9 o momento em que os sintomas aparecem. As alergias de inverno tendem a se manifestar de forma r\u00e1pida e abrupta quando a pessoa \u00e9 exposta a um al\u00e9rgeno espec\u00edfico.<\/p>\n<p><img loading=\"lazy\" decoding=\"async\" class=\"alignnone wp-image-29021 size-full\" title=\"Rinite\" src=\"https:\/\/www.rotaseguros.com.br\/planosdesaude\/wp-content\/uploads\/2023\/07\/205.jpg\" alt=\"\" width=\"1080\" height=\"270\" srcset=\"https:\/\/www.rotaseguros.com.br\/planosdesaude\/wp-content\/uploads\/2023\/07\/205.jpg 1080w, https:\/\/www.rotaseguros.com.br\/planosdesaude\/wp-content\/uploads\/2023\/07\/205-300x75.jpg 300w, https:\/\/www.rotaseguros.com.br\/planosdesaude\/wp-content\/uploads\/2023\/07\/205-1024x256.jpg 1024w, https:\/\/www.rotaseguros.com.br\/planosdesaude\/wp-content\/uploads\/2023\/07\/205-768x192.jpg 768w, https:\/\/www.rotaseguros.com.br\/planosdesaude\/wp-content\/uploads\/2023\/07\/205-980x245.jpg 980w, https:\/\/www.rotaseguros.com.br\/planosdesaude\/wp-content\/uploads\/2023\/07\/205-480x120.jpg 480w\" sizes=\"auto, (max-width: 1080px) 100vw, 1080px\" \/><\/p>\n<p><span style=\"font-size: 28px;\"><strong><span style=\"color: #000000;\">Estrat\u00e9gias de preven\u00e7\u00e3o de alergias de inverno<\/span><\/strong><\/span><\/p>\n<p>A melhor forma de prevenir as crises al\u00e9rgicas \u00e9 evitar o contato com a causa do problema.\u00a0Embora seja dif\u00edcil evitar completamente os al\u00e9rgenos, existem algumas estrat\u00e9gias simples e eficazes que podem ajudar a minimizar a exposi\u00e7\u00e3o a essas subst\u00e2ncias.<\/p>\n<p>Manter sempre o ambiente limpo, evitar ac\u00famulo de poeira, n\u00e3o fumar, beber bastante \u00e1gua e se alimentar de forma saud\u00e1vel, s\u00e3o essenciais para viver bem e ajudam a melhorar a qualidade de vida durante essa esta\u00e7\u00e3o.<\/p>\n<p>Conhe\u00e7a mais algumas dicas que podem ajudar nesses cuidados:<\/p>\n<p><strong><span style=\"font-size: 14px; color: #000000;\">&#8211; Mantenha os ambientes bem arejados e, se poss\u00edvel, recebendo luz solar por longo per\u00edodo do dia;<\/span><\/strong><\/p>\n<p><strong><span style=\"font-size: 14px; color: #000000;\">&#8211; Proteja-se e evite exposi\u00e7\u00f5es ao frio;<\/span><\/strong><\/p>\n<p><strong><span style=\"font-size: 14px; color: #000000;\">&#8211; Evite e\/ou remova itens que acumulem poeira, como tapetes, cortinas, livros e bichos de pel\u00facia;<\/span><\/strong><\/p>\n<p><strong><span style=\"font-size: 14px; color: #000000;\">-Ao tirar roupas, cobertores e cachec\u00f3is do arm\u00e1rio, lave e deixe secar bem para eliminar os \u00e1caros antes de usar;<\/span><\/strong><\/p>\n<p><strong><span style=\"font-size: 14px; color: #000000;\">&#8211; Na limpeza da casa, utilize um pano \u00famido ou, se preferir, um aspirador de p\u00f3. Evite vassouras, que levantam e espalham poeira.<\/span><\/strong><\/p>\n<p>&nbsp;<\/p>\n<p><span style=\"font-size: 28px;\"><strong><span style=\"color: #000000;\">Diagn\u00f3stico e tratamentos dispon\u00edveis para alergias de inverno<\/span><\/strong><\/span><\/p>\n<p>\u00a0O diagn\u00f3stico da alergia \u00e9 feito com base no hist\u00f3rico familiar, h\u00e1bitos, ambiente em que o paciente vive, assim como a realiza\u00e7\u00e3o de testes e exames cl\u00ednicos.<\/p>\n<p>Cada tipo de\u00a0<em>alergia<\/em>\u00a0respirat\u00f3ria exige um\u00a0<em>tratamento<\/em>\u00a0espec\u00edfico, o m\u00e9todo escolhido depender\u00e1 da gravidade dos sintomas, das prefer\u00eancias individuais e das recomenda\u00e7\u00f5es m\u00e9dicas.<\/p>\n<p>Conhe\u00e7a alguns procedimentos frequentemente utilizados:<\/p>\n<p><span style=\"color: #ff0000;\"><strong>&#8211; Medicamentos antial\u00e9rgicos<\/strong><\/span><\/p>\n<p><span style=\"color: #ff0000;\"><strong>&#8211; Descongestionantes<\/strong><\/span><\/p>\n<p><span style=\"color: #ff0000;\"><strong>&#8211; Imunoterapia<\/strong><\/span><\/p>\n<p><span style=\"color: #ff0000;\"><strong>&#8211; Medidas de controle ambiental<\/strong><\/span><\/p>\n<p><span style=\"color: #ff0000;\"><strong>-Terapias complementares<\/strong><\/span><\/p>\n<p><img loading=\"lazy\" decoding=\"async\" class=\"alignnone wp-image-29022 size-full\" title=\"asma \" src=\"https:\/\/www.rotaseguros.com.br\/planosdesaude\/wp-content\/uploads\/2023\/07\/204.jpg\" alt=\"\" width=\"1080\" height=\"270\" srcset=\"https:\/\/www.rotaseguros.com.br\/planosdesaude\/wp-content\/uploads\/2023\/07\/204.jpg 1080w, https:\/\/www.rotaseguros.com.br\/planosdesaude\/wp-content\/uploads\/2023\/07\/204-300x75.jpg 300w, https:\/\/www.rotaseguros.com.br\/planosdesaude\/wp-content\/uploads\/2023\/07\/204-1024x256.jpg 1024w, https:\/\/www.rotaseguros.com.br\/planosdesaude\/wp-content\/uploads\/2023\/07\/204-768x192.jpg 768w, https:\/\/www.rotaseguros.com.br\/planosdesaude\/wp-content\/uploads\/2023\/07\/204-980x245.jpg 980w, https:\/\/www.rotaseguros.com.br\/planosdesaude\/wp-content\/uploads\/2023\/07\/204-480x120.jpg 480w\" sizes=\"auto, (max-width: 1080px) 100vw, 1080px\" \/><\/p>\n<p><span style=\"font-size: 28px; color: #000000;\"><strong>Consulte um m\u00e9dico!<\/strong><\/span><\/p>\n<p>Embora seja tentador buscar solu\u00e7\u00f5es r\u00e1pidas ou tratamentos caseiros, somente um profissional de sa\u00fade pode fazer um diagn\u00f3stico preciso e seguro.<\/p>\n<p>Por isso, o agendamento de uma consulta \u00e9 fundamental para a preven\u00e7\u00e3o, tratamento e acompanhamento de alergias de inverno.<\/p>\n<p>Durante as consultas de acompanhamento, o m\u00e9dico avaliar\u00e1 a efic\u00e1cia do tratamento atual, far\u00e1 ajustes, se necess\u00e1rio, e monitorar\u00e1 qualquer progresso ou mudan\u00e7as nos sintomas.<\/p>\n<p>Cuide de voc\u00ea e de quem voc\u00ea ama! A Rota Seguros possui os melhores planos de sa\u00fade, contando com especialistas renomados e excel\u00eancia em assist\u00eancia hospitalar e cl\u00ednica.<\/p>\n<p>Clique\u00a0<a href=\"https:\/\/www.rotaseguros.com.br\/\">aqui<\/a>\u00a0e converse com um de nossos consultores.<\/p>\n<p>&nbsp;<\/p>\n<p>&nbsp;<\/p>\n<h3>\u00a0<\/h3>\n<p>&nbsp;<\/p>\n","protected":false},"excerpt":{"rendered":"<p><span class=\"span-reading-time rt-reading-time\" style=\"display: block;\"><span class=\"rt-label rt-prefix\">Reading Time: <\/span> <span class=\"rt-time\"> 4<\/span> <span class=\"rt-label rt-postfix\">minutes<\/span><\/span>Aqui voc\u00ea encontra:<br \/>\n\u2022\tO que \u00e9 alergia?<br \/>\n\u2022\tTipos de alergia de inverno<br \/>\n\u2022\tDiagn\u00f3stico e tratamento<\/p>\n","protected":false},"author":2,"featured_media":29023,"comment_status":"open","ping_status":"open","sticky":false,"template":"","format":"standard","meta":{"_monsterinsights_skip_tracking":false,"_monsterinsights_sitenote_active":false,"_monsterinsights_sitenote_note":"","_monsterinsights_sitenote_category":0,"footnotes":"","_links_to":"","_links_to_target":""},"categories":[1,1005],"tags":[1031,1032],"class_list":["post-29018","post","type-post","status-publish","format-standard","has-post-thumbnail","hentry","category-sem-categoria","category-saude","tag-gripe","tag-resfriado"],"_links":{"self":[{"href":"https:\/\/www.rotaseguros.com.br\/planosdesaude\/wp-json\/wp\/v2\/posts\/29018","targetHints":{"allow":["GET"]}}],"collection":[{"href":"https:\/\/www.rotaseguros.com.br\/planosdesaude\/wp-json\/wp\/v2\/posts"}],"about":[{"href":"https:\/\/www.rotaseguros.com.br\/planosdesaude\/wp-json\/wp\/v2\/types\/post"}],"author":[{"embeddable":true,"href":"https:\/\/www.rotaseguros.com.br\/planosdesaude\/wp-json\/wp\/v2\/users\/2"}],"replies":[{"embeddable":true,"href":"https:\/\/www.rotaseguros.com.br\/planosdesaude\/wp-json\/wp\/v2\/comments?post=29018"}],"version-history":[{"count":0,"href":"https:\/\/www.rotaseguros.com.br\/planosdesaude\/wp-json\/wp\/v2\/posts\/29018\/revisions"}],"wp:featuredmedia":[{"embeddable":true,"href":"https:\/\/www.rotaseguros.com.br\/planosdesaude\/wp-json\/wp\/v2\/media\/29023"}],"wp:attachment":[{"href":"https:\/\/www.rotaseguros.com.br\/planosdesaude\/wp-json\/wp\/v2\/media?parent=29018"}],"wp:term":[{"taxonomy":"category","embeddable":true,"href":"https:\/\/www.rotaseguros.com.br\/planosdesaude\/wp-json\/wp\/v2\/categories?post=29018"},{"taxonomy":"post_tag","embeddable":true,"href":"https:\/\/www.rotaseguros.com.br\/planosdesaude\/wp-json\/wp\/v2\/tags?post=29018"}],"curies":[{"name":"wp","href":"https:\/\/api.w.org\/{rel}","templated":true}]}}