{"id":29062,"date":"2023-07-18T15:06:28","date_gmt":"2023-07-18T17:06:28","guid":{"rendered":"https:\/\/www.rotaseguros.com.br\/planosdesaude\/?p=29062"},"modified":"2023-07-18T15:13:29","modified_gmt":"2023-07-18T17:13:29","slug":"poliomielite-quais-os-riscos-em-nao-vacinar-o-seu-filho","status":"publish","type":"post","link":"https:\/\/www.rotaseguros.com.br\/planosdesaude\/poliomielite-quais-os-riscos-em-nao-vacinar-o-seu-filho\/","title":{"rendered":"Poliomielite &#8211; Quais os riscos em n\u00e3o vacinar o seu filho?"},"content":{"rendered":"<span class=\"span-reading-time rt-reading-time\" style=\"display: block;\"><span class=\"rt-label rt-prefix\">Reading Time: <\/span> <span class=\"rt-time\"> 6<\/span> <span class=\"rt-label rt-postfix\">minutes<\/span><\/span><p>A<span style=\"color: #000000;\"><strong> Poliomielite<\/strong><\/span>, tamb\u00e9m chamada de p\u00f3lio ou paralisia infantil, \u00e9 uma doen\u00e7a contagiosa aguda causada pelo poliov\u00edrus.<\/p><div id=\"ez-toc-container\" class=\"ez-toc-v2_0_82_2 counter-flat ez-toc-counter ez-toc-grey ez-toc-container-direction\">\n<div class=\"ez-toc-title-container\">\n<p class=\"ez-toc-title\" style=\"cursor:inherit\">Aqui voc\u00ea encontra:<\/p>\n<span class=\"ez-toc-title-toggle\"><a href=\"#\" class=\"ez-toc-pull-right ez-toc-btn ez-toc-btn-xs ez-toc-btn-default ez-toc-toggle\" aria-label=\"Alternar tabela de conte\u00fado\"><span class=\"ez-toc-js-icon-con\"><span class=\"\"><span class=\"eztoc-hide\" style=\"display:none;\">Toggle<\/span><span class=\"ez-toc-icon-toggle-span\"><svg style=\"fill: #999;color:#999\" xmlns=\"http:\/\/www.w3.org\/2000\/svg\" class=\"list-377408\" width=\"20px\" height=\"20px\" viewBox=\"0 0 24 24\" fill=\"none\"><path d=\"M6 6H4v2h2V6zm14 0H8v2h12V6zM4 11h2v2H4v-2zm16 0H8v2h12v-2zM4 16h2v2H4v-2zm16 0H8v2h12v-2z\" fill=\"currentColor\"><\/path><\/svg><svg style=\"fill: #999;color:#999\" class=\"arrow-unsorted-368013\" xmlns=\"http:\/\/www.w3.org\/2000\/svg\" width=\"10px\" height=\"10px\" viewBox=\"0 0 24 24\" version=\"1.2\" baseProfile=\"tiny\"><path d=\"M18.2 9.3l-6.2-6.3-6.2 6.3c-.2.2-.3.4-.3.7s.1.5.3.7c.2.2.4.3.7.3h11c.3 0 .5-.1.7-.3.2-.2.3-.5.3-.7s-.1-.5-.3-.7zM5.8 14.7l6.2 6.3 6.2-6.3c.2-.2.3-.5.3-.7s-.1-.5-.3-.7c-.2-.2-.4-.3-.7-.3h-11c-.3 0-.5.1-.7.3-.2.2-.3.5-.3.7s.1.5.3.7z\"\/><\/svg><\/span><\/span><\/span><\/a><\/span><\/div>\n<nav><ul class='ez-toc-list ez-toc-list-level-1 ' ><li class='ez-toc-page-1'><a class=\"ez-toc-link ez-toc-heading-1\" href=\"https:\/\/www.rotaseguros.com.br\/planosdesaude\/poliomielite-quais-os-riscos-em-nao-vacinar-o-seu-filho\/#O_que_e_poliomielite_Qual_e_a_sua_forma_de_transmissao\" >O que \u00e9 poliomielite? Qual \u00e9 a sua forma de transmiss\u00e3o?<\/a><\/li><li class='ez-toc-page-1'><a class=\"ez-toc-link ez-toc-heading-2\" href=\"https:\/\/www.rotaseguros.com.br\/planosdesaude\/poliomielite-quais-os-riscos-em-nao-vacinar-o-seu-filho\/#Conheca_os_principais_sintomas\" >Conhe\u00e7a os principais sintomas!<\/a><\/li><li class='ez-toc-page-1'><a class=\"ez-toc-link ez-toc-heading-3\" href=\"https:\/\/www.rotaseguros.com.br\/planosdesaude\/poliomielite-quais-os-riscos-em-nao-vacinar-o-seu-filho\/#Como_e_realizado_o_diagnostico\" >Como \u00e9 realizado o diagn\u00f3stico?<\/a><\/li><li class='ez-toc-page-1'><a class=\"ez-toc-link ez-toc-heading-4\" href=\"https:\/\/www.rotaseguros.com.br\/planosdesaude\/poliomielite-quais-os-riscos-em-nao-vacinar-o-seu-filho\/#Qual_o_tratamento_para_poliomielite\" >Qual o tratamento para poliomielite?<\/a><\/li><li class='ez-toc-page-1'><a class=\"ez-toc-link ez-toc-heading-5\" href=\"https:\/\/www.rotaseguros.com.br\/planosdesaude\/poliomielite-quais-os-riscos-em-nao-vacinar-o-seu-filho\/#A_historia_e_a_importancia_da_vacina\" >A hist\u00f3ria e a import\u00e2ncia da vacina.<\/a><\/li><li class='ez-toc-page-1'><a class=\"ez-toc-link ez-toc-heading-6\" href=\"https:\/\/www.rotaseguros.com.br\/planosdesaude\/poliomielite-quais-os-riscos-em-nao-vacinar-o-seu-filho\/#Prevencao_o_melhor_caminho\" >Preven\u00e7\u00e3o, o melhor caminho!<\/a><\/li><\/ul><\/nav><\/div>\n\n<p>A sua transmiss\u00e3o ocorre geralmente, atrav\u00e9s da boca, a partir do contato direto com fezes contaminadas ou por \u00e1gua e alimentos contaminados por essas fezes.<\/p>\n<p>Na maior parte dos casos os infectados apresentam poucos sintomas ou nenhum, com um quadro semelhante \u00e0 gripe, com febre e dor de garganta, ou infec\u00e7\u00f5es gastrintestinais, com n\u00e1usea, v\u00f4mito, constipa\u00e7\u00e3o e dor abdominal.<\/p>\n<p>Entretanto, uma parte dos infectados, especialmente crian\u00e7as com menos de cinco anos, podem sofrer com formas graves da doen\u00e7a, incluindo paralisia fl\u00e1cida aguda permanente, insufici\u00eancia respirat\u00f3ria e at\u00e9 mesmo o \u00f3bito.<\/p>\n<p><img loading=\"lazy\" decoding=\"async\" class=\"alignnone wp-image-29063 size-full\" src=\"https:\/\/www.rotaseguros.com.br\/planosdesaude\/wp-content\/uploads\/2023\/07\/212.jpg\" alt=\"\" width=\"1080\" height=\"270\" srcset=\"https:\/\/www.rotaseguros.com.br\/planosdesaude\/wp-content\/uploads\/2023\/07\/212.jpg 1080w, https:\/\/www.rotaseguros.com.br\/planosdesaude\/wp-content\/uploads\/2023\/07\/212-300x75.jpg 300w, https:\/\/www.rotaseguros.com.br\/planosdesaude\/wp-content\/uploads\/2023\/07\/212-1024x256.jpg 1024w, https:\/\/www.rotaseguros.com.br\/planosdesaude\/wp-content\/uploads\/2023\/07\/212-768x192.jpg 768w, https:\/\/www.rotaseguros.com.br\/planosdesaude\/wp-content\/uploads\/2023\/07\/212-980x245.jpg 980w, https:\/\/www.rotaseguros.com.br\/planosdesaude\/wp-content\/uploads\/2023\/07\/212-480x120.jpg 480w\" sizes=\"auto, (max-width: 1080px) 100vw, 1080px\" \/><\/p>\n<p>Apontada no Brasil desde o fim do s\u00e9culo XIX, a enfermidade provocou numerosos surtos e epidemias em todo o mundo.<\/p>\n<p>Em nosso pa\u00eds, os anos 70 foi a d\u00e9cada a qual registramos a maior parte das ocorr\u00eancias. At\u00e9 a sua erradica\u00e7\u00e3o, foram anotados 26.827 casos entre 1968 e 1989.<\/p>\n<p>Em 1980, a partir de iniciativas internacionais de erradica\u00e7\u00e3o, foi estabelecida a primeira estrat\u00e9gia de campanha nacional de imuniza\u00e7\u00e3o contra a p\u00f3lio. O uso das vacinas e a\u00e7\u00f5es de vacina\u00e7\u00e3o em massa foram essenciais para o seu controle.<\/p>\n<p>Mas ser\u00e1 que a doen\u00e7a est\u00e1 totalmente erradicada no Brasil e no mundo? Quais s\u00e3o os maiores desafios encontrados e a import\u00e2ncia da vacina nesse processo?<\/p>\n<p>Isso e muito mais, \u00e9 o que voc\u00ea vai acompanhar conosco em nosso blog!<\/p>\n<p><strong><span style=\"color: #000000;\">Fique com a gente, este artigo foi criado para voc\u00ea<\/span><\/strong> &#x1f60a;<\/p>\n<p>&nbsp;<\/p>\n<p><img loading=\"lazy\" decoding=\"async\" class=\"alignnone wp-image-29064 size-full\" src=\"https:\/\/www.rotaseguros.com.br\/planosdesaude\/wp-content\/uploads\/2023\/07\/213.jpg\" alt=\"\" width=\"1080\" height=\"270\" srcset=\"https:\/\/www.rotaseguros.com.br\/planosdesaude\/wp-content\/uploads\/2023\/07\/213.jpg 1080w, https:\/\/www.rotaseguros.com.br\/planosdesaude\/wp-content\/uploads\/2023\/07\/213-300x75.jpg 300w, https:\/\/www.rotaseguros.com.br\/planosdesaude\/wp-content\/uploads\/2023\/07\/213-1024x256.jpg 1024w, https:\/\/www.rotaseguros.com.br\/planosdesaude\/wp-content\/uploads\/2023\/07\/213-768x192.jpg 768w, https:\/\/www.rotaseguros.com.br\/planosdesaude\/wp-content\/uploads\/2023\/07\/213-980x245.jpg 980w, https:\/\/www.rotaseguros.com.br\/planosdesaude\/wp-content\/uploads\/2023\/07\/213-480x120.jpg 480w\" sizes=\"auto, (max-width: 1080px) 100vw, 1080px\" \/><\/p>\n<h1><span class=\"ez-toc-section\" id=\"O_que_e_poliomielite_Qual_e_a_sua_forma_de_transmissao\"><\/span><strong><span style=\"font-size: 20px; color: #000000;\">O que \u00e9 poliomielite? Qual \u00e9 a sua forma de transmiss\u00e3o?<\/span><\/strong><span class=\"ez-toc-section-end\"><\/span><\/h1>\n<p>A poliomielite \u00e9 uma doen\u00e7a infecto-contagiosa viral causada pelo Poliovirus. Conhecida desde a antiguidade, a enfermidade foi classificada como doen\u00e7a pela primeira vez, em 1840 pelo m\u00e9dico ortopedista alem\u00e3o, Jakob Heine.<\/p>\n<p>Entretanto, somente no final do s\u00e9culo XIX foi reconhecida como um problema significativo, quando as epidemias come\u00e7aram a aparecer no norte da Europa.<\/p>\n<p>No Brasil, os primeiros relatos de casos espor\u00e1dicos de poliomielite foram no in\u00edcio de 1911, em S\u00e3o Paulo pelo Dr. Luiz Hoppe \u2013 Santa Casa de Miseric\u00f3rdia de S\u00e3o Paulo e no Rio de Janeiro pelo Dr. Oswaldo Oliveira no Hospital Miseric\u00f3rdia.<\/p>\n<p>Transmitida por meio do contato direto com fezes, secre\u00e7\u00f5es, alimentos ou objetos contaminados, a sua multiplica\u00e7\u00e3o ocorre inicialmente nos locais por onde o v\u00edrus entra no organismo (boca, garganta e intestinos).<\/p>\n<p>Em seguida, ela invade a corrente sangu\u00ednea e pode chegar ao sistema nervoso, destruindo os neur\u00f4nios motores e provocando paralisia fl\u00e1cida em um dos membros inferiores.<\/p>\n<p>Nos casos mais graves ou de risco de \u00f3bito, a doen\u00e7a pode ser mortal, se forem infectadas as c\u00e9lulas dos centros nervosos que controlam os m\u00fasculos respirat\u00f3rios e da degluti\u00e7\u00e3o.<\/p>\n<p>&nbsp;<\/p>\n<p><img loading=\"lazy\" decoding=\"async\" class=\"alignnone wp-image-29065 size-full\" src=\"https:\/\/www.rotaseguros.com.br\/planosdesaude\/wp-content\/uploads\/2023\/07\/214.jpg\" alt=\"\" width=\"1080\" height=\"270\" srcset=\"https:\/\/www.rotaseguros.com.br\/planosdesaude\/wp-content\/uploads\/2023\/07\/214.jpg 1080w, https:\/\/www.rotaseguros.com.br\/planosdesaude\/wp-content\/uploads\/2023\/07\/214-300x75.jpg 300w, https:\/\/www.rotaseguros.com.br\/planosdesaude\/wp-content\/uploads\/2023\/07\/214-1024x256.jpg 1024w, https:\/\/www.rotaseguros.com.br\/planosdesaude\/wp-content\/uploads\/2023\/07\/214-768x192.jpg 768w, https:\/\/www.rotaseguros.com.br\/planosdesaude\/wp-content\/uploads\/2023\/07\/214-980x245.jpg 980w, https:\/\/www.rotaseguros.com.br\/planosdesaude\/wp-content\/uploads\/2023\/07\/214-480x120.jpg 480w\" sizes=\"auto, (max-width: 1080px) 100vw, 1080px\" \/><\/p>\n<h2><span class=\"ez-toc-section\" id=\"Conheca_os_principais_sintomas\"><\/span><strong><span style=\"font-size: 20px; color: #000000;\">Conhe\u00e7a os principais sintomas!<\/span><\/strong><span class=\"ez-toc-section-end\"><\/span><\/h2>\n<p>Os sinais e sintomas da poliomielite variam conforme as formas cl\u00ednicas, o per\u00edodo de incuba\u00e7\u00e3o da doen\u00e7a compreende de 02 a 30 dias ap\u00f3s a exposi\u00e7\u00e3o.<\/p>\n<p>A maior parte dos casos registrados (90 a 95%), n\u00e3o apresentam qualquer tipo de sintoma ou quando apresentam, eles s\u00e3o inespec\u00edficos), entretanto uma pequena parte (em especial crian\u00e7as com menos de 5 anos) podem desenvolver a forma mais grave da doen\u00e7a, com inclusive o risco de \u00f3bito.<\/p>\n<p>Conhe\u00e7a conosco as diferentes formas cl\u00ednicas da infec\u00e7\u00e3o:<\/p>\n<ul>\n<li>Assintom\u00e1tica &#8211; N\u00e3o h\u00e1 sintomas. Ocorre em 90 a 95% dos casos;<\/li>\n<li>Abortiva: Os sintomas s\u00e3o inespec\u00edficos, tais como febre, cefaleia, tosse e coriza, e manifesta\u00e7\u00f5es gastrointestinais, como v\u00f4mito e dor abdominal. Ocorre em 5% dos casos;<\/li>\n<li>Meningite ass\u00e9ptica &#8211; In\u00edcio com sintomas inespec\u00edficos, evoluindo com sinais de irrita\u00e7\u00e3o men\u00edngea. Ocorre em cerca de 1% das infec\u00e7\u00f5es por poliov\u00edrus.<\/li>\n<li>Forma paral\u00edtica &#8211; 1 a 1,6% dos casos. O d\u00e9ficit motor instala-se subitamente, acompanhada de febre e, sua evolu\u00e7\u00e3o, frequentemente n\u00e3o ultrapassa tr\u00eas dias. Acomete em geral os membros inferiores de forma assim\u00e9trica, com sinais e sintomas como flacidez muscular, diminui\u00e7\u00e3o ou aboli\u00e7\u00e3o dos reflexos profundos no segmento atingido e sensibilidade preservada. H\u00e1 persist\u00eancia de alguma paralisia residual (sequela), ap\u00f3s 60 dias do in\u00edcio da doen\u00e7a.<\/li>\n<\/ul>\n<p><img loading=\"lazy\" decoding=\"async\" class=\"alignnone wp-image-29068 size-full\" src=\"https:\/\/www.rotaseguros.com.br\/planosdesaude\/wp-content\/uploads\/2023\/07\/Blog-3-1.jpg\" alt=\"\" width=\"1080\" height=\"270\" srcset=\"https:\/\/www.rotaseguros.com.br\/planosdesaude\/wp-content\/uploads\/2023\/07\/Blog-3-1.jpg 1080w, https:\/\/www.rotaseguros.com.br\/planosdesaude\/wp-content\/uploads\/2023\/07\/Blog-3-1-300x75.jpg 300w, https:\/\/www.rotaseguros.com.br\/planosdesaude\/wp-content\/uploads\/2023\/07\/Blog-3-1-1024x256.jpg 1024w, https:\/\/www.rotaseguros.com.br\/planosdesaude\/wp-content\/uploads\/2023\/07\/Blog-3-1-768x192.jpg 768w, https:\/\/www.rotaseguros.com.br\/planosdesaude\/wp-content\/uploads\/2023\/07\/Blog-3-1-980x245.jpg 980w, https:\/\/www.rotaseguros.com.br\/planosdesaude\/wp-content\/uploads\/2023\/07\/Blog-3-1-480x120.jpg 480w\" sizes=\"auto, (max-width: 1080px) 100vw, 1080px\" \/><\/p>\n<h3><span class=\"ez-toc-section\" id=\"Como_e_realizado_o_diagnostico\"><\/span><strong><span style=\"font-size: 20px; color: #000000;\">Como \u00e9 realizado o diagn\u00f3stico?<\/span><\/strong><span class=\"ez-toc-section-end\"><\/span><\/h3>\n<p>O diagn\u00f3stico fundamenta-se nos sinais cl\u00ednicos e em exames laboratoriais.<\/p>\n<p>O isolamento e identifica\u00e7\u00e3o do v\u00edrus s\u00e3o realizados a partir de uma amostra de fezes do paciente ou de seus contatos.<\/p>\n<p>Al\u00e9m disso, para identificar a poliomielite tamb\u00e9m s\u00e3o realizados demais exames:<\/p>\n<ul>\n<li>Exame para a detec\u00e7\u00e3o do poliov\u00edrus nas fezes ou no catarro;<\/li>\n<li>Exame para a pesquisa de anticorpos IgM no sangue;<\/li>\n<li>Cultura de LCR (l\u00edquido cefalorraquidiano) para a pesquisa do agente causador;<\/li>\n<li>Eletromiografia para o estudo da atividade el\u00e9trica do membro paralisado.<\/li>\n<\/ul>\n<h4><span class=\"ez-toc-section\" id=\"Qual_o_tratamento_para_poliomielite\"><\/span><span style=\"font-size: 20px; color: #000000;\"><strong>Qual o tratamento para poliomielite?<\/strong><\/span><span class=\"ez-toc-section-end\"><\/span><\/h4>\n<p>Infelizmente, n\u00e3o existe ainda um tratamento espec\u00edfico para a poliomielite, capaz de atacar diretamente o v\u00edrus causador da doen\u00e7a.<\/p>\n<p>Por\u00e9m, \u00e9 poss\u00edvel realizar alguns procedimentos que ajudam no controle das complica\u00e7\u00f5es e redu\u00e7\u00e3o dos riscos de mortalidade pelo poliov\u00edrus.\u00a0 Entre eles destacam-se:<\/p>\n<ul>\n<li>Repouso absoluto nos primeiros dias para reduzir a taxa de paralisia;<\/li>\n<li>Mudan\u00e7a frequente de posi\u00e7\u00e3o do paciente na cama, que deve ter colch\u00e3o firme e apoio para os p\u00e9s e a cabe\u00e7a;<\/li>\n<li>Tratamento sintom\u00e1tico da dor, febre e dos problemas urin\u00e1rios e intestinais;<\/li>\n<li>Atendimento hospitalar nos casos de paralisia ou de altera\u00e7\u00e3o respirat\u00f3ria;<\/li>\n<li>Acompanhamento ortop\u00e9dico e fisioter\u00e1pico.<\/li>\n<\/ul>\n<p>&nbsp;<\/p>\n<p><img loading=\"lazy\" decoding=\"async\" class=\"alignnone wp-image-29066 size-full\" src=\"https:\/\/www.rotaseguros.com.br\/planosdesaude\/wp-content\/uploads\/2023\/07\/215.jpg\" alt=\"\" width=\"1080\" height=\"270\" srcset=\"https:\/\/www.rotaseguros.com.br\/planosdesaude\/wp-content\/uploads\/2023\/07\/215.jpg 1080w, https:\/\/www.rotaseguros.com.br\/planosdesaude\/wp-content\/uploads\/2023\/07\/215-300x75.jpg 300w, https:\/\/www.rotaseguros.com.br\/planosdesaude\/wp-content\/uploads\/2023\/07\/215-1024x256.jpg 1024w, https:\/\/www.rotaseguros.com.br\/planosdesaude\/wp-content\/uploads\/2023\/07\/215-768x192.jpg 768w, https:\/\/www.rotaseguros.com.br\/planosdesaude\/wp-content\/uploads\/2023\/07\/215-980x245.jpg 980w, https:\/\/www.rotaseguros.com.br\/planosdesaude\/wp-content\/uploads\/2023\/07\/215-480x120.jpg 480w\" sizes=\"auto, (max-width: 1080px) 100vw, 1080px\" \/><\/p>\n<h5><span class=\"ez-toc-section\" id=\"A_historia_e_a_importancia_da_vacina\"><\/span><strong><span style=\"font-size: 20px; color: #000000;\">A hist\u00f3ria e a import\u00e2ncia da vacina.<\/span><\/strong><span class=\"ez-toc-section-end\"><\/span><\/h5>\n<p>No dia 12 de abril de 1955 era anunciada ao mundo a descoberta da<span style=\"color: #000000;\"><strong> primeira vacina contra a poliomielite<\/strong><\/span>.<\/p>\n<p>Desenvolvida pelo cientista americano Jonas Salk, ela foi administrada incialmente de forma injet\u00e1vel.<\/p>\n<p>Mas o m\u00e9rito a erradica\u00e7\u00e3o da doen\u00e7a n\u00e3o pertence somente a Jonas Salk. Sete anos depois da descoberta, o pesquisador e m\u00e9dico Albert Sabin desenvolve outra vacina, a famosa gotinha, administrada por via oral, altamente eficaz e barata.<\/p>\n<p>Com as duas vacinas e uma ampla estrat\u00e9gia de campanha mundial de imuniza\u00e7\u00e3o em massa, em 1994 a poliomielite \u00e9 considerada erradicada do mundo.<\/p>\n<p>No Brasil, o \u00faltimo caso foi observado na cidade de Sousa, na Para\u00edba, em 1989, sendo considerada oficialmente eliminada do territ\u00f3rio nacional h\u00e1 27 anos, desde 1994.<\/p>\n<p>Atualmente, a OMS aponta que apenas tr\u00eas pa\u00edses ainda t\u00eam o v\u00edrus em circula\u00e7\u00e3o, o Afeganist\u00e3o, o Paquist\u00e3o e a Nig\u00e9ria. Tal perman\u00eancia inspira cuidados em todo o mundo, pois uma simples viagem \u00e9 capaz de importar a doen\u00e7a e, sem a vacina\u00e7\u00e3o adequada, viabilizar a reintrodu\u00e7\u00e3o do v\u00edrus em pa\u00edses onde a mesma j\u00e1 n\u00e3o mais existe.<\/p>\n<p>Por isso, o fato da doen\u00e7a ser considerada extinta n\u00e3o significa que a popula\u00e7\u00e3o tem que deixar de se vacinar. Pelo contr\u00e1rio, \u00e9 preciso continuar a imuniza\u00e7\u00e3o para evitar que o v\u00edrus volte a circular.<\/p>\n<p><img loading=\"lazy\" decoding=\"async\" class=\"alignnone wp-image-29067 size-full\" src=\"https:\/\/www.rotaseguros.com.br\/planosdesaude\/wp-content\/uploads\/2023\/07\/216.jpg\" alt=\"\" width=\"1080\" height=\"270\" srcset=\"https:\/\/www.rotaseguros.com.br\/planosdesaude\/wp-content\/uploads\/2023\/07\/216.jpg 1080w, https:\/\/www.rotaseguros.com.br\/planosdesaude\/wp-content\/uploads\/2023\/07\/216-300x75.jpg 300w, https:\/\/www.rotaseguros.com.br\/planosdesaude\/wp-content\/uploads\/2023\/07\/216-1024x256.jpg 1024w, https:\/\/www.rotaseguros.com.br\/planosdesaude\/wp-content\/uploads\/2023\/07\/216-768x192.jpg 768w, https:\/\/www.rotaseguros.com.br\/planosdesaude\/wp-content\/uploads\/2023\/07\/216-980x245.jpg 980w, https:\/\/www.rotaseguros.com.br\/planosdesaude\/wp-content\/uploads\/2023\/07\/216-480x120.jpg 480w\" sizes=\"auto, (max-width: 1080px) 100vw, 1080px\" \/><\/p>\n<h6><span class=\"ez-toc-section\" id=\"Prevencao_o_melhor_caminho\"><\/span><strong><span style=\"font-size: 20px; color: #000000;\">Preven\u00e7\u00e3o, o melhor caminho!<\/span><\/strong><span class=\"ez-toc-section-end\"><\/span><\/h6>\n<p>Apesar de sermos consideramos um pa\u00eds refer\u00eancia mundial em programas e desenvolvimento de vacinas, nos \u00faltimos anos, a cobertura vacinal tem deixado a desejar. Segundo os dados do pr\u00f3prio Minist\u00e9rio da Sa\u00fade, a taxa de imunizados contra a p\u00f3lio caiu consideravelmente de 2015 para c\u00e1.<\/p>\n<p>Em 2020, uma nova queda importante foi registrada: Apenas 75,9% das crian\u00e7as receberam as doses contra o v\u00edrus causador da paralisia infantil.<\/p>\n<p>Em outras palavras, uma em cada quatro crian\u00e7as brasileiras n\u00e3o est\u00e1 suficientemente resguardada contra a poliomielite.<\/p>\n<p>A vacina contra a poliomielite segue indicada para todas as crian\u00e7as brasileiras num esquema de cinco doses. As tr\u00eas primeiras s\u00e3o feitas com o imunizante injet\u00e1vel e devem ser aplicadas aos dois, aos quatro e aos seis meses de vida.<\/p>\n<p>A <strong><span style=\"color: #000000;\">preven\u00e7\u00e3o<\/span><\/strong> ainda \u00e9 o melhor caminho, por isso, leve seu filho para se vacinar e mantenha o calend\u00e1rio em dia. A vacina contra a poliomielite \u00e9 gratuita e est\u00e1 dispon\u00edvel em todas as salas de imuniza\u00e7\u00e3o da rede municipal.<\/p>\n<p><span style=\"color: #000000;\"><strong>Vacinas salvam vidas e protegem quem voc\u00ea ama<\/strong> <\/span>&#x2764;&#xfe0f;\u00a0<\/p>\n<p>A Rota Seguros possui os melhores planos de sa\u00fade, contando com pediatras e hospitais refer\u00eancia em atendimento infantil.<\/p>\n<p>Clique <a href=\"https:\/\/www.rotaseguros.com.br\/\">aqu<\/a>i e converse j\u00e1 com um de nossos consultores.<\/p>\n","protected":false},"excerpt":{"rendered":"<p><span class=\"span-reading-time rt-reading-time\" style=\"display: block;\"><span class=\"rt-label rt-prefix\">Reading Time: <\/span> <span class=\"rt-time\"> 6<\/span> <span class=\"rt-label rt-postfix\">minutes<\/span><\/span>A Poliomielite, tamb\u00e9m chamada de p\u00f3lio ou paralisia infantil, \u00e9 uma doen\u00e7a contagiosa aguda causada pelo poliov\u00edrus. A sua transmiss\u00e3o ocorre geralmente, atrav\u00e9s da boca, a partir do contato direto &#8230;<\/p>\n","protected":false},"author":2,"featured_media":29070,"comment_status":"open","ping_status":"open","sticky":false,"template":"","format":"standard","meta":{"_monsterinsights_skip_tracking":false,"_monsterinsights_sitenote_active":false,"_monsterinsights_sitenote_note":"","_monsterinsights_sitenote_category":0,"footnotes":"","_links_to":"","_links_to_target":""},"categories":[1],"tags":[],"class_list":["post-29062","post","type-post","status-publish","format-standard","has-post-thumbnail","hentry","category-sem-categoria"],"_links":{"self":[{"href":"https:\/\/www.rotaseguros.com.br\/planosdesaude\/wp-json\/wp\/v2\/posts\/29062","targetHints":{"allow":["GET"]}}],"collection":[{"href":"https:\/\/www.rotaseguros.com.br\/planosdesaude\/wp-json\/wp\/v2\/posts"}],"about":[{"href":"https:\/\/www.rotaseguros.com.br\/planosdesaude\/wp-json\/wp\/v2\/types\/post"}],"author":[{"embeddable":true,"href":"https:\/\/www.rotaseguros.com.br\/planosdesaude\/wp-json\/wp\/v2\/users\/2"}],"replies":[{"embeddable":true,"href":"https:\/\/www.rotaseguros.com.br\/planosdesaude\/wp-json\/wp\/v2\/comments?post=29062"}],"version-history":[{"count":0,"href":"https:\/\/www.rotaseguros.com.br\/planosdesaude\/wp-json\/wp\/v2\/posts\/29062\/revisions"}],"wp:featuredmedia":[{"embeddable":true,"href":"https:\/\/www.rotaseguros.com.br\/planosdesaude\/wp-json\/wp\/v2\/media\/29070"}],"wp:attachment":[{"href":"https:\/\/www.rotaseguros.com.br\/planosdesaude\/wp-json\/wp\/v2\/media?parent=29062"}],"wp:term":[{"taxonomy":"category","embeddable":true,"href":"https:\/\/www.rotaseguros.com.br\/planosdesaude\/wp-json\/wp\/v2\/categories?post=29062"},{"taxonomy":"post_tag","embeddable":true,"href":"https:\/\/www.rotaseguros.com.br\/planosdesaude\/wp-json\/wp\/v2\/tags?post=29062"}],"curies":[{"name":"wp","href":"https:\/\/api.w.org\/{rel}","templated":true}]}}