{"id":29572,"date":"2023-10-06T17:14:51","date_gmt":"2023-10-06T19:14:51","guid":{"rendered":"https:\/\/www.rotaseguros.com.br\/planosdesaude\/?p=29572"},"modified":"2023-10-06T17:14:51","modified_gmt":"2023-10-06T19:14:51","slug":"ferro-o-que-e-para-que-serve-e-como-evitar-a-deficiencia","status":"publish","type":"post","link":"https:\/\/www.rotaseguros.com.br\/planosdesaude\/ferro-o-que-e-para-que-serve-e-como-evitar-a-deficiencia\/","title":{"rendered":"Ferro: o que \u00e9, para que serve e como evitar a defici\u00eancia"},"content":{"rendered":"<span class=\"span-reading-time rt-reading-time\" style=\"display: block;\"><span class=\"rt-label rt-prefix\">Reading Time: <\/span> <span class=\"rt-time\"> 4<\/span> <span class=\"rt-label rt-postfix\">minutes<\/span><\/span><p>O ferro \u00e9 mais do que apenas um componente das nossas dietas di\u00e1rias; \u00e9 um elemento fundamental para manter nossa energia, vitalidade e sa\u00fade geral. Neste artigo, exploraremos os benef\u00edcios do ferro para o corpo, discutiremos as melhores fontes alimentares para garantir uma ingest\u00e3o adequada, aprenderemos como identificar sinais de defici\u00eancia de ferro e entenderemos os cuidados necess\u00e1rios para prevenir e tratar a anemia ferropriva.<\/p><div id=\"ez-toc-container\" class=\"ez-toc-v2_0_82_2 counter-flat ez-toc-counter ez-toc-grey ez-toc-container-direction\">\n<div class=\"ez-toc-title-container\">\n<p class=\"ez-toc-title\" style=\"cursor:inherit\">Aqui voc\u00ea encontra:<\/p>\n<span class=\"ez-toc-title-toggle\"><a href=\"#\" class=\"ez-toc-pull-right ez-toc-btn ez-toc-btn-xs ez-toc-btn-default ez-toc-toggle\" aria-label=\"Alternar tabela de conte\u00fado\"><span class=\"ez-toc-js-icon-con\"><span class=\"\"><span class=\"eztoc-hide\" style=\"display:none;\">Toggle<\/span><span class=\"ez-toc-icon-toggle-span\"><svg style=\"fill: #999;color:#999\" xmlns=\"http:\/\/www.w3.org\/2000\/svg\" class=\"list-377408\" width=\"20px\" height=\"20px\" viewBox=\"0 0 24 24\" fill=\"none\"><path d=\"M6 6H4v2h2V6zm14 0H8v2h12V6zM4 11h2v2H4v-2zm16 0H8v2h12v-2zM4 16h2v2H4v-2zm16 0H8v2h12v-2z\" fill=\"currentColor\"><\/path><\/svg><svg style=\"fill: #999;color:#999\" class=\"arrow-unsorted-368013\" xmlns=\"http:\/\/www.w3.org\/2000\/svg\" width=\"10px\" height=\"10px\" viewBox=\"0 0 24 24\" version=\"1.2\" baseProfile=\"tiny\"><path d=\"M18.2 9.3l-6.2-6.3-6.2 6.3c-.2.2-.3.4-.3.7s.1.5.3.7c.2.2.4.3.7.3h11c.3 0 .5-.1.7-.3.2-.2.3-.5.3-.7s-.1-.5-.3-.7zM5.8 14.7l6.2 6.3 6.2-6.3c.2-.2.3-.5.3-.7s-.1-.5-.3-.7c-.2-.2-.4-.3-.7-.3h-11c-.3 0-.5.1-.7.3-.2.2-.3.5-.3.7s.1.5.3.7z\"\/><\/svg><\/span><\/span><\/span><\/a><\/span><\/div>\n<nav><ul class='ez-toc-list ez-toc-list-level-1 ' ><li class='ez-toc-page-1'><a class=\"ez-toc-link ez-toc-heading-1\" href=\"https:\/\/www.rotaseguros.com.br\/planosdesaude\/ferro-o-que-e-para-que-serve-e-como-evitar-a-deficiencia\/#Beneficios_do_ferro_para_a_saude\" >Benef\u00edcios do ferro para a sa\u00fade<\/a><\/li><li class='ez-toc-page-1'><a class=\"ez-toc-link ez-toc-heading-2\" href=\"https:\/\/www.rotaseguros.com.br\/planosdesaude\/ferro-o-que-e-para-que-serve-e-como-evitar-a-deficiencia\/#i\" >\u00a0<\/a><\/li><li class='ez-toc-page-1'><a class=\"ez-toc-link ez-toc-heading-3\" href=\"https:\/\/www.rotaseguros.com.br\/planosdesaude\/ferro-o-que-e-para-que-serve-e-como-evitar-a-deficiencia\/#Fontes_de_ferro_na_alimentacao\" >Fontes de ferro na alimenta\u00e7\u00e3o<\/a><\/li><li class='ez-toc-page-1'><a class=\"ez-toc-link ez-toc-heading-4\" href=\"https:\/\/www.rotaseguros.com.br\/planosdesaude\/ferro-o-que-e-para-que-serve-e-como-evitar-a-deficiencia\/#Como_identificar_a_deficiencia_de_ferro\" >Como identificar a defici\u00eancia de ferro<\/a><\/li><li class='ez-toc-page-1'><a class=\"ez-toc-link ez-toc-heading-5\" href=\"https:\/\/www.rotaseguros.com.br\/planosdesaude\/ferro-o-que-e-para-que-serve-e-como-evitar-a-deficiencia\/#Tratamento_da_deficiencia_de_ferro\" >Tratamento da defici\u00eancia de ferro<\/a><\/li><\/ul><\/nav><\/div>\n\n<p><img loading=\"lazy\" decoding=\"async\" class=\"alignnone wp-image-29575 size-full\" src=\"https:\/\/www.rotaseguros.com.br\/planosdesaude\/wp-content\/uploads\/2023\/10\/Blog-8.png\" alt=\"ferro \" width=\"1080\" height=\"270\" srcset=\"https:\/\/www.rotaseguros.com.br\/planosdesaude\/wp-content\/uploads\/2023\/10\/Blog-8.png 1080w, https:\/\/www.rotaseguros.com.br\/planosdesaude\/wp-content\/uploads\/2023\/10\/Blog-8-300x75.png 300w, https:\/\/www.rotaseguros.com.br\/planosdesaude\/wp-content\/uploads\/2023\/10\/Blog-8-1024x256.png 1024w, https:\/\/www.rotaseguros.com.br\/planosdesaude\/wp-content\/uploads\/2023\/10\/Blog-8-768x192.png 768w, https:\/\/www.rotaseguros.com.br\/planosdesaude\/wp-content\/uploads\/2023\/10\/Blog-8-980x245.png 980w, https:\/\/www.rotaseguros.com.br\/planosdesaude\/wp-content\/uploads\/2023\/10\/Blog-8-480x120.png 480w\" sizes=\"auto, (max-width: 1080px) 100vw, 1080px\" \/><\/p>\n<h1><span class=\"ez-toc-section\" id=\"Beneficios_do_ferro_para_a_saude\"><\/span><span style=\"font-weight: 400;\">Benef\u00edcios do ferro para a sa\u00fade<\/span><span class=\"ez-toc-section-end\"><\/span><\/h1>\n<p><span style=\"font-weight: 400;\">O ferro \u00e9 um mineral essencial para o nosso corpo e desempenha um papel crucial em v\u00e1rias fun\u00e7\u00f5es vitais. Uma de suas fun\u00e7\u00f5es mais conhecidas \u00e9 transportar oxig\u00eanio para todas as partes do corpo, garantindo o bom funcionamento das c\u00e9lulas e dos \u00f3rg\u00e3os.<\/span><span style=\"font-weight: 400;\"><br \/>\n<\/span><span style=\"font-weight: 400;\"> Al\u00e9m disso, o ferro \u00e9 fundamental para fortalecer o sistema imunol\u00f3gico, ajudando a combater infec\u00e7\u00f5es e doen\u00e7as. Ele tamb\u00e9m est\u00e1 envolvido na produ\u00e7\u00e3o de energia e no desenvolvimento cerebral, sendo essencial para o crescimento saud\u00e1vel das crian\u00e7as.<\/span><\/p>\n<p><span style=\"font-weight: 400;\">Nesse sentido, <\/span><span style=\"font-weight: 400;\">o consumo adequado de ferro traz v\u00e1rios benef\u00edcios para a sa\u00fade, como:<\/span><\/p>\n<ul>\n<li style=\"font-weight: 400;\" aria-level=\"1\"><b>Preven\u00e7\u00e3o da anemia<\/b><span style=\"font-weight: 400;\">, uma condi\u00e7\u00e3o caracterizada pela diminui\u00e7\u00e3o da quantidade ou da qualidade dos gl\u00f3bulos vermelhos no sangue, que pode causar sintomas como cansa\u00e7o, fraqueza, palidez, falta de ar e tontura.<\/span><\/li>\n<li style=\"font-weight: 400;\" aria-level=\"1\"><b>Melhora o desempenho f\u00edsico e mental<\/b><span style=\"font-weight: 400;\">, pois o ferro ajuda a transportar oxig\u00eanio para os m\u00fasculos e para o c\u00e9rebro, aumentando a resist\u00eancia e a concentra\u00e7\u00e3o.<\/span><\/li>\n<li style=\"font-weight: 400;\" aria-level=\"1\"><b>Fortalecimento do sistema imunol\u00f3gico<\/b><span style=\"font-weight: 400;\">, pois o ferro participa da produ\u00e7\u00e3o de c\u00e9lulas de defesa que combatem infec\u00e7\u00f5es e inflama\u00e7\u00f5es.<\/span><\/li>\n<li style=\"font-weight: 400;\" aria-level=\"1\"><b>Preven\u00e7\u00e3o de complica\u00e7\u00f5es na gravidez e no desenvolvimento infantil,<\/b><span style=\"font-weight: 400;\"> pois o ferro \u00e9 essencial para a forma\u00e7\u00e3o da placenta e do feto, al\u00e9m de prevenir a anemia materna e fetal, o baixo peso ao nascer e o parto prematuro.<\/span><\/li>\n<li style=\"font-weight: 400;\" aria-level=\"1\"><b>Produ\u00e7\u00e3o de gl\u00f3bulos vermelhos<\/b><span style=\"font-weight: 400;\">: O ferro \u00e9 necess\u00e1rio para a produ\u00e7\u00e3o de gl\u00f3bulos vermelhos, que s\u00e3o as c\u00e9lulas respons\u00e1veis por transportar o oxig\u00eanio pelo corpo.<\/span><\/li>\n<li style=\"font-weight: 400;\" aria-level=\"1\"><b>Forma\u00e7\u00e3o de hemoglobina:<\/b><span style=\"font-weight: 400;\"> A hemoglobina \u00e9 uma prote\u00edna que cont\u00e9m ferro e \u00e9 respons\u00e1vel pelo transporte de oxig\u00eanio para as c\u00e9lulas do corpo.<\/span><\/li>\n<li style=\"font-weight: 400;\" aria-level=\"1\"><b>Fun\u00e7\u00e3o cerebral: <\/b><span style=\"font-weight: 400;\">O ferro \u00e9 necess\u00e1rio para a produ\u00e7\u00e3o de neurotransmissores, que s\u00e3o subst\u00e2ncias qu\u00edmicas que permitem que as c\u00e9lulas cerebrais se comuniquem entre si.<\/span><\/li>\n<li style=\"font-weight: 400;\" aria-level=\"1\"><b>Fun\u00e7\u00e3o muscular:<\/b><span style=\"font-weight: 400;\"> O ferro \u00e9 necess\u00e1rio para a contra\u00e7\u00e3o muscular.<\/span><\/li>\n<li style=\"font-weight: 400;\" aria-level=\"1\"><b>Sistema imunol\u00f3gico<\/b><span style=\"font-weight: 400;\">: O ferro \u00e9 necess\u00e1rio para o funcionamento do sistema imunol\u00f3gico.<\/span><\/li>\n<\/ul>\n<h2><span class=\"ez-toc-section\" id=\"i\"><\/span>\u00a0<span class=\"ez-toc-section-end\"><\/span><\/h2>\n<h2><span class=\"ez-toc-section\" id=\"Fontes_de_ferro_na_alimentacao\"><\/span><span style=\"font-weight: 400;\">Fontes de ferro na alimenta\u00e7\u00e3o<\/span><span class=\"ez-toc-section-end\"><\/span><\/h2>\n<p><span style=\"font-weight: 400;\">Pode ser encontrado em dois tipos de alimentos: os de origem animal e os de origem vegetal. Os alimentos de origem animal cont\u00eam o ferro heme, que \u00e9 mais facilmente absorvido pelo organismo. Os alimentos de origem vegetal cont\u00eam o ferro n\u00e3o heme, que tem uma absor\u00e7\u00e3o menor e depende da presen\u00e7a de outros nutrientes para ser aproveitado.<\/span><\/p>\n<p><span style=\"font-weight: 400;\">Alguns exemplos de alimentos ricos em ferro s\u00e3o:<\/span><\/p>\n<p><img loading=\"lazy\" decoding=\"async\" class=\"alignnone wp-image-29576 size-full\" src=\"https:\/\/www.rotaseguros.com.br\/planosdesaude\/wp-content\/uploads\/2023\/10\/Inserir-um-pouquinho-de-texto-3.png\" alt=\"beneficios do ferro \" width=\"1080\" height=\"1920\" srcset=\"https:\/\/www.rotaseguros.com.br\/planosdesaude\/wp-content\/uploads\/2023\/10\/Inserir-um-pouquinho-de-texto-3.png 1080w, https:\/\/www.rotaseguros.com.br\/planosdesaude\/wp-content\/uploads\/2023\/10\/Inserir-um-pouquinho-de-texto-3-169x300.png 169w, https:\/\/www.rotaseguros.com.br\/planosdesaude\/wp-content\/uploads\/2023\/10\/Inserir-um-pouquinho-de-texto-3-1024x1820.png 1024w, https:\/\/www.rotaseguros.com.br\/planosdesaude\/wp-content\/uploads\/2023\/10\/Inserir-um-pouquinho-de-texto-3-768x1365.png 768w, https:\/\/www.rotaseguros.com.br\/planosdesaude\/wp-content\/uploads\/2023\/10\/Inserir-um-pouquinho-de-texto-3-864x1536.png 864w, https:\/\/www.rotaseguros.com.br\/planosdesaude\/wp-content\/uploads\/2023\/10\/Inserir-um-pouquinho-de-texto-3-980x1742.png 980w, https:\/\/www.rotaseguros.com.br\/planosdesaude\/wp-content\/uploads\/2023\/10\/Inserir-um-pouquinho-de-texto-3-480x853.png 480w\" sizes=\"auto, (max-width: 1080px) 100vw, 1080px\" \/><\/p>\n<p><span style=\"font-weight: 400;\">Dessa maneira, para aumentar a absor\u00e7\u00e3o do ferro n\u00e3o heme dos alimentos vegetais, \u00e9 recomendado consumi-los junto com alimentos ricos em vitamina C, como laranja, lim\u00e3o, acerola e kiwi. <\/span><span style=\"font-weight: 400;\"><br \/>\n<\/span><span style=\"font-weight: 400;\"><br \/>\n<\/span><span style=\"font-weight: 400;\">Por outro lado, \u00e9 bom evitar consumir alimentos que dificultam a absor\u00e7\u00e3o do ferro junto com as refei\u00e7\u00f5es principais, como leite e derivados, caf\u00e9, ch\u00e1 preto e ch\u00e1 verde.<\/span><\/p>\n<p>&nbsp;<\/p>\n<h2><span class=\"ez-toc-section\" id=\"Como_identificar_a_deficiencia_de_ferro\"><\/span><span style=\"font-weight: 400;\">Como identificar a defici\u00eancia de ferro<\/span><span class=\"ez-toc-section-end\"><\/span><\/h2>\n<p><span style=\"font-weight: 400;\">A defici\u00eancia de ferro \u00e9 a causa mais comum de anemia no mundo. Estima-se que cerca de 25% da popula\u00e7\u00e3o mundial sofra de anemia por defici\u00eancia de ferro. Os grupos mais vulner\u00e1veis s\u00e3o as crian\u00e7as menores de cinco anos, as mulheres em idade f\u00e9rtil (principalmente as gestantes) e os idosos.<\/span><\/p>\n<p><span style=\"font-weight: 400;\">Pode ser causada por v\u00e1rios fatores, como:<\/span><\/p>\n<ul>\n<li style=\"font-weight: 400;\" aria-level=\"1\"><span style=\"font-weight: 400;\">Ingest\u00e3o insuficiente ou inadequada de alimentos fontes de ferro<\/span><\/li>\n<li style=\"font-weight: 400;\" aria-level=\"1\"><span style=\"font-weight: 400;\">Perda excessiva de sangue por menstrua\u00e7\u00e3o abundante, hemorragias ou verminoses<\/span><\/li>\n<li style=\"font-weight: 400;\" aria-level=\"1\"><span style=\"font-weight: 400;\">M\u00e1 absor\u00e7\u00e3o intestinal por doen\u00e7as inflamat\u00f3rias ou cirurgias<\/span><\/li>\n<li style=\"font-weight: 400;\" aria-level=\"1\"><span style=\"font-weight: 400;\">Aumento da necessidade de ferro por crescimento acelerado ou gravidez<\/span><\/li>\n<\/ul>\n<p><span style=\"font-weight: 400;\">Os sintomas da defici\u00eancia de ferro podem variar de acordo com a gravidade e a dura\u00e7\u00e3o do quadro. Os mais comuns s\u00e3o:<\/span><\/p>\n<ul>\n<li style=\"font-weight: 400;\" aria-level=\"1\"><span style=\"font-weight: 400;\">Cansa\u00e7o<\/span><\/li>\n<li style=\"font-weight: 400;\" aria-level=\"1\"><span style=\"font-weight: 400;\">Fraqueza<\/span><\/li>\n<li style=\"font-weight: 400;\" aria-level=\"1\"><span style=\"font-weight: 400;\">Palidez<\/span><\/li>\n<li style=\"font-weight: 400;\" aria-level=\"1\"><span style=\"font-weight: 400;\">Falta de ar<\/span><\/li>\n<li style=\"font-weight: 400;\" aria-level=\"1\"><span style=\"font-weight: 400;\">Tontura<\/span><\/li>\n<li style=\"font-weight: 400;\" aria-level=\"1\"><span style=\"font-weight: 400;\">Dor de cabe\u00e7a<\/span><\/li>\n<li style=\"font-weight: 400;\" aria-level=\"1\"><span style=\"font-weight: 400;\">Irritabilidade<\/span><\/li>\n<li style=\"font-weight: 400;\" aria-level=\"1\"><span style=\"font-weight: 400;\">Dificuldade de aprendizagem<\/span><\/li>\n<li style=\"font-weight: 400;\" aria-level=\"1\"><span style=\"font-weight: 400;\">Queda de cabelo<\/span><\/li>\n<li style=\"font-weight: 400;\" aria-level=\"1\"><span style=\"font-weight: 400;\">Unhas quebradi\u00e7as<\/span><\/li>\n<li style=\"font-weight: 400;\" aria-level=\"1\"><span style=\"font-weight: 400;\">Infec\u00e7\u00f5es frequentes<\/span><\/li>\n<\/ul>\n<p><span style=\"font-weight: 400;\">Para diagnosticar a defici\u00eancia de ferro, \u00e9 necess\u00e1rio fazer um exame de sangue que avalie os n\u00edveis de hemoglobina, ferritina, transferrina e outros indicadores do metabolismo do ferro. O m\u00e9dico tamb\u00e9m deve investigar a causa da defici\u00eancia e descartar outras poss\u00edveis doen\u00e7as que podem causar anemia.<\/span><\/p>\n<p><img loading=\"lazy\" decoding=\"async\" class=\"alignnone wp-image-29573 size-full\" src=\"https:\/\/www.rotaseguros.com.br\/planosdesaude\/wp-content\/uploads\/2023\/10\/Blog-7.png\" alt=\"ferro \" width=\"1080\" height=\"270\" srcset=\"https:\/\/www.rotaseguros.com.br\/planosdesaude\/wp-content\/uploads\/2023\/10\/Blog-7.png 1080w, https:\/\/www.rotaseguros.com.br\/planosdesaude\/wp-content\/uploads\/2023\/10\/Blog-7-300x75.png 300w, https:\/\/www.rotaseguros.com.br\/planosdesaude\/wp-content\/uploads\/2023\/10\/Blog-7-1024x256.png 1024w, https:\/\/www.rotaseguros.com.br\/planosdesaude\/wp-content\/uploads\/2023\/10\/Blog-7-768x192.png 768w, https:\/\/www.rotaseguros.com.br\/planosdesaude\/wp-content\/uploads\/2023\/10\/Blog-7-980x245.png 980w, https:\/\/www.rotaseguros.com.br\/planosdesaude\/wp-content\/uploads\/2023\/10\/Blog-7-480x120.png 480w\" sizes=\"auto, (max-width: 1080px) 100vw, 1080px\" \/><\/p>\n<h2><span class=\"ez-toc-section\" id=\"Tratamento_da_deficiencia_de_ferro\"><\/span><span style=\"font-weight: 400;\">Tratamento da defici\u00eancia de ferro<\/span><span class=\"ez-toc-section-end\"><\/span><\/h2>\n<p><span style=\"font-weight: 400;\">O tratamento da defici\u00eancia de ferro geralmente envolve a suplementa\u00e7\u00e3o com ferro, prescrita por um profissional de sa\u00fade. Al\u00e9m disso, \u00e9 fundamental ajustar a dieta para incluir alimentos ricos em ferro e vitamina C. No entanto, a automedica\u00e7\u00e3o n\u00e3o \u00e9 aconselh\u00e1vel, pois o excesso de ferro tamb\u00e9m pode ser prejudicial \u00e0 sa\u00fade. Portanto, \u00e9 essencial buscar orienta\u00e7\u00e3o m\u00e9dica para determinar a dose adequada de suplementos de ferro e monitorar os n\u00edveis desse mineral no sangue regularmente.<\/p>\n<p><\/span><span style=\"font-weight: 400;\">O ferro \u00e9 uma vitamina essencial para a sa\u00fade e o bem-estar. Por isso, \u00e9 importante manter uma alimenta\u00e7\u00e3o equilibrada e variada, que forne\u00e7a as quantidades adequadas desse mineral. Al\u00e9m disso, \u00e9 preciso estar atento aos sinais de defici\u00eancia de ferro e procurar ajuda m\u00e9dica se necess\u00e1rio.<\/span><\/p>\n","protected":false},"excerpt":{"rendered":"<p><span class=\"span-reading-time rt-reading-time\" style=\"display: block;\"><span class=\"rt-label rt-prefix\">Reading Time: <\/span> <span class=\"rt-time\"> 4<\/span> <span class=\"rt-label rt-postfix\">minutes<\/span><\/span>O ferro \u00e9 mais do que apenas um componente das nossas dietas di\u00e1rias; \u00e9 um elemento fundamental para manter nossa energia, vitalidade e sa\u00fade geral. Neste artigo, exploraremos os benef\u00edcios &#8230;<\/p>\n","protected":false},"author":2,"featured_media":29574,"comment_status":"open","ping_status":"open","sticky":false,"template":"","format":"standard","meta":{"_monsterinsights_skip_tracking":false,"_monsterinsights_sitenote_active":false,"_monsterinsights_sitenote_note":"","_monsterinsights_sitenote_category":0,"footnotes":"","_links_to":"","_links_to_target":""},"categories":[1],"tags":[2185],"class_list":["post-29572","post","type-post","status-publish","format-standard","has-post-thumbnail","hentry","category-sem-categoria","tag-ferro-vitamina-anemia-deficiencia-de-ferro-fontes-de-ferro-saude-bem-estar-beneficios-alimentacao-tratamento"],"_links":{"self":[{"href":"https:\/\/www.rotaseguros.com.br\/planosdesaude\/wp-json\/wp\/v2\/posts\/29572","targetHints":{"allow":["GET"]}}],"collection":[{"href":"https:\/\/www.rotaseguros.com.br\/planosdesaude\/wp-json\/wp\/v2\/posts"}],"about":[{"href":"https:\/\/www.rotaseguros.com.br\/planosdesaude\/wp-json\/wp\/v2\/types\/post"}],"author":[{"embeddable":true,"href":"https:\/\/www.rotaseguros.com.br\/planosdesaude\/wp-json\/wp\/v2\/users\/2"}],"replies":[{"embeddable":true,"href":"https:\/\/www.rotaseguros.com.br\/planosdesaude\/wp-json\/wp\/v2\/comments?post=29572"}],"version-history":[{"count":0,"href":"https:\/\/www.rotaseguros.com.br\/planosdesaude\/wp-json\/wp\/v2\/posts\/29572\/revisions"}],"wp:featuredmedia":[{"embeddable":true,"href":"https:\/\/www.rotaseguros.com.br\/planosdesaude\/wp-json\/wp\/v2\/media\/29574"}],"wp:attachment":[{"href":"https:\/\/www.rotaseguros.com.br\/planosdesaude\/wp-json\/wp\/v2\/media?parent=29572"}],"wp:term":[{"taxonomy":"category","embeddable":true,"href":"https:\/\/www.rotaseguros.com.br\/planosdesaude\/wp-json\/wp\/v2\/categories?post=29572"},{"taxonomy":"post_tag","embeddable":true,"href":"https:\/\/www.rotaseguros.com.br\/planosdesaude\/wp-json\/wp\/v2\/tags?post=29572"}],"curies":[{"name":"wp","href":"https:\/\/api.w.org\/{rel}","templated":true}]}}