{"id":29657,"date":"2023-11-01T17:40:25","date_gmt":"2023-11-01T19:40:25","guid":{"rendered":"https:\/\/www.rotaseguros.com.br\/planosdesaude\/?p=29657"},"modified":"2023-11-01T17:40:25","modified_gmt":"2023-11-01T19:40:25","slug":"novembro-azul-sua-saude-vale-mais-do-que-o-preconceito","status":"publish","type":"post","link":"https:\/\/www.rotaseguros.com.br\/planosdesaude\/novembro-azul-sua-saude-vale-mais-do-que-o-preconceito\/","title":{"rendered":"Novembro Azul &#8211; Sua sa\u00fade vale mais do que o preconceito!"},"content":{"rendered":"<span class=\"span-reading-time rt-reading-time\" style=\"display: block;\"><span class=\"rt-label rt-prefix\">Reading Time: <\/span> <span class=\"rt-time\"> &lt; 1<\/span> <span class=\"rt-label rt-postfix\">minute<\/span><\/span><p>O Novembro Azul \u00e9 uma campanha mundial de conscientiza\u00e7\u00e3o sobre a sa\u00fade masculina, com foco na preven\u00e7\u00e3o e no diagn\u00f3stico precoce do c\u00e2ncer de pr\u00f3stata. Esta iniciativa, que teve in\u00edcio na Austr\u00e1lia em 2003 e chegou ao Brasil em 2008, visa alertar os homens sobre a import\u00e2ncia dos exames regulares e promover um estilo de vida saud\u00e1vel.<\/p>\n<p><img loading=\"lazy\" decoding=\"async\" class=\"alignnone wp-image-29658 size-full\" src=\"https:\/\/www.rotaseguros.com.br\/planosdesaude\/wp-content\/uploads\/2023\/11\/infografico-novembro-azul.jpg\" alt=\"novembro azul\" width=\"800\" height=\"2000\" srcset=\"https:\/\/www.rotaseguros.com.br\/planosdesaude\/wp-content\/uploads\/2023\/11\/infografico-novembro-azul.jpg 800w, https:\/\/www.rotaseguros.com.br\/planosdesaude\/wp-content\/uploads\/2023\/11\/infografico-novembro-azul-120x300.jpg 120w, https:\/\/www.rotaseguros.com.br\/planosdesaude\/wp-content\/uploads\/2023\/11\/infografico-novembro-azul-768x1920.jpg 768w, https:\/\/www.rotaseguros.com.br\/planosdesaude\/wp-content\/uploads\/2023\/11\/infografico-novembro-azul-614x1536.jpg 614w, https:\/\/www.rotaseguros.com.br\/planosdesaude\/wp-content\/uploads\/2023\/11\/infografico-novembro-azul-480x1200.jpg 480w\" sizes=\"auto, (max-width: 800px) 100vw, 800px\" \/><\/p>\n<p>&nbsp;<\/p>\n","protected":false},"excerpt":{"rendered":"<p><span class=\"span-reading-time rt-reading-time\" style=\"display: block;\"><span class=\"rt-label rt-prefix\">Reading Time: <\/span> <span class=\"rt-time\"> &lt; 1<\/span> <span class=\"rt-label rt-postfix\">minute<\/span><\/span>O Novembro Azul \u00e9 uma campanha mundial de conscientiza\u00e7\u00e3o sobre a sa\u00fade masculina, com foco na preven\u00e7\u00e3o e no diagn\u00f3stico precoce do c\u00e2ncer de pr\u00f3stata. Esta iniciativa, que teve in\u00edcio &#8230;<\/p>\n","protected":false},"author":2,"featured_media":29659,"comment_status":"open","ping_status":"open","sticky":false,"template":"","format":"standard","meta":{"_monsterinsights_skip_tracking":false,"_monsterinsights_sitenote_active":false,"_monsterinsights_sitenote_note":"","_monsterinsights_sitenote_category":0,"footnotes":"","_links_to":"","_links_to_target":""},"categories":[1005],"tags":[2245,2231,2232,1361,2234,2093,2241,2229,2237,2197,2230,2153,2172,2235,1362,2242,1343,2239,1360,2236,2243,2238,2240,2233,2244],"class_list":["post-29657","post","type-post","status-publish","format-standard","has-post-thumbnail","hentry","category-saude","tag-apoio-familiar","tag-bem-estar-masculino","tag-campanha-de-saude","tag-cancer-de-prostata","tag-check-up-medico","tag-conscientizacao","tag-cuidados-paliativos","tag-diagnostico-precoce","tag-educacao-em-saude","tag-estilo-de-vida-saudavel","tag-exame-de-psa","tag-exercicio-fisico","tag-fatores-de-risco","tag-historico-familiar","tag-novembro-azul","tag-nutricao-balanceada","tag-prevencao","tag-prevencao-primaria","tag-saude-masculina","tag-sintomas-do-cancer-de-prostata","tag-sintomas-urinarios","tag-suporte-psicologico","tag-terapia-hormonal","tag-tratamento-do-cancer","tag-vigilancia-ativa"],"_links":{"self":[{"href":"https:\/\/www.rotaseguros.com.br\/planosdesaude\/wp-json\/wp\/v2\/posts\/29657","targetHints":{"allow":["GET"]}}],"collection":[{"href":"https:\/\/www.rotaseguros.com.br\/planosdesaude\/wp-json\/wp\/v2\/posts"}],"about":[{"href":"https:\/\/www.rotaseguros.com.br\/planosdesaude\/wp-json\/wp\/v2\/types\/post"}],"author":[{"embeddable":true,"href":"https:\/\/www.rotaseguros.com.br\/planosdesaude\/wp-json\/wp\/v2\/users\/2"}],"replies":[{"embeddable":true,"href":"https:\/\/www.rotaseguros.com.br\/planosdesaude\/wp-json\/wp\/v2\/comments?post=29657"}],"version-history":[{"count":0,"href":"https:\/\/www.rotaseguros.com.br\/planosdesaude\/wp-json\/wp\/v2\/posts\/29657\/revisions"}],"wp:featuredmedia":[{"embeddable":true,"href":"https:\/\/www.rotaseguros.com.br\/planosdesaude\/wp-json\/wp\/v2\/media\/29659"}],"wp:attachment":[{"href":"https:\/\/www.rotaseguros.com.br\/planosdesaude\/wp-json\/wp\/v2\/media?parent=29657"}],"wp:term":[{"taxonomy":"category","embeddable":true,"href":"https:\/\/www.rotaseguros.com.br\/planosdesaude\/wp-json\/wp\/v2\/categories?post=29657"},{"taxonomy":"post_tag","embeddable":true,"href":"https:\/\/www.rotaseguros.com.br\/planosdesaude\/wp-json\/wp\/v2\/tags?post=29657"}],"curies":[{"name":"wp","href":"https:\/\/api.w.org\/{rel}","templated":true}]}}