{"id":299,"date":"2010-11-10T17:45:54","date_gmt":"2010-11-10T19:45:54","guid":{"rendered":"http:\/\/www.rotaseguros.com.br\/planosdesaude\/?p=299"},"modified":"2011-07-25T18:38:12","modified_gmt":"2011-07-25T20:38:12","slug":"amil-chega-em-minas-gerais","status":"publish","type":"post","link":"https:\/\/www.rotaseguros.com.br\/planosdesaude\/amil-chega-em-minas-gerais\/","title":{"rendered":"Amil chega em Minas Gerais"},"content":{"rendered":"<span class=\"span-reading-time rt-reading-time\" style=\"display: block;\"><span class=\"rt-label rt-prefix\">Reading Time: <\/span> <span class=\"rt-time\"> &lt; 1<\/span> <span class=\"rt-label rt-postfix\">minute<\/span><\/span><p>Para acessar o conte\u00fado da Amil em Minas Gerais, como, tabela de pre\u00e7os, rede credenciada, car\u00eancias e os principais diferenciais, click no link abaixo.<\/p>\n<p>&gt;&gt; <a title=\"Amil em Belo Horizonte\" href=\"http:\/\/www.rotaseguros.com.br\/amil\/plano_de_saude_amil.html\" target=\"_blank\">Amil em Minas Gerais<\/a><\/p>\n<p>Amil inaugurou\u00a0ontem (09\/11\/2010) \u00a0sua filial em Minas Gerais. A sede da operadora no territ\u00f3rio mineiro est\u00e1 localizada em Belo Horizonte, em pr\u00e9dio de seis andares, que dever\u00e1 abrigar, at\u00e9 o fim de 2011, cerca de 100 colaboradores, al\u00e9m de toda a \u00e1rea administrativa. O local conta com salas de treinamento e um audit\u00f3rio para 80 pessoas, onde ser\u00e3o realizados eventos para m\u00e9dicos credenciados, colaboradores, equipes de vendas, clientes e prospects.<\/p>\n<p>A atua\u00e7\u00e3o da Amil no mercado mineiro contar\u00e1 com atendimento personalizado e qualificada rede de prestadores de servi\u00e7os m\u00e9dicos, mantendo os valores de excel\u00eancia m\u00e9dica e de atendimento, j\u00e1 sedimentados na cultura da empresa.<\/p>\n<p>De acordo com a ger\u00eancia da Amil, os produtos\u00a0est\u00e3o sendo formatados com carinho, e com condi\u00e7\u00f5es especiais para o mercado mineiro.\u00a0A previs\u00e3o para inicio de comercializa\u00e7\u00e3o ser\u00e1 entre dezembro\/2010 e janeiro\/2011. Assim que disponibilizado as condi\u00e7\u00f5es de comercializa\u00e7\u00e3o, estaremos\u00a0incluindo em nosso site as tabelas de pre\u00e7os, resumo da rede credenciada, coberturas, abrang\u00eancia de atendimento, entre outras informa\u00e7\u00f5es.<\/p>\n<p>Quer ser avisado(a) sobre o inicio da comercializa\u00e7\u00e3o da Amil? Preencha o formul\u00e1rio e solicite esta informa\u00e7\u00e3o, teremos o maior prazer em avisa-lo(a).<\/p>\n<p>Lembre-se, o seu coment\u00e1rio \u00e9 muito importante para n\u00f3s.<\/p>\n","protected":false},"excerpt":{"rendered":"<p><span class=\"span-reading-time rt-reading-time\" style=\"display: block;\"><span class=\"rt-label rt-prefix\">Reading Time: <\/span> <span class=\"rt-time\"> &lt; 1<\/span> <span class=\"rt-label rt-postfix\">minute<\/span><\/span>Para acessar o conte\u00fado da Amil em Minas Gerais, como, tabela de pre\u00e7os, rede credenciada, car\u00eancias e os principais diferenciais, click no link abaixo. &gt;&gt; Amil em Minas Gerais Amil &#8230;<\/p>\n","protected":false},"author":1,"featured_media":0,"comment_status":"open","ping_status":"closed","sticky":false,"template":"","format":"standard","meta":{"_monsterinsights_skip_tracking":false,"_monsterinsights_sitenote_active":false,"_monsterinsights_sitenote_note":"","_monsterinsights_sitenote_category":0,"footnotes":"","_links_to":"","_links_to_target":""},"categories":[3],"tags":[136],"class_list":["post-299","post","type-post","status-publish","format-standard","hentry","category-amil","tag-amil"],"_links":{"self":[{"href":"https:\/\/www.rotaseguros.com.br\/planosdesaude\/wp-json\/wp\/v2\/posts\/299","targetHints":{"allow":["GET"]}}],"collection":[{"href":"https:\/\/www.rotaseguros.com.br\/planosdesaude\/wp-json\/wp\/v2\/posts"}],"about":[{"href":"https:\/\/www.rotaseguros.com.br\/planosdesaude\/wp-json\/wp\/v2\/types\/post"}],"author":[{"embeddable":true,"href":"https:\/\/www.rotaseguros.com.br\/planosdesaude\/wp-json\/wp\/v2\/users\/1"}],"replies":[{"embeddable":true,"href":"https:\/\/www.rotaseguros.com.br\/planosdesaude\/wp-json\/wp\/v2\/comments?post=299"}],"version-history":[{"count":0,"href":"https:\/\/www.rotaseguros.com.br\/planosdesaude\/wp-json\/wp\/v2\/posts\/299\/revisions"}],"wp:attachment":[{"href":"https:\/\/www.rotaseguros.com.br\/planosdesaude\/wp-json\/wp\/v2\/media?parent=299"}],"wp:term":[{"taxonomy":"category","embeddable":true,"href":"https:\/\/www.rotaseguros.com.br\/planosdesaude\/wp-json\/wp\/v2\/categories?post=299"},{"taxonomy":"post_tag","embeddable":true,"href":"https:\/\/www.rotaseguros.com.br\/planosdesaude\/wp-json\/wp\/v2\/tags?post=299"}],"curies":[{"name":"wp","href":"https:\/\/api.w.org\/{rel}","templated":true}]}}