{"id":30004,"date":"2024-01-17T18:32:12","date_gmt":"2024-01-17T20:32:12","guid":{"rendered":"https:\/\/www.rotaseguros.com.br\/planosdesaude\/?p=30004"},"modified":"2024-01-23T19:01:17","modified_gmt":"2024-01-23T21:01:17","slug":"tuberculose-e-o-aumento-de-casos-em-2023","status":"publish","type":"post","link":"https:\/\/www.rotaseguros.com.br\/planosdesaude\/tuberculose-e-o-aumento-de-casos-em-2023\/","title":{"rendered":"Tuberculose e o aumento de casos em 2023"},"content":{"rendered":"<span class=\"span-reading-time rt-reading-time\" style=\"display: block;\"><span class=\"rt-label rt-prefix\">Reading Time: <\/span> <span class=\"rt-time\"> 4<\/span> <span class=\"rt-label rt-postfix\">minutes<\/span><\/span><p><span style=\"font-weight: 400;\">A tuberculose \u00e9 uma doen\u00e7a antiga, mas ainda muito presente e desafiadora no Brasil. O aumento de casos em 2023 \u00e9 um alerta para a necessidade de fortalecer as a\u00e7\u00f5es de controle, preven\u00e7\u00e3o e tratamento da doen\u00e7a, que envolvem n\u00e3o apenas o setor de sa\u00fade, mas tamb\u00e9m a sociedade como um todo.\u00a0<\/span><\/p><div id=\"ez-toc-container\" class=\"ez-toc-v2_0_82_2 counter-flat ez-toc-counter ez-toc-grey ez-toc-container-direction\">\n<div class=\"ez-toc-title-container\">\n<p class=\"ez-toc-title\" style=\"cursor:inherit\">Aqui voc\u00ea encontra:<\/p>\n<span class=\"ez-toc-title-toggle\"><a href=\"#\" class=\"ez-toc-pull-right ez-toc-btn ez-toc-btn-xs ez-toc-btn-default ez-toc-toggle\" aria-label=\"Alternar tabela de conte\u00fado\"><span class=\"ez-toc-js-icon-con\"><span class=\"\"><span class=\"eztoc-hide\" style=\"display:none;\">Toggle<\/span><span class=\"ez-toc-icon-toggle-span\"><svg style=\"fill: #999;color:#999\" xmlns=\"http:\/\/www.w3.org\/2000\/svg\" class=\"list-377408\" width=\"20px\" height=\"20px\" viewBox=\"0 0 24 24\" fill=\"none\"><path d=\"M6 6H4v2h2V6zm14 0H8v2h12V6zM4 11h2v2H4v-2zm16 0H8v2h12v-2zM4 16h2v2H4v-2zm16 0H8v2h12v-2z\" fill=\"currentColor\"><\/path><\/svg><svg style=\"fill: #999;color:#999\" class=\"arrow-unsorted-368013\" xmlns=\"http:\/\/www.w3.org\/2000\/svg\" width=\"10px\" height=\"10px\" viewBox=\"0 0 24 24\" version=\"1.2\" baseProfile=\"tiny\"><path d=\"M18.2 9.3l-6.2-6.3-6.2 6.3c-.2.2-.3.4-.3.7s.1.5.3.7c.2.2.4.3.7.3h11c.3 0 .5-.1.7-.3.2-.2.3-.5.3-.7s-.1-.5-.3-.7zM5.8 14.7l6.2 6.3 6.2-6.3c.2-.2.3-.5.3-.7s-.1-.5-.3-.7c-.2-.2-.4-.3-.7-.3h-11c-.3 0-.5.1-.7.3-.2.2-.3.5-.3.7s.1.5.3.7z\"\/><\/svg><\/span><\/span><\/span><\/a><\/span><\/div>\n<nav><ul class='ez-toc-list ez-toc-list-level-1 ' ><li class='ez-toc-page-1'><a class=\"ez-toc-link ez-toc-heading-1\" href=\"https:\/\/www.rotaseguros.com.br\/planosdesaude\/tuberculose-e-o-aumento-de-casos-em-2023\/#O_aumento_dos_Casos_de_Tuberculose_em_2023\" >O aumento dos Casos de Tuberculose em 2023<\/a><\/li><li class='ez-toc-page-1'><a class=\"ez-toc-link ez-toc-heading-2\" href=\"https:\/\/www.rotaseguros.com.br\/planosdesaude\/tuberculose-e-o-aumento-de-casos-em-2023\/#Tuberculose_O_que_e_e_quais_sao_os_sintomas\" >Tuberculose: O que \u00e9, e quais s\u00e3o os sintomas?<\/a><\/li><li class='ez-toc-page-1'><a class=\"ez-toc-link ez-toc-heading-3\" href=\"https:\/\/www.rotaseguros.com.br\/planosdesaude\/tuberculose-e-o-aumento-de-casos-em-2023\/#Tuberculose_Cuide-se_Saiba_como_se_prevenir\" >Tuberculose : Cuide-se! Saiba como se prevenir!<\/a><\/li><li class='ez-toc-page-1'><a class=\"ez-toc-link ez-toc-heading-4\" href=\"https:\/\/www.rotaseguros.com.br\/planosdesaude\/tuberculose-e-o-aumento-de-casos-em-2023\/#Tuberculose_tem_cura\" >Tuberculose tem cura!<\/a><\/li><\/ul><\/nav><\/div>\n\n<p>&nbsp;<\/p>\n<h1><span class=\"ez-toc-section\" id=\"O_aumento_dos_Casos_de_Tuberculose_em_2023\"><\/span><span style=\"font-weight: 400;\">O aumento dos Casos de Tuberculose em 2023<\/span><span class=\"ez-toc-section-end\"><\/span><\/h1>\n<p>&nbsp;<\/p>\n<p><span style=\"font-weight: 400;\">Segundo o \u00faltimo<\/span><a href=\"https:\/\/www.gov.br\/saude\/pt-br\/centrais-de-conteudo\/publicacoes\/boletins\/epidemiologicos\/especiais\/2023\/boletim-epidemiologico-de-tuberculose-numero-especial-mar.2023\" target=\"_blank\" rel=\"noopener\"><span style=\"font-weight: 400;\"> boletim epidemiol\u00f3gico do Minist\u00e9rio da Sa\u00fade<\/span><\/a><span style=\"font-weight: 400;\">, o Brasil registrou 74.283 casos novos de tuberculose em 2023, um aumento de 4,5% em rela\u00e7\u00e3o ao ano anterior. A taxa de incid\u00eancia da doen\u00e7a foi de 35,2 casos por 100 mil habitantes, a maior desde 2018.\u00a0<\/span><\/p>\n<p><span style=\"font-weight: 400;\">Nesse sentido, a regi\u00e3o Norte foi a que apresentou o maior aumento de casos, com 54,7%, seguida pela regi\u00e3o Nordeste, com 9,6%. As regi\u00f5es Sul e Sudeste tiveram uma redu\u00e7\u00e3o de 2,4% e 1,9%, respectivamente. A regi\u00e3o Centro-Oeste manteve-se est\u00e1vel.<\/span><\/p>\n<p><span style=\"font-weight: 400;\">Entre os fatores que contribu\u00edram para o aumento de casos de tuberculose em 2023, est\u00e3o:<\/span><\/p>\n<ul>\n<li style=\"font-weight: 400;\" aria-level=\"1\"><span style=\"font-weight: 400;\">\u00a0A pandemia de Covid-19, que sobrecarregou o sistema de sa\u00fade, dificultou o acesso aos servi\u00e7os de diagn\u00f3stico e tratamento, e aumentou o risco de coinfec\u00e7\u00e3o entre as duas doen\u00e7as.<\/span><span style=\"font-weight: 400;\">\n<p><\/span><\/li>\n<li style=\"font-weight: 400;\" aria-level=\"1\"><span style=\"font-weight: 400;\">\u00a0As condi\u00e7\u00f5es socioecon\u00f4micas prec\u00e1rias, que favorecem a aglomera\u00e7\u00e3o, a desnutri\u00e7\u00e3o, a falta de saneamento b\u00e1sico e a exposi\u00e7\u00e3o a outros fatores de risco, como tabagismo, alcoolismo e uso de drogas.<\/span><span style=\"font-weight: 400;\">\n<p><\/span><\/li>\n<li style=\"font-weight: 400;\" aria-level=\"1\"><span style=\"font-weight: 400;\">A baixa cobertura vacinal, que reduz a prote\u00e7\u00e3o contra a tuberculose, especialmente em crian\u00e7as menores de cinco anos, que s\u00e3o mais vulner\u00e1veis \u00e0 forma grave da doen\u00e7a.<\/span><\/li>\n<li style=\"font-weight: 400;\" aria-level=\"1\"><span style=\"font-weight: 400;\">A resist\u00eancia aos medicamentos, que dificulta o tratamento e aumenta o risco de transmiss\u00e3o de formas mais agressivas da bact\u00e9ria.<\/span><\/li>\n<\/ul>\n<p><img loading=\"lazy\" decoding=\"async\" class=\"alignnone wp-image-30008 size-full\" src=\"https:\/\/www.rotaseguros.com.br\/planosdesaude\/wp-content\/uploads\/2024\/01\/tuberculose-4.png\" alt=\"tuberculose\" width=\"1080\" height=\"270\" srcset=\"https:\/\/www.rotaseguros.com.br\/planosdesaude\/wp-content\/uploads\/2024\/01\/tuberculose-4.png 1080w, https:\/\/www.rotaseguros.com.br\/planosdesaude\/wp-content\/uploads\/2024\/01\/tuberculose-4-300x75.png 300w, https:\/\/www.rotaseguros.com.br\/planosdesaude\/wp-content\/uploads\/2024\/01\/tuberculose-4-1024x256.png 1024w, https:\/\/www.rotaseguros.com.br\/planosdesaude\/wp-content\/uploads\/2024\/01\/tuberculose-4-768x192.png 768w, https:\/\/www.rotaseguros.com.br\/planosdesaude\/wp-content\/uploads\/2024\/01\/tuberculose-4-980x245.png 980w, https:\/\/www.rotaseguros.com.br\/planosdesaude\/wp-content\/uploads\/2024\/01\/tuberculose-4-480x120.png 480w\" sizes=\"auto, (max-width: 1080px) 100vw, 1080px\" \/><\/p>\n<h2><span class=\"ez-toc-section\" id=\"Tuberculose_O_que_e_e_quais_sao_os_sintomas\"><\/span><span style=\"font-weight: 400;\">Tuberculose: O que \u00e9, e quais s\u00e3o os sintomas?<\/span><span class=\"ez-toc-section-end\"><\/span><\/h2>\n<p>&nbsp;<\/p>\n<p><span style=\"font-weight: 400;\">A tuberculose \u00e9 uma doen\u00e7a infecciosa causada por uma bact\u00e9ria chamada <\/span><b>Mycobacterium tuberculosis<\/b><span style=\"font-weight: 400;\">, que afeta principalmente os pulm\u00f5es, mas pode se espalhar para outros \u00f3rg\u00e3os do corpo. <\/span><span style=\"font-weight: 400;\"><br \/>\n<\/span><span style=\"font-weight: 400;\"><br \/>\n<\/span><span style=\"font-weight: 400;\">Desse modo, a doen\u00e7a \u00e9 transmitida pelo ar, quando uma pessoa infectada tem tosse, espirra ou fala. A doen\u00e7a pode ser grave e at\u00e9 fatal se n\u00e3o for tratada adequadamente.<\/span><span style=\"font-weight: 400;\"><br \/>\n<\/span><span style=\"font-weight: 400;\"><br \/>\n<\/span><span style=\"font-weight: 400;\">Os sintomas mais comuns da tuberculose s\u00e3o:<\/span><\/p>\n<ul>\n<li><span style=\"font-weight: 400;\">&#8211; Tosse persistente por mais de tr\u00eas semanas, com ou sem catarro.<\/span><\/li>\n<li><span style=\"font-weight: 400;\">&#8211; Febre, especialmente \u00e0 noite.<\/span><\/li>\n<li><span style=\"font-weight: 400;\">&#8211; Suor noturno.<\/span><\/li>\n<li><span style=\"font-weight: 400;\">&#8211; Perda de peso.<\/span><\/li>\n<li><span style=\"font-weight: 400;\">&#8211; Falta de apetite.<\/span><\/li>\n<li><span style=\"font-weight: 400;\">&#8211; Cansa\u00e7o e fraqueza.<\/span><\/li>\n<\/ul>\n<p>&nbsp;<\/p>\n<p><span style=\"font-weight: 400;\">Se voc\u00ea apresentar algum desses sintomas, procure uma unidade de sa\u00fade o mais r\u00e1pido poss\u00edvel. O diagn\u00f3stico precoce \u00e9 fundamental para o sucesso do tratamento e para evitar complica\u00e7\u00f5es.<\/span><span style=\"font-weight: 400;\"><br \/>\n<\/span><span style=\"font-weight: 400;\"><br \/>\n<\/span><span style=\"font-weight: 400;\">Dessa maneira, o exame mais utilizado para detectar a tuberculose \u00e9 o teste do escarro, que consiste na an\u00e1lise de uma amostra de catarro coletada pela manh\u00e3. Outros exames, como radiografia de t\u00f3rax, teste r\u00e1pido molecular e cultura de escarro, tamb\u00e9m podem ser realizados, dependendo da disponibilidade e da indica\u00e7\u00e3o m\u00e9dica.<\/span><\/p>\n<p><img loading=\"lazy\" decoding=\"async\" class=\"alignnone wp-image-30007 size-full\" src=\"https:\/\/www.rotaseguros.com.br\/planosdesaude\/wp-content\/uploads\/2024\/01\/tuberculose-3.png\" alt=\"tuberculose\" width=\"1080\" height=\"270\" srcset=\"https:\/\/www.rotaseguros.com.br\/planosdesaude\/wp-content\/uploads\/2024\/01\/tuberculose-3.png 1080w, https:\/\/www.rotaseguros.com.br\/planosdesaude\/wp-content\/uploads\/2024\/01\/tuberculose-3-300x75.png 300w, https:\/\/www.rotaseguros.com.br\/planosdesaude\/wp-content\/uploads\/2024\/01\/tuberculose-3-1024x256.png 1024w, https:\/\/www.rotaseguros.com.br\/planosdesaude\/wp-content\/uploads\/2024\/01\/tuberculose-3-768x192.png 768w, https:\/\/www.rotaseguros.com.br\/planosdesaude\/wp-content\/uploads\/2024\/01\/tuberculose-3-980x245.png 980w, https:\/\/www.rotaseguros.com.br\/planosdesaude\/wp-content\/uploads\/2024\/01\/tuberculose-3-480x120.png 480w\" sizes=\"auto, (max-width: 1080px) 100vw, 1080px\" \/><\/p>\n<h2><span class=\"ez-toc-section\" id=\"Tuberculose_Cuide-se_Saiba_como_se_prevenir\"><\/span><span style=\"font-weight: 400;\">Tuberculose : Cuide-se! Saiba como se prevenir!<\/span><span class=\"ez-toc-section-end\"><\/span><\/h2>\n<p>&nbsp;<\/p>\n<p><span style=\"font-weight: 400;\">A preven\u00e7\u00e3o da tuberculose envolve medidas individuais e coletivas, tais como:<\/span><\/p>\n<p><b>Vacina<br \/>\n<\/b><span style=\"font-weight: 400;\">Vacinar-se contra a tuberculose, preferencialmente na inf\u00e2ncia. A vacina BCG (Bacilo de Calmette-Gu\u00e9rin) \u00e9 oferecida gratuitamente pelo Sistema \u00danico de Sa\u00fade (SUS) e protege contra as formas graves da doen\u00e7a.<\/span><\/p>\n<p><b>Alimenta\u00e7\u00e3o<br \/>\n<\/b><span style=\"font-weight: 400;\">Manter uma <a href=\"https:\/\/www.rotaseguros.com.br\/planosdesaude\/os-beneficios-de-uma-alimentacao-saudavel\/\">alimenta\u00e7\u00e3o saud\u00e1vel e equilibrada<\/a>, que fortale\u00e7a o sistema imunol\u00f3gico e previna a desnutri\u00e7\u00e3o.<\/span><\/p>\n<p><b>Evite \u00e1lcool, cigarro e drogas<br \/>\n<\/b><span style=\"font-weight: 400;\">Evitar o consumo de \u00e1lcool, cigarro e outras drogas, que prejudicam a sa\u00fade pulmonar e aumentam o risco de infec\u00e7\u00e3o.<\/span><\/p>\n<p><b>Higiene<br \/>\n<\/b><span style=\"font-weight: 400;\">Higienizar as m\u00e3os com frequ\u00eancia, especialmente ap\u00f3s tossir ou espirrar, e usar len\u00e7os descart\u00e1veis para cobrir a boca e o nariz.<\/span><\/p>\n<p><b>Ambientes ventilados<br \/>\n<\/b><span style=\"font-weight: 400;\">Ventilar os ambientes, evitando locais fechados e com pouca circula\u00e7\u00e3o de ar.<\/span><\/p>\n<p><b>Use m\u00e1scara em caso de sintomas<br \/>\n<\/b><span style=\"font-weight: 400;\">Usar m\u00e1scara, se tiver sintomas respirat\u00f3rios, e evitar o contato pr\u00f3ximo com pessoas doentes.<\/span><\/p>\n<p><b>Aten\u00e7\u00e3o ao tratamento!<br \/>\n<\/b><span style=\"font-weight: 400;\">Fazer o tratamento completo, se tiver tuberculose, seguindo as orienta\u00e7\u00f5es m\u00e9dicas e tomando os medicamentos corretamente.<\/span><\/p>\n<p><img loading=\"lazy\" decoding=\"async\" class=\"alignnone wp-image-30006 size-full\" src=\"https:\/\/www.rotaseguros.com.br\/planosdesaude\/wp-content\/uploads\/2024\/01\/tuberculose-2.png\" alt=\"tuberculose\" width=\"1080\" height=\"270\" srcset=\"https:\/\/www.rotaseguros.com.br\/planosdesaude\/wp-content\/uploads\/2024\/01\/tuberculose-2.png 1080w, https:\/\/www.rotaseguros.com.br\/planosdesaude\/wp-content\/uploads\/2024\/01\/tuberculose-2-300x75.png 300w, https:\/\/www.rotaseguros.com.br\/planosdesaude\/wp-content\/uploads\/2024\/01\/tuberculose-2-1024x256.png 1024w, https:\/\/www.rotaseguros.com.br\/planosdesaude\/wp-content\/uploads\/2024\/01\/tuberculose-2-768x192.png 768w, https:\/\/www.rotaseguros.com.br\/planosdesaude\/wp-content\/uploads\/2024\/01\/tuberculose-2-980x245.png 980w, https:\/\/www.rotaseguros.com.br\/planosdesaude\/wp-content\/uploads\/2024\/01\/tuberculose-2-480x120.png 480w\" sizes=\"auto, (max-width: 1080px) 100vw, 1080px\" \/><\/p>\n<h2><span class=\"ez-toc-section\" id=\"Tuberculose_tem_cura\"><\/span><span style=\"font-weight: 400;\">Tuberculose tem cura!<\/span><span style=\"font-weight: 400;\"><\/p>\n<p><\/span><span class=\"ez-toc-section-end\"><\/span><\/h2>\n<p><span style=\"font-weight: 400;\">Sim, mas requer um tratamento longo e rigoroso. O tratamento padr\u00e3o consiste na administra\u00e7\u00e3o de quatro medicamentos (isoniazida, rifampicina, pirazinamida e etambutol) por seis meses, sendo dois meses na fase intensiva e quatro meses na fase de manuten\u00e7\u00e3o.<\/span><\/p>\n<p><span style=\"font-weight: 400;\">Dessa maneira, a ades\u00e3o ao tratamento \u00e9 essencial para garantir a cura e evitar a resist\u00eancia aos medicamentos, que pode levar \u00e0 necessidade de um tratamento mais complexo, com mais efeitos colaterais e menor chance de sucesso. Por isso, \u00e9 importante seguir as recomenda\u00e7\u00f5es m\u00e9dicas, comparecer \u00e0s consultas e exames peri\u00f3dicos, e n\u00e3o interromper ou alterar o tratamento por conta pr\u00f3pria.<\/span><\/p>\n<p><span style=\"font-weight: 400;\">Portanto, se voc\u00ea tem tuberculose, fa\u00e7a o tratamento completo e siga as orienta\u00e7\u00f5es m\u00e9dicas. Se voc\u00ea quer ajudar a combater a tuberculose, informe-se, vacine-se e cuide-se!<\/span><\/p>\n<p>Buscando um plano de sa\u00fade?\u00a0<br \/>\n<a href=\"http:\/\/rotaseguros.com.br\">Clique aqui<\/a> e fa\u00e7a agora uma cota\u00e7\u00e3o online!<\/p>\n","protected":false},"excerpt":{"rendered":"<p><span class=\"span-reading-time rt-reading-time\" style=\"display: block;\"><span class=\"rt-label rt-prefix\">Reading Time: <\/span> <span class=\"rt-time\"> 4<\/span> <span class=\"rt-label rt-postfix\">minutes<\/span><\/span>A tuberculose \u00e9 uma doen\u00e7a antiga, mas ainda muito presente e desafiadora no Brasil. O aumento de casos em 2023 \u00e9 um alerta para a necessidade de fortalecer as a\u00e7\u00f5es &#8230;<\/p>\n","protected":false},"author":2,"featured_media":30010,"comment_status":"open","ping_status":"open","sticky":false,"template":"","format":"standard","meta":{"_monsterinsights_skip_tracking":false,"_monsterinsights_sitenote_active":false,"_monsterinsights_sitenote_note":"","_monsterinsights_sitenote_category":0,"footnotes":"","_links_to":"","_links_to_target":""},"categories":[1005],"tags":[2435,2438,2428,2442,2441,2430,2439,2440,2433,2444,2443,2431,2446,2445,2436,2429,2434,2437,2427,2432],"class_list":["post-30004","post","type-post","status-publish","format-standard","has-post-thumbnail","hentry","category-saude","tag-adesao-ao-tratamento-da-tuberculose","tag-apoio-emocional-para-pacientes-com-tuberculose","tag-aumento-de-casos-de-tuberculose","tag-busca-por-ajuda-medica-precoce","tag-conscientizacao-sobre-saude-publica","tag-diagnostico-precoce-da-tuberculose","tag-estatisticas-da-tuberculose-em-diferentes-regioes","tag-fatores-contribuintes-para-o-aumento-de-casos-de-tuberculose","tag-higiene-para-evitar-a-tuberculose","tag-medidas-preventivas-para-tuberculose","tag-panorama-da-tuberculose-em-2023","tag-prevencao-da-tuberculose","tag-recursos-de-apoio-para-pacientes-com-tuberculose","tag-reducao-do-risco-de-contagio-por-tuberculose","tag-resistencia-a-medicamentos-na-tuberculose","tag-sintomas-da-tuberculose","tag-tratamento-da-tuberculose","tag-tuberculose-2023","tag-tuberculose-em-2023","tag-vacinacao-contra-tuberculose"],"_links":{"self":[{"href":"https:\/\/www.rotaseguros.com.br\/planosdesaude\/wp-json\/wp\/v2\/posts\/30004","targetHints":{"allow":["GET"]}}],"collection":[{"href":"https:\/\/www.rotaseguros.com.br\/planosdesaude\/wp-json\/wp\/v2\/posts"}],"about":[{"href":"https:\/\/www.rotaseguros.com.br\/planosdesaude\/wp-json\/wp\/v2\/types\/post"}],"author":[{"embeddable":true,"href":"https:\/\/www.rotaseguros.com.br\/planosdesaude\/wp-json\/wp\/v2\/users\/2"}],"replies":[{"embeddable":true,"href":"https:\/\/www.rotaseguros.com.br\/planosdesaude\/wp-json\/wp\/v2\/comments?post=30004"}],"version-history":[{"count":0,"href":"https:\/\/www.rotaseguros.com.br\/planosdesaude\/wp-json\/wp\/v2\/posts\/30004\/revisions"}],"wp:featuredmedia":[{"embeddable":true,"href":"https:\/\/www.rotaseguros.com.br\/planosdesaude\/wp-json\/wp\/v2\/media\/30010"}],"wp:attachment":[{"href":"https:\/\/www.rotaseguros.com.br\/planosdesaude\/wp-json\/wp\/v2\/media?parent=30004"}],"wp:term":[{"taxonomy":"category","embeddable":true,"href":"https:\/\/www.rotaseguros.com.br\/planosdesaude\/wp-json\/wp\/v2\/categories?post=30004"},{"taxonomy":"post_tag","embeddable":true,"href":"https:\/\/www.rotaseguros.com.br\/planosdesaude\/wp-json\/wp\/v2\/tags?post=30004"}],"curies":[{"name":"wp","href":"https:\/\/api.w.org\/{rel}","templated":true}]}}