{"id":30549,"date":"2024-05-03T18:21:43","date_gmt":"2024-05-03T20:21:43","guid":{"rendered":"https:\/\/www.rotaseguros.com.br\/planosdesaude\/?p=30549"},"modified":"2024-05-03T18:21:43","modified_gmt":"2024-05-03T20:21:43","slug":"o-que-a-cor-do-catarro-quer-dizer","status":"publish","type":"post","link":"https:\/\/www.rotaseguros.com.br\/planosdesaude\/o-que-a-cor-do-catarro-quer-dizer\/","title":{"rendered":"O que a cor do catarro quer dizer?"},"content":{"rendered":"<span class=\"span-reading-time rt-reading-time\" style=\"display: block;\"><span class=\"rt-label rt-prefix\">Reading Time: <\/span> <span class=\"rt-time\"> 3<\/span> <span class=\"rt-label rt-postfix\">minutes<\/span><\/span><p>Voc\u00ea sabia que saber o que significa a cor do <a href=\"https:\/\/www.dicio.com.br\/catarro\/\" target=\"_blank\" rel=\"noopener\">catarro<\/a> \u2013 ou secre\u00e7\u00e3o nasal \u2013 pode te ajudar a identificar poss\u00edveis problemas de sa\u00fade? Esse conhecimento te ajudar\u00e1 a agir rapidamente, caso seja necess\u00e1rio.<\/p><div id=\"ez-toc-container\" class=\"ez-toc-v2_0_82_2 counter-flat ez-toc-counter ez-toc-grey ez-toc-container-direction\">\n<div class=\"ez-toc-title-container\">\n<p class=\"ez-toc-title\" style=\"cursor:inherit\">Aqui voc\u00ea encontra:<\/p>\n<span class=\"ez-toc-title-toggle\"><a href=\"#\" class=\"ez-toc-pull-right ez-toc-btn ez-toc-btn-xs ez-toc-btn-default ez-toc-toggle\" aria-label=\"Alternar tabela de conte\u00fado\"><span class=\"ez-toc-js-icon-con\"><span class=\"\"><span class=\"eztoc-hide\" style=\"display:none;\">Toggle<\/span><span class=\"ez-toc-icon-toggle-span\"><svg style=\"fill: #999;color:#999\" xmlns=\"http:\/\/www.w3.org\/2000\/svg\" class=\"list-377408\" width=\"20px\" height=\"20px\" viewBox=\"0 0 24 24\" fill=\"none\"><path d=\"M6 6H4v2h2V6zm14 0H8v2h12V6zM4 11h2v2H4v-2zm16 0H8v2h12v-2zM4 16h2v2H4v-2zm16 0H8v2h12v-2z\" fill=\"currentColor\"><\/path><\/svg><svg style=\"fill: #999;color:#999\" class=\"arrow-unsorted-368013\" xmlns=\"http:\/\/www.w3.org\/2000\/svg\" width=\"10px\" height=\"10px\" viewBox=\"0 0 24 24\" version=\"1.2\" baseProfile=\"tiny\"><path d=\"M18.2 9.3l-6.2-6.3-6.2 6.3c-.2.2-.3.4-.3.7s.1.5.3.7c.2.2.4.3.7.3h11c.3 0 .5-.1.7-.3.2-.2.3-.5.3-.7s-.1-.5-.3-.7zM5.8 14.7l6.2 6.3 6.2-6.3c.2-.2.3-.5.3-.7s-.1-.5-.3-.7c-.2-.2-.4-.3-.7-.3h-11c-.3 0-.5.1-.7.3-.2.2-.3.5-.3.7s.1.5.3.7z\"\/><\/svg><\/span><\/span><\/span><\/a><\/span><\/div>\n<nav><ul class='ez-toc-list ez-toc-list-level-1 ' ><li class='ez-toc-page-1'><a class=\"ez-toc-link ez-toc-heading-1\" href=\"https:\/\/www.rotaseguros.com.br\/planosdesaude\/o-que-a-cor-do-catarro-quer-dizer\/#O_que_e_o_catarro\" >O que \u00e9 o catarro?<\/a><\/li><li class='ez-toc-page-1'><a class=\"ez-toc-link ez-toc-heading-2\" href=\"https:\/\/www.rotaseguros.com.br\/planosdesaude\/o-que-a-cor-do-catarro-quer-dizer\/#Em_quais_cores_o_catarro_pode_se_apresentar_e_o_que_elas_significam\" >Em quais cores o catarro pode se apresentar e o que elas significam?<\/a><\/li><li class='ez-toc-page-1'><a class=\"ez-toc-link ez-toc-heading-3\" href=\"https:\/\/www.rotaseguros.com.br\/planosdesaude\/o-que-a-cor-do-catarro-quer-dizer\/#Quando_procurar_ajuda_medica\" >Quando procurar ajuda m\u00e9dica?<\/a><\/li><li class='ez-toc-page-1'><a class=\"ez-toc-link ez-toc-heading-4\" href=\"https:\/\/www.rotaseguros.com.br\/planosdesaude\/o-que-a-cor-do-catarro-quer-dizer\/#A_importancia_de_um_Plano_de_Saude_na_saude_geral\" >A import\u00e2ncia de um Plano de Sa\u00fade na sa\u00fade geral<\/a><\/li><\/ul><\/nav><\/div>\n\n<p>Por isso, \u00e9 preciso estar sempre atento a esse t\u00f3pico, avaliando (mesmo que n\u00e3o seja algo t\u00e3o agrad\u00e1vel) qual \u00e9 a colora\u00e7\u00e3o do muco que sai no espirro, por exemplo. Continue lendo este artigo para entender o que pode ser quando h\u00e1 alguma altera\u00e7\u00e3o.<\/p>\n<h3><span class=\"ez-toc-section\" id=\"O_que_e_o_catarro\"><\/span><strong>O que \u00e9 o catarro?<\/strong><span class=\"ez-toc-section-end\"><\/span><\/h3>\n<p>Primeiro, vamos entender o que \u00e9 o catarro?<\/p>\n<p>Trata-se de uma secre\u00e7\u00e3o que normalmente apresenta-se transparente e viscosa. Ela se forma nas vias a\u00e9reas e tem como principal fun\u00e7\u00e3o proteger o corpo contra poss\u00edveis infec\u00e7\u00f5es causadas por v\u00edrus, bact\u00e9rias e fungos.\u00a0<\/p>\n<p>Uma curiosidade interessante \u00e9 que <strong>produzimos aproximadamente 1 litro de catarro todos os dias.\u00a0<\/strong><\/p>\n<p>Ou seja, por mais que algumas pessoas o achem \u201cnojento\u201d, \u00e9 algo natural e necess\u00e1rio para a nossa sa\u00fade estar em dia. Por isso, observ\u00e1-lo \u00e9 t\u00e3o essencial!\u00a0<\/p>\n<h3><span class=\"ez-toc-section\" id=\"Em_quais_cores_o_catarro_pode_se_apresentar_e_o_que_elas_significam\"><\/span><strong>Em quais cores o catarro pode se apresentar e o que elas significam?<\/strong><span class=\"ez-toc-section-end\"><\/span><\/h3>\n<div class=\"flex-1 overflow-hidden\">\n<div class=\"react-scroll-to-bottom--css-zbuzx-79elbk h-full\">\n<div class=\"react-scroll-to-bottom--css-zbuzx-1n7m0yu\">\n<div>\n<div class=\"flex flex-col text-sm pb-9\">\n<div class=\"w-full text-token-text-primary\" dir=\"auto\" data-testid=\"conversation-turn-9\" data-scroll-anchor=\"true\">\n<div class=\"py-2 px-3 text-base md:px-4 m-auto md:px-5 lg:px-1 xl:px-5\">\n<div class=\"mx-auto flex flex-1 gap-3 text-base juice:gap-4 juice:md:gap-6 md:max-w-3xl lg:max-w-[40rem] xl:max-w-[48rem]\">\n<div class=\"relative flex w-full min-w-0 flex-col agent-turn\">\n<div class=\"flex-col gap-1 md:gap-3\">\n<div class=\"flex flex-grow flex-col max-w-full\">\n<div class=\"min-h-[20px] text-message flex flex-col items-start whitespace-pre-wrap break-words [.text-message+&amp;]:mt-5 overflow-x-auto gap-3\" dir=\"auto\" data-message-author-role=\"assistant\" data-message-id=\"9c89b4db-0c7d-4e1e-b4e9-ccb297718df2\">\n<div class=\"markdown prose w-full break-words dark:prose-invert light\">\n<p>Desvende de uma vez por todas o significado por tr\u00e1s de cada cor de catarro e como ela pode revelar sobre a sa\u00fade:<\/p>\n<p>&nbsp;<\/p>\n<\/div>\n<\/div>\n<\/div>\n<\/div>\n<\/div>\n<\/div>\n<\/div>\n<\/div>\n<\/div>\n<\/div>\n<\/div>\n<\/div>\n<\/div>\n<h5><img loading=\"lazy\" decoding=\"async\" class=\"alignnone wp-image-30569 size-full\" src=\"https:\/\/www.rotaseguros.com.br\/planosdesaude\/wp-content\/uploads\/2024\/05\/cor-do-catarro.png\" alt=\"cor do catarro\" width=\"1600\" height=\"900\" srcset=\"https:\/\/www.rotaseguros.com.br\/planosdesaude\/wp-content\/uploads\/2024\/05\/cor-do-catarro.png 1600w, https:\/\/www.rotaseguros.com.br\/planosdesaude\/wp-content\/uploads\/2024\/05\/cor-do-catarro-300x169.png 300w, https:\/\/www.rotaseguros.com.br\/planosdesaude\/wp-content\/uploads\/2024\/05\/cor-do-catarro-1024x576.png 1024w, https:\/\/www.rotaseguros.com.br\/planosdesaude\/wp-content\/uploads\/2024\/05\/cor-do-catarro-768x432.png 768w, https:\/\/www.rotaseguros.com.br\/planosdesaude\/wp-content\/uploads\/2024\/05\/cor-do-catarro-1536x864.png 1536w, https:\/\/www.rotaseguros.com.br\/planosdesaude\/wp-content\/uploads\/2024\/05\/cor-do-catarro-1080x608.png 1080w, https:\/\/www.rotaseguros.com.br\/planosdesaude\/wp-content\/uploads\/2024\/05\/cor-do-catarro-1280x720.png 1280w, https:\/\/www.rotaseguros.com.br\/planosdesaude\/wp-content\/uploads\/2024\/05\/cor-do-catarro-980x551.png 980w, https:\/\/www.rotaseguros.com.br\/planosdesaude\/wp-content\/uploads\/2024\/05\/cor-do-catarro-480x270.png 480w\" sizes=\"auto, (max-width: 1600px) 100vw, 1600px\" \/><\/h5>\n<h3><span class=\"ez-toc-section\" id=\"Quando_procurar_ajuda_medica\"><\/span><strong>Quando procurar ajuda m\u00e9dica?<\/strong><span class=\"ez-toc-section-end\"><\/span><\/h3>\n<p>O excesso da produ\u00e7\u00e3o do catarro indica algum problema de sa\u00fade, ele pode ser percebido nos seguintes cen\u00e1rios:<\/p>\n<p>Tosse e dor no peito durante a tosse, rouquid\u00e3o, congest\u00e3o nasal, sensa\u00e7\u00e3o de &#8220;gotejamento&#8221; na parte de tr\u00e1s da garganta e na expectora\u00e7\u00e3o involunt\u00e1ria.<\/p>\n<p>Na maior parte dos casos, essa \u00e9 uma condi\u00e7\u00e3o tempor\u00e1ria. Ou seja, a pessoa sente al\u00edvio em alguns dias, visto que o quadro desaparece por conta pr\u00f3pria.<\/p>\n<p>Entretanto, al\u00e9m da altera\u00e7\u00e3o na cor da secre\u00e7\u00e3o, outros pontos podem ser relevantes para que voc\u00ea busque ajuda m\u00e9dica. Por exemplo:<\/p>\n<ol>\n<li><span style=\"font-weight: 400;\"><strong>Persist\u00eancia dos sintomas:<\/strong> Se o catarro persistir por mais de algumas semanas, especialmente se estiver acompanhado de outros sintomas preocupantes, como febre persistente, falta de ar ou tosse com sangue.<\/span><\/li>\n<li><span style=\"font-weight: 400;\"><strong>Dificuldade para respirar:<\/strong> Se sentir dificuldade para respirar ou se a respira\u00e7\u00e3o estiver muito r\u00e1pida ou superficial.<\/span><\/li>\n<li><span style=\"font-weight: 400;\"><strong>Febre alta persistente:<\/strong> Se a febre persistir por mais de alguns dias ou se for muito alta (geralmente acima de 38\u00b0C ou 100.4\u00b0F).<\/span><\/li>\n<li><span style=\"font-weight: 400;\"><strong>Sinais de desidrata\u00e7\u00e3o:<\/strong> Se estiver com sede extrema, boca seca, urinando pouco ou se sentir tonturas ao levantar.<\/span><\/li>\n<li><span style=\"font-weight: 400;\"><strong>Condi\u00e7\u00f5es m\u00e9dicas pr\u00e9-existentes:<\/strong> Se voc\u00ea tiver uma condi\u00e7\u00e3o m\u00e9dica subjacente, como asma, doen\u00e7a pulmonar cr\u00f4nica ou sistema imunol\u00f3gico enfraquecido, pode ser necess\u00e1rio consultar um m\u00e9dico mais cedo para evitar complica\u00e7\u00f5es.<\/span><\/li>\n<\/ol>\n<h3><span class=\"ez-toc-section\" id=\"A_importancia_de_um_Plano_de_Saude_na_saude_geral\"><\/span><strong>A import\u00e2ncia de um Plano de Sa\u00fade na sa\u00fade geral<\/strong><span class=\"ez-toc-section-end\"><\/span><\/h3>\n<p>Para cuidar da sua sa\u00fade e ter acesso a servi\u00e7os b\u00e1sicos, caso perceba alguma dessas altera\u00e7\u00f5es, \u00e9 importante ter um plano de sa\u00fade.<\/p>\n<p>Na Rota Seguros, oferecemos diversas op\u00e7\u00f5es para voc\u00ea. N\u00f3s trabalhamos com operadoras renomadas e temos as melhores coberturas do mercado, tudo para garantir a sua sa\u00fade e qualidade de vida.\u00a0<\/p>\n<p>Al\u00e9m disso, oferecemos suporte cont\u00ednuo. Desde o momento da pesquisa at\u00e9 o final do contrato, os benefici\u00e1rios contam com uma equipe completa e experiente que os ajudam com todas as d\u00favidas e necessidades.<\/p>\n<p>Portanto, se voc\u00ea est\u00e1 buscando um plano de sa\u00fade, plano odontol\u00f3gico ou outros tipos de seguros, a Rota Seguros \u00e9 a op\u00e7\u00e3o mais adequada. <a href=\"https:\/\/www.rotaseguros.com.br\/index.html\">Clique aqui e conhe\u00e7a as op\u00e7\u00f5es dispon\u00edveis para voc\u00ea e\/ou sua fam\u00edlia!<\/a><\/p>\n<div>\n<div>\n<div>\n<div>\n<div>\n<div>\n<div>\n<div>\n<div>\n<p>&nbsp;<\/p>\n<\/div>\n<\/div>\n<\/div>\n<\/div>\n<\/div>\n<\/div>\n<\/div>\n<\/div>\n<\/div>\n","protected":false},"excerpt":{"rendered":"<p><span class=\"span-reading-time rt-reading-time\" style=\"display: block;\"><span class=\"rt-label rt-prefix\">Reading Time: <\/span> <span class=\"rt-time\"> 3<\/span> <span class=\"rt-label rt-postfix\">minutes<\/span><\/span>Voc\u00ea sabia que saber o que significa a cor do catarro \u2013 ou secre\u00e7\u00e3o nasal \u2013 pode te ajudar a identificar poss\u00edveis problemas de sa\u00fade? Esse conhecimento te ajudar\u00e1 a &#8230;<\/p>\n","protected":false},"author":2,"featured_media":30572,"comment_status":"open","ping_status":"open","sticky":false,"template":"","format":"standard","meta":{"_monsterinsights_skip_tracking":false,"_monsterinsights_sitenote_active":false,"_monsterinsights_sitenote_note":"","_monsterinsights_sitenote_category":0,"footnotes":"","_links_to":"","_links_to_target":""},"categories":[1,6,27,1005],"tags":[2719,2724,2729,2728,2732,2727,2726,2723,2725,2720,2730,2731,2722,2721],"class_list":["post-30549","post","type-post","status-publish","format-standard","has-post-thumbnail","hentry","category-sem-categoria","category-dicas","category-plano-de-saude","category-saude","tag-catarro","tag-catarro-amarelo","tag-catarro-branco","tag-catarro-marrom","tag-catarro-no-pulmao","tag-catarro-preto","tag-catarro-rosa","tag-catarro-verde","tag-catarro-vermelho","tag-cor-do-catarro","tag-doencas-do-pulmao","tag-doencas-pulmonares","tag-muco","tag-secrecao-nasal"],"_links":{"self":[{"href":"https:\/\/www.rotaseguros.com.br\/planosdesaude\/wp-json\/wp\/v2\/posts\/30549","targetHints":{"allow":["GET"]}}],"collection":[{"href":"https:\/\/www.rotaseguros.com.br\/planosdesaude\/wp-json\/wp\/v2\/posts"}],"about":[{"href":"https:\/\/www.rotaseguros.com.br\/planosdesaude\/wp-json\/wp\/v2\/types\/post"}],"author":[{"embeddable":true,"href":"https:\/\/www.rotaseguros.com.br\/planosdesaude\/wp-json\/wp\/v2\/users\/2"}],"replies":[{"embeddable":true,"href":"https:\/\/www.rotaseguros.com.br\/planosdesaude\/wp-json\/wp\/v2\/comments?post=30549"}],"version-history":[{"count":0,"href":"https:\/\/www.rotaseguros.com.br\/planosdesaude\/wp-json\/wp\/v2\/posts\/30549\/revisions"}],"wp:featuredmedia":[{"embeddable":true,"href":"https:\/\/www.rotaseguros.com.br\/planosdesaude\/wp-json\/wp\/v2\/media\/30572"}],"wp:attachment":[{"href":"https:\/\/www.rotaseguros.com.br\/planosdesaude\/wp-json\/wp\/v2\/media?parent=30549"}],"wp:term":[{"taxonomy":"category","embeddable":true,"href":"https:\/\/www.rotaseguros.com.br\/planosdesaude\/wp-json\/wp\/v2\/categories?post=30549"},{"taxonomy":"post_tag","embeddable":true,"href":"https:\/\/www.rotaseguros.com.br\/planosdesaude\/wp-json\/wp\/v2\/tags?post=30549"}],"curies":[{"name":"wp","href":"https:\/\/api.w.org\/{rel}","templated":true}]}}