{"id":30577,"date":"2024-05-06T15:10:59","date_gmt":"2024-05-06T17:10:59","guid":{"rendered":"https:\/\/www.rotaseguros.com.br\/planosdesaude\/?p=30577"},"modified":"2024-05-06T15:10:59","modified_gmt":"2024-05-06T17:10:59","slug":"sindrome-do-colon-irritavel-e-seus-sintomas","status":"publish","type":"post","link":"https:\/\/www.rotaseguros.com.br\/planosdesaude\/sindrome-do-colon-irritavel-e-seus-sintomas\/","title":{"rendered":"S\u00edndrome do C\u00f3lon Irrit\u00e1vel e seus sintomas"},"content":{"rendered":"<span class=\"span-reading-time rt-reading-time\" style=\"display: block;\"><span class=\"rt-label rt-prefix\">Reading Time: <\/span> <span class=\"rt-time\"> 4<\/span> <span class=\"rt-label rt-postfix\">minutes<\/span><\/span><p data-sourcepos=\"3:1-3:321\">A <strong>S\u00edndrome do C\u00f3lon Irrit\u00e1vel (SII)<\/strong>, \u00e9 um dist\u00farbio funcional do intestino que afeta milh\u00f5es de pessoas. Frequentemente caracterizada por dores abdominais, altera\u00e7\u00f5es nos h\u00e1bitos intestinais e desconforto, a SII pode ser desafiadora de lidar no dia a dia.<\/p><div id=\"ez-toc-container\" class=\"ez-toc-v2_0_82_2 counter-flat ez-toc-counter ez-toc-grey ez-toc-container-direction\">\n<div class=\"ez-toc-title-container\">\n<p class=\"ez-toc-title\" style=\"cursor:inherit\">Aqui voc\u00ea encontra:<\/p>\n<span class=\"ez-toc-title-toggle\"><a href=\"#\" class=\"ez-toc-pull-right ez-toc-btn ez-toc-btn-xs ez-toc-btn-default ez-toc-toggle\" aria-label=\"Alternar tabela de conte\u00fado\"><span class=\"ez-toc-js-icon-con\"><span class=\"\"><span class=\"eztoc-hide\" style=\"display:none;\">Toggle<\/span><span class=\"ez-toc-icon-toggle-span\"><svg style=\"fill: #999;color:#999\" xmlns=\"http:\/\/www.w3.org\/2000\/svg\" class=\"list-377408\" width=\"20px\" height=\"20px\" viewBox=\"0 0 24 24\" fill=\"none\"><path d=\"M6 6H4v2h2V6zm14 0H8v2h12V6zM4 11h2v2H4v-2zm16 0H8v2h12v-2zM4 16h2v2H4v-2zm16 0H8v2h12v-2z\" fill=\"currentColor\"><\/path><\/svg><svg style=\"fill: #999;color:#999\" class=\"arrow-unsorted-368013\" xmlns=\"http:\/\/www.w3.org\/2000\/svg\" width=\"10px\" height=\"10px\" viewBox=\"0 0 24 24\" version=\"1.2\" baseProfile=\"tiny\"><path d=\"M18.2 9.3l-6.2-6.3-6.2 6.3c-.2.2-.3.4-.3.7s.1.5.3.7c.2.2.4.3.7.3h11c.3 0 .5-.1.7-.3.2-.2.3-.5.3-.7s-.1-.5-.3-.7zM5.8 14.7l6.2 6.3 6.2-6.3c.2-.2.3-.5.3-.7s-.1-.5-.3-.7c-.2-.2-.4-.3-.7-.3h-11c-.3 0-.5.1-.7.3-.2.2-.3.5-.3.7s.1.5.3.7z\"\/><\/svg><\/span><\/span><\/span><\/a><\/span><\/div>\n<nav><ul class='ez-toc-list ez-toc-list-level-1 ' ><li class='ez-toc-page-1'><a class=\"ez-toc-link ez-toc-heading-1\" href=\"https:\/\/www.rotaseguros.com.br\/planosdesaude\/sindrome-do-colon-irritavel-e-seus-sintomas\/#O_que_e_a_Sindrome_do_Colon_Irritavel_e_quais_sao_os_principais_sintomas\" >O que \u00e9 a S\u00edndrome do C\u00f3lon Irrit\u00e1vel e quais s\u00e3o os principais sintomas?<\/a><\/li><li class='ez-toc-page-1'><a class=\"ez-toc-link ez-toc-heading-2\" href=\"https:\/\/www.rotaseguros.com.br\/planosdesaude\/sindrome-do-colon-irritavel-e-seus-sintomas\/#Quais_sao_as_causas\" >Quais s\u00e3o as causas?<\/a><\/li><li class='ez-toc-page-1'><a class=\"ez-toc-link ez-toc-heading-3\" href=\"https:\/\/www.rotaseguros.com.br\/planosdesaude\/sindrome-do-colon-irritavel-e-seus-sintomas\/#Como_tratar_a_Sindrome_do_Colon_Irritavel\" >Como tratar a S\u00edndrome do C\u00f3lon Irrit\u00e1vel?<\/a><\/li><li class='ez-toc-page-1'><a class=\"ez-toc-link ez-toc-heading-4\" href=\"https:\/\/www.rotaseguros.com.br\/planosdesaude\/sindrome-do-colon-irritavel-e-seus-sintomas\/#Como_prevenir_a_Sindrome_do_Colon_Irritavel\" >Como prevenir a S\u00edndrome do C\u00f3lon Irrit\u00e1vel?<\/a><\/li><li class='ez-toc-page-1'><a class=\"ez-toc-link ez-toc-heading-5\" href=\"https:\/\/www.rotaseguros.com.br\/planosdesaude\/sindrome-do-colon-irritavel-e-seus-sintomas\/#i\" >\u00a0<\/a><\/li><li class='ez-toc-page-1'><a class=\"ez-toc-link ez-toc-heading-6\" href=\"https:\/\/www.rotaseguros.com.br\/planosdesaude\/sindrome-do-colon-irritavel-e-seus-sintomas\/#Quem_esta_mais_sujeito_a_ter_a_doenca\" >Quem est\u00e1 mais sujeito a ter a doen\u00e7a?<\/a><\/li><\/ul><\/nav><\/div>\n\n<p data-sourcepos=\"5:1-5:240\">Se voc\u00ea est\u00e1 sentindo algum ou mais de um dos sintomas, deve ficar alerta. Neste artigo, vamos te ajudar a entender a doen\u00e7a, suas causas, como prevenir e como tratar a S\u00edndrome do C\u00f3lon Irrit\u00e1vel. Continue lendo!<\/p>\n<h3 data-sourcepos=\"7:1-7:42\"><span class=\"ez-toc-section\" id=\"O_que_e_a_Sindrome_do_Colon_Irritavel_e_quais_sao_os_principais_sintomas\"><\/span><strong>O que \u00e9 a S\u00edndrome do C\u00f3lon Irrit\u00e1vel e quais s\u00e3o os principais sintomas?<\/strong><span class=\"ez-toc-section-end\"><\/span><\/h3>\n<div class=\"flex-1 overflow-hidden\">\n<div class=\"react-scroll-to-bottom--css-otmyi-79elbk h-full\">\n<div class=\"react-scroll-to-bottom--css-otmyi-1n7m0yu\">\n<div>\n<div class=\"flex flex-col text-sm\">\n<div class=\"w-full text-token-text-primary\" dir=\"auto\" data-testid=\"conversation-turn-3\" data-scroll-anchor=\"true\">\n<div class=\"py-2 px-3 text-base md:px-4 m-auto md:px-5 lg:px-1 xl:px-5\">\n<div class=\"mx-auto flex flex-1 gap-3 text-base juice:gap-4 juice:md:gap-6 md:max-w-3xl lg:max-w-[40rem] xl:max-w-[48rem]\">\n<div class=\"relative flex w-full min-w-0 flex-col agent-turn\">\n<div class=\"flex-col gap-1 md:gap-3\">\n<div class=\"flex flex-grow flex-col max-w-full\">\n<div class=\"min-h-[20px] text-message flex flex-col items-start whitespace-pre-wrap break-words [.text-message+&amp;]:mt-5 overflow-x-auto gap-3\" dir=\"auto\" data-message-author-role=\"assistant\" data-message-id=\"465181f1-a92c-4b99-a956-a704ae7fdbc5\">\n<div class=\"markdown prose w-full break-words dark:prose-invert light\">\n<p>Como mencionado anteriormente, estamos falando de um dist\u00farbio cr\u00f4nico que afeta o intestino grosso, conhecido tamb\u00e9m como &#8216;c\u00f3lon&#8217;. A maioria dos sintomas relatados por indiv\u00edduos que sofrem dessa condi\u00e7\u00e3o s\u00e3o de natureza gastrointestinal.<\/p>\n<p>Por exemplo:<\/p>\n<\/div>\n<\/div>\n<\/div>\n<\/div>\n<\/div>\n<\/div>\n<\/div>\n<\/div>\n<\/div>\n<\/div>\n<\/div>\n<\/div>\n<\/div>\n<ul data-sourcepos=\"11:1-16:0\">\n<li data-sourcepos=\"11:1-11:128\"><strong>Dor abdominal:<\/strong> geralmente localizada na parte inferior do abd\u00f4men, podendo ser do tipo c\u00f3lica, em pontada ou em queima\u00e7\u00e3o.<\/li>\n<li data-sourcepos=\"12:1-12:155\"><strong>Altera\u00e7\u00f5es nos h\u00e1bitos intestinais:<\/strong> diarreia, constipa\u00e7\u00e3o ou altern\u00e2ncia entre as duas, com urg\u00eancia para evacuar e sensa\u00e7\u00e3o de evacua\u00e7\u00e3o incompleta.<\/li>\n<li data-sourcepos=\"13:1-13:72\"><strong>Mudan\u00e7as na consist\u00eancia das fezes:<\/strong> fezes duras, moles ou aquosas.<\/li>\n<li data-sourcepos=\"14:1-14:57\"><strong>Incha\u00e7o abdominal:<\/strong> sensa\u00e7\u00e3o de estufamento e gases.<\/li>\n<li data-sourcepos=\"15:1-16:0\"><strong>Muco nas fezes:<\/strong> mais comum em pessoas com diarreia.<\/li>\n<\/ul>\n<h3 data-sourcepos=\"17:1-17:51\"><strong><img loading=\"lazy\" decoding=\"async\" class=\"wp-image-30586 size-medium aligncenter\" src=\"https:\/\/www.rotaseguros.com.br\/planosdesaude\/wp-content\/uploads\/2024\/05\/Sindrome-do-Colon-Irritavel-1-300x300.png\" alt=\"S\u00edndrome do C\u00f3lon Irrit\u00e1vel Sintomas\" width=\"300\" height=\"300\" srcset=\"https:\/\/www.rotaseguros.com.br\/planosdesaude\/wp-content\/uploads\/2024\/05\/Sindrome-do-Colon-Irritavel-1-300x300.png 300w, https:\/\/www.rotaseguros.com.br\/planosdesaude\/wp-content\/uploads\/2024\/05\/Sindrome-do-Colon-Irritavel-1-1024x1024.png 1024w, https:\/\/www.rotaseguros.com.br\/planosdesaude\/wp-content\/uploads\/2024\/05\/Sindrome-do-Colon-Irritavel-1-150x150.png 150w, https:\/\/www.rotaseguros.com.br\/planosdesaude\/wp-content\/uploads\/2024\/05\/Sindrome-do-Colon-Irritavel-1-768x768.png 768w, https:\/\/www.rotaseguros.com.br\/planosdesaude\/wp-content\/uploads\/2024\/05\/Sindrome-do-Colon-Irritavel-1-400x400.png 400w, https:\/\/www.rotaseguros.com.br\/planosdesaude\/wp-content\/uploads\/2024\/05\/Sindrome-do-Colon-Irritavel-1-980x980.png 980w, https:\/\/www.rotaseguros.com.br\/planosdesaude\/wp-content\/uploads\/2024\/05\/Sindrome-do-Colon-Irritavel-1-480x480.png 480w, https:\/\/www.rotaseguros.com.br\/planosdesaude\/wp-content\/uploads\/2024\/05\/Sindrome-do-Colon-Irritavel-1.png 1080w\" sizes=\"auto, (max-width: 300px) 100vw, 300px\" \/><\/strong><\/h3>\n<h3 data-sourcepos=\"17:1-17:51\"><span class=\"ez-toc-section\" id=\"Quais_sao_as_causas\"><\/span><strong>Quais s\u00e3o as causas?<\/strong><span class=\"ez-toc-section-end\"><\/span><\/h3>\n<p>Ainda n\u00e3o se sabe exatamente o que causa a S\u00edndrome do C\u00f3lon Irrit\u00e1vel, mas acredita-se que seja uma intera\u00e7\u00e3o complexa entre v\u00e1rios fatores, tais como:<\/p>\n<ul>\n<li><strong>Funcionamento irregular do intestino:<\/strong> as contra\u00e7\u00f5es intestinais muito fortes podem resultar em diarreia. J\u00e1 as contra\u00e7\u00f5es muito fracas podem resultar em constipa\u00e7\u00e3o.<\/li>\n<li><strong>Aumento da sensibilidade visceral: <\/strong>o intestino pode tornar-se mais sens\u00edvel a est\u00edmulos normais, como a ingest\u00e3o de determinados alimentos ou at\u00e9 mesmo o estresse.<\/li>\n<li><strong>Desequil\u00edbrio na microbiota intestinal:<\/strong> mudan\u00e7as nas bact\u00e9rias do intestino podem contribuir para os sintomas da doen\u00e7a. Fatores psicol\u00f3gicos tamb\u00e9m podem piorar os sintomas.<\/li>\n<\/ul>\n<div class=\"flex-1 overflow-hidden\">\n<div class=\"react-scroll-to-bottom--css-otmyi-79elbk h-full\">\n<div class=\"react-scroll-to-bottom--css-otmyi-1n7m0yu\">\n<div>\n<div class=\"flex flex-col text-sm\">\n<div class=\"w-full text-token-text-primary\" dir=\"auto\" data-testid=\"conversation-turn-11\" data-scroll-anchor=\"true\">\n<div class=\"py-2 px-3 text-base md:px-4 m-auto md:px-5 lg:px-1 xl:px-5\">\n<div class=\"mx-auto flex flex-1 gap-3 text-base juice:gap-4 juice:md:gap-6 md:max-w-3xl lg:max-w-[40rem] xl:max-w-[48rem]\">\n<div class=\"relative flex w-full min-w-0 flex-col agent-turn\">\n<div class=\"flex-col gap-1 md:gap-3\">\n<div class=\"flex flex-grow flex-col max-w-full\">\n<div class=\"min-h-[20px] text-message flex flex-col items-start whitespace-pre-wrap break-words [.text-message+&amp;]:mt-5 overflow-x-auto gap-3\" dir=\"auto\" data-message-author-role=\"assistant\" data-message-id=\"d0427567-b84b-4749-95d3-f230f6f64196\">\n<div class=\"markdown prose w-full break-words dark:prose-invert light\">\n<p>Em suma, o jeito que o intestino funciona, como ele reage a coisas &#8216;normais&#8217; como comida e estresse, e at\u00e9 mesmo as bact\u00e9rias no intestino podem contribuir para o surgimento dos sintomas. Mesmo que a causa exata ainda seja um mist\u00e9rio, entender esses pontos pode ser \u00fatil para que voc\u00ea encontre maneiras de lidar com a doen\u00e7a, amenizando os desconfortos causados por ela.<\/p>\n<\/div>\n<\/div>\n<\/div>\n<div class=\"mt-1 flex gap-3 empty:hidden\">\n<div class=\"text-gray-400 flex self-end lg:self-center items-center justify-center lg:justify-start mt-0 -ml-1 h-7 gap-[2px] visible\">\u00a0<\/div>\n<\/div>\n<div class=\"pr-2 lg:pr-0\"><strong style=\"color: #333333; font-size: 22px;\">Como diagnosticar <\/strong><strong style=\"color: #333333; font-size: 22px;\">a S\u00edndrome do C\u00f3lon Irrit\u00e1vel<\/strong><strong style=\"color: #333333; font-size: 22px;\">?<\/strong><\/div>\n<\/div>\n<\/div>\n<\/div>\n<\/div>\n<\/div>\n<\/div>\n<\/div>\n<\/div>\n<\/div>\n<\/div>\n<div class=\"flex-1 overflow-hidden\">\n<div class=\"react-scroll-to-bottom--css-otmyi-79elbk h-full\">\n<div class=\"react-scroll-to-bottom--css-otmyi-1n7m0yu\">\n<div class=\"flex flex-col text-sm pb-9\">\n<div class=\"w-full text-token-text-primary\" dir=\"auto\" data-testid=\"conversation-turn-13\" data-scroll-anchor=\"true\">\n<div class=\"py-2 px-3 text-base md:px-4 m-auto md:px-5 lg:px-1 xl:px-5\">\n<div class=\"mx-auto flex flex-1 gap-3 text-base juice:gap-4 juice:md:gap-6 md:max-w-3xl lg:max-w-[40rem] xl:max-w-[48rem]\">\n<div class=\"relative flex w-full min-w-0 flex-col agent-turn\">\n<div class=\"flex-col gap-1 md:gap-3\">\n<div class=\"flex flex-grow flex-col max-w-full\">\n<div class=\"min-h-[20px] text-message flex flex-col items-start whitespace-pre-wrap break-words [.text-message+&amp;]:mt-5 overflow-x-auto gap-3\" dir=\"auto\" data-message-author-role=\"assistant\" data-message-id=\"275f9bdf-e993-4214-bf38-00a0cc901bd9\">\n<div class=\"markdown prose w-full break-words dark:prose-invert light\">\n<p>Basicamente, o diagn\u00f3stico da S\u00edndrome do C\u00f3lon Irrit\u00e1vel \u00e9 feito com base na conversa sobre a sa\u00fade do paciente, seus sintomas e um exame f\u00edsico. N\u00e3o h\u00e1 um teste espec\u00edfico para a SII, mas o m\u00e9dico pode pedir alguns exames para descartar outras doen\u00e7as, como:<\/p>\n<ul>\n<li>Exames de sangue, para verificar se h\u00e1 anemia ou problemas nos eletr\u00f3litos, ou doen\u00e7as intestinais inflamat\u00f3rias.<\/li>\n<li>Exames de fezes, para procurar sangue, parasitas ou infec\u00e7\u00f5es.<\/li>\n<li>Endoscopia, para olhar o intestino grosso e se certificar de que n\u00e3o h\u00e1 problemas mais s\u00e9rios, como p\u00f3lipos ou c\u00e2ncer.<\/li>\n<li>Em casos mais complicados, pode ser necess\u00e1rio fazer uma tomografia computadorizada ou uma colonoscopia.<\/li>\n<\/ul>\n<\/div>\n<\/div>\n<\/div>\n<\/div>\n<\/div>\n<\/div>\n<\/div>\n<\/div>\n<\/div>\n<\/div>\n<\/div>\n<\/div>\n<h3 data-sourcepos=\"54:1-54:61\"><strong><img loading=\"lazy\" decoding=\"async\" class=\"alignnone wp-image-30591 size-full\" src=\"https:\/\/www.rotaseguros.com.br\/planosdesaude\/wp-content\/uploads\/2024\/05\/18.png\" alt=\"\" width=\"1080\" height=\"270\" srcset=\"https:\/\/www.rotaseguros.com.br\/planosdesaude\/wp-content\/uploads\/2024\/05\/18.png 1080w, https:\/\/www.rotaseguros.com.br\/planosdesaude\/wp-content\/uploads\/2024\/05\/18-300x75.png 300w, https:\/\/www.rotaseguros.com.br\/planosdesaude\/wp-content\/uploads\/2024\/05\/18-1024x256.png 1024w, https:\/\/www.rotaseguros.com.br\/planosdesaude\/wp-content\/uploads\/2024\/05\/18-768x192.png 768w, https:\/\/www.rotaseguros.com.br\/planosdesaude\/wp-content\/uploads\/2024\/05\/18-980x245.png 980w, https:\/\/www.rotaseguros.com.br\/planosdesaude\/wp-content\/uploads\/2024\/05\/18-480x120.png 480w\" sizes=\"auto, (max-width: 1080px) 100vw, 1080px\" \/><\/strong><\/h3>\n<h3 data-sourcepos=\"35:1-35:46\"><span class=\"ez-toc-section\" id=\"Como_tratar_a_Sindrome_do_Colon_Irritavel\"><\/span><strong>Como tratar <\/strong><strong>a S\u00edndrome do C\u00f3lon Irrit\u00e1vel<\/strong><strong>?<\/strong><span class=\"ez-toc-section-end\"><\/span><\/h3>\n<p data-sourcepos=\"37:1-37:132\"><strong>A S\u00edndrome do C\u00f3lon Irrit\u00e1vel n\u00e3o tem cura. <\/strong>Logo, o tratamento \u00e9 indispens\u00e1vel para o indiv\u00edduo ter uma melhor qualidade de vida.<\/p>\n<p data-sourcepos=\"37:1-37:132\">Esse tratamento se concentra no al\u00edvio dos sintomas, algumas das op\u00e7\u00f5es s\u00e3o:<\/p>\n<ul data-sourcepos=\"39:1-43:0\">\n<li data-sourcepos=\"39:1-39:154\"><strong>Mudan\u00e7as na dieta:<\/strong> evitar\u00a0alimentos que desencadeiam os sintomas, aumentar a ingest\u00e3o de fibras e \u00e1gua, e fazer refei\u00e7\u00f5es menores e mais frequentes.<\/li>\n<li data-sourcepos=\"40:1-40:137\"><strong>Medicamentos:<\/strong> antidiarreicos, laxantes, antiespasm\u00f3dicos e antidepressivos podem ser usados para controlar os sintomas espec\u00edficos.<\/li>\n<li data-sourcepos=\"41:1-41:137\"><strong>Terapia:<\/strong> a terapia cognitivo-comportamental pode ajudar a lidar com o estresse e a ansiedade, que podem agravar os sintomas da S\u00edndrome do C\u00f3lon Irrit\u00e1vel.<\/li>\n<li data-sourcepos=\"42:1-43:0\"><strong>Probi\u00f3ticos:<\/strong> suplementos de bact\u00e9rias probi\u00f3ticas podem ajudar a equilibrar a microbiota intestinal e aliviar os sintomas.<\/li>\n<\/ul>\n<p>Nesse sentido, \u00e9 imprescind\u00edvel conversar com um<a href=\"https:\/\/hsemper.com.br\/cuidados-com-a-saude\/coloproctologia-saiba-tudo-sobre-esta-especialidade\/\" target=\"_blank\" rel=\"noopener\"> Coloproctologista<\/a> para encontrar as melhores op\u00e7\u00f5es de tratamento, adequadas \u00e0s suas necessidades, e nunca se automedicar.\u00a0<\/p>\n<h3 data-sourcepos=\"44:1-44:48\"><strong><img loading=\"lazy\" decoding=\"async\" class=\"alignnone wp-image-30590 size-full\" src=\"https:\/\/www.rotaseguros.com.br\/planosdesaude\/wp-content\/uploads\/2024\/05\/17.png\" alt=\"\" width=\"1080\" height=\"270\" srcset=\"https:\/\/www.rotaseguros.com.br\/planosdesaude\/wp-content\/uploads\/2024\/05\/17.png 1080w, https:\/\/www.rotaseguros.com.br\/planosdesaude\/wp-content\/uploads\/2024\/05\/17-300x75.png 300w, https:\/\/www.rotaseguros.com.br\/planosdesaude\/wp-content\/uploads\/2024\/05\/17-1024x256.png 1024w, https:\/\/www.rotaseguros.com.br\/planosdesaude\/wp-content\/uploads\/2024\/05\/17-768x192.png 768w, https:\/\/www.rotaseguros.com.br\/planosdesaude\/wp-content\/uploads\/2024\/05\/17-980x245.png 980w, https:\/\/www.rotaseguros.com.br\/planosdesaude\/wp-content\/uploads\/2024\/05\/17-480x120.png 480w\" sizes=\"auto, (max-width: 1080px) 100vw, 1080px\" \/><\/strong><\/h3>\n<h3 data-sourcepos=\"44:1-44:48\"><span class=\"ez-toc-section\" id=\"Como_prevenir_a_Sindrome_do_Colon_Irritavel\"><\/span><strong>Como prevenir a S\u00edndrome do C\u00f3lon Irrit\u00e1vel?<\/strong><span class=\"ez-toc-section-end\"><\/span><\/h3>\n<div class=\"flex-1 overflow-hidden\">\n<div class=\"react-scroll-to-bottom--css-otmyi-79elbk h-full\">\n<div class=\"react-scroll-to-bottom--css-otmyi-1n7m0yu\">\n<div class=\"flex flex-col text-sm pb-9\">\n<div class=\"w-full text-token-text-primary\" dir=\"auto\" data-testid=\"conversation-turn-15\" data-scroll-anchor=\"true\">\n<div class=\"py-2 px-3 text-base md:px-4 m-auto md:px-5 lg:px-1 xl:px-5\">\n<div class=\"mx-auto flex flex-1 gap-3 text-base juice:gap-4 juice:md:gap-6 md:max-w-3xl lg:max-w-[40rem] xl:max-w-[48rem]\">\n<div class=\"relative flex w-full min-w-0 flex-col agent-turn\">\n<div class=\"flex-col gap-1 md:gap-3\">\n<div class=\"flex flex-grow flex-col max-w-full\">\n<div class=\"min-h-[20px] text-message flex flex-col items-start whitespace-pre-wrap break-words [.text-message+&amp;]:mt-5 overflow-x-auto gap-3\" dir=\"auto\" data-message-author-role=\"assistant\" data-message-id=\"94bf21a2-20a1-446a-9c3a-9bc73428883b\">\n<div class=\"markdown prose w-full break-words dark:prose-invert light\">\n<p>Embora n\u00e3o exista uma maneira definitiva de evitar a S\u00edndrome do C\u00f3lon Irrit\u00e1vel, adotar algumas pr\u00e1ticas pode contribuir para reduzir o risco de desenvolver a doen\u00e7a ou at\u00e9 mesmo para controlar seus sintomas:<\/p>\n<p>Para come\u00e7ar, gerenciar o estresse \u00e9 fundamental. T\u00e9cnicas de relaxamento, como yoga ou medita\u00e7\u00e3o, podem ser eficazes nesse sentido.<\/p>\n<p>Al\u00e9m disso, manter uma dieta equilibrada e saud\u00e1vel \u00e9 crucial. Priorizar alimentos ricos em fibras, frutas, legumes e gr\u00e3os integrais pode ajudar a regular o funcionamento do intestino.<\/p>\n<p>N\u00e3o podemos esquecer da import\u00e2ncia de manter-se bem hidratado, bebendo bastante \u00e1gua para evitar a constipa\u00e7\u00e3o e manter o intestino saud\u00e1vel.<\/p>\n<p>A pr\u00e1tica regular de atividade f\u00edsica tamb\u00e9m desempenha um papel importante. Realizar pelo menos 30 minutos de exerc\u00edcios moderados na maioria dos dias da semana pode beneficiar tanto o corpo quanto a mente. <a href=\"https:\/\/www.rotaseguros.com.br\/planosdesaude\/voce-sabe-qual-a-importancia-de-praticar-atividade-fisica\/\">Confira outros benef\u00edcios dessa pr\u00e1tica.<\/a><\/p>\n<p>Por \u00faltimo, \u00e9 essencial evitar h\u00e1bitos prejudiciais, como fumar e consumir \u00e1lcool em excesso. Esses comportamentos podem irritar o intestino e agravar os sintomas da SII.\u00a0<\/p>\n<p>Em suma, embora n\u00e3o possamos eliminar o risco da S\u00edndrome do C\u00f3lon Irrit\u00e1vel, seguir essas orienta\u00e7\u00f5es pode ajudar a gerenciar melhor a condi\u00e7\u00e3o e melhorar a qualidade de vida das pessoas afetadas por ela.<\/p>\n<\/div>\n<\/div>\n<\/div>\n<\/div>\n<\/div>\n<\/div>\n<\/div>\n<\/div>\n<\/div>\n<\/div>\n<\/div>\n<\/div>\n<h3 data-sourcepos=\"54:1-54:61\"><span class=\"ez-toc-section\" id=\"i\"><\/span><strong><img loading=\"lazy\" decoding=\"async\" class=\"alignnone wp-image-30589 size-full\" src=\"https:\/\/www.rotaseguros.com.br\/planosdesaude\/wp-content\/uploads\/2024\/05\/16.png\" alt=\"\" width=\"1080\" height=\"270\" srcset=\"https:\/\/www.rotaseguros.com.br\/planosdesaude\/wp-content\/uploads\/2024\/05\/16.png 1080w, https:\/\/www.rotaseguros.com.br\/planosdesaude\/wp-content\/uploads\/2024\/05\/16-300x75.png 300w, https:\/\/www.rotaseguros.com.br\/planosdesaude\/wp-content\/uploads\/2024\/05\/16-1024x256.png 1024w, https:\/\/www.rotaseguros.com.br\/planosdesaude\/wp-content\/uploads\/2024\/05\/16-768x192.png 768w, https:\/\/www.rotaseguros.com.br\/planosdesaude\/wp-content\/uploads\/2024\/05\/16-980x245.png 980w, https:\/\/www.rotaseguros.com.br\/planosdesaude\/wp-content\/uploads\/2024\/05\/16-480x120.png 480w\" sizes=\"auto, (max-width: 1080px) 100vw, 1080px\" \/>\u00a0<\/strong><span class=\"ez-toc-section-end\"><\/span><\/h3>\n<h3 data-sourcepos=\"54:1-54:61\"><span class=\"ez-toc-section\" id=\"Quem_esta_mais_sujeito_a_ter_a_doenca\"><\/span><strong>Quem est\u00e1 mais sujeito a ter a doen\u00e7a?<\/strong><span class=\"ez-toc-section-end\"><\/span><\/h3>\n<p data-sourcepos=\"56:1-56:52\">A SII \u00e9 mais comum em <strong>mulheres<\/strong> do que em homens, isso pode estar relacionado a diferen\u00e7as hormonais e gen\u00e9ticas entre os sexos. No entanto, \u00e9 importante destacar que os homens tamb\u00e9m podem ser afetados pela s\u00edndrome, embora em menor frequ\u00eancia.<\/p>\n<div class=\"flex-1 overflow-hidden\">\n<div class=\"react-scroll-to-bottom--css-otmyi-79elbk h-full\">\n<div class=\"react-scroll-to-bottom--css-otmyi-1n7m0yu\">\n<div class=\"flex flex-col text-sm pb-9\">\n<div class=\"w-full text-token-text-primary\" dir=\"auto\" data-testid=\"conversation-turn-17\" data-scroll-anchor=\"true\">\n<div class=\"py-2 px-3 text-base md:px-4 m-auto md:px-5 lg:px-1 xl:px-5\">\n<div class=\"mx-auto flex flex-1 gap-3 text-base juice:gap-4 juice:md:gap-6 md:max-w-3xl lg:max-w-[40rem] xl:max-w-[48rem]\">\n<div class=\"relative flex w-full min-w-0 flex-col agent-turn\">\n<div class=\"flex-col gap-1 md:gap-3\">\n<div class=\"mt-1 flex gap-3 empty:hidden\">\n<div class=\"text-gray-400 flex self-end lg:self-center items-center justify-center lg:justify-start mt-0 -ml-1 h-7 gap-[2px] visible\"><a href=\"https:\/\/www.rotaseguros.com.br\/index.html\">Contrate um Plano de Sa\u00fade e agende uma visita ao m\u00e9dico caso esteja desconfiando que tem essa doen\u00e7a.<\/a><\/div>\n<\/div>\n<div class=\"pr-2 lg:pr-0\">\u00a0<\/div>\n<\/div>\n<div class=\"absolute\">\n<div class=\"flex w-full gap-2 items-center justify-center\">\u00a0<\/div>\n<\/div>\n<\/div>\n<\/div>\n<\/div>\n<\/div>\n<\/div>\n<\/div>\n<\/div>\n<\/div>\n<div class=\"w-full md:pt-0 dark:border-white\/20 md:border-transparent md:dark:border-transparent md:w-[calc(100%-.5rem)] juice:w-full\">\n<div class=\"px-3 text-base md:px-4 m-auto md:px-5 lg:px-1 xl:px-5\">\n<div class=\"mx-auto flex flex-1 gap-3 text-base juice:gap-4 juice:md:gap-6 md:max-w-3xl lg:max-w-[40rem] xl:max-w-[48rem]\">\n<form class=\"w-full\">\n<div class=\"relative flex h-full max-w-full flex-1 flex-col\">\n<div class=\"absolute bottom-full left-0 right-0\">\u00a0<\/div>\n<div class=\"flex w-full items-center\">\n<div class=\"overflow-hidden [&amp;:has(textarea:focus)]:border-token-border-xheavy [&amp;:has(textarea:focus)]:shadow-[0_2px_6px_rgba(0,0,0,.05)] flex flex-col w-full flex-grow relative border dark:text-white rounded-2xl bg-token-main-surface-primary border-token-border-medium\">\u00a0<\/div>\n<\/div>\n<\/div>\n<\/form>\n<\/div>\n<\/div>\n<\/div>\n","protected":false},"excerpt":{"rendered":"<p><span class=\"span-reading-time rt-reading-time\" style=\"display: block;\"><span class=\"rt-label rt-prefix\">Reading Time: <\/span> <span class=\"rt-time\"> 4<\/span> <span class=\"rt-label rt-postfix\">minutes<\/span><\/span>A S\u00edndrome do C\u00f3lon Irrit\u00e1vel (SII), \u00e9 um dist\u00farbio funcional do intestino que afeta milh\u00f5es de pessoas. Frequentemente caracterizada por dores abdominais, altera\u00e7\u00f5es nos h\u00e1bitos intestinais e desconforto, a SII &#8230;<\/p>\n","protected":false},"author":2,"featured_media":30584,"comment_status":"open","ping_status":"open","sticky":false,"template":"","format":"standard","meta":{"_monsterinsights_skip_tracking":false,"_monsterinsights_sitenote_active":false,"_monsterinsights_sitenote_note":"","_monsterinsights_sitenote_category":0,"footnotes":"","_links_to":"","_links_to_target":""},"categories":[1005,6],"tags":[2735,2738,2733,2736,2734,2737],"class_list":["post-30577","post","type-post","status-publish","format-standard","has-post-thumbnail","hentry","category-saude","category-dicas","tag-doencas-gastrointestinais","tag-sii","tag-sindrome-do-colon-irritavel","tag-sindrome-do-colon-irritavel-sintomas","tag-sindrome-do-intestino-irritavel","tag-sintomas-doencas-gastrointestinais"],"_links":{"self":[{"href":"https:\/\/www.rotaseguros.com.br\/planosdesaude\/wp-json\/wp\/v2\/posts\/30577","targetHints":{"allow":["GET"]}}],"collection":[{"href":"https:\/\/www.rotaseguros.com.br\/planosdesaude\/wp-json\/wp\/v2\/posts"}],"about":[{"href":"https:\/\/www.rotaseguros.com.br\/planosdesaude\/wp-json\/wp\/v2\/types\/post"}],"author":[{"embeddable":true,"href":"https:\/\/www.rotaseguros.com.br\/planosdesaude\/wp-json\/wp\/v2\/users\/2"}],"replies":[{"embeddable":true,"href":"https:\/\/www.rotaseguros.com.br\/planosdesaude\/wp-json\/wp\/v2\/comments?post=30577"}],"version-history":[{"count":0,"href":"https:\/\/www.rotaseguros.com.br\/planosdesaude\/wp-json\/wp\/v2\/posts\/30577\/revisions"}],"wp:featuredmedia":[{"embeddable":true,"href":"https:\/\/www.rotaseguros.com.br\/planosdesaude\/wp-json\/wp\/v2\/media\/30584"}],"wp:attachment":[{"href":"https:\/\/www.rotaseguros.com.br\/planosdesaude\/wp-json\/wp\/v2\/media?parent=30577"}],"wp:term":[{"taxonomy":"category","embeddable":true,"href":"https:\/\/www.rotaseguros.com.br\/planosdesaude\/wp-json\/wp\/v2\/categories?post=30577"},{"taxonomy":"post_tag","embeddable":true,"href":"https:\/\/www.rotaseguros.com.br\/planosdesaude\/wp-json\/wp\/v2\/tags?post=30577"}],"curies":[{"name":"wp","href":"https:\/\/api.w.org\/{rel}","templated":true}]}}