{"id":30619,"date":"2024-05-23T13:30:59","date_gmt":"2024-05-23T15:30:59","guid":{"rendered":"https:\/\/www.rotaseguros.com.br\/planosdesaude\/?p=30619"},"modified":"2024-05-23T13:30:59","modified_gmt":"2024-05-23T15:30:59","slug":"febre-oropouche-e-os-numeros-alarmantes-da-doenca-no-brasil","status":"publish","type":"post","link":"https:\/\/www.rotaseguros.com.br\/planosdesaude\/febre-oropouche-e-os-numeros-alarmantes-da-doenca-no-brasil\/","title":{"rendered":"Febre Oropouche e os n\u00fameros alarmantes da doen\u00e7a no Brasil"},"content":{"rendered":"<span class=\"span-reading-time rt-reading-time\" style=\"display: block;\"><span class=\"rt-label rt-prefix\">Reading Time: <\/span> <span class=\"rt-time\"> 3<\/span> <span class=\"rt-label rt-postfix\">minutes<\/span><\/span><p>Na ter\u00e7a-feira (14), o<a href=\"https:\/\/www.gov.br\/saude\/pt-br\" target=\"_blank\" rel=\"noopener\"> Minist\u00e9rio da Sa\u00fade<\/a> divulgou um novo boletim de sa\u00fade revelando dados alarmantes sobre a febre Oropouche no Brasil. At\u00e9 o momento da pesquisa, o pa\u00eds j\u00e1 havia registrado 5.102 casos,\u00a0sendo a maioria na Amaz\u00f4nia (2.947) e em Rond\u00f4nia (1.528).<\/p><div id=\"ez-toc-container\" class=\"ez-toc-v2_0_82_2 counter-flat ez-toc-counter ez-toc-grey ez-toc-container-direction\">\n<div class=\"ez-toc-title-container\">\n<p class=\"ez-toc-title\" style=\"cursor:inherit\">Aqui voc\u00ea encontra:<\/p>\n<span class=\"ez-toc-title-toggle\"><a href=\"#\" class=\"ez-toc-pull-right ez-toc-btn ez-toc-btn-xs ez-toc-btn-default ez-toc-toggle\" aria-label=\"Alternar tabela de conte\u00fado\"><span class=\"ez-toc-js-icon-con\"><span class=\"\"><span class=\"eztoc-hide\" style=\"display:none;\">Toggle<\/span><span class=\"ez-toc-icon-toggle-span\"><svg style=\"fill: #999;color:#999\" xmlns=\"http:\/\/www.w3.org\/2000\/svg\" class=\"list-377408\" width=\"20px\" height=\"20px\" viewBox=\"0 0 24 24\" fill=\"none\"><path d=\"M6 6H4v2h2V6zm14 0H8v2h12V6zM4 11h2v2H4v-2zm16 0H8v2h12v-2zM4 16h2v2H4v-2zm16 0H8v2h12v-2z\" fill=\"currentColor\"><\/path><\/svg><svg style=\"fill: #999;color:#999\" class=\"arrow-unsorted-368013\" xmlns=\"http:\/\/www.w3.org\/2000\/svg\" width=\"10px\" height=\"10px\" viewBox=\"0 0 24 24\" version=\"1.2\" baseProfile=\"tiny\"><path d=\"M18.2 9.3l-6.2-6.3-6.2 6.3c-.2.2-.3.4-.3.7s.1.5.3.7c.2.2.4.3.7.3h11c.3 0 .5-.1.7-.3.2-.2.3-.5.3-.7s-.1-.5-.3-.7zM5.8 14.7l6.2 6.3 6.2-6.3c.2-.2.3-.5.3-.7s-.1-.5-.3-.7c-.2-.2-.4-.3-.7-.3h-11c-.3 0-.5.1-.7.3-.2.2-.3.5-.3.7s.1.5.3.7z\"\/><\/svg><\/span><\/span><\/span><\/a><\/span><\/div>\n<nav><ul class='ez-toc-list ez-toc-list-level-1 ' ><li class='ez-toc-page-1'><a class=\"ez-toc-link ez-toc-heading-1\" href=\"https:\/\/www.rotaseguros.com.br\/planosdesaude\/febre-oropouche-e-os-numeros-alarmantes-da-doenca-no-brasil\/#O_que_e_a_febre_Oropouche\" >O que \u00e9 a febre Oropouche?<\/a><\/li><li class='ez-toc-page-1'><a class=\"ez-toc-link ez-toc-heading-2\" href=\"https:\/\/www.rotaseguros.com.br\/planosdesaude\/febre-oropouche-e-os-numeros-alarmantes-da-doenca-no-brasil\/#Ultimos_casos_no_Brasil\" >\u00daltimos casos no Brasil<\/a><\/li><li class='ez-toc-page-1'><a class=\"ez-toc-link ez-toc-heading-3\" href=\"https:\/\/www.rotaseguros.com.br\/planosdesaude\/febre-oropouche-e-os-numeros-alarmantes-da-doenca-no-brasil\/#Como_prevenir_a_doenca\" >Como prevenir a doen\u00e7a?<\/a><\/li><li class='ez-toc-page-1'><a class=\"ez-toc-link ez-toc-heading-4\" href=\"https:\/\/www.rotaseguros.com.br\/planosdesaude\/febre-oropouche-e-os-numeros-alarmantes-da-doenca-no-brasil\/#Sintomas\" >Sintomas<\/a><\/li><li class='ez-toc-page-1'><a class=\"ez-toc-link ez-toc-heading-5\" href=\"https:\/\/www.rotaseguros.com.br\/planosdesaude\/febre-oropouche-e-os-numeros-alarmantes-da-doenca-no-brasil\/#Transmissao\" >Transmiss\u00e3o<\/a><\/li><li class='ez-toc-page-1'><a class=\"ez-toc-link ez-toc-heading-6\" href=\"https:\/\/www.rotaseguros.com.br\/planosdesaude\/febre-oropouche-e-os-numeros-alarmantes-da-doenca-no-brasil\/#E_Dengue_ou_febre_Oropouche\" >\u00c9 Dengue ou febre Oropouche?<\/a><\/li><\/ul><\/nav><\/div>\n\n<p>Ademais, outros 8 estados tamb\u00e9m registraram casos da doen\u00e7a: Acre, Par\u00e1, Roraima, Bahia, Mato Grosso, S\u00e3o Paulo e Rio de Janeiro.<\/p>\n<p>Essa doen\u00e7a \u00e9 considerada end\u00eamica \u2014 ou seja, t\u00edpica de uma regi\u00e3o \u2014 e, nesse sentido, a dissemina\u00e7\u00e3o para outros locais acende um alerta.<\/p>\n<h2><span class=\"ez-toc-section\" id=\"O_que_e_a_febre_Oropouche\"><\/span><strong>O que \u00e9 a febre Oropouche?<\/strong><span class=\"ez-toc-section-end\"><\/span><\/h2>\n<p>O v\u00edrus Oropouche (OROV), pertencente \u00e0 fam\u00edlia <em>Bunyaviridae<\/em>, \u00e9 o agente causador da febre Oropouche.<\/p>\n<p>Assim, os mosquitos Culicoides desempenham o papel principal como vetores dessa doen\u00e7a, transmitindo-a para humanos e outros mam\u00edferos.<\/p>\n<p>A descoberta do <em>Orthobunyavirus oropoucheense<\/em> ocorreu no Brasil em 1960, quando uma amostra de sangue de um bicho-pregui\u00e7a <em>(Bradypus tridactylus)<\/em> capturado durante a constru\u00e7\u00e3o da rodovia Bel\u00e9m-Bras\u00edlia revelou a presen\u00e7a do v\u00edrus.<\/p>\n<h2><span class=\"ez-toc-section\" id=\"Ultimos_casos_no_Brasil\"><\/span><strong>\u00daltimos casos no Brasil<\/strong><span class=\"ez-toc-section-end\"><\/span><\/h2>\n<p>Nesse sentido, a dissemina\u00e7\u00e3o da febre Oropouche para \u00e1reas urbanas \u00e9 uma realidade preocupante e exige a\u00e7\u00f5es imediatas para conter sua propaga\u00e7\u00e3o.<\/p>\n<p>Confira o pronunciamento de Ethel Maciel, <strong>Secret\u00e1ria de Vigil\u00e2ncia em Sa\u00fade e Ambiente do Minist\u00e9rio da Sa\u00fade:<\/strong><\/p>\n<p><em>\u201cH\u00e1 algumas semanas est\u00e1 acontecendo um espalhamento para outras regi\u00f5es do Brasil. A gente n\u00e3o est\u00e1 s\u00f3 naquela concentra\u00e7\u00e3o na Regi\u00e3o Norte, que foi o primeiro momento. A gente acreditou que ia ficar concentrado, mas vimos que houve um espalhamento&#8230;\u201d<\/em><\/p>\n<p><em>&#8220;Introduzimos a vigil\u00e2ncia dessa nova doen\u00e7a, fizemos a constru\u00e7\u00e3o das orienta\u00e7\u00f5es para observa\u00e7\u00e3o cl\u00ednica. A gente n\u00e3o tinha nenhum manual ou protocolo para febre Oropouche. Distribu\u00edmos os testes para toda a rede Lacen e, por isso, estamos conseguindo captar, fazer o diagn\u00f3stico correto para essa doen\u00e7a. Estamos monitorando de perto e entendendo melhor essa nova arbovirose\u201d, <\/em>disse Ethel Maciel<\/p>\n<p>As condi\u00e7\u00f5es favor\u00e1veis para prolifera\u00e7\u00e3o do mosquito vetor da doen\u00e7a est\u00e1 relacionado a fatores como: <strong>mudan\u00e7as clim\u00e1ticas, desmatamento e urbaniza\u00e7\u00e3o desordenada.<\/strong><\/p>\n<p>Portanto, \u00e9 necess\u00e1rio que autoridades e popula\u00e7\u00e3o se unam para &#8216;barrar&#8217; o espalhamento do v\u00edrus.<\/p>\n<h3><span class=\"ez-toc-section\" id=\"Como_prevenir_a_doenca\"><\/span><strong>Como prevenir a doen\u00e7a?<\/strong><span class=\"ez-toc-section-end\"><\/span><\/h3>\n<p>Algumas a\u00e7\u00f5es simples que podem auxiliar na preven\u00e7\u00e3o s\u00e3o, por exemplo:<\/p>\n<ul>\n<li><strong>Uso de repelentes<\/strong><\/li>\n<li><strong>Instala\u00e7\u00e3o de telas em janelas e portas <\/strong><\/li>\n<li><strong>Elimina\u00e7\u00e3o de criadouros<\/strong><\/li>\n<li><strong>Seguir as recomenda\u00e7\u00f5es das autoridades locais<\/strong><\/li>\n<\/ul>\n<p>Adicionalmente, a conscientiza\u00e7\u00e3o da popula\u00e7\u00e3o sobre os sintomas da doen\u00e7a \u00e9 fundamental para garantir o diagn\u00f3stico precoce e o tratamento adequado.<\/p>\n<p>Todavia, as autoridades tamb\u00e9m devem intensificar os esfor\u00e7os de controle de vetores, realizando campanhas e implementando estrat\u00e9gias de monitoramento da prolifera\u00e7\u00e3o do mosquito.<\/p>\n<h2><span class=\"ez-toc-section\" id=\"Sintomas\"><\/span><strong>Sintomas<\/strong><span class=\"ez-toc-section-end\"><\/span><\/h2>\n<p>\u00a0\u00c9 primordial entender os sintomas da febre Oropouche, que incluem:<\/p>\n<ul>\n<li><strong>Febre<\/strong><\/li>\n<li><strong>Dor de cabe\u00e7a<\/strong><\/li>\n<li><strong>Dores musculares<\/strong><\/li>\n<li><strong>Fadiga e n\u00e1useas<\/strong><\/li>\n<\/ul>\n<p>Dessa forma, ela pode facilmente ser confundida com outras doen\u00e7as virais, dificultando o diagn\u00f3stico.<\/p>\n<p>Adicionalmente, em casos mais graves, a febre Oropouche pode gerar complica\u00e7\u00f5es neurol\u00f3gicas, como meningite.<\/p>\n<p>Logo, especialmente se voc\u00ea est\u00e1 em uma \u00e1rea onde a transmiss\u00e3o \u00e9 alarmante, esteja atento e busque ajuda m\u00e9dica, se necess\u00e1rio.<\/p>\n<h2><span class=\"ez-toc-section\" id=\"Transmissao\"><\/span><strong>Transmiss\u00e3o<\/strong><span class=\"ez-toc-section-end\"><\/span><\/h2>\n<p>A transmiss\u00e3o da febre Oropouche ocorre principalmente atrav\u00e9s da picada, da seguinte forma:<\/p>\n<p>Quando o mosquito se alimenta do sangue de uma pessoa ou animal contaminado, ele pode contrair o v\u00edrus. Atrav\u00e9s da picada, ele transmite-o para outras pessoas e animais, disseminando a doen\u00e7a.<\/p>\n<p>Al\u00e9m disso, embora menos comum, a transmiss\u00e3o tamb\u00e9m pode ocorrer por meio de contato com sangue contaminado ou secre\u00e7\u00f5es corporais de indiv\u00edduos infectados, por exemplo.<\/p>\n<p>Acima de tudo, \u00e9 importante salientar que crian\u00e7as, idosos e pessoas com sistemas imunol\u00f3gicos comprometidos est\u00e3o em maior risco de desenvolver complica\u00e7\u00f5es graves. Portanto, elas precisam de mais aten\u00e7\u00e3o quando o assunto \u00e9 preven\u00e7\u00e3o.<\/p>\n<h2><span class=\"ez-toc-section\" id=\"E_Dengue_ou_febre_Oropouche\"><\/span><strong>\u00c9 Dengue ou febre Oropouche?<\/strong><span class=\"ez-toc-section-end\"><\/span><\/h2>\n<p>Bem como a dengue, a febre Oropouche tamb\u00e9m \u00e9 transmitida por um mosquito. Ambas as doen\u00e7as apresentam sintomas semelhantes e, consequentemente, podem ser confundidas. Por essa raz\u00e3o, \u00e9 importante entender as principais diferen\u00e7as entre elas:<\/p>\n<p><img loading=\"lazy\" decoding=\"async\" class=\"alignnone size-full wp-image-30625\" src=\"https:\/\/www.rotaseguros.com.br\/planosdesaude\/wp-content\/uploads\/2024\/05\/dengue-x-febre-oropouche.png\" alt=\"dengue x febre oropouche\" width=\"1080\" height=\"1920\" srcset=\"https:\/\/www.rotaseguros.com.br\/planosdesaude\/wp-content\/uploads\/2024\/05\/dengue-x-febre-oropouche.png 1080w, https:\/\/www.rotaseguros.com.br\/planosdesaude\/wp-content\/uploads\/2024\/05\/dengue-x-febre-oropouche-169x300.png 169w, https:\/\/www.rotaseguros.com.br\/planosdesaude\/wp-content\/uploads\/2024\/05\/dengue-x-febre-oropouche-1024x1820.png 1024w, https:\/\/www.rotaseguros.com.br\/planosdesaude\/wp-content\/uploads\/2024\/05\/dengue-x-febre-oropouche-768x1365.png 768w, https:\/\/www.rotaseguros.com.br\/planosdesaude\/wp-content\/uploads\/2024\/05\/dengue-x-febre-oropouche-864x1536.png 864w, https:\/\/www.rotaseguros.com.br\/planosdesaude\/wp-content\/uploads\/2024\/05\/dengue-x-febre-oropouche-980x1742.png 980w, https:\/\/www.rotaseguros.com.br\/planosdesaude\/wp-content\/uploads\/2024\/05\/dengue-x-febre-oropouche-480x853.png 480w\" sizes=\"auto, (max-width: 1080px) 100vw, 1080px\" \/><\/p>\n<p>Voc\u00ea tamb\u00e9m pode gostar deste artigo: <a href=\"https:\/\/www.rotaseguros.com.br\/planosdesaude\/principais-sintomas-da-dengue-como-identificar-e-tratar\/\">&#8220;Principais sintomas da dengue: como identificar e tratar\u201d<\/a>.<\/p>\n<p>Em suma, diante do aumento dos casos de febre Oropouche no Brasil, a colabora\u00e7\u00e3o entre autoridades, comunidades e profissionais de sa\u00fade \u00e9 fundamental.<\/p>\n<p>Se voc\u00ea apresentar sintomas compat\u00edveis com a doen\u00e7a, procure um servi\u00e7o de sa\u00fade para avalia\u00e7\u00e3o e tratamento adequados.<\/p>\n","protected":false},"excerpt":{"rendered":"<p><span class=\"span-reading-time rt-reading-time\" style=\"display: block;\"><span class=\"rt-label rt-prefix\">Reading Time: <\/span> <span class=\"rt-time\"> 3<\/span> <span class=\"rt-label rt-postfix\">minutes<\/span><\/span>Na ter\u00e7a-feira (14), o Minist\u00e9rio da Sa\u00fade divulgou um novo boletim de sa\u00fade revelando dados alarmantes sobre a febre Oropouche no Brasil. At\u00e9 o momento da pesquisa, o pa\u00eds j\u00e1 &#8230;<\/p>\n","protected":false},"author":2,"featured_media":30623,"comment_status":"open","ping_status":"open","sticky":false,"template":"","format":"standard","meta":{"_monsterinsights_skip_tracking":false,"_monsterinsights_sitenote_active":false,"_monsterinsights_sitenote_note":"","_monsterinsights_sitenote_category":0,"footnotes":"","_links_to":"","_links_to_target":""},"categories":[1,1005],"tags":[81,2761,2762,2758,2760,2759],"class_list":["post-30619","post","type-post","status-publish","format-standard","has-post-thumbnail","hentry","category-sem-categoria","category-saude","tag-dengue","tag-dengue-e-febre-oropouche","tag-diferenca-de-dengue-e-febre-oropouche","tag-febre-oropouche","tag-sintomas-dengue","tag-sintomas-febre-oropouche"],"_links":{"self":[{"href":"https:\/\/www.rotaseguros.com.br\/planosdesaude\/wp-json\/wp\/v2\/posts\/30619","targetHints":{"allow":["GET"]}}],"collection":[{"href":"https:\/\/www.rotaseguros.com.br\/planosdesaude\/wp-json\/wp\/v2\/posts"}],"about":[{"href":"https:\/\/www.rotaseguros.com.br\/planosdesaude\/wp-json\/wp\/v2\/types\/post"}],"author":[{"embeddable":true,"href":"https:\/\/www.rotaseguros.com.br\/planosdesaude\/wp-json\/wp\/v2\/users\/2"}],"replies":[{"embeddable":true,"href":"https:\/\/www.rotaseguros.com.br\/planosdesaude\/wp-json\/wp\/v2\/comments?post=30619"}],"version-history":[{"count":0,"href":"https:\/\/www.rotaseguros.com.br\/planosdesaude\/wp-json\/wp\/v2\/posts\/30619\/revisions"}],"wp:featuredmedia":[{"embeddable":true,"href":"https:\/\/www.rotaseguros.com.br\/planosdesaude\/wp-json\/wp\/v2\/media\/30623"}],"wp:attachment":[{"href":"https:\/\/www.rotaseguros.com.br\/planosdesaude\/wp-json\/wp\/v2\/media?parent=30619"}],"wp:term":[{"taxonomy":"category","embeddable":true,"href":"https:\/\/www.rotaseguros.com.br\/planosdesaude\/wp-json\/wp\/v2\/categories?post=30619"},{"taxonomy":"post_tag","embeddable":true,"href":"https:\/\/www.rotaseguros.com.br\/planosdesaude\/wp-json\/wp\/v2\/tags?post=30619"}],"curies":[{"name":"wp","href":"https:\/\/api.w.org\/{rel}","templated":true}]}}