{"id":30734,"date":"2024-06-07T16:46:48","date_gmt":"2024-06-07T18:46:48","guid":{"rendered":"https:\/\/www.rotaseguros.com.br\/planosdesaude\/?p=30734"},"modified":"2024-06-15T14:45:04","modified_gmt":"2024-06-15T16:45:04","slug":"uniao-entre-golden-cross-e-amil","status":"publish","type":"post","link":"https:\/\/www.rotaseguros.com.br\/planosdesaude\/uniao-entre-golden-cross-e-amil\/","title":{"rendered":"Uni\u00e3o entre Golden Cross e Amil"},"content":{"rendered":"<span class=\"span-reading-time rt-reading-time\" style=\"display: block;\"><span class=\"rt-label rt-prefix\">Reading Time: <\/span> <span class=\"rt-time\"> 2<\/span> <span class=\"rt-label rt-postfix\">minutes<\/span><\/span><p>Voc\u00ea j\u00e1 est\u00e1 sabendo da uni\u00e3o entre Golden Cross e Amil? As operadoras divulgaram um comunicado na \u00faltima quinta-feira (06\/06) informando sobre nova parceria, firmada sob um acordo de compartilhamento de risco.<\/p>\n<p><strong>A partir do dia 1\u00ba de julho, os benefici\u00e1rios Golden Cross ser\u00e3o atendidos na rede credenciada Amil. <\/strong>O acordo est\u00e1 fundamentado na resolu\u00e7\u00e3o normativa n.\u00ba 517 da Ag\u00eancia Nacional de Sa\u00fade Suplementar (ANS).<\/p>\n<p>Este movimento visa melhorar a qualidade dos servi\u00e7os de sa\u00fade prestados e est\u00e1 previsto na regula\u00e7\u00e3o dos planos de sa\u00fade. Isso significa que o v\u00ednculo entre clientes Golden Cross e a operadora n\u00e3o sofrer\u00e1 nenhuma modifica\u00e7\u00e3o, sendo assegurados todos os direitos previstos em contrato.<\/p>\n<p>Assim, os clientes Golden Cross ter\u00e3o acesso \u00e0 s\u00f3lida estrutura de hospitais, consult\u00f3rios e servi\u00e7os auxiliares de diagn\u00f3stico e tratamento da Amil.<\/p>\n<p>Em virtude dessa reestrutura\u00e7\u00e3o, a Golden Cross suspender\u00e1 temporariamente a comercializa\u00e7\u00e3o de planos de sa\u00fade de todos os segmentos a partir do dia 18 de junho. Vale lembrar que\u00a0a linha Goldental n\u00e3o passar\u00e1 pelo processo de integra\u00e7\u00e3o de rede.<\/p>\n<h2><strong>Sobre a Amil<\/strong><\/h2>\n<div class=\"flex-1 overflow-hidden\">\n<div class=\"react-scroll-to-bottom--css-bzcqu-79elbk h-full\">\n<div class=\"react-scroll-to-bottom--css-bzcqu-1n7m0yu\">\n<div>\n<div class=\"flex flex-col text-sm pb-9\">\n<div class=\"w-full text-token-text-primary\" dir=\"auto\" data-testid=\"conversation-turn-3\" data-scroll-anchor=\"true\">\n<div class=\"py-2 juice:py-[18px] px-3 text-base md:px-4 m-auto md:px-5 lg:px-1 xl:px-5\">\n<div class=\"mx-auto flex flex-1 gap-3 text-base juice:gap-4 juice:md:gap-5 juice:lg:gap-6 md:max-w-3xl lg:max-w-[40rem] xl:max-w-[48rem]\">\n<div class=\"group\/conversation-turn relative flex w-full min-w-0 flex-col agent-turn\">\n<div class=\"flex-col gap-1 md:gap-3\">\n<div class=\"flex flex-grow flex-col max-w-full\">\n<div class=\"min-h-[20px] text-message flex flex-col items-start whitespace-pre-wrap break-words [.text-message+&amp;]:mt-5 juice:w-full juice:items-end overflow-x-auto gap-2\" dir=\"auto\" data-message-author-role=\"assistant\" data-message-id=\"3b49e2e3-9de5-4110-aa0a-c22930b7a267\">\n<div class=\"flex w-full flex-col gap-1 juice:empty:hidden juice:first:pt-[3px]\">\n<div class=\"markdown prose w-full break-words dark:prose-invert light\">\n<p>Com aproximadamente 5,6 milh\u00f5es de benefici\u00e1rios, a Amil atende a mais de 402 mil empresas clientes, contando com cerca de 13,5 mil m\u00e9dicos credenciados, mais de 5 mil laborat\u00f3rios e centros de diagn\u00f3sticos, e mais de 1,5 mil hospitais credenciados.\u00a0<\/p>\n<p>Al\u00e9m disso, a A Amil possui 29 unidades hospitalares e 81 unidades ambulatoriais, incluindo centros m\u00e9dicos e cl\u00ednicas do Amil Espa\u00e7o Sa\u00fade, al\u00e9m de 9 Cl\u00ednicas Amil Dental.<\/p>\n<p>A operadora tamb\u00e9m disponibiliza programas de sa\u00fade, que visam a preven\u00e7\u00e3o e o tratamento de diversas condi\u00e7\u00f5es, com foco na melhoria da qualidade de vida dos clientes.\u00a0<\/p>\n<p>Se voc\u00ea \u00e9 cliente Golden Cross e quer saber mais sobre a Amil, descubra se <a href=\"https:\/\/www.rotaseguros.com.br\/planosdesaude\/o-plano-de-saude-da-amil-e-bom\/\">o Plano de Sa\u00fade da Amil \u00e9 bom!<\/a><\/p>\n<p>&nbsp;<\/p>\n<\/div>\n<\/div>\n<\/div>\n<\/div>\n<\/div>\n<\/div>\n<\/div>\n<\/div>\n<\/div>\n<\/div>\n<\/div>\n<\/div>\n<\/div>\n<\/div>\n<div class=\"w-full md:pt-0 dark:border-white\/20 md:border-transparent md:dark:border-transparent md:w-[calc(100%-.5rem)] juice:w-full\">\n<div class=\"px-3 text-base md:px-4 m-auto md:px-5 lg:px-1 xl:px-5\">\n<div class=\"mx-auto flex flex-1 gap-3 text-base juice:gap-4 juice:md:gap-5 juice:lg:gap-6 md:max-w-3xl lg:max-w-[40rem] xl:max-w-[48rem]\">\n<form class=\"w-full\">\n<div class=\"relative flex h-full max-w-full flex-1 flex-col\">\n<div class=\"flex w-full items-center\">\n<div class=\"flex w-full flex-col gap-1.5 rounded-[26px] p-1.5 transition-colors bg-[#f4f4f4] dark:bg-token-main-surface-secondary\">\n<div class=\"flex items-end gap-1.5 md:gap-2\">\n<div class=\"flex min-w-0 flex-1 flex-col\">\n<p><strong>Precisando contratar um plano de sa\u00fade individual, familiar ou empresarial? Na Rota Seguros, voc\u00ea encontra profissionais preparados e comprometidos com a excel\u00eancia no atendimento. Entre em contato conosco e pe\u00e7a uma cota\u00e7\u00e3o de plano de sa\u00fade individual!<\/strong><\/p>\n<ul>\n<li data-pm-slice=\"1 1 []\">Belo Horizonte\/MG: (31) 3279-8000<\/li>\n<li>Cascavel\/PR: (45) 2101-9406<\/li>\n<li>Caxias do Sul\/RS: (54) 2991-8720<\/li>\n<li>Colatina\/ES: (27) 3121-9393<\/li>\n<li>Curitiba\/PR: (41) 3596-0365<\/li>\n<li>Divin\u00f3polis\/MG: (37) 3511-3030<\/li>\n<li>Londrina\/PR: (43) 3233-2069<\/li>\n<li>Maring\u00e1\/PR: (44) 2103-6720<\/li>\n<li>Po\u00e7os de Caldas\/MG: (35) 3713-2531<\/li>\n<\/ul>\n<p>&nbsp;<\/p>\n<\/div>\n<\/div>\n<\/div>\n<\/div>\n<\/div>\n<\/form>\n<\/div>\n<\/div>\n<\/div>\n<p>&nbsp;<\/p>\n","protected":false},"excerpt":{"rendered":"<p><span class=\"span-reading-time rt-reading-time\" style=\"display: block;\"><span class=\"rt-label rt-prefix\">Reading Time: <\/span> <span class=\"rt-time\"> 2<\/span> <span class=\"rt-label rt-postfix\">minutes<\/span><\/span>Voc\u00ea j\u00e1 est\u00e1 sabendo da uni\u00e3o entre Golden Cross e Amil? As operadoras divulgaram um comunicado na \u00faltima quinta-feira (06\/06) informando sobre nova parceria, firmada sob um acordo de compartilhamento &#8230;<\/p>\n","protected":false},"author":2,"featured_media":30741,"comment_status":"open","ping_status":"open","sticky":false,"template":"","format":"standard","meta":{"_monsterinsights_skip_tracking":false,"_monsterinsights_sitenote_active":false,"_monsterinsights_sitenote_note":"","_monsterinsights_sitenote_category":0,"footnotes":"","_links_to":"","_links_to_target":""},"categories":[12,27],"tags":[136,347,2799,138,1191,132,341,2797,2798,2796],"class_list":["post-30734","post","type-post","status-publish","format-standard","has-post-thumbnail","hentry","category-noticias","category-plano-de-saude","tag-amil","tag-cliente-amil","tag-cliente-golden-cross","tag-golden-cross","tag-plano-amil","tag-plano-de-saude","tag-plano-de-saude-amil","tag-plano-de-saude-golden-cross","tag-plano-golden-cross","tag-uniao-golden-cross-e-amil"],"_links":{"self":[{"href":"https:\/\/www.rotaseguros.com.br\/planosdesaude\/wp-json\/wp\/v2\/posts\/30734","targetHints":{"allow":["GET"]}}],"collection":[{"href":"https:\/\/www.rotaseguros.com.br\/planosdesaude\/wp-json\/wp\/v2\/posts"}],"about":[{"href":"https:\/\/www.rotaseguros.com.br\/planosdesaude\/wp-json\/wp\/v2\/types\/post"}],"author":[{"embeddable":true,"href":"https:\/\/www.rotaseguros.com.br\/planosdesaude\/wp-json\/wp\/v2\/users\/2"}],"replies":[{"embeddable":true,"href":"https:\/\/www.rotaseguros.com.br\/planosdesaude\/wp-json\/wp\/v2\/comments?post=30734"}],"version-history":[{"count":0,"href":"https:\/\/www.rotaseguros.com.br\/planosdesaude\/wp-json\/wp\/v2\/posts\/30734\/revisions"}],"wp:featuredmedia":[{"embeddable":true,"href":"https:\/\/www.rotaseguros.com.br\/planosdesaude\/wp-json\/wp\/v2\/media\/30741"}],"wp:attachment":[{"href":"https:\/\/www.rotaseguros.com.br\/planosdesaude\/wp-json\/wp\/v2\/media?parent=30734"}],"wp:term":[{"taxonomy":"category","embeddable":true,"href":"https:\/\/www.rotaseguros.com.br\/planosdesaude\/wp-json\/wp\/v2\/categories?post=30734"},{"taxonomy":"post_tag","embeddable":true,"href":"https:\/\/www.rotaseguros.com.br\/planosdesaude\/wp-json\/wp\/v2\/tags?post=30734"}],"curies":[{"name":"wp","href":"https:\/\/api.w.org\/{rel}","templated":true}]}}